{"id":57143,"date":"2023-07-26T10:51:31","date_gmt":"2023-07-26T15:51:31","guid":{"rendered":"https:\/\/luchonoticias.com\/?p=57143"},"modified":"2023-07-26T10:51:32","modified_gmt":"2023-07-26T15:51:32","slug":"en-marcha-proceso-de-informacion-para-la-unidad-agricola-familiar-en-el-huila","status":"publish","type":"post","link":"https:\/\/luchonoticias.com\/editor\/en-marcha-proceso-de-informacion-para-la-unidad-agricola-familiar-en-el-huila\/","title":{"rendered":"En marcha proceso de informaci\u00f3n para la Unidad Agr\u00edcola Familiar en el Huila"},"content":{"rendered":"\n<p>Funcionarios de la Agencia Nacional de Tierras y alcald\u00edas municipales de<strong>&nbsp;Paicol y El Agrado en el Huila,<\/strong>&nbsp;iniciaron jornadas de recolecci\u00f3n de informaci\u00f3n con grupos focalizados para<strong>&nbsp;calcular la Unidad Agr\u00edcola Familiar (UAF).<\/strong><\/p>\n\n\n\n<p>En total&nbsp;<strong>ser\u00e1n 17 los municipios analizados<\/strong>&nbsp;en el Huila gracias a la cofinanciaci\u00f3n de la Gobernaci\u00f3n del Huila y la ANT.<\/p>\n\n\n\n<p>Establecer la Unidad Agr\u00edcola Familiar (UAF) por Unidades F\u00edsicas Homog\u00e9neas (UFH) le permite al Estado&nbsp;<strong>definir el \u00e1rea m\u00ednima para garantizar el sostenimiento de las familias&nbsp;<\/strong>sumado a un excedente capitalizable. Los lineamientos y aptitud productiva son generados con la orientaci\u00f3n del Ministerio de Agricultura y Desarrollo Rural, la Unidad de Planificaci\u00f3n Rural Agropecuaria-UPRA y estudios de campo de la Agencia Nacional de Tierras-ANT.<\/p>\n\n\n\n<p>La informaci\u00f3n consolidada en estas jornadas&nbsp;<strong>determina las condiciones de cada territorio, su funcionamiento,<\/strong>&nbsp;evita el fraccionamiento con repercusiones econ\u00f3micas insostenibles, y actualiza las \u00e1reas de regiones que solo cuentan con registros de hace 27 a\u00f1os (Resoluci\u00f3n 041 de 1996), para que las entidades encargadas de impulsar la Reforma Rural Integral usen la informaci\u00f3n para el desarrollo de los diferentes territorios del pa\u00eds.<\/p>\n","protected":false},"excerpt":{"rendered":"<p>Funcionarios de la Agencia Nacional de Tierras y alcald\u00edas municipales de&nbsp;Paicol y El Agrado en el Huila,&nbsp;iniciaron jornadas de recolecci\u00f3n de informaci\u00f3n con grupos focalizados para&nbsp;calcular la Unidad Agr\u00edcola Familiar (UAF). En total&nbsp;ser\u00e1n 17 los municipios analizados&nbsp;en el Huila gracias a la cofinanciaci\u00f3n de la Gobernaci\u00f3n del Huila y la ANT. Establecer la Unidad Agr\u00edcola [&hellip;]<\/p>\n","protected":false},"author":2,"featured_media":0,"comment_status":"open","ping_status":"open","sticky":false,"template":"","format":"standard","meta":{"footnotes":""},"categories":[33],"tags":[],"class_list":["post-57143","post","type-post","status-publish","format-standard","hentry","category-huila"],"yoast_head":"<!-- This site is optimized with the Yoast SEO plugin v26.6 - https:\/\/yoast.com\/wordpress\/plugins\/seo\/ -->\n<title>En marcha proceso de informaci\u00f3n para la Unidad Agr\u00edcola Familiar en el Huila -<\/title>\n<meta name=\"robots\" content=\"index, follow, max-snippet:-1, max-image-preview:large, max-video-preview:-1\" \/>\n<link rel=\"canonical\" href=\"https:\/\/luchonoticias.com\/editor\/en-marcha-proceso-de-informacion-para-la-unidad-agricola-familiar-en-el-huila\/\" \/>\n<meta property=\"og:locale\" content=\"es_ES\" \/>\n<meta property=\"og:type\" content=\"article\" \/>\n<meta property=\"og:title\" content=\"En marcha proceso de informaci\u00f3n para la Unidad Agr\u00edcola Familiar en el Huila -\" \/>\n<meta property=\"og:url\" content=\"https:\/\/luchonoticias.com\/editor\/en-marcha-proceso-de-informacion-para-la-unidad-agricola-familiar-en-el-huila\/\" \/>\n<meta property=\"article:publisher\" content=\"https:\/\/www.facebook.com\/luchonoticiasneiva\" \/>\n<meta property=\"article:published_time\" content=\"2023-07-26T15:51:31+00:00\" \/>\n<meta property=\"article:modified_time\" content=\"2023-07-26T15:51:32+00:00\" \/>\n<meta name=\"author\" content=\"Editor General\" \/>\n<meta name=\"twitter:card\" content=\"summary_large_image\" \/>\n<meta name=\"twitter:label1\" content=\"Escrito por\" \/>\n\t<meta name=\"twitter:data1\" content=\"Editor General\" \/>\n\t<meta name=\"twitter:label2\" content=\"Tiempo de lectura\" \/>\n\t<meta name=\"twitter:data2\" content=\"1 minuto\" \/>\n<script type=\"application\/ld+json\" class=\"yoast-schema-graph\">{\"@context\":\"https:\/\/schema.org\",\"@graph\":[{\"@type\":\"Article\",\"@id\":\"https:\/\/luchonoticias.com\/editor\/en-marcha-proceso-de-informacion-para-la-unidad-agricola-familiar-en-el-huila\/#article\",\"isPartOf\":{\"@id\":\"https:\/\/luchonoticias.com\/editor\/en-marcha-proceso-de-informacion-para-la-unidad-agricola-familiar-en-el-huila\/\"},\"author\":{\"name\":\"Editor General\",\"@id\":\"https:\/\/luchonoticias.com\/editor\/#\/schema\/person\/29217990ddf6f14e35912b2866d591fb\"},\"headline\":\"En marcha proceso de informaci\u00f3n para la Unidad Agr\u00edcola Familiar en el Huila\",\"datePublished\":\"2023-07-26T15:51:31+00:00\",\"dateModified\":\"2023-07-26T15:51:32+00:00\",\"mainEntityOfPage\":{\"@id\":\"https:\/\/luchonoticias.com\/editor\/en-marcha-proceso-de-informacion-para-la-unidad-agricola-familiar-en-el-huila\/\"},\"wordCount\":222,\"commentCount\":0,\"publisher\":{\"@id\":\"https:\/\/luchonoticias.com\/editor\/#\/schema\/person\/7a7fd911f58561fd056dbac7b55af9cd\"},\"articleSection\":[\"Huila\"],\"inLanguage\":\"es\",\"potentialAction\":[{\"@type\":\"CommentAction\",\"name\":\"Comment\",\"target\":[\"https:\/\/luchonoticias.com\/editor\/en-marcha-proceso-de-informacion-para-la-unidad-agricola-familiar-en-el-huila\/#respond\"]}]},{\"@type\":\"WebPage\",\"@id\":\"https:\/\/luchonoticias.com\/editor\/en-marcha-proceso-de-informacion-para-la-unidad-agricola-familiar-en-el-huila\/\",\"url\":\"https:\/\/luchonoticias.com\/editor\/en-marcha-proceso-de-informacion-para-la-unidad-agricola-familiar-en-el-huila\/\",\"name\":\"En marcha proceso de informaci\u00f3n para la Unidad Agr\u00edcola Familiar en el Huila -\",\"isPartOf\":{\"@id\":\"https:\/\/luchonoticias.com\/editor\/#website\"},\"datePublished\":\"2023-07-26T15:51:31+00:00\",\"dateModified\":\"2023-07-26T15:51:32+00:00\",\"breadcrumb\":{\"@id\":\"https:\/\/luchonoticias.com\/editor\/en-marcha-proceso-de-informacion-para-la-unidad-agricola-familiar-en-el-huila\/#breadcrumb\"},\"inLanguage\":\"es\",\"potentialAction\":[{\"@type\":\"ReadAction\",\"target\":[\"https:\/\/luchonoticias.com\/editor\/en-marcha-proceso-de-informacion-para-la-unidad-agricola-familiar-en-el-huila\/\"]}]},{\"@type\":\"BreadcrumbList\",\"@id\":\"https:\/\/luchonoticias.com\/editor\/en-marcha-proceso-de-informacion-para-la-unidad-agricola-familiar-en-el-huila\/#breadcrumb\",\"itemListElement\":[{\"@type\":\"ListItem\",\"position\":1,\"name\":\"Portada\",\"item\":\"https:\/\/luchonoticias.com\/editor\/\"},{\"@type\":\"ListItem\",\"position\":2,\"name\":\"En marcha proceso de informaci\u00f3n para la Unidad Agr\u00edcola Familiar en el Huila\"}]},{\"@type\":\"WebSite\",\"@id\":\"https:\/\/luchonoticias.com\/editor\/#website\",\"url\":\"https:\/\/luchonoticias.com\/editor\/\",\"name\":\"\",\"description\":\"\",\"publisher\":{\"@id\":\"https:\/\/luchonoticias.com\/editor\/#\/schema\/person\/7a7fd911f58561fd056dbac7b55af9cd\"},\"potentialAction\":[{\"@type\":\"SearchAction\",\"target\":{\"@type\":\"EntryPoint\",\"urlTemplate\":\"https:\/\/luchonoticias.com\/editor\/?s={search_term_string}\"},\"query-input\":{\"@type\":\"PropertyValueSpecification\",\"valueRequired\":true,\"valueName\":\"search_term_string\"}}],\"inLanguage\":\"es\"},{\"@type\":[\"Person\",\"Organization\"],\"@id\":\"https:\/\/luchonoticias.com\/editor\/#\/schema\/person\/7a7fd911f58561fd056dbac7b55af9cd\",\"name\":\"admin\",\"image\":{\"@type\":\"ImageObject\",\"inLanguage\":\"es\",\"@id\":\"https:\/\/luchonoticias.com\/editor\/#\/schema\/person\/image\/\",\"url\":\"https:\/\/luchonoticias.com\/editor\/wp-content\/uploads\/2024\/02\/cropped-cropped-logolu.webp\",\"contentUrl\":\"https:\/\/luchonoticias.com\/editor\/wp-content\/uploads\/2024\/02\/cropped-cropped-logolu.webp\",\"width\":382,\"height\":170,\"caption\":\"admin\"},\"logo\":{\"@id\":\"https:\/\/luchonoticias.com\/editor\/#\/schema\/person\/image\/\"},\"sameAs\":[\"https:\/\/www.facebook.com\/luchonoticiasneiva\"]},{\"@type\":\"Person\",\"@id\":\"https:\/\/luchonoticias.com\/editor\/#\/schema\/person\/29217990ddf6f14e35912b2866d591fb\",\"name\":\"Editor General\",\"image\":{\"@type\":\"ImageObject\",\"inLanguage\":\"es\",\"@id\":\"https:\/\/luchonoticias.com\/editor\/#\/schema\/person\/image\/\",\"url\":\"https:\/\/luchonoticias.com\/editor\/wp-content\/uploads\/2024\/02\/cropped-cropped-logolu-150x150.webp\",\"contentUrl\":\"https:\/\/luchonoticias.com\/editor\/wp-content\/uploads\/2024\/02\/cropped-cropped-logolu-150x150.webp\",\"caption\":\"Editor General\"},\"sameAs\":[\"https:\/\/luchonoticias.com\/\"],\"url\":\"https:\/\/luchonoticias.com\/editor\/author\/editor-general\/\"}]}<\/script>\n<!-- \/ Yoast SEO plugin. -->","yoast_head_json":{"title":"En marcha proceso de informaci\u00f3n para la Unidad Agr\u00edcola Familiar en el Huila -","robots":{"index":"index","follow":"follow","max-snippet":"max-snippet:-1","max-image-preview":"max-image-preview:large","max-video-preview":"max-video-preview:-1"},"canonical":"https:\/\/luchonoticias.com\/editor\/en-marcha-proceso-de-informacion-para-la-unidad-agricola-familiar-en-el-huila\/","og_locale":"es_ES","og_type":"article","og_title":"En marcha proceso de informaci\u00f3n para la Unidad Agr\u00edcola Familiar en el Huila -","og_url":"https:\/\/luchonoticias.com\/editor\/en-marcha-proceso-de-informacion-para-la-unidad-agricola-familiar-en-el-huila\/","article_publisher":"https:\/\/www.facebook.com\/luchonoticiasneiva","article_published_time":"2023-07-26T15:51:31+00:00","article_modified_time":"2023-07-26T15:51:32+00:00","author":"Editor General","twitter_card":"summary_large_image","twitter_misc":{"Escrito por":"Editor General","Tiempo de lectura":"1 minuto"},"schema":{"@context":"https:\/\/schema.org","@graph":[{"@type":"Article","@id":"https:\/\/luchonoticias.com\/editor\/en-marcha-proceso-de-informacion-para-la-unidad-agricola-familiar-en-el-huila\/#article","isPartOf":{"@id":"https:\/\/luchonoticias.com\/editor\/en-marcha-proceso-de-informacion-para-la-unidad-agricola-familiar-en-el-huila\/"},"author":{"name":"Editor General","@id":"https:\/\/luchonoticias.com\/editor\/#\/schema\/person\/29217990ddf6f14e35912b2866d591fb"},"headline":"En marcha proceso de informaci\u00f3n para la Unidad Agr\u00edcola Familiar en el Huila","datePublished":"2023-07-26T15:51:31+00:00","dateModified":"2023-07-26T15:51:32+00:00","mainEntityOfPage":{"@id":"https:\/\/luchonoticias.com\/editor\/en-marcha-proceso-de-informacion-para-la-unidad-agricola-familiar-en-el-huila\/"},"wordCount":222,"commentCount":0,"publisher":{"@id":"https:\/\/luchonoticias.com\/editor\/#\/schema\/person\/7a7fd911f58561fd056dbac7b55af9cd"},"articleSection":["Huila"],"inLanguage":"es","potentialAction":[{"@type":"CommentAction","name":"Comment","target":["https:\/\/luchonoticias.com\/editor\/en-marcha-proceso-de-informacion-para-la-unidad-agricola-familiar-en-el-huila\/#respond"]}]},{"@type":"WebPage","@id":"https:\/\/luchonoticias.com\/editor\/en-marcha-proceso-de-informacion-para-la-unidad-agricola-familiar-en-el-huila\/","url":"https:\/\/luchonoticias.com\/editor\/en-marcha-proceso-de-informacion-para-la-unidad-agricola-familiar-en-el-huila\/","name":"En marcha proceso de informaci\u00f3n para la Unidad Agr\u00edcola Familiar en el Huila -","isPartOf":{"@id":"https:\/\/luchonoticias.com\/editor\/#website"},"datePublished":"2023-07-26T15:51:31+00:00","dateModified":"2023-07-26T15:51:32+00:00","breadcrumb":{"@id":"https:\/\/luchonoticias.com\/editor\/en-marcha-proceso-de-informacion-para-la-unidad-agricola-familiar-en-el-huila\/#breadcrumb"},"inLanguage":"es","potentialAction":[{"@type":"ReadAction","target":["https:\/\/luchonoticias.com\/editor\/en-marcha-proceso-de-informacion-para-la-unidad-agricola-familiar-en-el-huila\/"]}]},{"@type":"BreadcrumbList","@id":"https:\/\/luchonoticias.com\/editor\/en-marcha-proceso-de-informacion-para-la-unidad-agricola-familiar-en-el-huila\/#breadcrumb","itemListElement":[{"@type":"ListItem","position":1,"name":"Portada","item":"https:\/\/luchonoticias.com\/editor\/"},{"@type":"ListItem","position":2,"name":"En marcha proceso de informaci\u00f3n para la Unidad Agr\u00edcola Familiar en el Huila"}]},{"@type":"WebSite","@id":"https:\/\/luchonoticias.com\/editor\/#website","url":"https:\/\/luchonoticias.com\/editor\/","name":"","description":"","publisher":{"@id":"https:\/\/luchonoticias.com\/editor\/#\/schema\/person\/7a7fd911f58561fd056dbac7b55af9cd"},"potentialAction":[{"@type":"SearchAction","target":{"@type":"EntryPoint","urlTemplate":"https:\/\/luchonoticias.com\/editor\/?s={search_term_string}"},"query-input":{"@type":"PropertyValueSpecification","valueRequired":true,"valueName":"search_term_string"}}],"inLanguage":"es"},{"@type":["Person","Organization"],"@id":"https:\/\/luchonoticias.com\/editor\/#\/schema\/person\/7a7fd911f58561fd056dbac7b55af9cd","name":"admin","image":{"@type":"ImageObject","inLanguage":"es","@id":"https:\/\/luchonoticias.com\/editor\/#\/schema\/person\/image\/","url":"https:\/\/luchonoticias.com\/editor\/wp-content\/uploads\/2024\/02\/cropped-cropped-logolu.webp","contentUrl":"https:\/\/luchonoticias.com\/editor\/wp-content\/uploads\/2024\/02\/cropped-cropped-logolu.webp","width":382,"height":170,"caption":"admin"},"logo":{"@id":"https:\/\/luchonoticias.com\/editor\/#\/schema\/person\/image\/"},"sameAs":["https:\/\/www.facebook.com\/luchonoticiasneiva"]},{"@type":"Person","@id":"https:\/\/luchonoticias.com\/editor\/#\/schema\/person\/29217990ddf6f14e35912b2866d591fb","name":"Editor General","image":{"@type":"ImageObject","inLanguage":"es","@id":"https:\/\/luchonoticias.com\/editor\/#\/schema\/person\/image\/","url":"https:\/\/luchonoticias.com\/editor\/wp-content\/uploads\/2024\/02\/cropped-cropped-logolu-150x150.webp","contentUrl":"https:\/\/luchonoticias.com\/editor\/wp-content\/uploads\/2024\/02\/cropped-cropped-logolu-150x150.webp","caption":"Editor General"},"sameAs":["https:\/\/luchonoticias.com\/"],"url":"https:\/\/luchonoticias.com\/editor\/author\/editor-general\/"}]}},"_links":{"self":[{"href":"https:\/\/luchonoticias.com\/editor\/wp-json\/wp\/v2\/posts\/57143","targetHints":{"allow":["GET"]}}],"collection":[{"href":"https:\/\/luchonoticias.com\/editor\/wp-json\/wp\/v2\/posts"}],"about":[{"href":"https:\/\/luchonoticias.com\/editor\/wp-json\/wp\/v2\/types\/post"}],"author":[{"embeddable":true,"href":"https:\/\/luchonoticias.com\/editor\/wp-json\/wp\/v2\/users\/2"}],"replies":[{"embeddable":true,"href":"https:\/\/luchonoticias.com\/editor\/wp-json\/wp\/v2\/comments?post=57143"}],"version-history":[{"count":0,"href":"https:\/\/luchonoticias.com\/editor\/wp-json\/wp\/v2\/posts\/57143\/revisions"}],"wp:attachment":[{"href":"https:\/\/luchonoticias.com\/editor\/wp-json\/wp\/v2\/media?parent=57143"}],"wp:term":[{"taxonomy":"category","embeddable":true,"href":"https:\/\/luchonoticias.com\/editor\/wp-json\/wp\/v2\/categories?post=57143"},{"taxonomy":"post_tag","embeddable":true,"href":"https:\/\/luchonoticias.com\/editor\/wp-json\/wp\/v2\/tags?post=57143"}],"curies":[{"name":"wp","href":"https:\/\/api.w.org\/{rel}","templated":true}]}}