{"id":57186,"date":"2023-07-27T06:42:00","date_gmt":"2023-07-27T11:42:00","guid":{"rendered":"https:\/\/luchonoticias.com\/?p=57186"},"modified":"2023-07-27T06:42:07","modified_gmt":"2023-07-27T11:42:07","slug":"iniciaran-desmonte-en-neiva-de-vallas-instaladas-irregularmente","status":"publish","type":"post","link":"https:\/\/luchonoticias.com\/editor\/iniciaran-desmonte-en-neiva-de-vallas-instaladas-irregularmente\/","title":{"rendered":"Iniciar\u00e1n desmonte en Neiva de vallas instaladas irregularmente"},"content":{"rendered":"\n<p>La Alcald\u00eda de Neiva, a trav\u00e9s de la Secretar\u00eda de Gobierno y la Direcci\u00f3n de Justicia, anuncia el inicio del proceso de desmonte de vallas publicitarias que no cuenten con los permisos y viabilidades necesarios para operar en la ciudad.<\/p>\n\n\n\n<p>Seg\u00fan el secretario de Gobierno, Ra\u00fal Rivera Cort\u00e9s, se estima que alrededor de 40 vallas publicitarias, tanto tubulares como electr\u00f3nicas, se encuentran instaladas en la ciudad sin cumplir con los requisitos legales para su funcionamiento.<\/p>\n\n\n\n<p>\u00abEs importante destacar que estas vallas no han solicitado el documento de viabilidad a Planeaci\u00f3n Municipal, no han realizado los procedimientos necesarios ante la Direcci\u00f3n de Espacio P\u00fablico, y tampoco cuentan con la autorizaci\u00f3n de la Secretar\u00eda de Gobierno Municipal ni de la Comisi\u00f3n encargada de la administraci\u00f3n y vigilancia del espacio p\u00fablico\u201d, afirm\u00f3 el Secretario de Gobierno.<\/p>\n\n\n\n<figure class=\"wp-block-gallery has-nested-images columns-default is-cropped wp-block-gallery-1 is-layout-flex wp-block-gallery-is-layout-flex\">\n<figure class=\"wp-block-image size-large\"><img decoding=\"async\" data-id=\"57188\" src=\"https:\/\/luchonoticias.com\/wp-content\/uploads\/2023\/07\/WhatsApp-Image-2023-07-26-at-9.40.46-PM-2-1024x699.jpeg\" alt=\"\" class=\"wp-image-57188\"\/><\/figure>\n\n\n\n<figure class=\"wp-block-image size-large\"><img decoding=\"async\" data-id=\"57189\" src=\"https:\/\/luchonoticias.com\/wp-content\/uploads\/2023\/07\/WhatsApp-Image-2023-07-26-at-9.40.46-PM-1.jpeg\" alt=\"\" class=\"wp-image-57189\"\/><\/figure>\n<\/figure>\n\n\n\n<p><strong>Inspecciones<\/strong><\/p>\n\n\n\n<p>\u00a0Por otro lado, el director de Justicia, Andr\u00e9s Mauricio Mu\u00f1oz Barrera, explic\u00f3 que, tras una inspecci\u00f3n exhaustiva realizada junto con los inspectores de Polic\u00eda Urbanos, se constat\u00f3 que ninguna de las vallas existentes posee los permisos y viabilidades correspondientes.<\/p>\n\n\n\n<p>\u201cEn consecuencia, la Direcci\u00f3n de Justicia Municipal ha iniciado tres procesos policivos para proteger y recuperar el espacio p\u00fablico a\u00e9reo ocupado por estas vallas, dado que carecen de los permisos y viabilidades requeridos\u00bb, manifest\u00f3 el Director.<\/p>\n\n\n\n<p>As\u00ed mismo, el Director de Justicia hizo un llamado a los propietarios de las vallas que a\u00fan no hayan sido notificados sobre el inicio de los procesos policivos, para que procedan al desmonte voluntario.<\/p>\n\n\n\n<p>\u201cEn caso de no cumplir con esta disposici\u00f3n, la Administraci\u00f3n Municipal llevar\u00e1 a cabo el desmonte, el cual ser\u00e1 cobrado al propietario de las mismas, de conformidad con el Decreto 547 de 2023, el cual modific\u00f3 el Decreto 928 de 2009 en lo referente al tema de tarifas\u201d, explic\u00f3 Mu\u00f1oz Barrera.<\/p>\n\n\n\n<p>Con estas acciones, la Alcald\u00eda de Neiva reitera su compromiso con el ordenamiento del espacio p\u00fablico y el cumplimiento de la normatividad vigente. No obstante, invita a todos los ciudadanos a cooperar con estas medidas y a reportar cualquier situaci\u00f3n que afecte la convivencia y el disfrute del espacio p\u00fablico.<\/p>\n","protected":false},"excerpt":{"rendered":"<p>La Alcald\u00eda de Neiva, a trav\u00e9s de la Secretar\u00eda de Gobierno y la Direcci\u00f3n de Justicia, anuncia el inicio del proceso de desmonte de vallas publicitarias que no cuenten con los permisos y viabilidades necesarios para operar en la ciudad. Seg\u00fan el secretario de Gobierno, Ra\u00fal Rivera Cort\u00e9s, se estima que alrededor de 40 vallas [&hellip;]<\/p>\n","protected":false},"author":2,"featured_media":0,"comment_status":"open","ping_status":"open","sticky":false,"template":"","format":"standard","meta":{"footnotes":""},"categories":[36,31],"tags":[],"class_list":["post-57186","post","type-post","status-publish","format-standard","hentry","category-destacado","category-local"],"yoast_head":"<!-- This site is optimized with the Yoast SEO plugin v26.6 - https:\/\/yoast.com\/wordpress\/plugins\/seo\/ -->\n<title>Iniciar\u00e1n desmonte en Neiva de vallas instaladas irregularmente -<\/title>\n<meta name=\"robots\" content=\"index, follow, max-snippet:-1, max-image-preview:large, max-video-preview:-1\" \/>\n<link rel=\"canonical\" href=\"https:\/\/luchonoticias.com\/editor\/iniciaran-desmonte-en-neiva-de-vallas-instaladas-irregularmente\/\" \/>\n<meta property=\"og:locale\" content=\"es_ES\" \/>\n<meta property=\"og:type\" content=\"article\" \/>\n<meta property=\"og:title\" content=\"Iniciar\u00e1n desmonte en Neiva de vallas instaladas irregularmente -\" \/>\n<meta property=\"og:url\" content=\"https:\/\/luchonoticias.com\/editor\/iniciaran-desmonte-en-neiva-de-vallas-instaladas-irregularmente\/\" \/>\n<meta property=\"article:publisher\" content=\"https:\/\/www.facebook.com\/luchonoticiasneiva\" \/>\n<meta property=\"article:published_time\" content=\"2023-07-27T11:42:00+00:00\" \/>\n<meta property=\"article:modified_time\" content=\"2023-07-27T11:42:07+00:00\" \/>\n<meta property=\"og:image\" content=\"https:\/\/luchonoticias.com\/wp-content\/uploads\/2023\/07\/WhatsApp-Image-2023-07-26-at-9.40.46-PM-2-1024x699.jpeg\" \/>\n<meta name=\"author\" content=\"Editor General\" \/>\n<meta name=\"twitter:card\" content=\"summary_large_image\" \/>\n<meta name=\"twitter:label1\" content=\"Escrito por\" \/>\n\t<meta name=\"twitter:data1\" content=\"Editor General\" \/>\n\t<meta name=\"twitter:label2\" content=\"Tiempo de lectura\" \/>\n\t<meta name=\"twitter:data2\" content=\"2 minutos\" \/>\n<script type=\"application\/ld+json\" class=\"yoast-schema-graph\">{\"@context\":\"https:\/\/schema.org\",\"@graph\":[{\"@type\":\"Article\",\"@id\":\"https:\/\/luchonoticias.com\/editor\/iniciaran-desmonte-en-neiva-de-vallas-instaladas-irregularmente\/#article\",\"isPartOf\":{\"@id\":\"https:\/\/luchonoticias.com\/editor\/iniciaran-desmonte-en-neiva-de-vallas-instaladas-irregularmente\/\"},\"author\":{\"name\":\"Editor General\",\"@id\":\"https:\/\/luchonoticias.com\/editor\/#\/schema\/person\/29217990ddf6f14e35912b2866d591fb\"},\"headline\":\"Iniciar\u00e1n desmonte en Neiva de vallas instaladas irregularmente\",\"datePublished\":\"2023-07-27T11:42:00+00:00\",\"dateModified\":\"2023-07-27T11:42:07+00:00\",\"mainEntityOfPage\":{\"@id\":\"https:\/\/luchonoticias.com\/editor\/iniciaran-desmonte-en-neiva-de-vallas-instaladas-irregularmente\/\"},\"wordCount\":379,\"commentCount\":0,\"publisher\":{\"@id\":\"https:\/\/luchonoticias.com\/editor\/#\/schema\/person\/7a7fd911f58561fd056dbac7b55af9cd\"},\"image\":{\"@id\":\"https:\/\/luchonoticias.com\/editor\/iniciaran-desmonte-en-neiva-de-vallas-instaladas-irregularmente\/#primaryimage\"},\"thumbnailUrl\":\"https:\/\/luchonoticias.com\/wp-content\/uploads\/2023\/07\/WhatsApp-Image-2023-07-26-at-9.40.46-PM-2-1024x699.jpeg\",\"articleSection\":[\"Destacado\",\"Local\"],\"inLanguage\":\"es\",\"potentialAction\":[{\"@type\":\"CommentAction\",\"name\":\"Comment\",\"target\":[\"https:\/\/luchonoticias.com\/editor\/iniciaran-desmonte-en-neiva-de-vallas-instaladas-irregularmente\/#respond\"]}]},{\"@type\":\"WebPage\",\"@id\":\"https:\/\/luchonoticias.com\/editor\/iniciaran-desmonte-en-neiva-de-vallas-instaladas-irregularmente\/\",\"url\":\"https:\/\/luchonoticias.com\/editor\/iniciaran-desmonte-en-neiva-de-vallas-instaladas-irregularmente\/\",\"name\":\"Iniciar\u00e1n desmonte en Neiva de vallas instaladas irregularmente -\",\"isPartOf\":{\"@id\":\"https:\/\/luchonoticias.com\/editor\/#website\"},\"primaryImageOfPage\":{\"@id\":\"https:\/\/luchonoticias.com\/editor\/iniciaran-desmonte-en-neiva-de-vallas-instaladas-irregularmente\/#primaryimage\"},\"image\":{\"@id\":\"https:\/\/luchonoticias.com\/editor\/iniciaran-desmonte-en-neiva-de-vallas-instaladas-irregularmente\/#primaryimage\"},\"thumbnailUrl\":\"https:\/\/luchonoticias.com\/wp-content\/uploads\/2023\/07\/WhatsApp-Image-2023-07-26-at-9.40.46-PM-2-1024x699.jpeg\",\"datePublished\":\"2023-07-27T11:42:00+00:00\",\"dateModified\":\"2023-07-27T11:42:07+00:00\",\"breadcrumb\":{\"@id\":\"https:\/\/luchonoticias.com\/editor\/iniciaran-desmonte-en-neiva-de-vallas-instaladas-irregularmente\/#breadcrumb\"},\"inLanguage\":\"es\",\"potentialAction\":[{\"@type\":\"ReadAction\",\"target\":[\"https:\/\/luchonoticias.com\/editor\/iniciaran-desmonte-en-neiva-de-vallas-instaladas-irregularmente\/\"]}]},{\"@type\":\"ImageObject\",\"inLanguage\":\"es\",\"@id\":\"https:\/\/luchonoticias.com\/editor\/iniciaran-desmonte-en-neiva-de-vallas-instaladas-irregularmente\/#primaryimage\",\"url\":\"https:\/\/luchonoticias.com\/wp-content\/uploads\/2023\/07\/WhatsApp-Image-2023-07-26-at-9.40.46-PM-2-1024x699.jpeg\",\"contentUrl\":\"https:\/\/luchonoticias.com\/wp-content\/uploads\/2023\/07\/WhatsApp-Image-2023-07-26-at-9.40.46-PM-2-1024x699.jpeg\"},{\"@type\":\"BreadcrumbList\",\"@id\":\"https:\/\/luchonoticias.com\/editor\/iniciaran-desmonte-en-neiva-de-vallas-instaladas-irregularmente\/#breadcrumb\",\"itemListElement\":[{\"@type\":\"ListItem\",\"position\":1,\"name\":\"Portada\",\"item\":\"https:\/\/luchonoticias.com\/editor\/\"},{\"@type\":\"ListItem\",\"position\":2,\"name\":\"Iniciar\u00e1n desmonte en Neiva de vallas instaladas irregularmente\"}]},{\"@type\":\"WebSite\",\"@id\":\"https:\/\/luchonoticias.com\/editor\/#website\",\"url\":\"https:\/\/luchonoticias.com\/editor\/\",\"name\":\"\",\"description\":\"\",\"publisher\":{\"@id\":\"https:\/\/luchonoticias.com\/editor\/#\/schema\/person\/7a7fd911f58561fd056dbac7b55af9cd\"},\"potentialAction\":[{\"@type\":\"SearchAction\",\"target\":{\"@type\":\"EntryPoint\",\"urlTemplate\":\"https:\/\/luchonoticias.com\/editor\/?s={search_term_string}\"},\"query-input\":{\"@type\":\"PropertyValueSpecification\",\"valueRequired\":true,\"valueName\":\"search_term_string\"}}],\"inLanguage\":\"es\"},{\"@type\":[\"Person\",\"Organization\"],\"@id\":\"https:\/\/luchonoticias.com\/editor\/#\/schema\/person\/7a7fd911f58561fd056dbac7b55af9cd\",\"name\":\"admin\",\"image\":{\"@type\":\"ImageObject\",\"inLanguage\":\"es\",\"@id\":\"https:\/\/luchonoticias.com\/editor\/#\/schema\/person\/image\/\",\"url\":\"https:\/\/luchonoticias.com\/editor\/wp-content\/uploads\/2024\/02\/cropped-cropped-logolu.webp\",\"contentUrl\":\"https:\/\/luchonoticias.com\/editor\/wp-content\/uploads\/2024\/02\/cropped-cropped-logolu.webp\",\"width\":382,\"height\":170,\"caption\":\"admin\"},\"logo\":{\"@id\":\"https:\/\/luchonoticias.com\/editor\/#\/schema\/person\/image\/\"},\"sameAs\":[\"https:\/\/www.facebook.com\/luchonoticiasneiva\"]},{\"@type\":\"Person\",\"@id\":\"https:\/\/luchonoticias.com\/editor\/#\/schema\/person\/29217990ddf6f14e35912b2866d591fb\",\"name\":\"Editor General\",\"image\":{\"@type\":\"ImageObject\",\"inLanguage\":\"es\",\"@id\":\"https:\/\/luchonoticias.com\/editor\/#\/schema\/person\/image\/\",\"url\":\"https:\/\/luchonoticias.com\/editor\/wp-content\/uploads\/2024\/02\/cropped-cropped-logolu-150x150.webp\",\"contentUrl\":\"https:\/\/luchonoticias.com\/editor\/wp-content\/uploads\/2024\/02\/cropped-cropped-logolu-150x150.webp\",\"caption\":\"Editor General\"},\"sameAs\":[\"https:\/\/luchonoticias.com\/\"],\"url\":\"https:\/\/luchonoticias.com\/editor\/author\/editor-general\/\"}]}<\/script>\n<!-- \/ Yoast SEO plugin. -->","yoast_head_json":{"title":"Iniciar\u00e1n desmonte en Neiva de vallas instaladas irregularmente -","robots":{"index":"index","follow":"follow","max-snippet":"max-snippet:-1","max-image-preview":"max-image-preview:large","max-video-preview":"max-video-preview:-1"},"canonical":"https:\/\/luchonoticias.com\/editor\/iniciaran-desmonte-en-neiva-de-vallas-instaladas-irregularmente\/","og_locale":"es_ES","og_type":"article","og_title":"Iniciar\u00e1n desmonte en Neiva de vallas instaladas irregularmente -","og_url":"https:\/\/luchonoticias.com\/editor\/iniciaran-desmonte-en-neiva-de-vallas-instaladas-irregularmente\/","article_publisher":"https:\/\/www.facebook.com\/luchonoticiasneiva","article_published_time":"2023-07-27T11:42:00+00:00","article_modified_time":"2023-07-27T11:42:07+00:00","og_image":[{"url":"https:\/\/luchonoticias.com\/wp-content\/uploads\/2023\/07\/WhatsApp-Image-2023-07-26-at-9.40.46-PM-2-1024x699.jpeg","type":"","width":"","height":""}],"author":"Editor General","twitter_card":"summary_large_image","twitter_misc":{"Escrito por":"Editor General","Tiempo de lectura":"2 minutos"},"schema":{"@context":"https:\/\/schema.org","@graph":[{"@type":"Article","@id":"https:\/\/luchonoticias.com\/editor\/iniciaran-desmonte-en-neiva-de-vallas-instaladas-irregularmente\/#article","isPartOf":{"@id":"https:\/\/luchonoticias.com\/editor\/iniciaran-desmonte-en-neiva-de-vallas-instaladas-irregularmente\/"},"author":{"name":"Editor General","@id":"https:\/\/luchonoticias.com\/editor\/#\/schema\/person\/29217990ddf6f14e35912b2866d591fb"},"headline":"Iniciar\u00e1n desmonte en Neiva de vallas instaladas irregularmente","datePublished":"2023-07-27T11:42:00+00:00","dateModified":"2023-07-27T11:42:07+00:00","mainEntityOfPage":{"@id":"https:\/\/luchonoticias.com\/editor\/iniciaran-desmonte-en-neiva-de-vallas-instaladas-irregularmente\/"},"wordCount":379,"commentCount":0,"publisher":{"@id":"https:\/\/luchonoticias.com\/editor\/#\/schema\/person\/7a7fd911f58561fd056dbac7b55af9cd"},"image":{"@id":"https:\/\/luchonoticias.com\/editor\/iniciaran-desmonte-en-neiva-de-vallas-instaladas-irregularmente\/#primaryimage"},"thumbnailUrl":"https:\/\/luchonoticias.com\/wp-content\/uploads\/2023\/07\/WhatsApp-Image-2023-07-26-at-9.40.46-PM-2-1024x699.jpeg","articleSection":["Destacado","Local"],"inLanguage":"es","potentialAction":[{"@type":"CommentAction","name":"Comment","target":["https:\/\/luchonoticias.com\/editor\/iniciaran-desmonte-en-neiva-de-vallas-instaladas-irregularmente\/#respond"]}]},{"@type":"WebPage","@id":"https:\/\/luchonoticias.com\/editor\/iniciaran-desmonte-en-neiva-de-vallas-instaladas-irregularmente\/","url":"https:\/\/luchonoticias.com\/editor\/iniciaran-desmonte-en-neiva-de-vallas-instaladas-irregularmente\/","name":"Iniciar\u00e1n desmonte en Neiva de vallas instaladas irregularmente -","isPartOf":{"@id":"https:\/\/luchonoticias.com\/editor\/#website"},"primaryImageOfPage":{"@id":"https:\/\/luchonoticias.com\/editor\/iniciaran-desmonte-en-neiva-de-vallas-instaladas-irregularmente\/#primaryimage"},"image":{"@id":"https:\/\/luchonoticias.com\/editor\/iniciaran-desmonte-en-neiva-de-vallas-instaladas-irregularmente\/#primaryimage"},"thumbnailUrl":"https:\/\/luchonoticias.com\/wp-content\/uploads\/2023\/07\/WhatsApp-Image-2023-07-26-at-9.40.46-PM-2-1024x699.jpeg","datePublished":"2023-07-27T11:42:00+00:00","dateModified":"2023-07-27T11:42:07+00:00","breadcrumb":{"@id":"https:\/\/luchonoticias.com\/editor\/iniciaran-desmonte-en-neiva-de-vallas-instaladas-irregularmente\/#breadcrumb"},"inLanguage":"es","potentialAction":[{"@type":"ReadAction","target":["https:\/\/luchonoticias.com\/editor\/iniciaran-desmonte-en-neiva-de-vallas-instaladas-irregularmente\/"]}]},{"@type":"ImageObject","inLanguage":"es","@id":"https:\/\/luchonoticias.com\/editor\/iniciaran-desmonte-en-neiva-de-vallas-instaladas-irregularmente\/#primaryimage","url":"https:\/\/luchonoticias.com\/wp-content\/uploads\/2023\/07\/WhatsApp-Image-2023-07-26-at-9.40.46-PM-2-1024x699.jpeg","contentUrl":"https:\/\/luchonoticias.com\/wp-content\/uploads\/2023\/07\/WhatsApp-Image-2023-07-26-at-9.40.46-PM-2-1024x699.jpeg"},{"@type":"BreadcrumbList","@id":"https:\/\/luchonoticias.com\/editor\/iniciaran-desmonte-en-neiva-de-vallas-instaladas-irregularmente\/#breadcrumb","itemListElement":[{"@type":"ListItem","position":1,"name":"Portada","item":"https:\/\/luchonoticias.com\/editor\/"},{"@type":"ListItem","position":2,"name":"Iniciar\u00e1n desmonte en Neiva de vallas instaladas irregularmente"}]},{"@type":"WebSite","@id":"https:\/\/luchonoticias.com\/editor\/#website","url":"https:\/\/luchonoticias.com\/editor\/","name":"","description":"","publisher":{"@id":"https:\/\/luchonoticias.com\/editor\/#\/schema\/person\/7a7fd911f58561fd056dbac7b55af9cd"},"potentialAction":[{"@type":"SearchAction","target":{"@type":"EntryPoint","urlTemplate":"https:\/\/luchonoticias.com\/editor\/?s={search_term_string}"},"query-input":{"@type":"PropertyValueSpecification","valueRequired":true,"valueName":"search_term_string"}}],"inLanguage":"es"},{"@type":["Person","Organization"],"@id":"https:\/\/luchonoticias.com\/editor\/#\/schema\/person\/7a7fd911f58561fd056dbac7b55af9cd","name":"admin","image":{"@type":"ImageObject","inLanguage":"es","@id":"https:\/\/luchonoticias.com\/editor\/#\/schema\/person\/image\/","url":"https:\/\/luchonoticias.com\/editor\/wp-content\/uploads\/2024\/02\/cropped-cropped-logolu.webp","contentUrl":"https:\/\/luchonoticias.com\/editor\/wp-content\/uploads\/2024\/02\/cropped-cropped-logolu.webp","width":382,"height":170,"caption":"admin"},"logo":{"@id":"https:\/\/luchonoticias.com\/editor\/#\/schema\/person\/image\/"},"sameAs":["https:\/\/www.facebook.com\/luchonoticiasneiva"]},{"@type":"Person","@id":"https:\/\/luchonoticias.com\/editor\/#\/schema\/person\/29217990ddf6f14e35912b2866d591fb","name":"Editor General","image":{"@type":"ImageObject","inLanguage":"es","@id":"https:\/\/luchonoticias.com\/editor\/#\/schema\/person\/image\/","url":"https:\/\/luchonoticias.com\/editor\/wp-content\/uploads\/2024\/02\/cropped-cropped-logolu-150x150.webp","contentUrl":"https:\/\/luchonoticias.com\/editor\/wp-content\/uploads\/2024\/02\/cropped-cropped-logolu-150x150.webp","caption":"Editor General"},"sameAs":["https:\/\/luchonoticias.com\/"],"url":"https:\/\/luchonoticias.com\/editor\/author\/editor-general\/"}]}},"_links":{"self":[{"href":"https:\/\/luchonoticias.com\/editor\/wp-json\/wp\/v2\/posts\/57186","targetHints":{"allow":["GET"]}}],"collection":[{"href":"https:\/\/luchonoticias.com\/editor\/wp-json\/wp\/v2\/posts"}],"about":[{"href":"https:\/\/luchonoticias.com\/editor\/wp-json\/wp\/v2\/types\/post"}],"author":[{"embeddable":true,"href":"https:\/\/luchonoticias.com\/editor\/wp-json\/wp\/v2\/users\/2"}],"replies":[{"embeddable":true,"href":"https:\/\/luchonoticias.com\/editor\/wp-json\/wp\/v2\/comments?post=57186"}],"version-history":[{"count":0,"href":"https:\/\/luchonoticias.com\/editor\/wp-json\/wp\/v2\/posts\/57186\/revisions"}],"wp:attachment":[{"href":"https:\/\/luchonoticias.com\/editor\/wp-json\/wp\/v2\/media?parent=57186"}],"wp:term":[{"taxonomy":"category","embeddable":true,"href":"https:\/\/luchonoticias.com\/editor\/wp-json\/wp\/v2\/categories?post=57186"},{"taxonomy":"post_tag","embeddable":true,"href":"https:\/\/luchonoticias.com\/editor\/wp-json\/wp\/v2\/tags?post=57186"}],"curies":[{"name":"wp","href":"https:\/\/api.w.org\/{rel}","templated":true}]}}