{"id":57203,"date":"2023-07-27T07:01:38","date_gmt":"2023-07-27T12:01:38","guid":{"rendered":"https:\/\/luchonoticias.com\/?p=57203"},"modified":"2023-07-27T07:01:47","modified_gmt":"2023-07-27T12:01:47","slug":"atencion-al-precio-de-los-alimentos-y-el-hambre","status":"publish","type":"post","link":"https:\/\/luchonoticias.com\/editor\/atencion-al-precio-de-los-alimentos-y-el-hambre\/","title":{"rendered":"Atenci\u00f3n al precio de los alimentos y el hambre"},"content":{"rendered":"\n<p>Por: Nicolas Ord\u00f3\u00f1ez \/\/ Columnista<\/p>\n\n\n\n<p>Colombia, como cualquier pa\u00eds del mundo, presenta problema de todo tipo, en la seguridad, empleo, infraestructura vial, entre otras; sin embargo, hay un \u00edtem qu\u00e9 hoy est\u00e1 afectando, me atrevo a decir, a todas las familias colombianas, y es el precio de los alimentos.<\/p>\n\n\n\n<p>Si bien, las cifras del DANE muestran que la inflaci\u00f3n en este sector de la econ\u00f3mica viene en descenso desde abril del presente a\u00f1o, si comparamos con el a\u00f1o inmediatamente anterior estamos hablando qu\u00e9 la cifra era de un digito, 9.67% en junio del 2022, mientras que para junio de 2023 es de 12.13%, esto para efectos pr\u00e1cticos del consumo diario de los colombianos afecta profundamente la econom\u00eda familiar o como dir\u00edamos coloquialmente el bolsillo de los ciudadanos.<\/p>\n\n\n\n<p>Un ejemplo de lo anterior fue la nota de La Rep\u00fablica donde mostraba el aumento del precio de un almuerzo ejecutivo en un 27% respecto al a\u00f1o anterior. Hace falta solamente hacer un parang\u00f3n de las cifras SIPSA del DANE y ver el aumento de producto b\u00e1sicos en Bogot\u00e1 como el tomate en un 20,9%, Cebolla Cabezona en 28%, el frijol en 84%, si 84%, la carne en un 14%, entre otros.<\/p>\n\n\n\n<p>Por otra parte, preocupa el informe del Programa Mundial de Alimentos de la ONU donde dice qu\u00e9 solo el 40% de los colombianos se alimentan 2 veces al d\u00eda y el 15.5 millones de connacionales sufren de inseguridad alimentaria. Cuando se ponderan los resultados en las mediciones del coeficiente Gini, vemos qu\u00e9 Colombia es el segundo pa\u00eds m\u00e1s inequitativo de Latinoam\u00e9rica.<\/p>\n\n\n\n<p>Si bien el Gobierno Nacional en abril anunci\u00f3 un acuerdo entre la ANDI y la SAC para implementar una estrategia de reducci\u00f3n de los precios de los alimentos, la cual ha venido teniendo efecto. Sin embargo, hay que tomar m\u00e1s decisiones de fondo para seguir disminuy\u00e9ndolos, pues al final es la gran mayor\u00eda de los colombianos la que se ve afectada, sobre todo las nuevas generaciones, las cuales al no alimentarse bien desde su formaci\u00f3n prenatal no logran desarrollar bien su cerebro y capacidades f\u00edsicas, donde m\u00e1s adelante ello se ver\u00e1 reflejado en problemas sociales\u2013 Vale la pena revisar el programa Inicios Felices inicios en Bucaramanga-.<\/p>\n\n\n\n<p>Una soluci\u00f3n est\u00e1 en qu\u00e9 el Gobierno revise el valor de los fertilizantes neto, ya que el 75% de los qu\u00e9 utilizamos son importados, algunos como la Urea con un aumento hasta del 150% en su valor seg\u00fan la SAC. Colombia importa m\u00e1s de 2 millones de toneladas de fertilizantes al a\u00f1o, lo cual con este aumento desaforado del valor y arancel ha encarecido los productos, entre otras por la reducci\u00f3n de la oferta de estos mismos, donde adem\u00e1s no hay bienes sustitutos qu\u00e9 cumplan su rol en el mercado.<\/p>\n\n\n\n<p>Por otra parte, se deber\u00eda establecer un marco normativo temporal que limite la especulaci\u00f3n de precios de producto agricolas, reflejadas en los niveles de ganancia de actores del mercado como transportistas, grandes cadenas comerciales de supermercados y revendedores. El programa coseche y compre a la fija fue un gran inicio en este sentido, donde se lleg\u00f3 a transacciones superiores a 1.2 billones sin intermediaci\u00f3n en la vente del producto.<\/p>\n\n\n\n<p>Es apremiante revisar este tema para controlar el precio final de los alimentos y reducir el hambre. Enbuenahora las grandes cadenas de supermercados anunciaron descuentos entre el 10% y 45% dependiendo el producto, qu\u00e9 ha permitido dinamizar la econom\u00eda y qu\u00e9 m\u00e1s colombianos tengan la oportunidad de salir a comprar alimentos y productos b\u00e1sicos del d\u00eda a d\u00eda.<\/p>\n","protected":false},"excerpt":{"rendered":"<p>Por: Nicolas Ord\u00f3\u00f1ez \/\/ Columnista Colombia, como cualquier pa\u00eds del mundo, presenta problema de todo tipo, en la seguridad, empleo, infraestructura vial, entre otras; sin embargo, hay un \u00edtem qu\u00e9 hoy est\u00e1 afectando, me atrevo a decir, a todas las familias colombianas, y es el precio de los alimentos. Si bien, las cifras del DANE [&hellip;]<\/p>\n","protected":false},"author":2,"featured_media":0,"comment_status":"open","ping_status":"open","sticky":false,"template":"","format":"standard","meta":{"footnotes":""},"categories":[1,36,617],"tags":[],"class_list":["post-57203","post","type-post","status-publish","format-standard","hentry","category-columnistas","category-destacado","category-politica"],"yoast_head":"<!-- This site is optimized with the Yoast SEO plugin v26.6 - https:\/\/yoast.com\/wordpress\/plugins\/seo\/ -->\n<title>Atenci\u00f3n al precio de los alimentos y el hambre -<\/title>\n<meta name=\"robots\" content=\"index, follow, max-snippet:-1, max-image-preview:large, max-video-preview:-1\" \/>\n<link rel=\"canonical\" href=\"https:\/\/luchonoticias.com\/editor\/atencion-al-precio-de-los-alimentos-y-el-hambre\/\" \/>\n<meta property=\"og:locale\" content=\"es_ES\" \/>\n<meta property=\"og:type\" content=\"article\" \/>\n<meta property=\"og:title\" content=\"Atenci\u00f3n al precio de los alimentos y el hambre -\" \/>\n<meta property=\"og:url\" content=\"https:\/\/luchonoticias.com\/editor\/atencion-al-precio-de-los-alimentos-y-el-hambre\/\" \/>\n<meta property=\"article:publisher\" content=\"https:\/\/www.facebook.com\/luchonoticiasneiva\" \/>\n<meta property=\"article:published_time\" content=\"2023-07-27T12:01:38+00:00\" \/>\n<meta property=\"article:modified_time\" content=\"2023-07-27T12:01:47+00:00\" \/>\n<meta name=\"author\" content=\"Editor General\" \/>\n<meta name=\"twitter:card\" content=\"summary_large_image\" \/>\n<meta name=\"twitter:label1\" content=\"Escrito por\" \/>\n\t<meta name=\"twitter:data1\" content=\"Editor General\" \/>\n\t<meta name=\"twitter:label2\" content=\"Tiempo de lectura\" \/>\n\t<meta name=\"twitter:data2\" content=\"3 minutos\" \/>\n<script type=\"application\/ld+json\" class=\"yoast-schema-graph\">{\"@context\":\"https:\/\/schema.org\",\"@graph\":[{\"@type\":\"Article\",\"@id\":\"https:\/\/luchonoticias.com\/editor\/atencion-al-precio-de-los-alimentos-y-el-hambre\/#article\",\"isPartOf\":{\"@id\":\"https:\/\/luchonoticias.com\/editor\/atencion-al-precio-de-los-alimentos-y-el-hambre\/\"},\"author\":{\"name\":\"Editor General\",\"@id\":\"https:\/\/luchonoticias.com\/editor\/#\/schema\/person\/29217990ddf6f14e35912b2866d591fb\"},\"headline\":\"Atenci\u00f3n al precio de los alimentos y el hambre\",\"datePublished\":\"2023-07-27T12:01:38+00:00\",\"dateModified\":\"2023-07-27T12:01:47+00:00\",\"mainEntityOfPage\":{\"@id\":\"https:\/\/luchonoticias.com\/editor\/atencion-al-precio-de-los-alimentos-y-el-hambre\/\"},\"wordCount\":611,\"commentCount\":0,\"publisher\":{\"@id\":\"https:\/\/luchonoticias.com\/editor\/#\/schema\/person\/7a7fd911f58561fd056dbac7b55af9cd\"},\"articleSection\":[\"Columnistas\",\"Destacado\",\"Pol\u00edtica\"],\"inLanguage\":\"es\",\"potentialAction\":[{\"@type\":\"CommentAction\",\"name\":\"Comment\",\"target\":[\"https:\/\/luchonoticias.com\/editor\/atencion-al-precio-de-los-alimentos-y-el-hambre\/#respond\"]}]},{\"@type\":\"WebPage\",\"@id\":\"https:\/\/luchonoticias.com\/editor\/atencion-al-precio-de-los-alimentos-y-el-hambre\/\",\"url\":\"https:\/\/luchonoticias.com\/editor\/atencion-al-precio-de-los-alimentos-y-el-hambre\/\",\"name\":\"Atenci\u00f3n al precio de los alimentos y el hambre -\",\"isPartOf\":{\"@id\":\"https:\/\/luchonoticias.com\/editor\/#website\"},\"datePublished\":\"2023-07-27T12:01:38+00:00\",\"dateModified\":\"2023-07-27T12:01:47+00:00\",\"breadcrumb\":{\"@id\":\"https:\/\/luchonoticias.com\/editor\/atencion-al-precio-de-los-alimentos-y-el-hambre\/#breadcrumb\"},\"inLanguage\":\"es\",\"potentialAction\":[{\"@type\":\"ReadAction\",\"target\":[\"https:\/\/luchonoticias.com\/editor\/atencion-al-precio-de-los-alimentos-y-el-hambre\/\"]}]},{\"@type\":\"BreadcrumbList\",\"@id\":\"https:\/\/luchonoticias.com\/editor\/atencion-al-precio-de-los-alimentos-y-el-hambre\/#breadcrumb\",\"itemListElement\":[{\"@type\":\"ListItem\",\"position\":1,\"name\":\"Portada\",\"item\":\"https:\/\/luchonoticias.com\/editor\/\"},{\"@type\":\"ListItem\",\"position\":2,\"name\":\"Atenci\u00f3n al precio de los alimentos y el hambre\"}]},{\"@type\":\"WebSite\",\"@id\":\"https:\/\/luchonoticias.com\/editor\/#website\",\"url\":\"https:\/\/luchonoticias.com\/editor\/\",\"name\":\"\",\"description\":\"\",\"publisher\":{\"@id\":\"https:\/\/luchonoticias.com\/editor\/#\/schema\/person\/7a7fd911f58561fd056dbac7b55af9cd\"},\"potentialAction\":[{\"@type\":\"SearchAction\",\"target\":{\"@type\":\"EntryPoint\",\"urlTemplate\":\"https:\/\/luchonoticias.com\/editor\/?s={search_term_string}\"},\"query-input\":{\"@type\":\"PropertyValueSpecification\",\"valueRequired\":true,\"valueName\":\"search_term_string\"}}],\"inLanguage\":\"es\"},{\"@type\":[\"Person\",\"Organization\"],\"@id\":\"https:\/\/luchonoticias.com\/editor\/#\/schema\/person\/7a7fd911f58561fd056dbac7b55af9cd\",\"name\":\"admin\",\"image\":{\"@type\":\"ImageObject\",\"inLanguage\":\"es\",\"@id\":\"https:\/\/luchonoticias.com\/editor\/#\/schema\/person\/image\/\",\"url\":\"https:\/\/luchonoticias.com\/editor\/wp-content\/uploads\/2024\/02\/cropped-cropped-logolu.webp\",\"contentUrl\":\"https:\/\/luchonoticias.com\/editor\/wp-content\/uploads\/2024\/02\/cropped-cropped-logolu.webp\",\"width\":382,\"height\":170,\"caption\":\"admin\"},\"logo\":{\"@id\":\"https:\/\/luchonoticias.com\/editor\/#\/schema\/person\/image\/\"},\"sameAs\":[\"https:\/\/www.facebook.com\/luchonoticiasneiva\"]},{\"@type\":\"Person\",\"@id\":\"https:\/\/luchonoticias.com\/editor\/#\/schema\/person\/29217990ddf6f14e35912b2866d591fb\",\"name\":\"Editor General\",\"image\":{\"@type\":\"ImageObject\",\"inLanguage\":\"es\",\"@id\":\"https:\/\/luchonoticias.com\/editor\/#\/schema\/person\/image\/\",\"url\":\"https:\/\/luchonoticias.com\/editor\/wp-content\/uploads\/2024\/02\/cropped-cropped-logolu-150x150.webp\",\"contentUrl\":\"https:\/\/luchonoticias.com\/editor\/wp-content\/uploads\/2024\/02\/cropped-cropped-logolu-150x150.webp\",\"caption\":\"Editor General\"},\"sameAs\":[\"https:\/\/luchonoticias.com\/\"],\"url\":\"https:\/\/luchonoticias.com\/editor\/author\/editor-general\/\"}]}<\/script>\n<!-- \/ Yoast SEO plugin. -->","yoast_head_json":{"title":"Atenci\u00f3n al precio de los alimentos y el hambre -","robots":{"index":"index","follow":"follow","max-snippet":"max-snippet:-1","max-image-preview":"max-image-preview:large","max-video-preview":"max-video-preview:-1"},"canonical":"https:\/\/luchonoticias.com\/editor\/atencion-al-precio-de-los-alimentos-y-el-hambre\/","og_locale":"es_ES","og_type":"article","og_title":"Atenci\u00f3n al precio de los alimentos y el hambre -","og_url":"https:\/\/luchonoticias.com\/editor\/atencion-al-precio-de-los-alimentos-y-el-hambre\/","article_publisher":"https:\/\/www.facebook.com\/luchonoticiasneiva","article_published_time":"2023-07-27T12:01:38+00:00","article_modified_time":"2023-07-27T12:01:47+00:00","author":"Editor General","twitter_card":"summary_large_image","twitter_misc":{"Escrito por":"Editor General","Tiempo de lectura":"3 minutos"},"schema":{"@context":"https:\/\/schema.org","@graph":[{"@type":"Article","@id":"https:\/\/luchonoticias.com\/editor\/atencion-al-precio-de-los-alimentos-y-el-hambre\/#article","isPartOf":{"@id":"https:\/\/luchonoticias.com\/editor\/atencion-al-precio-de-los-alimentos-y-el-hambre\/"},"author":{"name":"Editor General","@id":"https:\/\/luchonoticias.com\/editor\/#\/schema\/person\/29217990ddf6f14e35912b2866d591fb"},"headline":"Atenci\u00f3n al precio de los alimentos y el hambre","datePublished":"2023-07-27T12:01:38+00:00","dateModified":"2023-07-27T12:01:47+00:00","mainEntityOfPage":{"@id":"https:\/\/luchonoticias.com\/editor\/atencion-al-precio-de-los-alimentos-y-el-hambre\/"},"wordCount":611,"commentCount":0,"publisher":{"@id":"https:\/\/luchonoticias.com\/editor\/#\/schema\/person\/7a7fd911f58561fd056dbac7b55af9cd"},"articleSection":["Columnistas","Destacado","Pol\u00edtica"],"inLanguage":"es","potentialAction":[{"@type":"CommentAction","name":"Comment","target":["https:\/\/luchonoticias.com\/editor\/atencion-al-precio-de-los-alimentos-y-el-hambre\/#respond"]}]},{"@type":"WebPage","@id":"https:\/\/luchonoticias.com\/editor\/atencion-al-precio-de-los-alimentos-y-el-hambre\/","url":"https:\/\/luchonoticias.com\/editor\/atencion-al-precio-de-los-alimentos-y-el-hambre\/","name":"Atenci\u00f3n al precio de los alimentos y el hambre -","isPartOf":{"@id":"https:\/\/luchonoticias.com\/editor\/#website"},"datePublished":"2023-07-27T12:01:38+00:00","dateModified":"2023-07-27T12:01:47+00:00","breadcrumb":{"@id":"https:\/\/luchonoticias.com\/editor\/atencion-al-precio-de-los-alimentos-y-el-hambre\/#breadcrumb"},"inLanguage":"es","potentialAction":[{"@type":"ReadAction","target":["https:\/\/luchonoticias.com\/editor\/atencion-al-precio-de-los-alimentos-y-el-hambre\/"]}]},{"@type":"BreadcrumbList","@id":"https:\/\/luchonoticias.com\/editor\/atencion-al-precio-de-los-alimentos-y-el-hambre\/#breadcrumb","itemListElement":[{"@type":"ListItem","position":1,"name":"Portada","item":"https:\/\/luchonoticias.com\/editor\/"},{"@type":"ListItem","position":2,"name":"Atenci\u00f3n al precio de los alimentos y el hambre"}]},{"@type":"WebSite","@id":"https:\/\/luchonoticias.com\/editor\/#website","url":"https:\/\/luchonoticias.com\/editor\/","name":"","description":"","publisher":{"@id":"https:\/\/luchonoticias.com\/editor\/#\/schema\/person\/7a7fd911f58561fd056dbac7b55af9cd"},"potentialAction":[{"@type":"SearchAction","target":{"@type":"EntryPoint","urlTemplate":"https:\/\/luchonoticias.com\/editor\/?s={search_term_string}"},"query-input":{"@type":"PropertyValueSpecification","valueRequired":true,"valueName":"search_term_string"}}],"inLanguage":"es"},{"@type":["Person","Organization"],"@id":"https:\/\/luchonoticias.com\/editor\/#\/schema\/person\/7a7fd911f58561fd056dbac7b55af9cd","name":"admin","image":{"@type":"ImageObject","inLanguage":"es","@id":"https:\/\/luchonoticias.com\/editor\/#\/schema\/person\/image\/","url":"https:\/\/luchonoticias.com\/editor\/wp-content\/uploads\/2024\/02\/cropped-cropped-logolu.webp","contentUrl":"https:\/\/luchonoticias.com\/editor\/wp-content\/uploads\/2024\/02\/cropped-cropped-logolu.webp","width":382,"height":170,"caption":"admin"},"logo":{"@id":"https:\/\/luchonoticias.com\/editor\/#\/schema\/person\/image\/"},"sameAs":["https:\/\/www.facebook.com\/luchonoticiasneiva"]},{"@type":"Person","@id":"https:\/\/luchonoticias.com\/editor\/#\/schema\/person\/29217990ddf6f14e35912b2866d591fb","name":"Editor General","image":{"@type":"ImageObject","inLanguage":"es","@id":"https:\/\/luchonoticias.com\/editor\/#\/schema\/person\/image\/","url":"https:\/\/luchonoticias.com\/editor\/wp-content\/uploads\/2024\/02\/cropped-cropped-logolu-150x150.webp","contentUrl":"https:\/\/luchonoticias.com\/editor\/wp-content\/uploads\/2024\/02\/cropped-cropped-logolu-150x150.webp","caption":"Editor General"},"sameAs":["https:\/\/luchonoticias.com\/"],"url":"https:\/\/luchonoticias.com\/editor\/author\/editor-general\/"}]}},"_links":{"self":[{"href":"https:\/\/luchonoticias.com\/editor\/wp-json\/wp\/v2\/posts\/57203","targetHints":{"allow":["GET"]}}],"collection":[{"href":"https:\/\/luchonoticias.com\/editor\/wp-json\/wp\/v2\/posts"}],"about":[{"href":"https:\/\/luchonoticias.com\/editor\/wp-json\/wp\/v2\/types\/post"}],"author":[{"embeddable":true,"href":"https:\/\/luchonoticias.com\/editor\/wp-json\/wp\/v2\/users\/2"}],"replies":[{"embeddable":true,"href":"https:\/\/luchonoticias.com\/editor\/wp-json\/wp\/v2\/comments?post=57203"}],"version-history":[{"count":0,"href":"https:\/\/luchonoticias.com\/editor\/wp-json\/wp\/v2\/posts\/57203\/revisions"}],"wp:attachment":[{"href":"https:\/\/luchonoticias.com\/editor\/wp-json\/wp\/v2\/media?parent=57203"}],"wp:term":[{"taxonomy":"category","embeddable":true,"href":"https:\/\/luchonoticias.com\/editor\/wp-json\/wp\/v2\/categories?post=57203"},{"taxonomy":"post_tag","embeddable":true,"href":"https:\/\/luchonoticias.com\/editor\/wp-json\/wp\/v2\/tags?post=57203"}],"curies":[{"name":"wp","href":"https:\/\/api.w.org\/{rel}","templated":true}]}}