{"id":57205,"date":"2023-07-27T13:29:19","date_gmt":"2023-07-27T18:29:19","guid":{"rendered":"https:\/\/luchonoticias.com\/?p=57205"},"modified":"2023-07-27T13:29:20","modified_gmt":"2023-07-27T18:29:20","slug":"proyectos-con-cooperacion-italiana-que-impactan-en-el-huila","status":"publish","type":"post","link":"https:\/\/luchonoticias.com\/editor\/proyectos-con-cooperacion-italiana-que-impactan-en-el-huila\/","title":{"rendered":"Proyectos con cooperaci\u00f3n italiana que impactan en el Huila"},"content":{"rendered":"\n<p>Se realiz\u00f3 el cierre del<strong>&nbsp;encuentro internacional de agroecolog\u00eda en el municipio de Pitalito<\/strong>, en donde IILA (Organizaci\u00f3n Internacional \u00cdtalo-latinoamericana) la Gobernaci\u00f3n del Huila y el SENA entregaron los&nbsp;<strong>resultados del trabajo realizado en 22 municipios del Huila. S<\/strong>e destaca la implementaci\u00f3n de huertas caseras con un enfoque ecol\u00f3gico y de seguridad alimentaria, la Ruta M\u00e1gica del Caf\u00e9, y la creaci\u00f3n de la Ecoregi\u00f3n Tatacoa.<\/p>\n\n\n\n<p>Fueron&nbsp;<strong>m\u00e1s de 22 los municipios impactados con este proyecto agroecol\u00f3gico<\/strong>&nbsp;donde trabajaron de manera articulada la Gobernaci\u00f3n del Huila, IILA y el SENA. En Pitalito, estas instituciones entregaron los resultados de gran impacto como lo son las huertas caseras, la Ruta M\u00e1gica del Caf\u00e9, la Ecoregi\u00f3n Tatacoa que une a cuatro municipios de Tello, Baraya Villavieja, Colombia y del Tolima los municipios de Alpujarra y Natagaima.<\/p>\n\n\n\n<p>La firma del convenio que cre\u00f3 la ecoregi\u00f3n Tatacoa que se realiz\u00f3 este a\u00f1o en el mes de marzo, y que uni\u00f3 los seis municipios anteriormente mencionados, se logr\u00f3 gracias a la articulaci\u00f3n de las dos Gobernaciones, Huila y Tolima, y aliados como el SENA e Iila, uni\u00f3n con la que se&nbsp;<strong>gestionan recursos de nivel nacional e internacional para el desarrollo de estos territorios.<\/strong><\/p>\n\n\n\n<p>Los resultados en el departamento del Huila fueron tan positivos que&nbsp;<strong>la cooperaci\u00f3n italiana IILA los tendr\u00e1n como referentes a nivel nacional&nbsp;<\/strong>y en otros pa\u00edses donde tambi\u00e9n hacen intervenci\u00f3n para replicarlos, y se trabaja desde ya para lograr nuevo financiamiento para continuar trabajando en el Huila.<\/p>\n","protected":false},"excerpt":{"rendered":"<p>Se realiz\u00f3 el cierre del&nbsp;encuentro internacional de agroecolog\u00eda en el municipio de Pitalito, en donde IILA (Organizaci\u00f3n Internacional \u00cdtalo-latinoamericana) la Gobernaci\u00f3n del Huila y el SENA entregaron los&nbsp;resultados del trabajo realizado en 22 municipios del Huila. Se destaca la implementaci\u00f3n de huertas caseras con un enfoque ecol\u00f3gico y de seguridad alimentaria, la Ruta M\u00e1gica del [&hellip;]<\/p>\n","protected":false},"author":2,"featured_media":0,"comment_status":"open","ping_status":"open","sticky":false,"template":"","format":"standard","meta":{"footnotes":""},"categories":[33],"tags":[],"class_list":["post-57205","post","type-post","status-publish","format-standard","hentry","category-huila"],"yoast_head":"<!-- This site is optimized with the Yoast SEO plugin v26.6 - https:\/\/yoast.com\/wordpress\/plugins\/seo\/ -->\n<title>Proyectos con cooperaci\u00f3n italiana que impactan en el Huila -<\/title>\n<meta name=\"robots\" content=\"index, follow, max-snippet:-1, max-image-preview:large, max-video-preview:-1\" \/>\n<link rel=\"canonical\" href=\"https:\/\/luchonoticias.com\/editor\/proyectos-con-cooperacion-italiana-que-impactan-en-el-huila\/\" \/>\n<meta property=\"og:locale\" content=\"es_ES\" \/>\n<meta property=\"og:type\" content=\"article\" \/>\n<meta property=\"og:title\" content=\"Proyectos con cooperaci\u00f3n italiana que impactan en el Huila -\" \/>\n<meta property=\"og:url\" content=\"https:\/\/luchonoticias.com\/editor\/proyectos-con-cooperacion-italiana-que-impactan-en-el-huila\/\" \/>\n<meta property=\"article:publisher\" content=\"https:\/\/www.facebook.com\/luchonoticiasneiva\" \/>\n<meta property=\"article:published_time\" content=\"2023-07-27T18:29:19+00:00\" \/>\n<meta property=\"article:modified_time\" content=\"2023-07-27T18:29:20+00:00\" \/>\n<meta name=\"author\" content=\"Editor General\" \/>\n<meta name=\"twitter:card\" content=\"summary_large_image\" \/>\n<meta name=\"twitter:label1\" content=\"Escrito por\" \/>\n\t<meta name=\"twitter:data1\" content=\"Editor General\" \/>\n\t<meta name=\"twitter:label2\" content=\"Tiempo de lectura\" \/>\n\t<meta name=\"twitter:data2\" content=\"1 minuto\" \/>\n<script type=\"application\/ld+json\" class=\"yoast-schema-graph\">{\"@context\":\"https:\/\/schema.org\",\"@graph\":[{\"@type\":\"Article\",\"@id\":\"https:\/\/luchonoticias.com\/editor\/proyectos-con-cooperacion-italiana-que-impactan-en-el-huila\/#article\",\"isPartOf\":{\"@id\":\"https:\/\/luchonoticias.com\/editor\/proyectos-con-cooperacion-italiana-que-impactan-en-el-huila\/\"},\"author\":{\"name\":\"Editor General\",\"@id\":\"https:\/\/luchonoticias.com\/editor\/#\/schema\/person\/29217990ddf6f14e35912b2866d591fb\"},\"headline\":\"Proyectos con cooperaci\u00f3n italiana que impactan en el Huila\",\"datePublished\":\"2023-07-27T18:29:19+00:00\",\"dateModified\":\"2023-07-27T18:29:20+00:00\",\"mainEntityOfPage\":{\"@id\":\"https:\/\/luchonoticias.com\/editor\/proyectos-con-cooperacion-italiana-que-impactan-en-el-huila\/\"},\"wordCount\":281,\"commentCount\":0,\"publisher\":{\"@id\":\"https:\/\/luchonoticias.com\/editor\/#\/schema\/person\/7a7fd911f58561fd056dbac7b55af9cd\"},\"articleSection\":[\"Huila\"],\"inLanguage\":\"es\",\"potentialAction\":[{\"@type\":\"CommentAction\",\"name\":\"Comment\",\"target\":[\"https:\/\/luchonoticias.com\/editor\/proyectos-con-cooperacion-italiana-que-impactan-en-el-huila\/#respond\"]}]},{\"@type\":\"WebPage\",\"@id\":\"https:\/\/luchonoticias.com\/editor\/proyectos-con-cooperacion-italiana-que-impactan-en-el-huila\/\",\"url\":\"https:\/\/luchonoticias.com\/editor\/proyectos-con-cooperacion-italiana-que-impactan-en-el-huila\/\",\"name\":\"Proyectos con cooperaci\u00f3n italiana que impactan en el Huila -\",\"isPartOf\":{\"@id\":\"https:\/\/luchonoticias.com\/editor\/#website\"},\"datePublished\":\"2023-07-27T18:29:19+00:00\",\"dateModified\":\"2023-07-27T18:29:20+00:00\",\"breadcrumb\":{\"@id\":\"https:\/\/luchonoticias.com\/editor\/proyectos-con-cooperacion-italiana-que-impactan-en-el-huila\/#breadcrumb\"},\"inLanguage\":\"es\",\"potentialAction\":[{\"@type\":\"ReadAction\",\"target\":[\"https:\/\/luchonoticias.com\/editor\/proyectos-con-cooperacion-italiana-que-impactan-en-el-huila\/\"]}]},{\"@type\":\"BreadcrumbList\",\"@id\":\"https:\/\/luchonoticias.com\/editor\/proyectos-con-cooperacion-italiana-que-impactan-en-el-huila\/#breadcrumb\",\"itemListElement\":[{\"@type\":\"ListItem\",\"position\":1,\"name\":\"Portada\",\"item\":\"https:\/\/luchonoticias.com\/editor\/\"},{\"@type\":\"ListItem\",\"position\":2,\"name\":\"Proyectos con cooperaci\u00f3n italiana que impactan en el Huila\"}]},{\"@type\":\"WebSite\",\"@id\":\"https:\/\/luchonoticias.com\/editor\/#website\",\"url\":\"https:\/\/luchonoticias.com\/editor\/\",\"name\":\"\",\"description\":\"\",\"publisher\":{\"@id\":\"https:\/\/luchonoticias.com\/editor\/#\/schema\/person\/7a7fd911f58561fd056dbac7b55af9cd\"},\"potentialAction\":[{\"@type\":\"SearchAction\",\"target\":{\"@type\":\"EntryPoint\",\"urlTemplate\":\"https:\/\/luchonoticias.com\/editor\/?s={search_term_string}\"},\"query-input\":{\"@type\":\"PropertyValueSpecification\",\"valueRequired\":true,\"valueName\":\"search_term_string\"}}],\"inLanguage\":\"es\"},{\"@type\":[\"Person\",\"Organization\"],\"@id\":\"https:\/\/luchonoticias.com\/editor\/#\/schema\/person\/7a7fd911f58561fd056dbac7b55af9cd\",\"name\":\"admin\",\"image\":{\"@type\":\"ImageObject\",\"inLanguage\":\"es\",\"@id\":\"https:\/\/luchonoticias.com\/editor\/#\/schema\/person\/image\/\",\"url\":\"https:\/\/luchonoticias.com\/editor\/wp-content\/uploads\/2024\/02\/cropped-cropped-logolu.webp\",\"contentUrl\":\"https:\/\/luchonoticias.com\/editor\/wp-content\/uploads\/2024\/02\/cropped-cropped-logolu.webp\",\"width\":382,\"height\":170,\"caption\":\"admin\"},\"logo\":{\"@id\":\"https:\/\/luchonoticias.com\/editor\/#\/schema\/person\/image\/\"},\"sameAs\":[\"https:\/\/www.facebook.com\/luchonoticiasneiva\"]},{\"@type\":\"Person\",\"@id\":\"https:\/\/luchonoticias.com\/editor\/#\/schema\/person\/29217990ddf6f14e35912b2866d591fb\",\"name\":\"Editor General\",\"image\":{\"@type\":\"ImageObject\",\"inLanguage\":\"es\",\"@id\":\"https:\/\/luchonoticias.com\/editor\/#\/schema\/person\/image\/\",\"url\":\"https:\/\/luchonoticias.com\/editor\/wp-content\/uploads\/2024\/02\/cropped-cropped-logolu-150x150.webp\",\"contentUrl\":\"https:\/\/luchonoticias.com\/editor\/wp-content\/uploads\/2024\/02\/cropped-cropped-logolu-150x150.webp\",\"caption\":\"Editor General\"},\"sameAs\":[\"https:\/\/luchonoticias.com\/\"],\"url\":\"https:\/\/luchonoticias.com\/editor\/author\/editor-general\/\"}]}<\/script>\n<!-- \/ Yoast SEO plugin. -->","yoast_head_json":{"title":"Proyectos con cooperaci\u00f3n italiana que impactan en el Huila -","robots":{"index":"index","follow":"follow","max-snippet":"max-snippet:-1","max-image-preview":"max-image-preview:large","max-video-preview":"max-video-preview:-1"},"canonical":"https:\/\/luchonoticias.com\/editor\/proyectos-con-cooperacion-italiana-que-impactan-en-el-huila\/","og_locale":"es_ES","og_type":"article","og_title":"Proyectos con cooperaci\u00f3n italiana que impactan en el Huila -","og_url":"https:\/\/luchonoticias.com\/editor\/proyectos-con-cooperacion-italiana-que-impactan-en-el-huila\/","article_publisher":"https:\/\/www.facebook.com\/luchonoticiasneiva","article_published_time":"2023-07-27T18:29:19+00:00","article_modified_time":"2023-07-27T18:29:20+00:00","author":"Editor General","twitter_card":"summary_large_image","twitter_misc":{"Escrito por":"Editor General","Tiempo de lectura":"1 minuto"},"schema":{"@context":"https:\/\/schema.org","@graph":[{"@type":"Article","@id":"https:\/\/luchonoticias.com\/editor\/proyectos-con-cooperacion-italiana-que-impactan-en-el-huila\/#article","isPartOf":{"@id":"https:\/\/luchonoticias.com\/editor\/proyectos-con-cooperacion-italiana-que-impactan-en-el-huila\/"},"author":{"name":"Editor General","@id":"https:\/\/luchonoticias.com\/editor\/#\/schema\/person\/29217990ddf6f14e35912b2866d591fb"},"headline":"Proyectos con cooperaci\u00f3n italiana que impactan en el Huila","datePublished":"2023-07-27T18:29:19+00:00","dateModified":"2023-07-27T18:29:20+00:00","mainEntityOfPage":{"@id":"https:\/\/luchonoticias.com\/editor\/proyectos-con-cooperacion-italiana-que-impactan-en-el-huila\/"},"wordCount":281,"commentCount":0,"publisher":{"@id":"https:\/\/luchonoticias.com\/editor\/#\/schema\/person\/7a7fd911f58561fd056dbac7b55af9cd"},"articleSection":["Huila"],"inLanguage":"es","potentialAction":[{"@type":"CommentAction","name":"Comment","target":["https:\/\/luchonoticias.com\/editor\/proyectos-con-cooperacion-italiana-que-impactan-en-el-huila\/#respond"]}]},{"@type":"WebPage","@id":"https:\/\/luchonoticias.com\/editor\/proyectos-con-cooperacion-italiana-que-impactan-en-el-huila\/","url":"https:\/\/luchonoticias.com\/editor\/proyectos-con-cooperacion-italiana-que-impactan-en-el-huila\/","name":"Proyectos con cooperaci\u00f3n italiana que impactan en el Huila -","isPartOf":{"@id":"https:\/\/luchonoticias.com\/editor\/#website"},"datePublished":"2023-07-27T18:29:19+00:00","dateModified":"2023-07-27T18:29:20+00:00","breadcrumb":{"@id":"https:\/\/luchonoticias.com\/editor\/proyectos-con-cooperacion-italiana-que-impactan-en-el-huila\/#breadcrumb"},"inLanguage":"es","potentialAction":[{"@type":"ReadAction","target":["https:\/\/luchonoticias.com\/editor\/proyectos-con-cooperacion-italiana-que-impactan-en-el-huila\/"]}]},{"@type":"BreadcrumbList","@id":"https:\/\/luchonoticias.com\/editor\/proyectos-con-cooperacion-italiana-que-impactan-en-el-huila\/#breadcrumb","itemListElement":[{"@type":"ListItem","position":1,"name":"Portada","item":"https:\/\/luchonoticias.com\/editor\/"},{"@type":"ListItem","position":2,"name":"Proyectos con cooperaci\u00f3n italiana que impactan en el Huila"}]},{"@type":"WebSite","@id":"https:\/\/luchonoticias.com\/editor\/#website","url":"https:\/\/luchonoticias.com\/editor\/","name":"","description":"","publisher":{"@id":"https:\/\/luchonoticias.com\/editor\/#\/schema\/person\/7a7fd911f58561fd056dbac7b55af9cd"},"potentialAction":[{"@type":"SearchAction","target":{"@type":"EntryPoint","urlTemplate":"https:\/\/luchonoticias.com\/editor\/?s={search_term_string}"},"query-input":{"@type":"PropertyValueSpecification","valueRequired":true,"valueName":"search_term_string"}}],"inLanguage":"es"},{"@type":["Person","Organization"],"@id":"https:\/\/luchonoticias.com\/editor\/#\/schema\/person\/7a7fd911f58561fd056dbac7b55af9cd","name":"admin","image":{"@type":"ImageObject","inLanguage":"es","@id":"https:\/\/luchonoticias.com\/editor\/#\/schema\/person\/image\/","url":"https:\/\/luchonoticias.com\/editor\/wp-content\/uploads\/2024\/02\/cropped-cropped-logolu.webp","contentUrl":"https:\/\/luchonoticias.com\/editor\/wp-content\/uploads\/2024\/02\/cropped-cropped-logolu.webp","width":382,"height":170,"caption":"admin"},"logo":{"@id":"https:\/\/luchonoticias.com\/editor\/#\/schema\/person\/image\/"},"sameAs":["https:\/\/www.facebook.com\/luchonoticiasneiva"]},{"@type":"Person","@id":"https:\/\/luchonoticias.com\/editor\/#\/schema\/person\/29217990ddf6f14e35912b2866d591fb","name":"Editor General","image":{"@type":"ImageObject","inLanguage":"es","@id":"https:\/\/luchonoticias.com\/editor\/#\/schema\/person\/image\/","url":"https:\/\/luchonoticias.com\/editor\/wp-content\/uploads\/2024\/02\/cropped-cropped-logolu-150x150.webp","contentUrl":"https:\/\/luchonoticias.com\/editor\/wp-content\/uploads\/2024\/02\/cropped-cropped-logolu-150x150.webp","caption":"Editor General"},"sameAs":["https:\/\/luchonoticias.com\/"],"url":"https:\/\/luchonoticias.com\/editor\/author\/editor-general\/"}]}},"_links":{"self":[{"href":"https:\/\/luchonoticias.com\/editor\/wp-json\/wp\/v2\/posts\/57205","targetHints":{"allow":["GET"]}}],"collection":[{"href":"https:\/\/luchonoticias.com\/editor\/wp-json\/wp\/v2\/posts"}],"about":[{"href":"https:\/\/luchonoticias.com\/editor\/wp-json\/wp\/v2\/types\/post"}],"author":[{"embeddable":true,"href":"https:\/\/luchonoticias.com\/editor\/wp-json\/wp\/v2\/users\/2"}],"replies":[{"embeddable":true,"href":"https:\/\/luchonoticias.com\/editor\/wp-json\/wp\/v2\/comments?post=57205"}],"version-history":[{"count":0,"href":"https:\/\/luchonoticias.com\/editor\/wp-json\/wp\/v2\/posts\/57205\/revisions"}],"wp:attachment":[{"href":"https:\/\/luchonoticias.com\/editor\/wp-json\/wp\/v2\/media?parent=57205"}],"wp:term":[{"taxonomy":"category","embeddable":true,"href":"https:\/\/luchonoticias.com\/editor\/wp-json\/wp\/v2\/categories?post=57205"},{"taxonomy":"post_tag","embeddable":true,"href":"https:\/\/luchonoticias.com\/editor\/wp-json\/wp\/v2\/tags?post=57205"}],"curies":[{"name":"wp","href":"https:\/\/api.w.org\/{rel}","templated":true}]}}