{"id":57273,"date":"2023-07-28T14:48:41","date_gmt":"2023-07-28T19:48:41","guid":{"rendered":"https:\/\/luchonoticias.com\/?p=57273"},"modified":"2023-07-28T14:48:42","modified_gmt":"2023-07-28T19:48:42","slug":"expoartesano-duplico-el-numero-de-visitantes-en-su-primera-version-fuera-del-pais-informo-artesanias-de-colombia","status":"publish","type":"post","link":"https:\/\/luchonoticias.com\/editor\/expoartesano-duplico-el-numero-de-visitantes-en-su-primera-version-fuera-del-pais-informo-artesanias-de-colombia\/","title":{"rendered":"Expoartesano duplic\u00f3 el n\u00famero de visitantes en su primera versi\u00f3n fuera del pa\u00eds, inform\u00f3 Artesan\u00edas de Colombia"},"content":{"rendered":"\n<p>Expoartesano, la feria de productos artesanales de las regiones del pa\u00eds, duplic\u00f3 el n\u00famero de visitantes esperados en su primera realizaci\u00f3n fuera del pa\u00eds, que tuvo lugar en Miami (Estados Unidos), inform\u00f3 este viernes la Directora de Artesan\u00edas de Colombia, Adriana Mej\u00eda.<\/p>\n\n\n\n<p>\u201cSuperamos sustancialmente las expectativas en la feria de artesanos de Miami. Calcul\u00e1bamos 1.500 visitantes y doblamos la cifra, llegando a 3.132\u201d, dijo la funcionaria en una entrevista con el informativo Colombia Hoy Radio.<\/p>\n\n\n\n<p>Y anunci\u00f3 la realizaci\u00f3n del evento en el pr\u00f3ximo mes de septiembre en la capital de Espa\u00f1a.<\/p>\n\n\n\n<p>Expoartesano tuvo lugar entre el 21 y 23 de julio en Miami International Fine Art (MIFA) y la inaugur\u00f3 el Embajador de Colombia en EE.UU., Luis Gilberto Murillo, con la asistencia de la Alcaldesa del Condado de Miami Dade, Daniella Levine Cava.<\/p>\n\n\n\n<p>Adriana Mej\u00eda agreg\u00f3 que se esperaba vender productos por 40 mil d\u00f3lares y se alcanzaron ventas por m\u00e1s de 51 mil d\u00f3lares. Por ejemplo, los accesorios de moda en marroquiner\u00eda se agotaron.<\/p>\n\n\n\n<p>Artesan\u00edas de Colombia, empresa comercial del Estado, que cumpli\u00f3 59 a\u00f1os de fundada, tiene caracterizados casi 35 mil artesanos.<\/p>\n\n\n\n<p>\u201cLo m\u00e1s importante es el trabajo social que estamos haciendo con nuestros artesanos y artesanas. Esta es la puerta grande para dignificar este oficio y as\u00ed sus familias van a vivir mejor\u201d, expres\u00f3 la Directora.<\/p>\n\n\n\n<p>Y agreg\u00f3: \u201cVamos a hacer de Colombia una potencia mundial de la vida desde el turismo gastron\u00f3mico y, por supuesto, de la artesan\u00eda\u201d.<\/p>\n","protected":false},"excerpt":{"rendered":"<p>Expoartesano, la feria de productos artesanales de las regiones del pa\u00eds, duplic\u00f3 el n\u00famero de visitantes esperados en su primera realizaci\u00f3n fuera del pa\u00eds, que tuvo lugar en Miami (Estados Unidos), inform\u00f3 este viernes la Directora de Artesan\u00edas de Colombia, Adriana Mej\u00eda. \u201cSuperamos sustancialmente las expectativas en la feria de artesanos de Miami. Calcul\u00e1bamos 1.500 [&hellip;]<\/p>\n","protected":false},"author":2,"featured_media":0,"comment_status":"open","ping_status":"open","sticky":false,"template":"","format":"standard","meta":{"footnotes":""},"categories":[28,36],"tags":[],"class_list":["post-57273","post","type-post","status-publish","format-standard","hentry","category-actualidad","category-destacado"],"yoast_head":"<!-- This site is optimized with the Yoast SEO plugin v26.6 - https:\/\/yoast.com\/wordpress\/plugins\/seo\/ -->\n<title>Expoartesano duplic\u00f3 el n\u00famero de visitantes en su primera versi\u00f3n fuera del pa\u00eds, inform\u00f3 Artesan\u00edas de Colombia -<\/title>\n<meta name=\"robots\" content=\"index, follow, max-snippet:-1, max-image-preview:large, max-video-preview:-1\" \/>\n<link rel=\"canonical\" href=\"https:\/\/luchonoticias.com\/editor\/expoartesano-duplico-el-numero-de-visitantes-en-su-primera-version-fuera-del-pais-informo-artesanias-de-colombia\/\" \/>\n<meta property=\"og:locale\" content=\"es_ES\" \/>\n<meta property=\"og:type\" content=\"article\" \/>\n<meta property=\"og:title\" content=\"Expoartesano duplic\u00f3 el n\u00famero de visitantes en su primera versi\u00f3n fuera del pa\u00eds, inform\u00f3 Artesan\u00edas de Colombia -\" \/>\n<meta property=\"og:url\" content=\"https:\/\/luchonoticias.com\/editor\/expoartesano-duplico-el-numero-de-visitantes-en-su-primera-version-fuera-del-pais-informo-artesanias-de-colombia\/\" \/>\n<meta property=\"article:publisher\" content=\"https:\/\/www.facebook.com\/luchonoticiasneiva\" \/>\n<meta property=\"article:published_time\" content=\"2023-07-28T19:48:41+00:00\" \/>\n<meta property=\"article:modified_time\" content=\"2023-07-28T19:48:42+00:00\" \/>\n<meta name=\"author\" content=\"Editor General\" \/>\n<meta name=\"twitter:card\" content=\"summary_large_image\" \/>\n<meta name=\"twitter:label1\" content=\"Escrito por\" \/>\n\t<meta name=\"twitter:data1\" content=\"Editor General\" \/>\n\t<meta name=\"twitter:label2\" content=\"Tiempo de lectura\" \/>\n\t<meta name=\"twitter:data2\" content=\"1 minuto\" \/>\n<script type=\"application\/ld+json\" class=\"yoast-schema-graph\">{\"@context\":\"https:\/\/schema.org\",\"@graph\":[{\"@type\":\"Article\",\"@id\":\"https:\/\/luchonoticias.com\/editor\/expoartesano-duplico-el-numero-de-visitantes-en-su-primera-version-fuera-del-pais-informo-artesanias-de-colombia\/#article\",\"isPartOf\":{\"@id\":\"https:\/\/luchonoticias.com\/editor\/expoartesano-duplico-el-numero-de-visitantes-en-su-primera-version-fuera-del-pais-informo-artesanias-de-colombia\/\"},\"author\":{\"name\":\"Editor General\",\"@id\":\"https:\/\/luchonoticias.com\/editor\/#\/schema\/person\/29217990ddf6f14e35912b2866d591fb\"},\"headline\":\"Expoartesano duplic\u00f3 el n\u00famero de visitantes en su primera versi\u00f3n fuera del pa\u00eds, inform\u00f3 Artesan\u00edas de Colombia\",\"datePublished\":\"2023-07-28T19:48:41+00:00\",\"dateModified\":\"2023-07-28T19:48:42+00:00\",\"mainEntityOfPage\":{\"@id\":\"https:\/\/luchonoticias.com\/editor\/expoartesano-duplico-el-numero-de-visitantes-en-su-primera-version-fuera-del-pais-informo-artesanias-de-colombia\/\"},\"wordCount\":277,\"commentCount\":0,\"publisher\":{\"@id\":\"https:\/\/luchonoticias.com\/editor\/#\/schema\/person\/7a7fd911f58561fd056dbac7b55af9cd\"},\"articleSection\":[\"Actualidad\",\"Destacado\"],\"inLanguage\":\"es\",\"potentialAction\":[{\"@type\":\"CommentAction\",\"name\":\"Comment\",\"target\":[\"https:\/\/luchonoticias.com\/editor\/expoartesano-duplico-el-numero-de-visitantes-en-su-primera-version-fuera-del-pais-informo-artesanias-de-colombia\/#respond\"]}]},{\"@type\":\"WebPage\",\"@id\":\"https:\/\/luchonoticias.com\/editor\/expoartesano-duplico-el-numero-de-visitantes-en-su-primera-version-fuera-del-pais-informo-artesanias-de-colombia\/\",\"url\":\"https:\/\/luchonoticias.com\/editor\/expoartesano-duplico-el-numero-de-visitantes-en-su-primera-version-fuera-del-pais-informo-artesanias-de-colombia\/\",\"name\":\"Expoartesano duplic\u00f3 el n\u00famero de visitantes en su primera versi\u00f3n fuera del pa\u00eds, inform\u00f3 Artesan\u00edas de Colombia -\",\"isPartOf\":{\"@id\":\"https:\/\/luchonoticias.com\/editor\/#website\"},\"datePublished\":\"2023-07-28T19:48:41+00:00\",\"dateModified\":\"2023-07-28T19:48:42+00:00\",\"breadcrumb\":{\"@id\":\"https:\/\/luchonoticias.com\/editor\/expoartesano-duplico-el-numero-de-visitantes-en-su-primera-version-fuera-del-pais-informo-artesanias-de-colombia\/#breadcrumb\"},\"inLanguage\":\"es\",\"potentialAction\":[{\"@type\":\"ReadAction\",\"target\":[\"https:\/\/luchonoticias.com\/editor\/expoartesano-duplico-el-numero-de-visitantes-en-su-primera-version-fuera-del-pais-informo-artesanias-de-colombia\/\"]}]},{\"@type\":\"BreadcrumbList\",\"@id\":\"https:\/\/luchonoticias.com\/editor\/expoartesano-duplico-el-numero-de-visitantes-en-su-primera-version-fuera-del-pais-informo-artesanias-de-colombia\/#breadcrumb\",\"itemListElement\":[{\"@type\":\"ListItem\",\"position\":1,\"name\":\"Portada\",\"item\":\"https:\/\/luchonoticias.com\/editor\/\"},{\"@type\":\"ListItem\",\"position\":2,\"name\":\"Expoartesano duplic\u00f3 el n\u00famero de visitantes en su primera versi\u00f3n fuera del pa\u00eds, inform\u00f3 Artesan\u00edas de Colombia\"}]},{\"@type\":\"WebSite\",\"@id\":\"https:\/\/luchonoticias.com\/editor\/#website\",\"url\":\"https:\/\/luchonoticias.com\/editor\/\",\"name\":\"\",\"description\":\"\",\"publisher\":{\"@id\":\"https:\/\/luchonoticias.com\/editor\/#\/schema\/person\/7a7fd911f58561fd056dbac7b55af9cd\"},\"potentialAction\":[{\"@type\":\"SearchAction\",\"target\":{\"@type\":\"EntryPoint\",\"urlTemplate\":\"https:\/\/luchonoticias.com\/editor\/?s={search_term_string}\"},\"query-input\":{\"@type\":\"PropertyValueSpecification\",\"valueRequired\":true,\"valueName\":\"search_term_string\"}}],\"inLanguage\":\"es\"},{\"@type\":[\"Person\",\"Organization\"],\"@id\":\"https:\/\/luchonoticias.com\/editor\/#\/schema\/person\/7a7fd911f58561fd056dbac7b55af9cd\",\"name\":\"admin\",\"image\":{\"@type\":\"ImageObject\",\"inLanguage\":\"es\",\"@id\":\"https:\/\/luchonoticias.com\/editor\/#\/schema\/person\/image\/\",\"url\":\"https:\/\/luchonoticias.com\/editor\/wp-content\/uploads\/2024\/02\/cropped-cropped-logolu.webp\",\"contentUrl\":\"https:\/\/luchonoticias.com\/editor\/wp-content\/uploads\/2024\/02\/cropped-cropped-logolu.webp\",\"width\":382,\"height\":170,\"caption\":\"admin\"},\"logo\":{\"@id\":\"https:\/\/luchonoticias.com\/editor\/#\/schema\/person\/image\/\"},\"sameAs\":[\"https:\/\/www.facebook.com\/luchonoticiasneiva\"]},{\"@type\":\"Person\",\"@id\":\"https:\/\/luchonoticias.com\/editor\/#\/schema\/person\/29217990ddf6f14e35912b2866d591fb\",\"name\":\"Editor General\",\"image\":{\"@type\":\"ImageObject\",\"inLanguage\":\"es\",\"@id\":\"https:\/\/luchonoticias.com\/editor\/#\/schema\/person\/image\/\",\"url\":\"https:\/\/luchonoticias.com\/editor\/wp-content\/uploads\/2024\/02\/cropped-cropped-logolu-150x150.webp\",\"contentUrl\":\"https:\/\/luchonoticias.com\/editor\/wp-content\/uploads\/2024\/02\/cropped-cropped-logolu-150x150.webp\",\"caption\":\"Editor General\"},\"sameAs\":[\"https:\/\/luchonoticias.com\/\"],\"url\":\"https:\/\/luchonoticias.com\/editor\/author\/editor-general\/\"}]}<\/script>\n<!-- \/ Yoast SEO plugin. -->","yoast_head_json":{"title":"Expoartesano duplic\u00f3 el n\u00famero de visitantes en su primera versi\u00f3n fuera del pa\u00eds, inform\u00f3 Artesan\u00edas de Colombia -","robots":{"index":"index","follow":"follow","max-snippet":"max-snippet:-1","max-image-preview":"max-image-preview:large","max-video-preview":"max-video-preview:-1"},"canonical":"https:\/\/luchonoticias.com\/editor\/expoartesano-duplico-el-numero-de-visitantes-en-su-primera-version-fuera-del-pais-informo-artesanias-de-colombia\/","og_locale":"es_ES","og_type":"article","og_title":"Expoartesano duplic\u00f3 el n\u00famero de visitantes en su primera versi\u00f3n fuera del pa\u00eds, inform\u00f3 Artesan\u00edas de Colombia -","og_url":"https:\/\/luchonoticias.com\/editor\/expoartesano-duplico-el-numero-de-visitantes-en-su-primera-version-fuera-del-pais-informo-artesanias-de-colombia\/","article_publisher":"https:\/\/www.facebook.com\/luchonoticiasneiva","article_published_time":"2023-07-28T19:48:41+00:00","article_modified_time":"2023-07-28T19:48:42+00:00","author":"Editor General","twitter_card":"summary_large_image","twitter_misc":{"Escrito por":"Editor General","Tiempo de lectura":"1 minuto"},"schema":{"@context":"https:\/\/schema.org","@graph":[{"@type":"Article","@id":"https:\/\/luchonoticias.com\/editor\/expoartesano-duplico-el-numero-de-visitantes-en-su-primera-version-fuera-del-pais-informo-artesanias-de-colombia\/#article","isPartOf":{"@id":"https:\/\/luchonoticias.com\/editor\/expoartesano-duplico-el-numero-de-visitantes-en-su-primera-version-fuera-del-pais-informo-artesanias-de-colombia\/"},"author":{"name":"Editor General","@id":"https:\/\/luchonoticias.com\/editor\/#\/schema\/person\/29217990ddf6f14e35912b2866d591fb"},"headline":"Expoartesano duplic\u00f3 el n\u00famero de visitantes en su primera versi\u00f3n fuera del pa\u00eds, inform\u00f3 Artesan\u00edas de Colombia","datePublished":"2023-07-28T19:48:41+00:00","dateModified":"2023-07-28T19:48:42+00:00","mainEntityOfPage":{"@id":"https:\/\/luchonoticias.com\/editor\/expoartesano-duplico-el-numero-de-visitantes-en-su-primera-version-fuera-del-pais-informo-artesanias-de-colombia\/"},"wordCount":277,"commentCount":0,"publisher":{"@id":"https:\/\/luchonoticias.com\/editor\/#\/schema\/person\/7a7fd911f58561fd056dbac7b55af9cd"},"articleSection":["Actualidad","Destacado"],"inLanguage":"es","potentialAction":[{"@type":"CommentAction","name":"Comment","target":["https:\/\/luchonoticias.com\/editor\/expoartesano-duplico-el-numero-de-visitantes-en-su-primera-version-fuera-del-pais-informo-artesanias-de-colombia\/#respond"]}]},{"@type":"WebPage","@id":"https:\/\/luchonoticias.com\/editor\/expoartesano-duplico-el-numero-de-visitantes-en-su-primera-version-fuera-del-pais-informo-artesanias-de-colombia\/","url":"https:\/\/luchonoticias.com\/editor\/expoartesano-duplico-el-numero-de-visitantes-en-su-primera-version-fuera-del-pais-informo-artesanias-de-colombia\/","name":"Expoartesano duplic\u00f3 el n\u00famero de visitantes en su primera versi\u00f3n fuera del pa\u00eds, inform\u00f3 Artesan\u00edas de Colombia -","isPartOf":{"@id":"https:\/\/luchonoticias.com\/editor\/#website"},"datePublished":"2023-07-28T19:48:41+00:00","dateModified":"2023-07-28T19:48:42+00:00","breadcrumb":{"@id":"https:\/\/luchonoticias.com\/editor\/expoartesano-duplico-el-numero-de-visitantes-en-su-primera-version-fuera-del-pais-informo-artesanias-de-colombia\/#breadcrumb"},"inLanguage":"es","potentialAction":[{"@type":"ReadAction","target":["https:\/\/luchonoticias.com\/editor\/expoartesano-duplico-el-numero-de-visitantes-en-su-primera-version-fuera-del-pais-informo-artesanias-de-colombia\/"]}]},{"@type":"BreadcrumbList","@id":"https:\/\/luchonoticias.com\/editor\/expoartesano-duplico-el-numero-de-visitantes-en-su-primera-version-fuera-del-pais-informo-artesanias-de-colombia\/#breadcrumb","itemListElement":[{"@type":"ListItem","position":1,"name":"Portada","item":"https:\/\/luchonoticias.com\/editor\/"},{"@type":"ListItem","position":2,"name":"Expoartesano duplic\u00f3 el n\u00famero de visitantes en su primera versi\u00f3n fuera del pa\u00eds, inform\u00f3 Artesan\u00edas de Colombia"}]},{"@type":"WebSite","@id":"https:\/\/luchonoticias.com\/editor\/#website","url":"https:\/\/luchonoticias.com\/editor\/","name":"","description":"","publisher":{"@id":"https:\/\/luchonoticias.com\/editor\/#\/schema\/person\/7a7fd911f58561fd056dbac7b55af9cd"},"potentialAction":[{"@type":"SearchAction","target":{"@type":"EntryPoint","urlTemplate":"https:\/\/luchonoticias.com\/editor\/?s={search_term_string}"},"query-input":{"@type":"PropertyValueSpecification","valueRequired":true,"valueName":"search_term_string"}}],"inLanguage":"es"},{"@type":["Person","Organization"],"@id":"https:\/\/luchonoticias.com\/editor\/#\/schema\/person\/7a7fd911f58561fd056dbac7b55af9cd","name":"admin","image":{"@type":"ImageObject","inLanguage":"es","@id":"https:\/\/luchonoticias.com\/editor\/#\/schema\/person\/image\/","url":"https:\/\/luchonoticias.com\/editor\/wp-content\/uploads\/2024\/02\/cropped-cropped-logolu.webp","contentUrl":"https:\/\/luchonoticias.com\/editor\/wp-content\/uploads\/2024\/02\/cropped-cropped-logolu.webp","width":382,"height":170,"caption":"admin"},"logo":{"@id":"https:\/\/luchonoticias.com\/editor\/#\/schema\/person\/image\/"},"sameAs":["https:\/\/www.facebook.com\/luchonoticiasneiva"]},{"@type":"Person","@id":"https:\/\/luchonoticias.com\/editor\/#\/schema\/person\/29217990ddf6f14e35912b2866d591fb","name":"Editor General","image":{"@type":"ImageObject","inLanguage":"es","@id":"https:\/\/luchonoticias.com\/editor\/#\/schema\/person\/image\/","url":"https:\/\/luchonoticias.com\/editor\/wp-content\/uploads\/2024\/02\/cropped-cropped-logolu-150x150.webp","contentUrl":"https:\/\/luchonoticias.com\/editor\/wp-content\/uploads\/2024\/02\/cropped-cropped-logolu-150x150.webp","caption":"Editor General"},"sameAs":["https:\/\/luchonoticias.com\/"],"url":"https:\/\/luchonoticias.com\/editor\/author\/editor-general\/"}]}},"_links":{"self":[{"href":"https:\/\/luchonoticias.com\/editor\/wp-json\/wp\/v2\/posts\/57273","targetHints":{"allow":["GET"]}}],"collection":[{"href":"https:\/\/luchonoticias.com\/editor\/wp-json\/wp\/v2\/posts"}],"about":[{"href":"https:\/\/luchonoticias.com\/editor\/wp-json\/wp\/v2\/types\/post"}],"author":[{"embeddable":true,"href":"https:\/\/luchonoticias.com\/editor\/wp-json\/wp\/v2\/users\/2"}],"replies":[{"embeddable":true,"href":"https:\/\/luchonoticias.com\/editor\/wp-json\/wp\/v2\/comments?post=57273"}],"version-history":[{"count":0,"href":"https:\/\/luchonoticias.com\/editor\/wp-json\/wp\/v2\/posts\/57273\/revisions"}],"wp:attachment":[{"href":"https:\/\/luchonoticias.com\/editor\/wp-json\/wp\/v2\/media?parent=57273"}],"wp:term":[{"taxonomy":"category","embeddable":true,"href":"https:\/\/luchonoticias.com\/editor\/wp-json\/wp\/v2\/categories?post=57273"},{"taxonomy":"post_tag","embeddable":true,"href":"https:\/\/luchonoticias.com\/editor\/wp-json\/wp\/v2\/tags?post=57273"}],"curies":[{"name":"wp","href":"https:\/\/api.w.org\/{rel}","templated":true}]}}