{"id":57285,"date":"2023-07-29T04:53:00","date_gmt":"2023-07-29T09:53:00","guid":{"rendered":"https:\/\/luchonoticias.com\/?p=57285"},"modified":"2023-07-29T04:53:06","modified_gmt":"2023-07-29T09:53:06","slug":"procuraduria-rechaza-crimen-de-nina-en-huila-y-pide-celeridad-en-la-investigacion","status":"publish","type":"post","link":"https:\/\/luchonoticias.com\/editor\/procuraduria-rechaza-crimen-de-nina-en-huila-y-pide-celeridad-en-la-investigacion\/","title":{"rendered":"Procuradur\u00eda rechaza crimen de ni\u00f1a en Huila y pide celeridad en la investigaci\u00f3n"},"content":{"rendered":"\n<p>La Procuradur\u00eda General de la Naci\u00f3n rechaza de manera enf\u00e1tica el vil asesinato de una menor de cuatro a\u00f1os de edad en la vereda Villa Esperanza del centro poblado San Miguel, municipio de La Plata, Huila, por parte de las disidencias de las FARC.<\/p>\n\n\n\n<p>Este atroz delito sin duda alguna se puede catalogar como un crimen de lesa humanidad, y demuestra una vez m\u00e1s cu\u00e1l es la verdadera voluntad de paz de este grupo ilegal disidente, que ataca a la poblaci\u00f3n civil de manera indiscriminada.&nbsp;<\/p>\n\n\n\n<p>\u201cComo representantes de la sociedad colombiana hacemos un llamado al Gobierno Nacional para que se tomen los correctivos dentro del proceso de negociaci\u00f3n que adelantan con este grupo ilegal y a realizar el acompa\u00f1amiento integral de la familia en su calidad de v\u00edctimas\u201d, asegur\u00f3 el procurador delegado para la Defensa de los Derechos Humanos, Javier Sarmiento.&nbsp;<\/p>\n\n\n\n<p>A ra\u00edz de este y otros hechos de violencia que se viene presentando en el departamento, la Procuradur\u00eda, a trav\u00e9s de su Regional Huila, requiri\u00f3 al gobernador Luis enrique Duss\u00e1n L\u00f3pez, convocar un Consejo Extraordinario de Seguridad para enfrentar las acciones de los grupos ilegales que viene generando zozobra y afectaci\u00f3n a la seguridad p\u00fablica en \u00e1reas urbanas y rurales de al menos 10 municipios del departamento.&nbsp;<\/p>\n\n\n\n<p>Finalmente, el delegado Sarmiento inst\u00f3 a la Fiscal\u00eda General de la Naci\u00f3n para que le d\u00e9 la mayor celeridad al esclarecimiento de atroz crimen contra la menor de edad<\/p>\n","protected":false},"excerpt":{"rendered":"<p>La Procuradur\u00eda General de la Naci\u00f3n rechaza de manera enf\u00e1tica el vil asesinato de una menor de cuatro a\u00f1os de edad en la vereda Villa Esperanza del centro poblado San Miguel, municipio de La Plata, Huila, por parte de las disidencias de las FARC. Este atroz delito sin duda alguna se puede catalogar como un [&hellip;]<\/p>\n","protected":false},"author":2,"featured_media":0,"comment_status":"open","ping_status":"open","sticky":false,"template":"","format":"standard","meta":{"footnotes":""},"categories":[36,29],"tags":[],"class_list":["post-57285","post","type-post","status-publish","format-standard","hentry","category-destacado","category-judicial"],"yoast_head":"<!-- This site is optimized with the Yoast SEO plugin v26.6 - https:\/\/yoast.com\/wordpress\/plugins\/seo\/ -->\n<title>Procuradur\u00eda rechaza crimen de ni\u00f1a en Huila y pide celeridad en la investigaci\u00f3n -<\/title>\n<meta name=\"robots\" content=\"index, follow, max-snippet:-1, max-image-preview:large, max-video-preview:-1\" \/>\n<link rel=\"canonical\" href=\"https:\/\/luchonoticias.com\/editor\/procuraduria-rechaza-crimen-de-nina-en-huila-y-pide-celeridad-en-la-investigacion\/\" \/>\n<meta property=\"og:locale\" content=\"es_ES\" \/>\n<meta property=\"og:type\" content=\"article\" \/>\n<meta property=\"og:title\" content=\"Procuradur\u00eda rechaza crimen de ni\u00f1a en Huila y pide celeridad en la investigaci\u00f3n -\" \/>\n<meta property=\"og:url\" content=\"https:\/\/luchonoticias.com\/editor\/procuraduria-rechaza-crimen-de-nina-en-huila-y-pide-celeridad-en-la-investigacion\/\" \/>\n<meta property=\"article:publisher\" content=\"https:\/\/www.facebook.com\/luchonoticiasneiva\" \/>\n<meta property=\"article:published_time\" content=\"2023-07-29T09:53:00+00:00\" \/>\n<meta property=\"article:modified_time\" content=\"2023-07-29T09:53:06+00:00\" \/>\n<meta name=\"author\" content=\"Editor General\" \/>\n<meta name=\"twitter:card\" content=\"summary_large_image\" \/>\n<meta name=\"twitter:label1\" content=\"Escrito por\" \/>\n\t<meta name=\"twitter:data1\" content=\"Editor General\" \/>\n\t<meta name=\"twitter:label2\" content=\"Tiempo de lectura\" \/>\n\t<meta name=\"twitter:data2\" content=\"1 minuto\" \/>\n<script type=\"application\/ld+json\" class=\"yoast-schema-graph\">{\"@context\":\"https:\/\/schema.org\",\"@graph\":[{\"@type\":\"Article\",\"@id\":\"https:\/\/luchonoticias.com\/editor\/procuraduria-rechaza-crimen-de-nina-en-huila-y-pide-celeridad-en-la-investigacion\/#article\",\"isPartOf\":{\"@id\":\"https:\/\/luchonoticias.com\/editor\/procuraduria-rechaza-crimen-de-nina-en-huila-y-pide-celeridad-en-la-investigacion\/\"},\"author\":{\"name\":\"Editor General\",\"@id\":\"https:\/\/luchonoticias.com\/editor\/#\/schema\/person\/29217990ddf6f14e35912b2866d591fb\"},\"headline\":\"Procuradur\u00eda rechaza crimen de ni\u00f1a en Huila y pide celeridad en la investigaci\u00f3n\",\"datePublished\":\"2023-07-29T09:53:00+00:00\",\"dateModified\":\"2023-07-29T09:53:06+00:00\",\"mainEntityOfPage\":{\"@id\":\"https:\/\/luchonoticias.com\/editor\/procuraduria-rechaza-crimen-de-nina-en-huila-y-pide-celeridad-en-la-investigacion\/\"},\"wordCount\":274,\"commentCount\":0,\"publisher\":{\"@id\":\"https:\/\/luchonoticias.com\/editor\/#\/schema\/person\/7a7fd911f58561fd056dbac7b55af9cd\"},\"articleSection\":[\"Destacado\",\"Judicial\"],\"inLanguage\":\"es\",\"potentialAction\":[{\"@type\":\"CommentAction\",\"name\":\"Comment\",\"target\":[\"https:\/\/luchonoticias.com\/editor\/procuraduria-rechaza-crimen-de-nina-en-huila-y-pide-celeridad-en-la-investigacion\/#respond\"]}]},{\"@type\":\"WebPage\",\"@id\":\"https:\/\/luchonoticias.com\/editor\/procuraduria-rechaza-crimen-de-nina-en-huila-y-pide-celeridad-en-la-investigacion\/\",\"url\":\"https:\/\/luchonoticias.com\/editor\/procuraduria-rechaza-crimen-de-nina-en-huila-y-pide-celeridad-en-la-investigacion\/\",\"name\":\"Procuradur\u00eda rechaza crimen de ni\u00f1a en Huila y pide celeridad en la investigaci\u00f3n -\",\"isPartOf\":{\"@id\":\"https:\/\/luchonoticias.com\/editor\/#website\"},\"datePublished\":\"2023-07-29T09:53:00+00:00\",\"dateModified\":\"2023-07-29T09:53:06+00:00\",\"breadcrumb\":{\"@id\":\"https:\/\/luchonoticias.com\/editor\/procuraduria-rechaza-crimen-de-nina-en-huila-y-pide-celeridad-en-la-investigacion\/#breadcrumb\"},\"inLanguage\":\"es\",\"potentialAction\":[{\"@type\":\"ReadAction\",\"target\":[\"https:\/\/luchonoticias.com\/editor\/procuraduria-rechaza-crimen-de-nina-en-huila-y-pide-celeridad-en-la-investigacion\/\"]}]},{\"@type\":\"BreadcrumbList\",\"@id\":\"https:\/\/luchonoticias.com\/editor\/procuraduria-rechaza-crimen-de-nina-en-huila-y-pide-celeridad-en-la-investigacion\/#breadcrumb\",\"itemListElement\":[{\"@type\":\"ListItem\",\"position\":1,\"name\":\"Portada\",\"item\":\"https:\/\/luchonoticias.com\/editor\/\"},{\"@type\":\"ListItem\",\"position\":2,\"name\":\"Procuradur\u00eda rechaza crimen de ni\u00f1a en Huila y pide celeridad en la investigaci\u00f3n\"}]},{\"@type\":\"WebSite\",\"@id\":\"https:\/\/luchonoticias.com\/editor\/#website\",\"url\":\"https:\/\/luchonoticias.com\/editor\/\",\"name\":\"\",\"description\":\"\",\"publisher\":{\"@id\":\"https:\/\/luchonoticias.com\/editor\/#\/schema\/person\/7a7fd911f58561fd056dbac7b55af9cd\"},\"potentialAction\":[{\"@type\":\"SearchAction\",\"target\":{\"@type\":\"EntryPoint\",\"urlTemplate\":\"https:\/\/luchonoticias.com\/editor\/?s={search_term_string}\"},\"query-input\":{\"@type\":\"PropertyValueSpecification\",\"valueRequired\":true,\"valueName\":\"search_term_string\"}}],\"inLanguage\":\"es\"},{\"@type\":[\"Person\",\"Organization\"],\"@id\":\"https:\/\/luchonoticias.com\/editor\/#\/schema\/person\/7a7fd911f58561fd056dbac7b55af9cd\",\"name\":\"admin\",\"image\":{\"@type\":\"ImageObject\",\"inLanguage\":\"es\",\"@id\":\"https:\/\/luchonoticias.com\/editor\/#\/schema\/person\/image\/\",\"url\":\"https:\/\/luchonoticias.com\/editor\/wp-content\/uploads\/2024\/02\/cropped-cropped-logolu.webp\",\"contentUrl\":\"https:\/\/luchonoticias.com\/editor\/wp-content\/uploads\/2024\/02\/cropped-cropped-logolu.webp\",\"width\":382,\"height\":170,\"caption\":\"admin\"},\"logo\":{\"@id\":\"https:\/\/luchonoticias.com\/editor\/#\/schema\/person\/image\/\"},\"sameAs\":[\"https:\/\/www.facebook.com\/luchonoticiasneiva\"]},{\"@type\":\"Person\",\"@id\":\"https:\/\/luchonoticias.com\/editor\/#\/schema\/person\/29217990ddf6f14e35912b2866d591fb\",\"name\":\"Editor General\",\"image\":{\"@type\":\"ImageObject\",\"inLanguage\":\"es\",\"@id\":\"https:\/\/luchonoticias.com\/editor\/#\/schema\/person\/image\/\",\"url\":\"https:\/\/luchonoticias.com\/editor\/wp-content\/uploads\/2024\/02\/cropped-cropped-logolu-150x150.webp\",\"contentUrl\":\"https:\/\/luchonoticias.com\/editor\/wp-content\/uploads\/2024\/02\/cropped-cropped-logolu-150x150.webp\",\"caption\":\"Editor General\"},\"sameAs\":[\"https:\/\/luchonoticias.com\/\"],\"url\":\"https:\/\/luchonoticias.com\/editor\/author\/editor-general\/\"}]}<\/script>\n<!-- \/ Yoast SEO plugin. -->","yoast_head_json":{"title":"Procuradur\u00eda rechaza crimen de ni\u00f1a en Huila y pide celeridad en la investigaci\u00f3n -","robots":{"index":"index","follow":"follow","max-snippet":"max-snippet:-1","max-image-preview":"max-image-preview:large","max-video-preview":"max-video-preview:-1"},"canonical":"https:\/\/luchonoticias.com\/editor\/procuraduria-rechaza-crimen-de-nina-en-huila-y-pide-celeridad-en-la-investigacion\/","og_locale":"es_ES","og_type":"article","og_title":"Procuradur\u00eda rechaza crimen de ni\u00f1a en Huila y pide celeridad en la investigaci\u00f3n -","og_url":"https:\/\/luchonoticias.com\/editor\/procuraduria-rechaza-crimen-de-nina-en-huila-y-pide-celeridad-en-la-investigacion\/","article_publisher":"https:\/\/www.facebook.com\/luchonoticiasneiva","article_published_time":"2023-07-29T09:53:00+00:00","article_modified_time":"2023-07-29T09:53:06+00:00","author":"Editor General","twitter_card":"summary_large_image","twitter_misc":{"Escrito por":"Editor General","Tiempo de lectura":"1 minuto"},"schema":{"@context":"https:\/\/schema.org","@graph":[{"@type":"Article","@id":"https:\/\/luchonoticias.com\/editor\/procuraduria-rechaza-crimen-de-nina-en-huila-y-pide-celeridad-en-la-investigacion\/#article","isPartOf":{"@id":"https:\/\/luchonoticias.com\/editor\/procuraduria-rechaza-crimen-de-nina-en-huila-y-pide-celeridad-en-la-investigacion\/"},"author":{"name":"Editor General","@id":"https:\/\/luchonoticias.com\/editor\/#\/schema\/person\/29217990ddf6f14e35912b2866d591fb"},"headline":"Procuradur\u00eda rechaza crimen de ni\u00f1a en Huila y pide celeridad en la investigaci\u00f3n","datePublished":"2023-07-29T09:53:00+00:00","dateModified":"2023-07-29T09:53:06+00:00","mainEntityOfPage":{"@id":"https:\/\/luchonoticias.com\/editor\/procuraduria-rechaza-crimen-de-nina-en-huila-y-pide-celeridad-en-la-investigacion\/"},"wordCount":274,"commentCount":0,"publisher":{"@id":"https:\/\/luchonoticias.com\/editor\/#\/schema\/person\/7a7fd911f58561fd056dbac7b55af9cd"},"articleSection":["Destacado","Judicial"],"inLanguage":"es","potentialAction":[{"@type":"CommentAction","name":"Comment","target":["https:\/\/luchonoticias.com\/editor\/procuraduria-rechaza-crimen-de-nina-en-huila-y-pide-celeridad-en-la-investigacion\/#respond"]}]},{"@type":"WebPage","@id":"https:\/\/luchonoticias.com\/editor\/procuraduria-rechaza-crimen-de-nina-en-huila-y-pide-celeridad-en-la-investigacion\/","url":"https:\/\/luchonoticias.com\/editor\/procuraduria-rechaza-crimen-de-nina-en-huila-y-pide-celeridad-en-la-investigacion\/","name":"Procuradur\u00eda rechaza crimen de ni\u00f1a en Huila y pide celeridad en la investigaci\u00f3n -","isPartOf":{"@id":"https:\/\/luchonoticias.com\/editor\/#website"},"datePublished":"2023-07-29T09:53:00+00:00","dateModified":"2023-07-29T09:53:06+00:00","breadcrumb":{"@id":"https:\/\/luchonoticias.com\/editor\/procuraduria-rechaza-crimen-de-nina-en-huila-y-pide-celeridad-en-la-investigacion\/#breadcrumb"},"inLanguage":"es","potentialAction":[{"@type":"ReadAction","target":["https:\/\/luchonoticias.com\/editor\/procuraduria-rechaza-crimen-de-nina-en-huila-y-pide-celeridad-en-la-investigacion\/"]}]},{"@type":"BreadcrumbList","@id":"https:\/\/luchonoticias.com\/editor\/procuraduria-rechaza-crimen-de-nina-en-huila-y-pide-celeridad-en-la-investigacion\/#breadcrumb","itemListElement":[{"@type":"ListItem","position":1,"name":"Portada","item":"https:\/\/luchonoticias.com\/editor\/"},{"@type":"ListItem","position":2,"name":"Procuradur\u00eda rechaza crimen de ni\u00f1a en Huila y pide celeridad en la investigaci\u00f3n"}]},{"@type":"WebSite","@id":"https:\/\/luchonoticias.com\/editor\/#website","url":"https:\/\/luchonoticias.com\/editor\/","name":"","description":"","publisher":{"@id":"https:\/\/luchonoticias.com\/editor\/#\/schema\/person\/7a7fd911f58561fd056dbac7b55af9cd"},"potentialAction":[{"@type":"SearchAction","target":{"@type":"EntryPoint","urlTemplate":"https:\/\/luchonoticias.com\/editor\/?s={search_term_string}"},"query-input":{"@type":"PropertyValueSpecification","valueRequired":true,"valueName":"search_term_string"}}],"inLanguage":"es"},{"@type":["Person","Organization"],"@id":"https:\/\/luchonoticias.com\/editor\/#\/schema\/person\/7a7fd911f58561fd056dbac7b55af9cd","name":"admin","image":{"@type":"ImageObject","inLanguage":"es","@id":"https:\/\/luchonoticias.com\/editor\/#\/schema\/person\/image\/","url":"https:\/\/luchonoticias.com\/editor\/wp-content\/uploads\/2024\/02\/cropped-cropped-logolu.webp","contentUrl":"https:\/\/luchonoticias.com\/editor\/wp-content\/uploads\/2024\/02\/cropped-cropped-logolu.webp","width":382,"height":170,"caption":"admin"},"logo":{"@id":"https:\/\/luchonoticias.com\/editor\/#\/schema\/person\/image\/"},"sameAs":["https:\/\/www.facebook.com\/luchonoticiasneiva"]},{"@type":"Person","@id":"https:\/\/luchonoticias.com\/editor\/#\/schema\/person\/29217990ddf6f14e35912b2866d591fb","name":"Editor General","image":{"@type":"ImageObject","inLanguage":"es","@id":"https:\/\/luchonoticias.com\/editor\/#\/schema\/person\/image\/","url":"https:\/\/luchonoticias.com\/editor\/wp-content\/uploads\/2024\/02\/cropped-cropped-logolu-150x150.webp","contentUrl":"https:\/\/luchonoticias.com\/editor\/wp-content\/uploads\/2024\/02\/cropped-cropped-logolu-150x150.webp","caption":"Editor General"},"sameAs":["https:\/\/luchonoticias.com\/"],"url":"https:\/\/luchonoticias.com\/editor\/author\/editor-general\/"}]}},"_links":{"self":[{"href":"https:\/\/luchonoticias.com\/editor\/wp-json\/wp\/v2\/posts\/57285","targetHints":{"allow":["GET"]}}],"collection":[{"href":"https:\/\/luchonoticias.com\/editor\/wp-json\/wp\/v2\/posts"}],"about":[{"href":"https:\/\/luchonoticias.com\/editor\/wp-json\/wp\/v2\/types\/post"}],"author":[{"embeddable":true,"href":"https:\/\/luchonoticias.com\/editor\/wp-json\/wp\/v2\/users\/2"}],"replies":[{"embeddable":true,"href":"https:\/\/luchonoticias.com\/editor\/wp-json\/wp\/v2\/comments?post=57285"}],"version-history":[{"count":0,"href":"https:\/\/luchonoticias.com\/editor\/wp-json\/wp\/v2\/posts\/57285\/revisions"}],"wp:attachment":[{"href":"https:\/\/luchonoticias.com\/editor\/wp-json\/wp\/v2\/media?parent=57285"}],"wp:term":[{"taxonomy":"category","embeddable":true,"href":"https:\/\/luchonoticias.com\/editor\/wp-json\/wp\/v2\/categories?post=57285"},{"taxonomy":"post_tag","embeddable":true,"href":"https:\/\/luchonoticias.com\/editor\/wp-json\/wp\/v2\/tags?post=57285"}],"curies":[{"name":"wp","href":"https:\/\/api.w.org\/{rel}","templated":true}]}}