{"id":57326,"date":"2023-07-30T06:41:10","date_gmt":"2023-07-30T11:41:10","guid":{"rendered":"https:\/\/luchonoticias.com\/?p=57326"},"modified":"2023-07-30T06:41:11","modified_gmt":"2023-07-30T11:41:11","slug":"colombia-da-la-sorpresa-y-derrota-a-alemania","status":"publish","type":"post","link":"https:\/\/luchonoticias.com\/editor\/colombia-da-la-sorpresa-y-derrota-a-alemania\/","title":{"rendered":"Colombia da la sorpresa y derrota a Alemania"},"content":{"rendered":"\n<p>La Selecci\u00f3n\u00a0<strong>Colombia super\u00f3 1:2 a Alemania<\/strong>\u00a0en lo que fue su segunda presentaci\u00f3n en la fase de grupos del\u00a0<strong>mundial femenino.\u00a0<\/strong><\/p>\n\n\n\n<p>Las dirigidas por Nelson Abad\u00eda (que tambi\u00e9n estuvo en el banquillo)\u00a0<strong>supieron hacerle frente a las europeas<\/strong>\u00a0quienes terminaron desconectadas ante una Colombia aplicada y que con una buena defensa y desconectando las sociedades del equipo teut\u00f3n.<\/p>\n\n\n\n<p>En lo que fue la primera parte&nbsp;<strong>el onceno nacional femenil opt\u00f3 por un juego m\u00e1s directo<\/strong>, siendo fuerte por las bandas, de hecho a los nueve minutos tienen su primer incursi\u00f3n en el \u00e1rea contraria mediante remate desviado de Mayra Ram\u00edrez.<\/p>\n\n\n\n<p>Con el paso del tiempo&nbsp;<strong>las teutonas impusieron su jerarqu\u00eda&nbsp;<\/strong>y levemente generan superioridad en el partido no obstante Colombia mediante su defensa logra contrarrestar las acciones europeas.<\/p>\n\n\n\n<p>En lo que respecta a acciones,\u00a0<strong>las alemanas tuvieron a los 20 minutos una ocasi\u00f3n clara<\/strong>\u00a0aprovechando un mal rechace de Lina Magull y a los 42 mediante su capitana, Alexandra Popp; a\u00fan as\u00ed\u00a0<strong>el marcador en la primera mitad no se movi\u00f3.<\/strong><\/p>\n\n\n\n<h5 class=\"wp-block-heading\">Otro golazo de Caicedo<\/h5>\n\n\n\n<p>En lo que fue la segunda parte, concretamente al minuto 52\u00a0<strong>Colombia peg\u00f3 primero con Linda Caicedo\u00a0<\/strong>quien recibi\u00f3 un rebote al lanzamiento de un tiro libre y\u00a0<strong>evadiendo dos rivales anot\u00f3 el primero.<\/strong><\/p>\n\n\n\n<p>Tras la anotaci\u00f3n&nbsp;<strong>Colombia tom\u00f3 m\u00e1s confianza&nbsp;<\/strong>de cara a los minutos posteriores mientras que&nbsp;<strong>las alemanas se mostraron m\u00e1s inseguras e intranquilas<\/strong>, en consecuencia les cost\u00f3 volver al partido.<\/p>\n\n\n\n<h5 class=\"wp-block-heading\">Reaccionan las alemanas\u2026pero Colombia gana<\/h5>\n\n\n\n<p>A partir del minuto 70&nbsp;<strong>el conjunto alem\u00e1n a punta de empuje se mantuvo con vida<\/strong>&nbsp;en el partido y a punta de jugadas a bal\u00f3n parado intent\u00f3 buscar en vano el empate, ante Colombia estuvo cerca del segundo al minuto 84 con una incursi\u00f3n de Mayra Ram\u00edrez que desaprovech\u00f3 Linda Caicedo con la porter\u00eda rival descubierta.<\/p>\n\n\n\n<p>Sobre el final (minuto 87 para ser m\u00e1s exactos) la insistencia alemana le signific\u00f3 un tiro penal provocado por la portera Catalina P\u00e9rez y&nbsp;<strong>Alexandra Popp&nbsp;<\/strong>(verdugo de Colombia en el mundial sub \u2013 20 de 2010)&nbsp;<strong>puso el gol del empate<\/strong>.<\/p>\n\n\n\n<p>Ya en tiempo a\u00f1adido, concretamente en la \u00faltima jugada del partido,&nbsp;<strong>Manuela Vanegas<\/strong>&nbsp;conect\u00f3 un lanzamiento de tiro de esquina y le dio&nbsp;<strong>el segundo gol m\u00e1s los tres puntos&nbsp;<\/strong>al onceno femenil nacional adem\u00e1s de darle la&nbsp;<strong>clasificaci\u00f3n anticipada de Colombia a la siguiente fase<\/strong>&nbsp;del campeonato orbital.<\/p>\n\n\n\n<p>\u00a0<\/p>\n","protected":false},"excerpt":{"rendered":"<p>La Selecci\u00f3n\u00a0Colombia super\u00f3 1:2 a Alemania\u00a0en lo que fue su segunda presentaci\u00f3n en la fase de grupos del\u00a0mundial femenino.\u00a0 Las dirigidas por Nelson Abad\u00eda (que tambi\u00e9n estuvo en el banquillo)\u00a0supieron hacerle frente a las europeas\u00a0quienes terminaron desconectadas ante una Colombia aplicada y que con una buena defensa y desconectando las sociedades del equipo teut\u00f3n. En [&hellip;]<\/p>\n","protected":false},"author":2,"featured_media":0,"comment_status":"open","ping_status":"open","sticky":false,"template":"","format":"standard","meta":{"footnotes":""},"categories":[34],"tags":[],"class_list":["post-57326","post","type-post","status-publish","format-standard","hentry","category-deportes"],"yoast_head":"<!-- This site is optimized with the Yoast SEO plugin v26.6 - https:\/\/yoast.com\/wordpress\/plugins\/seo\/ -->\n<title>Colombia da la sorpresa y derrota a Alemania -<\/title>\n<meta name=\"robots\" content=\"index, follow, max-snippet:-1, max-image-preview:large, max-video-preview:-1\" \/>\n<link rel=\"canonical\" href=\"https:\/\/luchonoticias.com\/editor\/colombia-da-la-sorpresa-y-derrota-a-alemania\/\" \/>\n<meta property=\"og:locale\" content=\"es_ES\" \/>\n<meta property=\"og:type\" content=\"article\" \/>\n<meta property=\"og:title\" content=\"Colombia da la sorpresa y derrota a Alemania -\" \/>\n<meta property=\"og:url\" content=\"https:\/\/luchonoticias.com\/editor\/colombia-da-la-sorpresa-y-derrota-a-alemania\/\" \/>\n<meta property=\"article:publisher\" content=\"https:\/\/www.facebook.com\/luchonoticiasneiva\" \/>\n<meta property=\"article:published_time\" content=\"2023-07-30T11:41:10+00:00\" \/>\n<meta property=\"article:modified_time\" content=\"2023-07-30T11:41:11+00:00\" \/>\n<meta name=\"author\" content=\"Editor General\" \/>\n<meta name=\"twitter:card\" content=\"summary_large_image\" \/>\n<meta name=\"twitter:label1\" content=\"Escrito por\" \/>\n\t<meta name=\"twitter:data1\" content=\"Editor General\" \/>\n\t<meta name=\"twitter:label2\" content=\"Tiempo de lectura\" \/>\n\t<meta name=\"twitter:data2\" content=\"2 minutos\" \/>\n<script type=\"application\/ld+json\" class=\"yoast-schema-graph\">{\"@context\":\"https:\/\/schema.org\",\"@graph\":[{\"@type\":\"Article\",\"@id\":\"https:\/\/luchonoticias.com\/editor\/colombia-da-la-sorpresa-y-derrota-a-alemania\/#article\",\"isPartOf\":{\"@id\":\"https:\/\/luchonoticias.com\/editor\/colombia-da-la-sorpresa-y-derrota-a-alemania\/\"},\"author\":{\"name\":\"Editor General\",\"@id\":\"https:\/\/luchonoticias.com\/editor\/#\/schema\/person\/29217990ddf6f14e35912b2866d591fb\"},\"headline\":\"Colombia da la sorpresa y derrota a Alemania\",\"datePublished\":\"2023-07-30T11:41:10+00:00\",\"dateModified\":\"2023-07-30T11:41:11+00:00\",\"mainEntityOfPage\":{\"@id\":\"https:\/\/luchonoticias.com\/editor\/colombia-da-la-sorpresa-y-derrota-a-alemania\/\"},\"wordCount\":434,\"commentCount\":0,\"publisher\":{\"@id\":\"https:\/\/luchonoticias.com\/editor\/#\/schema\/person\/7a7fd911f58561fd056dbac7b55af9cd\"},\"articleSection\":[\"Deportes\"],\"inLanguage\":\"es\",\"potentialAction\":[{\"@type\":\"CommentAction\",\"name\":\"Comment\",\"target\":[\"https:\/\/luchonoticias.com\/editor\/colombia-da-la-sorpresa-y-derrota-a-alemania\/#respond\"]}]},{\"@type\":\"WebPage\",\"@id\":\"https:\/\/luchonoticias.com\/editor\/colombia-da-la-sorpresa-y-derrota-a-alemania\/\",\"url\":\"https:\/\/luchonoticias.com\/editor\/colombia-da-la-sorpresa-y-derrota-a-alemania\/\",\"name\":\"Colombia da la sorpresa y derrota a Alemania -\",\"isPartOf\":{\"@id\":\"https:\/\/luchonoticias.com\/editor\/#website\"},\"datePublished\":\"2023-07-30T11:41:10+00:00\",\"dateModified\":\"2023-07-30T11:41:11+00:00\",\"breadcrumb\":{\"@id\":\"https:\/\/luchonoticias.com\/editor\/colombia-da-la-sorpresa-y-derrota-a-alemania\/#breadcrumb\"},\"inLanguage\":\"es\",\"potentialAction\":[{\"@type\":\"ReadAction\",\"target\":[\"https:\/\/luchonoticias.com\/editor\/colombia-da-la-sorpresa-y-derrota-a-alemania\/\"]}]},{\"@type\":\"BreadcrumbList\",\"@id\":\"https:\/\/luchonoticias.com\/editor\/colombia-da-la-sorpresa-y-derrota-a-alemania\/#breadcrumb\",\"itemListElement\":[{\"@type\":\"ListItem\",\"position\":1,\"name\":\"Portada\",\"item\":\"https:\/\/luchonoticias.com\/editor\/\"},{\"@type\":\"ListItem\",\"position\":2,\"name\":\"Colombia da la sorpresa y derrota a Alemania\"}]},{\"@type\":\"WebSite\",\"@id\":\"https:\/\/luchonoticias.com\/editor\/#website\",\"url\":\"https:\/\/luchonoticias.com\/editor\/\",\"name\":\"\",\"description\":\"\",\"publisher\":{\"@id\":\"https:\/\/luchonoticias.com\/editor\/#\/schema\/person\/7a7fd911f58561fd056dbac7b55af9cd\"},\"potentialAction\":[{\"@type\":\"SearchAction\",\"target\":{\"@type\":\"EntryPoint\",\"urlTemplate\":\"https:\/\/luchonoticias.com\/editor\/?s={search_term_string}\"},\"query-input\":{\"@type\":\"PropertyValueSpecification\",\"valueRequired\":true,\"valueName\":\"search_term_string\"}}],\"inLanguage\":\"es\"},{\"@type\":[\"Person\",\"Organization\"],\"@id\":\"https:\/\/luchonoticias.com\/editor\/#\/schema\/person\/7a7fd911f58561fd056dbac7b55af9cd\",\"name\":\"admin\",\"image\":{\"@type\":\"ImageObject\",\"inLanguage\":\"es\",\"@id\":\"https:\/\/luchonoticias.com\/editor\/#\/schema\/person\/image\/\",\"url\":\"https:\/\/luchonoticias.com\/editor\/wp-content\/uploads\/2024\/02\/cropped-cropped-logolu.webp\",\"contentUrl\":\"https:\/\/luchonoticias.com\/editor\/wp-content\/uploads\/2024\/02\/cropped-cropped-logolu.webp\",\"width\":382,\"height\":170,\"caption\":\"admin\"},\"logo\":{\"@id\":\"https:\/\/luchonoticias.com\/editor\/#\/schema\/person\/image\/\"},\"sameAs\":[\"https:\/\/www.facebook.com\/luchonoticiasneiva\"]},{\"@type\":\"Person\",\"@id\":\"https:\/\/luchonoticias.com\/editor\/#\/schema\/person\/29217990ddf6f14e35912b2866d591fb\",\"name\":\"Editor General\",\"image\":{\"@type\":\"ImageObject\",\"inLanguage\":\"es\",\"@id\":\"https:\/\/luchonoticias.com\/editor\/#\/schema\/person\/image\/\",\"url\":\"https:\/\/luchonoticias.com\/editor\/wp-content\/uploads\/2024\/02\/cropped-cropped-logolu-150x150.webp\",\"contentUrl\":\"https:\/\/luchonoticias.com\/editor\/wp-content\/uploads\/2024\/02\/cropped-cropped-logolu-150x150.webp\",\"caption\":\"Editor General\"},\"sameAs\":[\"https:\/\/luchonoticias.com\/\"],\"url\":\"https:\/\/luchonoticias.com\/editor\/author\/editor-general\/\"}]}<\/script>\n<!-- \/ Yoast SEO plugin. -->","yoast_head_json":{"title":"Colombia da la sorpresa y derrota a Alemania -","robots":{"index":"index","follow":"follow","max-snippet":"max-snippet:-1","max-image-preview":"max-image-preview:large","max-video-preview":"max-video-preview:-1"},"canonical":"https:\/\/luchonoticias.com\/editor\/colombia-da-la-sorpresa-y-derrota-a-alemania\/","og_locale":"es_ES","og_type":"article","og_title":"Colombia da la sorpresa y derrota a Alemania -","og_url":"https:\/\/luchonoticias.com\/editor\/colombia-da-la-sorpresa-y-derrota-a-alemania\/","article_publisher":"https:\/\/www.facebook.com\/luchonoticiasneiva","article_published_time":"2023-07-30T11:41:10+00:00","article_modified_time":"2023-07-30T11:41:11+00:00","author":"Editor General","twitter_card":"summary_large_image","twitter_misc":{"Escrito por":"Editor General","Tiempo de lectura":"2 minutos"},"schema":{"@context":"https:\/\/schema.org","@graph":[{"@type":"Article","@id":"https:\/\/luchonoticias.com\/editor\/colombia-da-la-sorpresa-y-derrota-a-alemania\/#article","isPartOf":{"@id":"https:\/\/luchonoticias.com\/editor\/colombia-da-la-sorpresa-y-derrota-a-alemania\/"},"author":{"name":"Editor General","@id":"https:\/\/luchonoticias.com\/editor\/#\/schema\/person\/29217990ddf6f14e35912b2866d591fb"},"headline":"Colombia da la sorpresa y derrota a Alemania","datePublished":"2023-07-30T11:41:10+00:00","dateModified":"2023-07-30T11:41:11+00:00","mainEntityOfPage":{"@id":"https:\/\/luchonoticias.com\/editor\/colombia-da-la-sorpresa-y-derrota-a-alemania\/"},"wordCount":434,"commentCount":0,"publisher":{"@id":"https:\/\/luchonoticias.com\/editor\/#\/schema\/person\/7a7fd911f58561fd056dbac7b55af9cd"},"articleSection":["Deportes"],"inLanguage":"es","potentialAction":[{"@type":"CommentAction","name":"Comment","target":["https:\/\/luchonoticias.com\/editor\/colombia-da-la-sorpresa-y-derrota-a-alemania\/#respond"]}]},{"@type":"WebPage","@id":"https:\/\/luchonoticias.com\/editor\/colombia-da-la-sorpresa-y-derrota-a-alemania\/","url":"https:\/\/luchonoticias.com\/editor\/colombia-da-la-sorpresa-y-derrota-a-alemania\/","name":"Colombia da la sorpresa y derrota a Alemania -","isPartOf":{"@id":"https:\/\/luchonoticias.com\/editor\/#website"},"datePublished":"2023-07-30T11:41:10+00:00","dateModified":"2023-07-30T11:41:11+00:00","breadcrumb":{"@id":"https:\/\/luchonoticias.com\/editor\/colombia-da-la-sorpresa-y-derrota-a-alemania\/#breadcrumb"},"inLanguage":"es","potentialAction":[{"@type":"ReadAction","target":["https:\/\/luchonoticias.com\/editor\/colombia-da-la-sorpresa-y-derrota-a-alemania\/"]}]},{"@type":"BreadcrumbList","@id":"https:\/\/luchonoticias.com\/editor\/colombia-da-la-sorpresa-y-derrota-a-alemania\/#breadcrumb","itemListElement":[{"@type":"ListItem","position":1,"name":"Portada","item":"https:\/\/luchonoticias.com\/editor\/"},{"@type":"ListItem","position":2,"name":"Colombia da la sorpresa y derrota a Alemania"}]},{"@type":"WebSite","@id":"https:\/\/luchonoticias.com\/editor\/#website","url":"https:\/\/luchonoticias.com\/editor\/","name":"","description":"","publisher":{"@id":"https:\/\/luchonoticias.com\/editor\/#\/schema\/person\/7a7fd911f58561fd056dbac7b55af9cd"},"potentialAction":[{"@type":"SearchAction","target":{"@type":"EntryPoint","urlTemplate":"https:\/\/luchonoticias.com\/editor\/?s={search_term_string}"},"query-input":{"@type":"PropertyValueSpecification","valueRequired":true,"valueName":"search_term_string"}}],"inLanguage":"es"},{"@type":["Person","Organization"],"@id":"https:\/\/luchonoticias.com\/editor\/#\/schema\/person\/7a7fd911f58561fd056dbac7b55af9cd","name":"admin","image":{"@type":"ImageObject","inLanguage":"es","@id":"https:\/\/luchonoticias.com\/editor\/#\/schema\/person\/image\/","url":"https:\/\/luchonoticias.com\/editor\/wp-content\/uploads\/2024\/02\/cropped-cropped-logolu.webp","contentUrl":"https:\/\/luchonoticias.com\/editor\/wp-content\/uploads\/2024\/02\/cropped-cropped-logolu.webp","width":382,"height":170,"caption":"admin"},"logo":{"@id":"https:\/\/luchonoticias.com\/editor\/#\/schema\/person\/image\/"},"sameAs":["https:\/\/www.facebook.com\/luchonoticiasneiva"]},{"@type":"Person","@id":"https:\/\/luchonoticias.com\/editor\/#\/schema\/person\/29217990ddf6f14e35912b2866d591fb","name":"Editor General","image":{"@type":"ImageObject","inLanguage":"es","@id":"https:\/\/luchonoticias.com\/editor\/#\/schema\/person\/image\/","url":"https:\/\/luchonoticias.com\/editor\/wp-content\/uploads\/2024\/02\/cropped-cropped-logolu-150x150.webp","contentUrl":"https:\/\/luchonoticias.com\/editor\/wp-content\/uploads\/2024\/02\/cropped-cropped-logolu-150x150.webp","caption":"Editor General"},"sameAs":["https:\/\/luchonoticias.com\/"],"url":"https:\/\/luchonoticias.com\/editor\/author\/editor-general\/"}]}},"_links":{"self":[{"href":"https:\/\/luchonoticias.com\/editor\/wp-json\/wp\/v2\/posts\/57326","targetHints":{"allow":["GET"]}}],"collection":[{"href":"https:\/\/luchonoticias.com\/editor\/wp-json\/wp\/v2\/posts"}],"about":[{"href":"https:\/\/luchonoticias.com\/editor\/wp-json\/wp\/v2\/types\/post"}],"author":[{"embeddable":true,"href":"https:\/\/luchonoticias.com\/editor\/wp-json\/wp\/v2\/users\/2"}],"replies":[{"embeddable":true,"href":"https:\/\/luchonoticias.com\/editor\/wp-json\/wp\/v2\/comments?post=57326"}],"version-history":[{"count":0,"href":"https:\/\/luchonoticias.com\/editor\/wp-json\/wp\/v2\/posts\/57326\/revisions"}],"wp:attachment":[{"href":"https:\/\/luchonoticias.com\/editor\/wp-json\/wp\/v2\/media?parent=57326"}],"wp:term":[{"taxonomy":"category","embeddable":true,"href":"https:\/\/luchonoticias.com\/editor\/wp-json\/wp\/v2\/categories?post=57326"},{"taxonomy":"post_tag","embeddable":true,"href":"https:\/\/luchonoticias.com\/editor\/wp-json\/wp\/v2\/tags?post=57326"}],"curies":[{"name":"wp","href":"https:\/\/api.w.org\/{rel}","templated":true}]}}