{"id":57360,"date":"2023-07-30T10:07:22","date_gmt":"2023-07-30T15:07:22","guid":{"rendered":"https:\/\/luchonoticias.com\/?p=57360"},"modified":"2023-07-30T10:07:23","modified_gmt":"2023-07-30T15:07:23","slug":"seguimiento-a-proyecto-dirigido-al-sector-apicola","status":"publish","type":"post","link":"https:\/\/luchonoticias.com\/editor\/seguimiento-a-proyecto-dirigido-al-sector-apicola\/","title":{"rendered":"Seguimiento a proyecto dirigido al sector ap\u00edcola"},"content":{"rendered":"\n<p>Con la participaci\u00f3n de representantes de asociaciones de apicultores del Huila, la Asociaci\u00f3n Agroempresarial del Sur Occidente del Huila \u2013 ASOMSURCA, entre otros actores, se cumpli\u00f3 una reuni\u00f3n liderada por la Secretar\u00eda de Agricultura y Miner\u00eda del Departamento, con el prop\u00f3sito de hacerle<strong>&nbsp;seguimiento a la ejecuci\u00f3n de un proyecto<\/strong>&nbsp;financiado por la Gobernaci\u00f3n del Huila a favor de la apicultura huilense.<\/p>\n\n\n\n<p>Se trata del proyecto&nbsp;<strong>\u201cFortalecimiento de las capacidades productivas para el desarrollo de la actividad ap\u00edcola en el departamento del Huila\u201d,<\/strong>&nbsp;financiado con&nbsp;<strong>recursos por m\u00e1s de $1.270 millones,<\/strong>&nbsp;con el que ser\u00e1n benficiados un total de&nbsp;<strong>315 apicultores de 25 municipios<\/strong>&nbsp;(Colombia, Pitalito, Suaza, Acevedo, Palestina, Campoalegre, Aipe, San Agust\u00edn, Neiva, Yaguar\u00e1, Tello, Baraya, Hobo, Rivera, Santa Mar\u00eda, Teruel, N\u00e1taga, Gigante, Garz\u00f3n, Algeciras, Palermo, Timan\u00e1, Iquira, Tarqui y La Argentina), mediante la dotaci\u00f3n de equipos, insumos, y material biol\u00f3gico.<\/p>\n\n\n\n<p>Durante la mesa de trabajo,&nbsp;<strong>se despejaron dudas respecto a la entrega del material f\u00edsico,<\/strong>&nbsp;consistente en bases, piqueras, cajones, marcos, alzas, tapas, sobre-tapas, ahumadores, trajes de protecci\u00f3n, centr\u00edfugas, entre otros elementos, teniendo en cuenta algunos requerimientos elevados por los apicultores en torno a las medidas y dimensiones de algunos de estos elementos, as\u00ed como el tipo de materiales empleados en su elaboraci\u00f3n.<\/p>\n\n\n\n<h5 class=\"wp-block-heading\">Los compromisos<\/h5>\n\n\n\n<p>Al t\u00e9rmino de la reuni\u00f3n cumplida en Neiva,<strong>&nbsp;se logr\u00f3 concertar algunos compromisos&nbsp;<\/strong>para continuar con la entrega de los activos productivos, como lo explica el Secretario de Agricultura y Miner\u00eda, Dilberto Trujillo Duss\u00e1n.<\/p>\n\n\n\n<p>\u201cSe presentaron algunos inconvenientes con el material que se ven\u00eda entregando, lo que hab\u00eda generado inconformismo en los apicultores, por eso&nbsp;<strong>desarrollamos una mesa de trabajo<\/strong>&nbsp;donde hizo presencia el Centro Provincial ASOMSURCA como ejecutor del proyecto por m\u00e1s 1.000 millones de pesos, tambi\u00e9n particip\u00f3 el contratista, el encargado de la construcci\u00f3n de los equipos, y desde luego los apicultores, donde llegamos a un acuerdo; siguiendo las instrucciones de nuestro gobernador, quien siempre nos ha indicado que lo mejor para solucionar los problemas es el di\u00e1logo, y eso fue precisamente lo que hicimos,&nbsp;<strong>dialogar entre todos los actores del proyecto, encontrar puntos de acuerdo, y solucionar las diferencias que exist\u00edan<\/strong>\u201d, indic\u00f3 Trujillo.<\/p>\n","protected":false},"excerpt":{"rendered":"<p>Con la participaci\u00f3n de representantes de asociaciones de apicultores del Huila, la Asociaci\u00f3n Agroempresarial del Sur Occidente del Huila \u2013 ASOMSURCA, entre otros actores, se cumpli\u00f3 una reuni\u00f3n liderada por la Secretar\u00eda de Agricultura y Miner\u00eda del Departamento, con el prop\u00f3sito de hacerle&nbsp;seguimiento a la ejecuci\u00f3n de un proyecto&nbsp;financiado por la Gobernaci\u00f3n del Huila a [&hellip;]<\/p>\n","protected":false},"author":2,"featured_media":0,"comment_status":"open","ping_status":"open","sticky":false,"template":"","format":"standard","meta":{"footnotes":""},"categories":[33],"tags":[],"class_list":["post-57360","post","type-post","status-publish","format-standard","hentry","category-huila"],"yoast_head":"<!-- This site is optimized with the Yoast SEO plugin v26.6 - https:\/\/yoast.com\/wordpress\/plugins\/seo\/ -->\n<title>Seguimiento a proyecto dirigido al sector ap\u00edcola -<\/title>\n<meta name=\"robots\" content=\"index, follow, max-snippet:-1, max-image-preview:large, max-video-preview:-1\" \/>\n<link rel=\"canonical\" href=\"https:\/\/luchonoticias.com\/editor\/seguimiento-a-proyecto-dirigido-al-sector-apicola\/\" \/>\n<meta property=\"og:locale\" content=\"es_ES\" \/>\n<meta property=\"og:type\" content=\"article\" \/>\n<meta property=\"og:title\" content=\"Seguimiento a proyecto dirigido al sector ap\u00edcola -\" \/>\n<meta property=\"og:url\" content=\"https:\/\/luchonoticias.com\/editor\/seguimiento-a-proyecto-dirigido-al-sector-apicola\/\" \/>\n<meta property=\"article:publisher\" content=\"https:\/\/www.facebook.com\/luchonoticiasneiva\" \/>\n<meta property=\"article:published_time\" content=\"2023-07-30T15:07:22+00:00\" \/>\n<meta property=\"article:modified_time\" content=\"2023-07-30T15:07:23+00:00\" \/>\n<meta name=\"author\" content=\"Editor General\" \/>\n<meta name=\"twitter:card\" content=\"summary_large_image\" \/>\n<meta name=\"twitter:label1\" content=\"Escrito por\" \/>\n\t<meta name=\"twitter:data1\" content=\"Editor General\" \/>\n\t<meta name=\"twitter:label2\" content=\"Tiempo de lectura\" \/>\n\t<meta name=\"twitter:data2\" content=\"2 minutos\" \/>\n<script type=\"application\/ld+json\" class=\"yoast-schema-graph\">{\"@context\":\"https:\/\/schema.org\",\"@graph\":[{\"@type\":\"Article\",\"@id\":\"https:\/\/luchonoticias.com\/editor\/seguimiento-a-proyecto-dirigido-al-sector-apicola\/#article\",\"isPartOf\":{\"@id\":\"https:\/\/luchonoticias.com\/editor\/seguimiento-a-proyecto-dirigido-al-sector-apicola\/\"},\"author\":{\"name\":\"Editor General\",\"@id\":\"https:\/\/luchonoticias.com\/editor\/#\/schema\/person\/29217990ddf6f14e35912b2866d591fb\"},\"headline\":\"Seguimiento a proyecto dirigido al sector ap\u00edcola\",\"datePublished\":\"2023-07-30T15:07:22+00:00\",\"dateModified\":\"2023-07-30T15:07:23+00:00\",\"mainEntityOfPage\":{\"@id\":\"https:\/\/luchonoticias.com\/editor\/seguimiento-a-proyecto-dirigido-al-sector-apicola\/\"},\"wordCount\":403,\"commentCount\":0,\"publisher\":{\"@id\":\"https:\/\/luchonoticias.com\/editor\/#\/schema\/person\/7a7fd911f58561fd056dbac7b55af9cd\"},\"articleSection\":[\"Huila\"],\"inLanguage\":\"es\",\"potentialAction\":[{\"@type\":\"CommentAction\",\"name\":\"Comment\",\"target\":[\"https:\/\/luchonoticias.com\/editor\/seguimiento-a-proyecto-dirigido-al-sector-apicola\/#respond\"]}]},{\"@type\":\"WebPage\",\"@id\":\"https:\/\/luchonoticias.com\/editor\/seguimiento-a-proyecto-dirigido-al-sector-apicola\/\",\"url\":\"https:\/\/luchonoticias.com\/editor\/seguimiento-a-proyecto-dirigido-al-sector-apicola\/\",\"name\":\"Seguimiento a proyecto dirigido al sector ap\u00edcola -\",\"isPartOf\":{\"@id\":\"https:\/\/luchonoticias.com\/editor\/#website\"},\"datePublished\":\"2023-07-30T15:07:22+00:00\",\"dateModified\":\"2023-07-30T15:07:23+00:00\",\"breadcrumb\":{\"@id\":\"https:\/\/luchonoticias.com\/editor\/seguimiento-a-proyecto-dirigido-al-sector-apicola\/#breadcrumb\"},\"inLanguage\":\"es\",\"potentialAction\":[{\"@type\":\"ReadAction\",\"target\":[\"https:\/\/luchonoticias.com\/editor\/seguimiento-a-proyecto-dirigido-al-sector-apicola\/\"]}]},{\"@type\":\"BreadcrumbList\",\"@id\":\"https:\/\/luchonoticias.com\/editor\/seguimiento-a-proyecto-dirigido-al-sector-apicola\/#breadcrumb\",\"itemListElement\":[{\"@type\":\"ListItem\",\"position\":1,\"name\":\"Portada\",\"item\":\"https:\/\/luchonoticias.com\/editor\/\"},{\"@type\":\"ListItem\",\"position\":2,\"name\":\"Seguimiento a proyecto dirigido al sector ap\u00edcola\"}]},{\"@type\":\"WebSite\",\"@id\":\"https:\/\/luchonoticias.com\/editor\/#website\",\"url\":\"https:\/\/luchonoticias.com\/editor\/\",\"name\":\"\",\"description\":\"\",\"publisher\":{\"@id\":\"https:\/\/luchonoticias.com\/editor\/#\/schema\/person\/7a7fd911f58561fd056dbac7b55af9cd\"},\"potentialAction\":[{\"@type\":\"SearchAction\",\"target\":{\"@type\":\"EntryPoint\",\"urlTemplate\":\"https:\/\/luchonoticias.com\/editor\/?s={search_term_string}\"},\"query-input\":{\"@type\":\"PropertyValueSpecification\",\"valueRequired\":true,\"valueName\":\"search_term_string\"}}],\"inLanguage\":\"es\"},{\"@type\":[\"Person\",\"Organization\"],\"@id\":\"https:\/\/luchonoticias.com\/editor\/#\/schema\/person\/7a7fd911f58561fd056dbac7b55af9cd\",\"name\":\"admin\",\"image\":{\"@type\":\"ImageObject\",\"inLanguage\":\"es\",\"@id\":\"https:\/\/luchonoticias.com\/editor\/#\/schema\/person\/image\/\",\"url\":\"https:\/\/luchonoticias.com\/editor\/wp-content\/uploads\/2024\/02\/cropped-cropped-logolu.webp\",\"contentUrl\":\"https:\/\/luchonoticias.com\/editor\/wp-content\/uploads\/2024\/02\/cropped-cropped-logolu.webp\",\"width\":382,\"height\":170,\"caption\":\"admin\"},\"logo\":{\"@id\":\"https:\/\/luchonoticias.com\/editor\/#\/schema\/person\/image\/\"},\"sameAs\":[\"https:\/\/www.facebook.com\/luchonoticiasneiva\"]},{\"@type\":\"Person\",\"@id\":\"https:\/\/luchonoticias.com\/editor\/#\/schema\/person\/29217990ddf6f14e35912b2866d591fb\",\"name\":\"Editor General\",\"image\":{\"@type\":\"ImageObject\",\"inLanguage\":\"es\",\"@id\":\"https:\/\/luchonoticias.com\/editor\/#\/schema\/person\/image\/\",\"url\":\"https:\/\/luchonoticias.com\/editor\/wp-content\/uploads\/2024\/02\/cropped-cropped-logolu-150x150.webp\",\"contentUrl\":\"https:\/\/luchonoticias.com\/editor\/wp-content\/uploads\/2024\/02\/cropped-cropped-logolu-150x150.webp\",\"caption\":\"Editor General\"},\"sameAs\":[\"https:\/\/luchonoticias.com\/\"],\"url\":\"https:\/\/luchonoticias.com\/editor\/author\/editor-general\/\"}]}<\/script>\n<!-- \/ Yoast SEO plugin. -->","yoast_head_json":{"title":"Seguimiento a proyecto dirigido al sector ap\u00edcola -","robots":{"index":"index","follow":"follow","max-snippet":"max-snippet:-1","max-image-preview":"max-image-preview:large","max-video-preview":"max-video-preview:-1"},"canonical":"https:\/\/luchonoticias.com\/editor\/seguimiento-a-proyecto-dirigido-al-sector-apicola\/","og_locale":"es_ES","og_type":"article","og_title":"Seguimiento a proyecto dirigido al sector ap\u00edcola -","og_url":"https:\/\/luchonoticias.com\/editor\/seguimiento-a-proyecto-dirigido-al-sector-apicola\/","article_publisher":"https:\/\/www.facebook.com\/luchonoticiasneiva","article_published_time":"2023-07-30T15:07:22+00:00","article_modified_time":"2023-07-30T15:07:23+00:00","author":"Editor General","twitter_card":"summary_large_image","twitter_misc":{"Escrito por":"Editor General","Tiempo de lectura":"2 minutos"},"schema":{"@context":"https:\/\/schema.org","@graph":[{"@type":"Article","@id":"https:\/\/luchonoticias.com\/editor\/seguimiento-a-proyecto-dirigido-al-sector-apicola\/#article","isPartOf":{"@id":"https:\/\/luchonoticias.com\/editor\/seguimiento-a-proyecto-dirigido-al-sector-apicola\/"},"author":{"name":"Editor General","@id":"https:\/\/luchonoticias.com\/editor\/#\/schema\/person\/29217990ddf6f14e35912b2866d591fb"},"headline":"Seguimiento a proyecto dirigido al sector ap\u00edcola","datePublished":"2023-07-30T15:07:22+00:00","dateModified":"2023-07-30T15:07:23+00:00","mainEntityOfPage":{"@id":"https:\/\/luchonoticias.com\/editor\/seguimiento-a-proyecto-dirigido-al-sector-apicola\/"},"wordCount":403,"commentCount":0,"publisher":{"@id":"https:\/\/luchonoticias.com\/editor\/#\/schema\/person\/7a7fd911f58561fd056dbac7b55af9cd"},"articleSection":["Huila"],"inLanguage":"es","potentialAction":[{"@type":"CommentAction","name":"Comment","target":["https:\/\/luchonoticias.com\/editor\/seguimiento-a-proyecto-dirigido-al-sector-apicola\/#respond"]}]},{"@type":"WebPage","@id":"https:\/\/luchonoticias.com\/editor\/seguimiento-a-proyecto-dirigido-al-sector-apicola\/","url":"https:\/\/luchonoticias.com\/editor\/seguimiento-a-proyecto-dirigido-al-sector-apicola\/","name":"Seguimiento a proyecto dirigido al sector ap\u00edcola -","isPartOf":{"@id":"https:\/\/luchonoticias.com\/editor\/#website"},"datePublished":"2023-07-30T15:07:22+00:00","dateModified":"2023-07-30T15:07:23+00:00","breadcrumb":{"@id":"https:\/\/luchonoticias.com\/editor\/seguimiento-a-proyecto-dirigido-al-sector-apicola\/#breadcrumb"},"inLanguage":"es","potentialAction":[{"@type":"ReadAction","target":["https:\/\/luchonoticias.com\/editor\/seguimiento-a-proyecto-dirigido-al-sector-apicola\/"]}]},{"@type":"BreadcrumbList","@id":"https:\/\/luchonoticias.com\/editor\/seguimiento-a-proyecto-dirigido-al-sector-apicola\/#breadcrumb","itemListElement":[{"@type":"ListItem","position":1,"name":"Portada","item":"https:\/\/luchonoticias.com\/editor\/"},{"@type":"ListItem","position":2,"name":"Seguimiento a proyecto dirigido al sector ap\u00edcola"}]},{"@type":"WebSite","@id":"https:\/\/luchonoticias.com\/editor\/#website","url":"https:\/\/luchonoticias.com\/editor\/","name":"","description":"","publisher":{"@id":"https:\/\/luchonoticias.com\/editor\/#\/schema\/person\/7a7fd911f58561fd056dbac7b55af9cd"},"potentialAction":[{"@type":"SearchAction","target":{"@type":"EntryPoint","urlTemplate":"https:\/\/luchonoticias.com\/editor\/?s={search_term_string}"},"query-input":{"@type":"PropertyValueSpecification","valueRequired":true,"valueName":"search_term_string"}}],"inLanguage":"es"},{"@type":["Person","Organization"],"@id":"https:\/\/luchonoticias.com\/editor\/#\/schema\/person\/7a7fd911f58561fd056dbac7b55af9cd","name":"admin","image":{"@type":"ImageObject","inLanguage":"es","@id":"https:\/\/luchonoticias.com\/editor\/#\/schema\/person\/image\/","url":"https:\/\/luchonoticias.com\/editor\/wp-content\/uploads\/2024\/02\/cropped-cropped-logolu.webp","contentUrl":"https:\/\/luchonoticias.com\/editor\/wp-content\/uploads\/2024\/02\/cropped-cropped-logolu.webp","width":382,"height":170,"caption":"admin"},"logo":{"@id":"https:\/\/luchonoticias.com\/editor\/#\/schema\/person\/image\/"},"sameAs":["https:\/\/www.facebook.com\/luchonoticiasneiva"]},{"@type":"Person","@id":"https:\/\/luchonoticias.com\/editor\/#\/schema\/person\/29217990ddf6f14e35912b2866d591fb","name":"Editor General","image":{"@type":"ImageObject","inLanguage":"es","@id":"https:\/\/luchonoticias.com\/editor\/#\/schema\/person\/image\/","url":"https:\/\/luchonoticias.com\/editor\/wp-content\/uploads\/2024\/02\/cropped-cropped-logolu-150x150.webp","contentUrl":"https:\/\/luchonoticias.com\/editor\/wp-content\/uploads\/2024\/02\/cropped-cropped-logolu-150x150.webp","caption":"Editor General"},"sameAs":["https:\/\/luchonoticias.com\/"],"url":"https:\/\/luchonoticias.com\/editor\/author\/editor-general\/"}]}},"_links":{"self":[{"href":"https:\/\/luchonoticias.com\/editor\/wp-json\/wp\/v2\/posts\/57360","targetHints":{"allow":["GET"]}}],"collection":[{"href":"https:\/\/luchonoticias.com\/editor\/wp-json\/wp\/v2\/posts"}],"about":[{"href":"https:\/\/luchonoticias.com\/editor\/wp-json\/wp\/v2\/types\/post"}],"author":[{"embeddable":true,"href":"https:\/\/luchonoticias.com\/editor\/wp-json\/wp\/v2\/users\/2"}],"replies":[{"embeddable":true,"href":"https:\/\/luchonoticias.com\/editor\/wp-json\/wp\/v2\/comments?post=57360"}],"version-history":[{"count":0,"href":"https:\/\/luchonoticias.com\/editor\/wp-json\/wp\/v2\/posts\/57360\/revisions"}],"wp:attachment":[{"href":"https:\/\/luchonoticias.com\/editor\/wp-json\/wp\/v2\/media?parent=57360"}],"wp:term":[{"taxonomy":"category","embeddable":true,"href":"https:\/\/luchonoticias.com\/editor\/wp-json\/wp\/v2\/categories?post=57360"},{"taxonomy":"post_tag","embeddable":true,"href":"https:\/\/luchonoticias.com\/editor\/wp-json\/wp\/v2\/tags?post=57360"}],"curies":[{"name":"wp","href":"https:\/\/api.w.org\/{rel}","templated":true}]}}