{"id":57495,"date":"2023-08-01T14:34:05","date_gmt":"2023-08-01T19:34:05","guid":{"rendered":"https:\/\/luchonoticias.com\/?p=57495"},"modified":"2023-08-01T14:34:06","modified_gmt":"2023-08-01T19:34:06","slug":"avanza-reglamentacion-del-modelaje-webcam-para-garantizar-derechos-laborales-y-enfrentar-evasion-tributaria","status":"publish","type":"post","link":"https:\/\/luchonoticias.com\/editor\/avanza-reglamentacion-del-modelaje-webcam-para-garantizar-derechos-laborales-y-enfrentar-evasion-tributaria\/","title":{"rendered":"Avanza reglamentaci\u00f3n del Modelaje Webcam para garantizar derechos laborales y enfrentar evasi\u00f3n tributaria"},"content":{"rendered":"\n<p>El Viceministro de Relaciones Laborales, Edwin Palma Egea, indic\u00f3 este martes en Colombia Hoy Radio que el Gobierno Nacional avanza en la reglamentaci\u00f3n del modelaje webcam para garantizar los derechos laborales de las personas dedicadas a esta actividad, en cumplimiento de una sentencia de la Corte Constitucional del 2021, pero, adem\u00e1s, busca enfrentar la evasi\u00f3n tributaria en raz\u00f3n de los recursos que dejan de ingresar al fisco nacional por ese concepto.<\/p>\n\n\n\n<p>\u201cTenemos \u00f3rdenes de la Corte Constitucional, tanto en trabajo sexual a manera general, como particularmente por una decisi\u00f3n del 2021, en la cual le dice al Ministerio de Trabajo que toca regular el trabajo de modelaje webcam, que est\u00e1 ah\u00ed, que es una realidad. Se estima que Colombia es el segundo pa\u00eds del mundo \u2014seg\u00fan datos no oficiales\u2014 que m\u00e1s genera este tipo de contenido\u201d, asever\u00f3.<\/p>\n\n\n\n<p>En ese contexto, el Viceministro afirm\u00f3 que por esta actividad \u201cingresan muchos recursos a nuestro pa\u00eds\u201d y que desde el a\u00f1o 2020 esta industria debe tributar, pero los hombres y mujeres no tienen derechos como consecuencia de la clandestinidad que rodea este oficio.<\/p>\n\n\n\n<p>\u201cEse negocio est\u00e1 metido en la clandestinidad, lo cual se presta para toda suerte de delitos y de violaci\u00f3n de derechos humanos y laborales. All\u00ed tiene que haber condiciones m\u00ednimas, que es lo que deben \u2014como lo dice la Corte Constitucional\u2014 construirse con los actores que hacen parte de ese mundo\u201d, sostuvo.<\/p>\n\n\n\n<p>Fue enf\u00e1tico en decir que el Gobierno debe garantizar que las personas dedicadas a esta actividad la puedan ejercer en condiciones de salud, seguridad y espacios sin violencia.<\/p>\n\n\n\n<p>Al respecto, Palma agreg\u00f3 que desde octubre del 2022 el Gobierno del Cambio viene desarrollando mesas tem\u00e1ticas sobre actividades laborales de contenido sexual, las cuales se han realizado en Cartagena y Medell\u00edn.<\/p>\n\n\n\n<p>\u201cTambi\u00e9n participamos en una audiencia p\u00fablica realizada en el Congreso de la Rep\u00fablica para abordar ese tema\u201d, agreg\u00f3.<\/p>\n\n\n\n<p>Finalmente, el Viceministro manifest\u00f3 que \u201calrededor del modelaje webcam hay distintas formas de ejercer ese trabajo y pues tendr\u00e1n una forma de regulaci\u00f3n distinta. Por eso, como Gobierno decidimos no meter este tema en el texto de la reforma laboral para seguirlo abordando con todos los actores que hacen parte de esta industria\u201d.<\/p>\n","protected":false},"excerpt":{"rendered":"<p>El Viceministro de Relaciones Laborales, Edwin Palma Egea, indic\u00f3 este martes en Colombia Hoy Radio que el Gobierno Nacional avanza en la reglamentaci\u00f3n del modelaje webcam para garantizar los derechos laborales de las personas dedicadas a esta actividad, en cumplimiento de una sentencia de la Corte Constitucional del 2021, pero, adem\u00e1s, busca enfrentar la evasi\u00f3n [&hellip;]<\/p>\n","protected":false},"author":2,"featured_media":0,"comment_status":"open","ping_status":"open","sticky":false,"template":"","format":"standard","meta":{"footnotes":""},"categories":[28,36],"tags":[],"class_list":["post-57495","post","type-post","status-publish","format-standard","hentry","category-actualidad","category-destacado"],"yoast_head":"<!-- This site is optimized with the Yoast SEO plugin v26.6 - https:\/\/yoast.com\/wordpress\/plugins\/seo\/ -->\n<title>Avanza reglamentaci\u00f3n del Modelaje Webcam para garantizar derechos laborales y enfrentar evasi\u00f3n tributaria -<\/title>\n<meta name=\"robots\" content=\"index, follow, max-snippet:-1, max-image-preview:large, max-video-preview:-1\" \/>\n<link rel=\"canonical\" href=\"https:\/\/luchonoticias.com\/editor\/avanza-reglamentacion-del-modelaje-webcam-para-garantizar-derechos-laborales-y-enfrentar-evasion-tributaria\/\" \/>\n<meta property=\"og:locale\" content=\"es_ES\" \/>\n<meta property=\"og:type\" content=\"article\" \/>\n<meta property=\"og:title\" content=\"Avanza reglamentaci\u00f3n del Modelaje Webcam para garantizar derechos laborales y enfrentar evasi\u00f3n tributaria -\" \/>\n<meta property=\"og:url\" content=\"https:\/\/luchonoticias.com\/editor\/avanza-reglamentacion-del-modelaje-webcam-para-garantizar-derechos-laborales-y-enfrentar-evasion-tributaria\/\" \/>\n<meta property=\"article:publisher\" content=\"https:\/\/www.facebook.com\/luchonoticiasneiva\" \/>\n<meta property=\"article:published_time\" content=\"2023-08-01T19:34:05+00:00\" \/>\n<meta property=\"article:modified_time\" content=\"2023-08-01T19:34:06+00:00\" \/>\n<meta name=\"author\" content=\"Editor General\" \/>\n<meta name=\"twitter:card\" content=\"summary_large_image\" \/>\n<meta name=\"twitter:label1\" content=\"Escrito por\" \/>\n\t<meta name=\"twitter:data1\" content=\"Editor General\" \/>\n\t<meta name=\"twitter:label2\" content=\"Tiempo de lectura\" \/>\n\t<meta name=\"twitter:data2\" content=\"2 minutos\" \/>\n<script type=\"application\/ld+json\" class=\"yoast-schema-graph\">{\"@context\":\"https:\/\/schema.org\",\"@graph\":[{\"@type\":\"Article\",\"@id\":\"https:\/\/luchonoticias.com\/editor\/avanza-reglamentacion-del-modelaje-webcam-para-garantizar-derechos-laborales-y-enfrentar-evasion-tributaria\/#article\",\"isPartOf\":{\"@id\":\"https:\/\/luchonoticias.com\/editor\/avanza-reglamentacion-del-modelaje-webcam-para-garantizar-derechos-laborales-y-enfrentar-evasion-tributaria\/\"},\"author\":{\"name\":\"Editor General\",\"@id\":\"https:\/\/luchonoticias.com\/editor\/#\/schema\/person\/29217990ddf6f14e35912b2866d591fb\"},\"headline\":\"Avanza reglamentaci\u00f3n del Modelaje Webcam para garantizar derechos laborales y enfrentar evasi\u00f3n tributaria\",\"datePublished\":\"2023-08-01T19:34:05+00:00\",\"dateModified\":\"2023-08-01T19:34:06+00:00\",\"mainEntityOfPage\":{\"@id\":\"https:\/\/luchonoticias.com\/editor\/avanza-reglamentacion-del-modelaje-webcam-para-garantizar-derechos-laborales-y-enfrentar-evasion-tributaria\/\"},\"wordCount\":394,\"commentCount\":0,\"publisher\":{\"@id\":\"https:\/\/luchonoticias.com\/editor\/#\/schema\/person\/7a7fd911f58561fd056dbac7b55af9cd\"},\"articleSection\":[\"Actualidad\",\"Destacado\"],\"inLanguage\":\"es\",\"potentialAction\":[{\"@type\":\"CommentAction\",\"name\":\"Comment\",\"target\":[\"https:\/\/luchonoticias.com\/editor\/avanza-reglamentacion-del-modelaje-webcam-para-garantizar-derechos-laborales-y-enfrentar-evasion-tributaria\/#respond\"]}]},{\"@type\":\"WebPage\",\"@id\":\"https:\/\/luchonoticias.com\/editor\/avanza-reglamentacion-del-modelaje-webcam-para-garantizar-derechos-laborales-y-enfrentar-evasion-tributaria\/\",\"url\":\"https:\/\/luchonoticias.com\/editor\/avanza-reglamentacion-del-modelaje-webcam-para-garantizar-derechos-laborales-y-enfrentar-evasion-tributaria\/\",\"name\":\"Avanza reglamentaci\u00f3n del Modelaje Webcam para garantizar derechos laborales y enfrentar evasi\u00f3n tributaria -\",\"isPartOf\":{\"@id\":\"https:\/\/luchonoticias.com\/editor\/#website\"},\"datePublished\":\"2023-08-01T19:34:05+00:00\",\"dateModified\":\"2023-08-01T19:34:06+00:00\",\"breadcrumb\":{\"@id\":\"https:\/\/luchonoticias.com\/editor\/avanza-reglamentacion-del-modelaje-webcam-para-garantizar-derechos-laborales-y-enfrentar-evasion-tributaria\/#breadcrumb\"},\"inLanguage\":\"es\",\"potentialAction\":[{\"@type\":\"ReadAction\",\"target\":[\"https:\/\/luchonoticias.com\/editor\/avanza-reglamentacion-del-modelaje-webcam-para-garantizar-derechos-laborales-y-enfrentar-evasion-tributaria\/\"]}]},{\"@type\":\"BreadcrumbList\",\"@id\":\"https:\/\/luchonoticias.com\/editor\/avanza-reglamentacion-del-modelaje-webcam-para-garantizar-derechos-laborales-y-enfrentar-evasion-tributaria\/#breadcrumb\",\"itemListElement\":[{\"@type\":\"ListItem\",\"position\":1,\"name\":\"Portada\",\"item\":\"https:\/\/luchonoticias.com\/editor\/\"},{\"@type\":\"ListItem\",\"position\":2,\"name\":\"Avanza reglamentaci\u00f3n del Modelaje Webcam para garantizar derechos laborales y enfrentar evasi\u00f3n tributaria\"}]},{\"@type\":\"WebSite\",\"@id\":\"https:\/\/luchonoticias.com\/editor\/#website\",\"url\":\"https:\/\/luchonoticias.com\/editor\/\",\"name\":\"\",\"description\":\"\",\"publisher\":{\"@id\":\"https:\/\/luchonoticias.com\/editor\/#\/schema\/person\/7a7fd911f58561fd056dbac7b55af9cd\"},\"potentialAction\":[{\"@type\":\"SearchAction\",\"target\":{\"@type\":\"EntryPoint\",\"urlTemplate\":\"https:\/\/luchonoticias.com\/editor\/?s={search_term_string}\"},\"query-input\":{\"@type\":\"PropertyValueSpecification\",\"valueRequired\":true,\"valueName\":\"search_term_string\"}}],\"inLanguage\":\"es\"},{\"@type\":[\"Person\",\"Organization\"],\"@id\":\"https:\/\/luchonoticias.com\/editor\/#\/schema\/person\/7a7fd911f58561fd056dbac7b55af9cd\",\"name\":\"admin\",\"image\":{\"@type\":\"ImageObject\",\"inLanguage\":\"es\",\"@id\":\"https:\/\/luchonoticias.com\/editor\/#\/schema\/person\/image\/\",\"url\":\"https:\/\/luchonoticias.com\/editor\/wp-content\/uploads\/2024\/02\/cropped-cropped-logolu.webp\",\"contentUrl\":\"https:\/\/luchonoticias.com\/editor\/wp-content\/uploads\/2024\/02\/cropped-cropped-logolu.webp\",\"width\":382,\"height\":170,\"caption\":\"admin\"},\"logo\":{\"@id\":\"https:\/\/luchonoticias.com\/editor\/#\/schema\/person\/image\/\"},\"sameAs\":[\"https:\/\/www.facebook.com\/luchonoticiasneiva\"]},{\"@type\":\"Person\",\"@id\":\"https:\/\/luchonoticias.com\/editor\/#\/schema\/person\/29217990ddf6f14e35912b2866d591fb\",\"name\":\"Editor General\",\"image\":{\"@type\":\"ImageObject\",\"inLanguage\":\"es\",\"@id\":\"https:\/\/luchonoticias.com\/editor\/#\/schema\/person\/image\/\",\"url\":\"https:\/\/luchonoticias.com\/editor\/wp-content\/uploads\/2024\/02\/cropped-cropped-logolu-150x150.webp\",\"contentUrl\":\"https:\/\/luchonoticias.com\/editor\/wp-content\/uploads\/2024\/02\/cropped-cropped-logolu-150x150.webp\",\"caption\":\"Editor General\"},\"sameAs\":[\"https:\/\/luchonoticias.com\/\"],\"url\":\"https:\/\/luchonoticias.com\/editor\/author\/editor-general\/\"}]}<\/script>\n<!-- \/ Yoast SEO plugin. -->","yoast_head_json":{"title":"Avanza reglamentaci\u00f3n del Modelaje Webcam para garantizar derechos laborales y enfrentar evasi\u00f3n tributaria -","robots":{"index":"index","follow":"follow","max-snippet":"max-snippet:-1","max-image-preview":"max-image-preview:large","max-video-preview":"max-video-preview:-1"},"canonical":"https:\/\/luchonoticias.com\/editor\/avanza-reglamentacion-del-modelaje-webcam-para-garantizar-derechos-laborales-y-enfrentar-evasion-tributaria\/","og_locale":"es_ES","og_type":"article","og_title":"Avanza reglamentaci\u00f3n del Modelaje Webcam para garantizar derechos laborales y enfrentar evasi\u00f3n tributaria -","og_url":"https:\/\/luchonoticias.com\/editor\/avanza-reglamentacion-del-modelaje-webcam-para-garantizar-derechos-laborales-y-enfrentar-evasion-tributaria\/","article_publisher":"https:\/\/www.facebook.com\/luchonoticiasneiva","article_published_time":"2023-08-01T19:34:05+00:00","article_modified_time":"2023-08-01T19:34:06+00:00","author":"Editor General","twitter_card":"summary_large_image","twitter_misc":{"Escrito por":"Editor General","Tiempo de lectura":"2 minutos"},"schema":{"@context":"https:\/\/schema.org","@graph":[{"@type":"Article","@id":"https:\/\/luchonoticias.com\/editor\/avanza-reglamentacion-del-modelaje-webcam-para-garantizar-derechos-laborales-y-enfrentar-evasion-tributaria\/#article","isPartOf":{"@id":"https:\/\/luchonoticias.com\/editor\/avanza-reglamentacion-del-modelaje-webcam-para-garantizar-derechos-laborales-y-enfrentar-evasion-tributaria\/"},"author":{"name":"Editor General","@id":"https:\/\/luchonoticias.com\/editor\/#\/schema\/person\/29217990ddf6f14e35912b2866d591fb"},"headline":"Avanza reglamentaci\u00f3n del Modelaje Webcam para garantizar derechos laborales y enfrentar evasi\u00f3n tributaria","datePublished":"2023-08-01T19:34:05+00:00","dateModified":"2023-08-01T19:34:06+00:00","mainEntityOfPage":{"@id":"https:\/\/luchonoticias.com\/editor\/avanza-reglamentacion-del-modelaje-webcam-para-garantizar-derechos-laborales-y-enfrentar-evasion-tributaria\/"},"wordCount":394,"commentCount":0,"publisher":{"@id":"https:\/\/luchonoticias.com\/editor\/#\/schema\/person\/7a7fd911f58561fd056dbac7b55af9cd"},"articleSection":["Actualidad","Destacado"],"inLanguage":"es","potentialAction":[{"@type":"CommentAction","name":"Comment","target":["https:\/\/luchonoticias.com\/editor\/avanza-reglamentacion-del-modelaje-webcam-para-garantizar-derechos-laborales-y-enfrentar-evasion-tributaria\/#respond"]}]},{"@type":"WebPage","@id":"https:\/\/luchonoticias.com\/editor\/avanza-reglamentacion-del-modelaje-webcam-para-garantizar-derechos-laborales-y-enfrentar-evasion-tributaria\/","url":"https:\/\/luchonoticias.com\/editor\/avanza-reglamentacion-del-modelaje-webcam-para-garantizar-derechos-laborales-y-enfrentar-evasion-tributaria\/","name":"Avanza reglamentaci\u00f3n del Modelaje Webcam para garantizar derechos laborales y enfrentar evasi\u00f3n tributaria -","isPartOf":{"@id":"https:\/\/luchonoticias.com\/editor\/#website"},"datePublished":"2023-08-01T19:34:05+00:00","dateModified":"2023-08-01T19:34:06+00:00","breadcrumb":{"@id":"https:\/\/luchonoticias.com\/editor\/avanza-reglamentacion-del-modelaje-webcam-para-garantizar-derechos-laborales-y-enfrentar-evasion-tributaria\/#breadcrumb"},"inLanguage":"es","potentialAction":[{"@type":"ReadAction","target":["https:\/\/luchonoticias.com\/editor\/avanza-reglamentacion-del-modelaje-webcam-para-garantizar-derechos-laborales-y-enfrentar-evasion-tributaria\/"]}]},{"@type":"BreadcrumbList","@id":"https:\/\/luchonoticias.com\/editor\/avanza-reglamentacion-del-modelaje-webcam-para-garantizar-derechos-laborales-y-enfrentar-evasion-tributaria\/#breadcrumb","itemListElement":[{"@type":"ListItem","position":1,"name":"Portada","item":"https:\/\/luchonoticias.com\/editor\/"},{"@type":"ListItem","position":2,"name":"Avanza reglamentaci\u00f3n del Modelaje Webcam para garantizar derechos laborales y enfrentar evasi\u00f3n tributaria"}]},{"@type":"WebSite","@id":"https:\/\/luchonoticias.com\/editor\/#website","url":"https:\/\/luchonoticias.com\/editor\/","name":"","description":"","publisher":{"@id":"https:\/\/luchonoticias.com\/editor\/#\/schema\/person\/7a7fd911f58561fd056dbac7b55af9cd"},"potentialAction":[{"@type":"SearchAction","target":{"@type":"EntryPoint","urlTemplate":"https:\/\/luchonoticias.com\/editor\/?s={search_term_string}"},"query-input":{"@type":"PropertyValueSpecification","valueRequired":true,"valueName":"search_term_string"}}],"inLanguage":"es"},{"@type":["Person","Organization"],"@id":"https:\/\/luchonoticias.com\/editor\/#\/schema\/person\/7a7fd911f58561fd056dbac7b55af9cd","name":"admin","image":{"@type":"ImageObject","inLanguage":"es","@id":"https:\/\/luchonoticias.com\/editor\/#\/schema\/person\/image\/","url":"https:\/\/luchonoticias.com\/editor\/wp-content\/uploads\/2024\/02\/cropped-cropped-logolu.webp","contentUrl":"https:\/\/luchonoticias.com\/editor\/wp-content\/uploads\/2024\/02\/cropped-cropped-logolu.webp","width":382,"height":170,"caption":"admin"},"logo":{"@id":"https:\/\/luchonoticias.com\/editor\/#\/schema\/person\/image\/"},"sameAs":["https:\/\/www.facebook.com\/luchonoticiasneiva"]},{"@type":"Person","@id":"https:\/\/luchonoticias.com\/editor\/#\/schema\/person\/29217990ddf6f14e35912b2866d591fb","name":"Editor General","image":{"@type":"ImageObject","inLanguage":"es","@id":"https:\/\/luchonoticias.com\/editor\/#\/schema\/person\/image\/","url":"https:\/\/luchonoticias.com\/editor\/wp-content\/uploads\/2024\/02\/cropped-cropped-logolu-150x150.webp","contentUrl":"https:\/\/luchonoticias.com\/editor\/wp-content\/uploads\/2024\/02\/cropped-cropped-logolu-150x150.webp","caption":"Editor General"},"sameAs":["https:\/\/luchonoticias.com\/"],"url":"https:\/\/luchonoticias.com\/editor\/author\/editor-general\/"}]}},"_links":{"self":[{"href":"https:\/\/luchonoticias.com\/editor\/wp-json\/wp\/v2\/posts\/57495","targetHints":{"allow":["GET"]}}],"collection":[{"href":"https:\/\/luchonoticias.com\/editor\/wp-json\/wp\/v2\/posts"}],"about":[{"href":"https:\/\/luchonoticias.com\/editor\/wp-json\/wp\/v2\/types\/post"}],"author":[{"embeddable":true,"href":"https:\/\/luchonoticias.com\/editor\/wp-json\/wp\/v2\/users\/2"}],"replies":[{"embeddable":true,"href":"https:\/\/luchonoticias.com\/editor\/wp-json\/wp\/v2\/comments?post=57495"}],"version-history":[{"count":0,"href":"https:\/\/luchonoticias.com\/editor\/wp-json\/wp\/v2\/posts\/57495\/revisions"}],"wp:attachment":[{"href":"https:\/\/luchonoticias.com\/editor\/wp-json\/wp\/v2\/media?parent=57495"}],"wp:term":[{"taxonomy":"category","embeddable":true,"href":"https:\/\/luchonoticias.com\/editor\/wp-json\/wp\/v2\/categories?post=57495"},{"taxonomy":"post_tag","embeddable":true,"href":"https:\/\/luchonoticias.com\/editor\/wp-json\/wp\/v2\/tags?post=57495"}],"curies":[{"name":"wp","href":"https:\/\/api.w.org\/{rel}","templated":true}]}}