{"id":57498,"date":"2023-08-01T14:36:45","date_gmt":"2023-08-01T19:36:45","guid":{"rendered":"https:\/\/luchonoticias.com\/?p=57498"},"modified":"2023-08-01T14:36:46","modified_gmt":"2023-08-01T19:36:46","slug":"gobierno-nacional-sanciona-ley-para-establecer-la-gratuidad-en-instituciones-de-educacion-superior-publicas-del-pais","status":"publish","type":"post","link":"https:\/\/luchonoticias.com\/editor\/gobierno-nacional-sanciona-ley-para-establecer-la-gratuidad-en-instituciones-de-educacion-superior-publicas-del-pais\/","title":{"rendered":"Gobierno Nacional sanciona Ley para establecer la gratuidad en instituciones de educaci\u00f3n superior p\u00fablicas del pa\u00eds"},"content":{"rendered":"\n<p>El Presidente Gustavo Petro sancion\u00f3 la Ley 2307 del 31 de julio del 2023, por medio de la cual se establece la gratuidad en los programas de pregrado en las instituciones p\u00fablicas de educaci\u00f3n superior, herramienta que le permitir\u00e1 al Gobierno Nacional financiar el valor de la matr\u00edcula de los estudiantes.<\/p>\n\n\n\n<p>\u201cLa presente ley establece los lineamientos para regular la gratuidad en los programas de pregrado en las instituciones de educaci\u00f3n superior p\u00fablicas del pa\u00eds, con el fin de eliminar barreras de acceso y garantizar la permanencia educativa\u201d, dice el primer art\u00edculo de la norma.<\/p>\n\n\n\n<p>Asimismo, en el segundo art\u00edculo se indica: \u201ca partir de la entrada en vigencia de la presente ley, el Gobierno Nacional garantizar\u00e1 la financiaci\u00f3n necesaria para asegurar la gratuidad en el valor de la matr\u00edcula de los programas de pregrado en instituciones de educaci\u00f3n superior p\u00fablica\u201d.<\/p>\n\n\n\n<p>En tal sentido, se espec\u00edfica que los recursos de financiaci\u00f3n estar\u00e1n a cargo del Presupuesto General de la Naci\u00f3n.<\/p>\n\n\n\n<p>La Ley, adem\u00e1s, explica que las instituciones de educaci\u00f3n superior p\u00fablicas son todas aquellas de tipo t\u00e9cnico, tecnol\u00f3gico y universitario.<\/p>\n\n\n\n<p>Por \u00faltimo, vale indicar que, seg\u00fan el art\u00edculo 7 de la norma, el Gobierno Nacional tiene un plazo no superior de seis meses para su reglamentaci\u00f3n, a partir de la expedici\u00f3n.<\/p>\n","protected":false},"excerpt":{"rendered":"<p>El Presidente Gustavo Petro sancion\u00f3 la Ley 2307 del 31 de julio del 2023, por medio de la cual se establece la gratuidad en los programas de pregrado en las instituciones p\u00fablicas de educaci\u00f3n superior, herramienta que le permitir\u00e1 al Gobierno Nacional financiar el valor de la matr\u00edcula de los estudiantes. \u201cLa presente ley establece [&hellip;]<\/p>\n","protected":false},"author":2,"featured_media":0,"comment_status":"open","ping_status":"open","sticky":false,"template":"","format":"standard","meta":{"footnotes":""},"categories":[36,32],"tags":[],"class_list":["post-57498","post","type-post","status-publish","format-standard","hentry","category-destacado","category-nacional"],"yoast_head":"<!-- This site is optimized with the Yoast SEO plugin v26.6 - https:\/\/yoast.com\/wordpress\/plugins\/seo\/ -->\n<title>Gobierno Nacional sanciona Ley para establecer la gratuidad en instituciones de educaci\u00f3n superior p\u00fablicas del pa\u00eds -<\/title>\n<meta name=\"robots\" content=\"index, follow, max-snippet:-1, max-image-preview:large, max-video-preview:-1\" \/>\n<link rel=\"canonical\" href=\"https:\/\/luchonoticias.com\/editor\/gobierno-nacional-sanciona-ley-para-establecer-la-gratuidad-en-instituciones-de-educacion-superior-publicas-del-pais\/\" \/>\n<meta property=\"og:locale\" content=\"es_ES\" \/>\n<meta property=\"og:type\" content=\"article\" \/>\n<meta property=\"og:title\" content=\"Gobierno Nacional sanciona Ley para establecer la gratuidad en instituciones de educaci\u00f3n superior p\u00fablicas del pa\u00eds -\" \/>\n<meta property=\"og:url\" content=\"https:\/\/luchonoticias.com\/editor\/gobierno-nacional-sanciona-ley-para-establecer-la-gratuidad-en-instituciones-de-educacion-superior-publicas-del-pais\/\" \/>\n<meta property=\"article:publisher\" content=\"https:\/\/www.facebook.com\/luchonoticiasneiva\" \/>\n<meta property=\"article:published_time\" content=\"2023-08-01T19:36:45+00:00\" \/>\n<meta property=\"article:modified_time\" content=\"2023-08-01T19:36:46+00:00\" \/>\n<meta name=\"author\" content=\"Editor General\" \/>\n<meta name=\"twitter:card\" content=\"summary_large_image\" \/>\n<meta name=\"twitter:label1\" content=\"Escrito por\" \/>\n\t<meta name=\"twitter:data1\" content=\"Editor General\" \/>\n\t<meta name=\"twitter:label2\" content=\"Tiempo de lectura\" \/>\n\t<meta name=\"twitter:data2\" content=\"1 minuto\" \/>\n<script type=\"application\/ld+json\" class=\"yoast-schema-graph\">{\"@context\":\"https:\/\/schema.org\",\"@graph\":[{\"@type\":\"Article\",\"@id\":\"https:\/\/luchonoticias.com\/editor\/gobierno-nacional-sanciona-ley-para-establecer-la-gratuidad-en-instituciones-de-educacion-superior-publicas-del-pais\/#article\",\"isPartOf\":{\"@id\":\"https:\/\/luchonoticias.com\/editor\/gobierno-nacional-sanciona-ley-para-establecer-la-gratuidad-en-instituciones-de-educacion-superior-publicas-del-pais\/\"},\"author\":{\"name\":\"Editor General\",\"@id\":\"https:\/\/luchonoticias.com\/editor\/#\/schema\/person\/29217990ddf6f14e35912b2866d591fb\"},\"headline\":\"Gobierno Nacional sanciona Ley para establecer la gratuidad en instituciones de educaci\u00f3n superior p\u00fablicas del pa\u00eds\",\"datePublished\":\"2023-08-01T19:36:45+00:00\",\"dateModified\":\"2023-08-01T19:36:46+00:00\",\"mainEntityOfPage\":{\"@id\":\"https:\/\/luchonoticias.com\/editor\/gobierno-nacional-sanciona-ley-para-establecer-la-gratuidad-en-instituciones-de-educacion-superior-publicas-del-pais\/\"},\"wordCount\":251,\"commentCount\":0,\"publisher\":{\"@id\":\"https:\/\/luchonoticias.com\/editor\/#\/schema\/person\/7a7fd911f58561fd056dbac7b55af9cd\"},\"articleSection\":[\"Destacado\",\"Nacional\"],\"inLanguage\":\"es\",\"potentialAction\":[{\"@type\":\"CommentAction\",\"name\":\"Comment\",\"target\":[\"https:\/\/luchonoticias.com\/editor\/gobierno-nacional-sanciona-ley-para-establecer-la-gratuidad-en-instituciones-de-educacion-superior-publicas-del-pais\/#respond\"]}]},{\"@type\":\"WebPage\",\"@id\":\"https:\/\/luchonoticias.com\/editor\/gobierno-nacional-sanciona-ley-para-establecer-la-gratuidad-en-instituciones-de-educacion-superior-publicas-del-pais\/\",\"url\":\"https:\/\/luchonoticias.com\/editor\/gobierno-nacional-sanciona-ley-para-establecer-la-gratuidad-en-instituciones-de-educacion-superior-publicas-del-pais\/\",\"name\":\"Gobierno Nacional sanciona Ley para establecer la gratuidad en instituciones de educaci\u00f3n superior p\u00fablicas del pa\u00eds -\",\"isPartOf\":{\"@id\":\"https:\/\/luchonoticias.com\/editor\/#website\"},\"datePublished\":\"2023-08-01T19:36:45+00:00\",\"dateModified\":\"2023-08-01T19:36:46+00:00\",\"breadcrumb\":{\"@id\":\"https:\/\/luchonoticias.com\/editor\/gobierno-nacional-sanciona-ley-para-establecer-la-gratuidad-en-instituciones-de-educacion-superior-publicas-del-pais\/#breadcrumb\"},\"inLanguage\":\"es\",\"potentialAction\":[{\"@type\":\"ReadAction\",\"target\":[\"https:\/\/luchonoticias.com\/editor\/gobierno-nacional-sanciona-ley-para-establecer-la-gratuidad-en-instituciones-de-educacion-superior-publicas-del-pais\/\"]}]},{\"@type\":\"BreadcrumbList\",\"@id\":\"https:\/\/luchonoticias.com\/editor\/gobierno-nacional-sanciona-ley-para-establecer-la-gratuidad-en-instituciones-de-educacion-superior-publicas-del-pais\/#breadcrumb\",\"itemListElement\":[{\"@type\":\"ListItem\",\"position\":1,\"name\":\"Portada\",\"item\":\"https:\/\/luchonoticias.com\/editor\/\"},{\"@type\":\"ListItem\",\"position\":2,\"name\":\"Gobierno Nacional sanciona Ley para establecer la gratuidad en instituciones de educaci\u00f3n superior p\u00fablicas del pa\u00eds\"}]},{\"@type\":\"WebSite\",\"@id\":\"https:\/\/luchonoticias.com\/editor\/#website\",\"url\":\"https:\/\/luchonoticias.com\/editor\/\",\"name\":\"\",\"description\":\"\",\"publisher\":{\"@id\":\"https:\/\/luchonoticias.com\/editor\/#\/schema\/person\/7a7fd911f58561fd056dbac7b55af9cd\"},\"potentialAction\":[{\"@type\":\"SearchAction\",\"target\":{\"@type\":\"EntryPoint\",\"urlTemplate\":\"https:\/\/luchonoticias.com\/editor\/?s={search_term_string}\"},\"query-input\":{\"@type\":\"PropertyValueSpecification\",\"valueRequired\":true,\"valueName\":\"search_term_string\"}}],\"inLanguage\":\"es\"},{\"@type\":[\"Person\",\"Organization\"],\"@id\":\"https:\/\/luchonoticias.com\/editor\/#\/schema\/person\/7a7fd911f58561fd056dbac7b55af9cd\",\"name\":\"admin\",\"image\":{\"@type\":\"ImageObject\",\"inLanguage\":\"es\",\"@id\":\"https:\/\/luchonoticias.com\/editor\/#\/schema\/person\/image\/\",\"url\":\"https:\/\/luchonoticias.com\/editor\/wp-content\/uploads\/2024\/02\/cropped-cropped-logolu.webp\",\"contentUrl\":\"https:\/\/luchonoticias.com\/editor\/wp-content\/uploads\/2024\/02\/cropped-cropped-logolu.webp\",\"width\":382,\"height\":170,\"caption\":\"admin\"},\"logo\":{\"@id\":\"https:\/\/luchonoticias.com\/editor\/#\/schema\/person\/image\/\"},\"sameAs\":[\"https:\/\/www.facebook.com\/luchonoticiasneiva\"]},{\"@type\":\"Person\",\"@id\":\"https:\/\/luchonoticias.com\/editor\/#\/schema\/person\/29217990ddf6f14e35912b2866d591fb\",\"name\":\"Editor General\",\"image\":{\"@type\":\"ImageObject\",\"inLanguage\":\"es\",\"@id\":\"https:\/\/luchonoticias.com\/editor\/#\/schema\/person\/image\/\",\"url\":\"https:\/\/luchonoticias.com\/editor\/wp-content\/uploads\/2024\/02\/cropped-cropped-logolu-150x150.webp\",\"contentUrl\":\"https:\/\/luchonoticias.com\/editor\/wp-content\/uploads\/2024\/02\/cropped-cropped-logolu-150x150.webp\",\"caption\":\"Editor General\"},\"sameAs\":[\"https:\/\/luchonoticias.com\/\"],\"url\":\"https:\/\/luchonoticias.com\/editor\/author\/editor-general\/\"}]}<\/script>\n<!-- \/ Yoast SEO plugin. -->","yoast_head_json":{"title":"Gobierno Nacional sanciona Ley para establecer la gratuidad en instituciones de educaci\u00f3n superior p\u00fablicas del pa\u00eds -","robots":{"index":"index","follow":"follow","max-snippet":"max-snippet:-1","max-image-preview":"max-image-preview:large","max-video-preview":"max-video-preview:-1"},"canonical":"https:\/\/luchonoticias.com\/editor\/gobierno-nacional-sanciona-ley-para-establecer-la-gratuidad-en-instituciones-de-educacion-superior-publicas-del-pais\/","og_locale":"es_ES","og_type":"article","og_title":"Gobierno Nacional sanciona Ley para establecer la gratuidad en instituciones de educaci\u00f3n superior p\u00fablicas del pa\u00eds -","og_url":"https:\/\/luchonoticias.com\/editor\/gobierno-nacional-sanciona-ley-para-establecer-la-gratuidad-en-instituciones-de-educacion-superior-publicas-del-pais\/","article_publisher":"https:\/\/www.facebook.com\/luchonoticiasneiva","article_published_time":"2023-08-01T19:36:45+00:00","article_modified_time":"2023-08-01T19:36:46+00:00","author":"Editor General","twitter_card":"summary_large_image","twitter_misc":{"Escrito por":"Editor General","Tiempo de lectura":"1 minuto"},"schema":{"@context":"https:\/\/schema.org","@graph":[{"@type":"Article","@id":"https:\/\/luchonoticias.com\/editor\/gobierno-nacional-sanciona-ley-para-establecer-la-gratuidad-en-instituciones-de-educacion-superior-publicas-del-pais\/#article","isPartOf":{"@id":"https:\/\/luchonoticias.com\/editor\/gobierno-nacional-sanciona-ley-para-establecer-la-gratuidad-en-instituciones-de-educacion-superior-publicas-del-pais\/"},"author":{"name":"Editor General","@id":"https:\/\/luchonoticias.com\/editor\/#\/schema\/person\/29217990ddf6f14e35912b2866d591fb"},"headline":"Gobierno Nacional sanciona Ley para establecer la gratuidad en instituciones de educaci\u00f3n superior p\u00fablicas del pa\u00eds","datePublished":"2023-08-01T19:36:45+00:00","dateModified":"2023-08-01T19:36:46+00:00","mainEntityOfPage":{"@id":"https:\/\/luchonoticias.com\/editor\/gobierno-nacional-sanciona-ley-para-establecer-la-gratuidad-en-instituciones-de-educacion-superior-publicas-del-pais\/"},"wordCount":251,"commentCount":0,"publisher":{"@id":"https:\/\/luchonoticias.com\/editor\/#\/schema\/person\/7a7fd911f58561fd056dbac7b55af9cd"},"articleSection":["Destacado","Nacional"],"inLanguage":"es","potentialAction":[{"@type":"CommentAction","name":"Comment","target":["https:\/\/luchonoticias.com\/editor\/gobierno-nacional-sanciona-ley-para-establecer-la-gratuidad-en-instituciones-de-educacion-superior-publicas-del-pais\/#respond"]}]},{"@type":"WebPage","@id":"https:\/\/luchonoticias.com\/editor\/gobierno-nacional-sanciona-ley-para-establecer-la-gratuidad-en-instituciones-de-educacion-superior-publicas-del-pais\/","url":"https:\/\/luchonoticias.com\/editor\/gobierno-nacional-sanciona-ley-para-establecer-la-gratuidad-en-instituciones-de-educacion-superior-publicas-del-pais\/","name":"Gobierno Nacional sanciona Ley para establecer la gratuidad en instituciones de educaci\u00f3n superior p\u00fablicas del pa\u00eds -","isPartOf":{"@id":"https:\/\/luchonoticias.com\/editor\/#website"},"datePublished":"2023-08-01T19:36:45+00:00","dateModified":"2023-08-01T19:36:46+00:00","breadcrumb":{"@id":"https:\/\/luchonoticias.com\/editor\/gobierno-nacional-sanciona-ley-para-establecer-la-gratuidad-en-instituciones-de-educacion-superior-publicas-del-pais\/#breadcrumb"},"inLanguage":"es","potentialAction":[{"@type":"ReadAction","target":["https:\/\/luchonoticias.com\/editor\/gobierno-nacional-sanciona-ley-para-establecer-la-gratuidad-en-instituciones-de-educacion-superior-publicas-del-pais\/"]}]},{"@type":"BreadcrumbList","@id":"https:\/\/luchonoticias.com\/editor\/gobierno-nacional-sanciona-ley-para-establecer-la-gratuidad-en-instituciones-de-educacion-superior-publicas-del-pais\/#breadcrumb","itemListElement":[{"@type":"ListItem","position":1,"name":"Portada","item":"https:\/\/luchonoticias.com\/editor\/"},{"@type":"ListItem","position":2,"name":"Gobierno Nacional sanciona Ley para establecer la gratuidad en instituciones de educaci\u00f3n superior p\u00fablicas del pa\u00eds"}]},{"@type":"WebSite","@id":"https:\/\/luchonoticias.com\/editor\/#website","url":"https:\/\/luchonoticias.com\/editor\/","name":"","description":"","publisher":{"@id":"https:\/\/luchonoticias.com\/editor\/#\/schema\/person\/7a7fd911f58561fd056dbac7b55af9cd"},"potentialAction":[{"@type":"SearchAction","target":{"@type":"EntryPoint","urlTemplate":"https:\/\/luchonoticias.com\/editor\/?s={search_term_string}"},"query-input":{"@type":"PropertyValueSpecification","valueRequired":true,"valueName":"search_term_string"}}],"inLanguage":"es"},{"@type":["Person","Organization"],"@id":"https:\/\/luchonoticias.com\/editor\/#\/schema\/person\/7a7fd911f58561fd056dbac7b55af9cd","name":"admin","image":{"@type":"ImageObject","inLanguage":"es","@id":"https:\/\/luchonoticias.com\/editor\/#\/schema\/person\/image\/","url":"https:\/\/luchonoticias.com\/editor\/wp-content\/uploads\/2024\/02\/cropped-cropped-logolu.webp","contentUrl":"https:\/\/luchonoticias.com\/editor\/wp-content\/uploads\/2024\/02\/cropped-cropped-logolu.webp","width":382,"height":170,"caption":"admin"},"logo":{"@id":"https:\/\/luchonoticias.com\/editor\/#\/schema\/person\/image\/"},"sameAs":["https:\/\/www.facebook.com\/luchonoticiasneiva"]},{"@type":"Person","@id":"https:\/\/luchonoticias.com\/editor\/#\/schema\/person\/29217990ddf6f14e35912b2866d591fb","name":"Editor General","image":{"@type":"ImageObject","inLanguage":"es","@id":"https:\/\/luchonoticias.com\/editor\/#\/schema\/person\/image\/","url":"https:\/\/luchonoticias.com\/editor\/wp-content\/uploads\/2024\/02\/cropped-cropped-logolu-150x150.webp","contentUrl":"https:\/\/luchonoticias.com\/editor\/wp-content\/uploads\/2024\/02\/cropped-cropped-logolu-150x150.webp","caption":"Editor General"},"sameAs":["https:\/\/luchonoticias.com\/"],"url":"https:\/\/luchonoticias.com\/editor\/author\/editor-general\/"}]}},"_links":{"self":[{"href":"https:\/\/luchonoticias.com\/editor\/wp-json\/wp\/v2\/posts\/57498","targetHints":{"allow":["GET"]}}],"collection":[{"href":"https:\/\/luchonoticias.com\/editor\/wp-json\/wp\/v2\/posts"}],"about":[{"href":"https:\/\/luchonoticias.com\/editor\/wp-json\/wp\/v2\/types\/post"}],"author":[{"embeddable":true,"href":"https:\/\/luchonoticias.com\/editor\/wp-json\/wp\/v2\/users\/2"}],"replies":[{"embeddable":true,"href":"https:\/\/luchonoticias.com\/editor\/wp-json\/wp\/v2\/comments?post=57498"}],"version-history":[{"count":0,"href":"https:\/\/luchonoticias.com\/editor\/wp-json\/wp\/v2\/posts\/57498\/revisions"}],"wp:attachment":[{"href":"https:\/\/luchonoticias.com\/editor\/wp-json\/wp\/v2\/media?parent=57498"}],"wp:term":[{"taxonomy":"category","embeddable":true,"href":"https:\/\/luchonoticias.com\/editor\/wp-json\/wp\/v2\/categories?post=57498"},{"taxonomy":"post_tag","embeddable":true,"href":"https:\/\/luchonoticias.com\/editor\/wp-json\/wp\/v2\/tags?post=57498"}],"curies":[{"name":"wp","href":"https:\/\/api.w.org\/{rel}","templated":true}]}}