{"id":57501,"date":"2023-08-01T14:41:48","date_gmt":"2023-08-01T19:41:48","guid":{"rendered":"https:\/\/luchonoticias.com\/?p=57501"},"modified":"2023-08-01T14:41:49","modified_gmt":"2023-08-01T19:41:49","slug":"el-proximo-15-agosto-se-retomara-la-asignacion-de-subsidios-de-mi-casa-ya","status":"publish","type":"post","link":"https:\/\/luchonoticias.com\/editor\/el-proximo-15-agosto-se-retomara-la-asignacion-de-subsidios-de-mi-casa-ya\/","title":{"rendered":"El pr\u00f3ximo 15 agosto se retomar\u00e1 la asignaci\u00f3n de subsidios de Mi Casa Ya"},"content":{"rendered":"\n<p>En un trabajo conjunto entre el Ministerio de Vivienda, Ciudad y Territorio, el Ministerio de Hacienda y Cr\u00e9dito P\u00fablico y el Departamento Nacional de Planeaci\u00f3n, se adelantan los tr\u00e1mites para incorporar los recursos de la adici\u00f3n presupuestal y retomar, cuanto antes, la asignaci\u00f3n de subsidios del programa Mi Casa Ya.<\/p>\n\n\n\n<p>En el marco de la Ley 2299, mediante la cual se adicionan y efect\u00faan unas modificaciones al Presupuesto General de la Naci\u00f3n (PGN) de la vigencia fiscal 2023, fue aprobado $1 bill\u00f3n, con el que el Ministerio de Vivienda cumplir\u00e1 la meta de otorgar 75.000 subsidios este a\u00f1o.<\/p>\n\n\n\n<p>La Ministra de Vivienda, Catalina Velasco Campuzano, inform\u00f3 que \u201cmientras se adelantan las gestiones requeridas, el Ministerio contin\u00faa recibiendo la documentaci\u00f3n de los hogares y adelantando los procesos de revisi\u00f3n, con el fin de asignar una vez culminen los tr\u00e1mites, a partir del 15 de agosto. Actualmente, se tienen cerca de 7.500 subsidios listos por asignar cuando se tengan disponibles los recursos de la adici\u00f3n en el presupuesto de la entidad\u201d.<\/p>\n\n\n\n<p>El pa\u00eds pas\u00f3 de un ritmo promedio de 33.000 subsidios entre 2018 y 2020, a 50.000, que se garantizar\u00e1n anualmente entre 2023 y 2026. Este a\u00f1o se han asignado 18.592 subsidios, por un valor de $567.205 millones, y se han solicitado 19.103 coberturas, 7.417 para VIP y 11.686 para VIS.<\/p>\n\n\n\n<p>Desde que se reanud\u00f3 la entrega de subsidios de vivienda el pasado 21 de abril, se han asignado cerca de 1.900 subsidios semanales, superando as\u00ed el promedio de 1.200 asignaciones semanales de a\u00f1os anteriores.<\/p>\n\n\n\n<p>El Ministerio de Vivienda invita a los constructores, entidades financieras, entidades de econom\u00eda solidaria, hogares y dem\u00e1s actores que intervienen en el proceso a continuar con los tr\u00e1mites pendientes y radicar las solicitudes. El Gobierno Nacional avanza r\u00e1pidamente en el procedimiento descrito para seguir apoyando a los hogares en su prop\u00f3sito de tener vivienda propia.<\/p>\n\n\n\n<p>Estos son los pasos que se deben seguir, para aplicar al subsidio de vivienda del programa Mi Casa Ya:<\/p>\n\n\n\n<p>\u2022 Seleccionar la vivienda tipo VIS o VIP de su preferencia.<\/p>\n\n\n\n<p>\u2022 Acudir al establecimiento de cr\u00e9dito o entidad de econom\u00eda solidaria de preferencia del hogar, para iniciar el proceso de compra de vivienda.<\/p>\n\n\n\n<p>\u2022 Estas entidades hacen una primera validaci\u00f3n de requisitos a trav\u00e9s de la plataforma que opera el programa, en la que se determina si se cumple con el requisito de Sisb\u00e9n IV, no ser propietario de vivienda y no haber recibido subsidio de vivienda o cobertura anteriormente.<\/p>\n\n\n\n<p>\u2022 En caso de cumplir con estos requisitos, se gestiona el cr\u00e9dito hipotecario o leasing habitacional con el establecimiento de cr\u00e9dito o entidad de econom\u00eda solidaria.<\/p>\n\n\n\n<p>\u2022 Estas entidades realizan el cargue de la documentaci\u00f3n requerida en la plataforma del Ministerio de Vivienda, Ciudad y Territorio.<\/p>\n","protected":false},"excerpt":{"rendered":"<p>En un trabajo conjunto entre el Ministerio de Vivienda, Ciudad y Territorio, el Ministerio de Hacienda y Cr\u00e9dito P\u00fablico y el Departamento Nacional de Planeaci\u00f3n, se adelantan los tr\u00e1mites para incorporar los recursos de la adici\u00f3n presupuestal y retomar, cuanto antes, la asignaci\u00f3n de subsidios del programa Mi Casa Ya. En el marco de la [&hellip;]<\/p>\n","protected":false},"author":2,"featured_media":0,"comment_status":"open","ping_status":"open","sticky":false,"template":"","format":"standard","meta":{"footnotes":""},"categories":[36,32],"tags":[],"class_list":["post-57501","post","type-post","status-publish","format-standard","hentry","category-destacado","category-nacional"],"yoast_head":"<!-- This site is optimized with the Yoast SEO plugin v26.6 - https:\/\/yoast.com\/wordpress\/plugins\/seo\/ -->\n<title>El pr\u00f3ximo 15 agosto se retomar\u00e1 la asignaci\u00f3n de subsidios de Mi Casa Ya -<\/title>\n<meta name=\"robots\" content=\"index, follow, max-snippet:-1, max-image-preview:large, max-video-preview:-1\" \/>\n<link rel=\"canonical\" href=\"https:\/\/luchonoticias.com\/editor\/el-proximo-15-agosto-se-retomara-la-asignacion-de-subsidios-de-mi-casa-ya\/\" \/>\n<meta property=\"og:locale\" content=\"es_ES\" \/>\n<meta property=\"og:type\" content=\"article\" \/>\n<meta property=\"og:title\" content=\"El pr\u00f3ximo 15 agosto se retomar\u00e1 la asignaci\u00f3n de subsidios de Mi Casa Ya -\" \/>\n<meta property=\"og:url\" content=\"https:\/\/luchonoticias.com\/editor\/el-proximo-15-agosto-se-retomara-la-asignacion-de-subsidios-de-mi-casa-ya\/\" \/>\n<meta property=\"article:publisher\" content=\"https:\/\/www.facebook.com\/luchonoticiasneiva\" \/>\n<meta property=\"article:published_time\" content=\"2023-08-01T19:41:48+00:00\" \/>\n<meta property=\"article:modified_time\" content=\"2023-08-01T19:41:49+00:00\" \/>\n<meta name=\"author\" content=\"Editor General\" \/>\n<meta name=\"twitter:card\" content=\"summary_large_image\" \/>\n<meta name=\"twitter:label1\" content=\"Escrito por\" \/>\n\t<meta name=\"twitter:data1\" content=\"Editor General\" \/>\n\t<meta name=\"twitter:label2\" content=\"Tiempo de lectura\" \/>\n\t<meta name=\"twitter:data2\" content=\"2 minutos\" \/>\n<script type=\"application\/ld+json\" class=\"yoast-schema-graph\">{\"@context\":\"https:\/\/schema.org\",\"@graph\":[{\"@type\":\"Article\",\"@id\":\"https:\/\/luchonoticias.com\/editor\/el-proximo-15-agosto-se-retomara-la-asignacion-de-subsidios-de-mi-casa-ya\/#article\",\"isPartOf\":{\"@id\":\"https:\/\/luchonoticias.com\/editor\/el-proximo-15-agosto-se-retomara-la-asignacion-de-subsidios-de-mi-casa-ya\/\"},\"author\":{\"name\":\"Editor General\",\"@id\":\"https:\/\/luchonoticias.com\/editor\/#\/schema\/person\/29217990ddf6f14e35912b2866d591fb\"},\"headline\":\"El pr\u00f3ximo 15 agosto se retomar\u00e1 la asignaci\u00f3n de subsidios de Mi Casa Ya\",\"datePublished\":\"2023-08-01T19:41:48+00:00\",\"dateModified\":\"2023-08-01T19:41:49+00:00\",\"mainEntityOfPage\":{\"@id\":\"https:\/\/luchonoticias.com\/editor\/el-proximo-15-agosto-se-retomara-la-asignacion-de-subsidios-de-mi-casa-ya\/\"},\"wordCount\":477,\"commentCount\":0,\"publisher\":{\"@id\":\"https:\/\/luchonoticias.com\/editor\/#\/schema\/person\/7a7fd911f58561fd056dbac7b55af9cd\"},\"articleSection\":[\"Destacado\",\"Nacional\"],\"inLanguage\":\"es\",\"potentialAction\":[{\"@type\":\"CommentAction\",\"name\":\"Comment\",\"target\":[\"https:\/\/luchonoticias.com\/editor\/el-proximo-15-agosto-se-retomara-la-asignacion-de-subsidios-de-mi-casa-ya\/#respond\"]}]},{\"@type\":\"WebPage\",\"@id\":\"https:\/\/luchonoticias.com\/editor\/el-proximo-15-agosto-se-retomara-la-asignacion-de-subsidios-de-mi-casa-ya\/\",\"url\":\"https:\/\/luchonoticias.com\/editor\/el-proximo-15-agosto-se-retomara-la-asignacion-de-subsidios-de-mi-casa-ya\/\",\"name\":\"El pr\u00f3ximo 15 agosto se retomar\u00e1 la asignaci\u00f3n de subsidios de Mi Casa Ya -\",\"isPartOf\":{\"@id\":\"https:\/\/luchonoticias.com\/editor\/#website\"},\"datePublished\":\"2023-08-01T19:41:48+00:00\",\"dateModified\":\"2023-08-01T19:41:49+00:00\",\"breadcrumb\":{\"@id\":\"https:\/\/luchonoticias.com\/editor\/el-proximo-15-agosto-se-retomara-la-asignacion-de-subsidios-de-mi-casa-ya\/#breadcrumb\"},\"inLanguage\":\"es\",\"potentialAction\":[{\"@type\":\"ReadAction\",\"target\":[\"https:\/\/luchonoticias.com\/editor\/el-proximo-15-agosto-se-retomara-la-asignacion-de-subsidios-de-mi-casa-ya\/\"]}]},{\"@type\":\"BreadcrumbList\",\"@id\":\"https:\/\/luchonoticias.com\/editor\/el-proximo-15-agosto-se-retomara-la-asignacion-de-subsidios-de-mi-casa-ya\/#breadcrumb\",\"itemListElement\":[{\"@type\":\"ListItem\",\"position\":1,\"name\":\"Portada\",\"item\":\"https:\/\/luchonoticias.com\/editor\/\"},{\"@type\":\"ListItem\",\"position\":2,\"name\":\"El pr\u00f3ximo 15 agosto se retomar\u00e1 la asignaci\u00f3n de subsidios de Mi Casa Ya\"}]},{\"@type\":\"WebSite\",\"@id\":\"https:\/\/luchonoticias.com\/editor\/#website\",\"url\":\"https:\/\/luchonoticias.com\/editor\/\",\"name\":\"\",\"description\":\"\",\"publisher\":{\"@id\":\"https:\/\/luchonoticias.com\/editor\/#\/schema\/person\/7a7fd911f58561fd056dbac7b55af9cd\"},\"potentialAction\":[{\"@type\":\"SearchAction\",\"target\":{\"@type\":\"EntryPoint\",\"urlTemplate\":\"https:\/\/luchonoticias.com\/editor\/?s={search_term_string}\"},\"query-input\":{\"@type\":\"PropertyValueSpecification\",\"valueRequired\":true,\"valueName\":\"search_term_string\"}}],\"inLanguage\":\"es\"},{\"@type\":[\"Person\",\"Organization\"],\"@id\":\"https:\/\/luchonoticias.com\/editor\/#\/schema\/person\/7a7fd911f58561fd056dbac7b55af9cd\",\"name\":\"admin\",\"image\":{\"@type\":\"ImageObject\",\"inLanguage\":\"es\",\"@id\":\"https:\/\/luchonoticias.com\/editor\/#\/schema\/person\/image\/\",\"url\":\"https:\/\/luchonoticias.com\/editor\/wp-content\/uploads\/2024\/02\/cropped-cropped-logolu.webp\",\"contentUrl\":\"https:\/\/luchonoticias.com\/editor\/wp-content\/uploads\/2024\/02\/cropped-cropped-logolu.webp\",\"width\":382,\"height\":170,\"caption\":\"admin\"},\"logo\":{\"@id\":\"https:\/\/luchonoticias.com\/editor\/#\/schema\/person\/image\/\"},\"sameAs\":[\"https:\/\/www.facebook.com\/luchonoticiasneiva\"]},{\"@type\":\"Person\",\"@id\":\"https:\/\/luchonoticias.com\/editor\/#\/schema\/person\/29217990ddf6f14e35912b2866d591fb\",\"name\":\"Editor General\",\"image\":{\"@type\":\"ImageObject\",\"inLanguage\":\"es\",\"@id\":\"https:\/\/luchonoticias.com\/editor\/#\/schema\/person\/image\/\",\"url\":\"https:\/\/luchonoticias.com\/editor\/wp-content\/uploads\/2024\/02\/cropped-cropped-logolu-150x150.webp\",\"contentUrl\":\"https:\/\/luchonoticias.com\/editor\/wp-content\/uploads\/2024\/02\/cropped-cropped-logolu-150x150.webp\",\"caption\":\"Editor General\"},\"sameAs\":[\"https:\/\/luchonoticias.com\/\"],\"url\":\"https:\/\/luchonoticias.com\/editor\/author\/editor-general\/\"}]}<\/script>\n<!-- \/ Yoast SEO plugin. -->","yoast_head_json":{"title":"El pr\u00f3ximo 15 agosto se retomar\u00e1 la asignaci\u00f3n de subsidios de Mi Casa Ya -","robots":{"index":"index","follow":"follow","max-snippet":"max-snippet:-1","max-image-preview":"max-image-preview:large","max-video-preview":"max-video-preview:-1"},"canonical":"https:\/\/luchonoticias.com\/editor\/el-proximo-15-agosto-se-retomara-la-asignacion-de-subsidios-de-mi-casa-ya\/","og_locale":"es_ES","og_type":"article","og_title":"El pr\u00f3ximo 15 agosto se retomar\u00e1 la asignaci\u00f3n de subsidios de Mi Casa Ya -","og_url":"https:\/\/luchonoticias.com\/editor\/el-proximo-15-agosto-se-retomara-la-asignacion-de-subsidios-de-mi-casa-ya\/","article_publisher":"https:\/\/www.facebook.com\/luchonoticiasneiva","article_published_time":"2023-08-01T19:41:48+00:00","article_modified_time":"2023-08-01T19:41:49+00:00","author":"Editor General","twitter_card":"summary_large_image","twitter_misc":{"Escrito por":"Editor General","Tiempo de lectura":"2 minutos"},"schema":{"@context":"https:\/\/schema.org","@graph":[{"@type":"Article","@id":"https:\/\/luchonoticias.com\/editor\/el-proximo-15-agosto-se-retomara-la-asignacion-de-subsidios-de-mi-casa-ya\/#article","isPartOf":{"@id":"https:\/\/luchonoticias.com\/editor\/el-proximo-15-agosto-se-retomara-la-asignacion-de-subsidios-de-mi-casa-ya\/"},"author":{"name":"Editor General","@id":"https:\/\/luchonoticias.com\/editor\/#\/schema\/person\/29217990ddf6f14e35912b2866d591fb"},"headline":"El pr\u00f3ximo 15 agosto se retomar\u00e1 la asignaci\u00f3n de subsidios de Mi Casa Ya","datePublished":"2023-08-01T19:41:48+00:00","dateModified":"2023-08-01T19:41:49+00:00","mainEntityOfPage":{"@id":"https:\/\/luchonoticias.com\/editor\/el-proximo-15-agosto-se-retomara-la-asignacion-de-subsidios-de-mi-casa-ya\/"},"wordCount":477,"commentCount":0,"publisher":{"@id":"https:\/\/luchonoticias.com\/editor\/#\/schema\/person\/7a7fd911f58561fd056dbac7b55af9cd"},"articleSection":["Destacado","Nacional"],"inLanguage":"es","potentialAction":[{"@type":"CommentAction","name":"Comment","target":["https:\/\/luchonoticias.com\/editor\/el-proximo-15-agosto-se-retomara-la-asignacion-de-subsidios-de-mi-casa-ya\/#respond"]}]},{"@type":"WebPage","@id":"https:\/\/luchonoticias.com\/editor\/el-proximo-15-agosto-se-retomara-la-asignacion-de-subsidios-de-mi-casa-ya\/","url":"https:\/\/luchonoticias.com\/editor\/el-proximo-15-agosto-se-retomara-la-asignacion-de-subsidios-de-mi-casa-ya\/","name":"El pr\u00f3ximo 15 agosto se retomar\u00e1 la asignaci\u00f3n de subsidios de Mi Casa Ya -","isPartOf":{"@id":"https:\/\/luchonoticias.com\/editor\/#website"},"datePublished":"2023-08-01T19:41:48+00:00","dateModified":"2023-08-01T19:41:49+00:00","breadcrumb":{"@id":"https:\/\/luchonoticias.com\/editor\/el-proximo-15-agosto-se-retomara-la-asignacion-de-subsidios-de-mi-casa-ya\/#breadcrumb"},"inLanguage":"es","potentialAction":[{"@type":"ReadAction","target":["https:\/\/luchonoticias.com\/editor\/el-proximo-15-agosto-se-retomara-la-asignacion-de-subsidios-de-mi-casa-ya\/"]}]},{"@type":"BreadcrumbList","@id":"https:\/\/luchonoticias.com\/editor\/el-proximo-15-agosto-se-retomara-la-asignacion-de-subsidios-de-mi-casa-ya\/#breadcrumb","itemListElement":[{"@type":"ListItem","position":1,"name":"Portada","item":"https:\/\/luchonoticias.com\/editor\/"},{"@type":"ListItem","position":2,"name":"El pr\u00f3ximo 15 agosto se retomar\u00e1 la asignaci\u00f3n de subsidios de Mi Casa Ya"}]},{"@type":"WebSite","@id":"https:\/\/luchonoticias.com\/editor\/#website","url":"https:\/\/luchonoticias.com\/editor\/","name":"","description":"","publisher":{"@id":"https:\/\/luchonoticias.com\/editor\/#\/schema\/person\/7a7fd911f58561fd056dbac7b55af9cd"},"potentialAction":[{"@type":"SearchAction","target":{"@type":"EntryPoint","urlTemplate":"https:\/\/luchonoticias.com\/editor\/?s={search_term_string}"},"query-input":{"@type":"PropertyValueSpecification","valueRequired":true,"valueName":"search_term_string"}}],"inLanguage":"es"},{"@type":["Person","Organization"],"@id":"https:\/\/luchonoticias.com\/editor\/#\/schema\/person\/7a7fd911f58561fd056dbac7b55af9cd","name":"admin","image":{"@type":"ImageObject","inLanguage":"es","@id":"https:\/\/luchonoticias.com\/editor\/#\/schema\/person\/image\/","url":"https:\/\/luchonoticias.com\/editor\/wp-content\/uploads\/2024\/02\/cropped-cropped-logolu.webp","contentUrl":"https:\/\/luchonoticias.com\/editor\/wp-content\/uploads\/2024\/02\/cropped-cropped-logolu.webp","width":382,"height":170,"caption":"admin"},"logo":{"@id":"https:\/\/luchonoticias.com\/editor\/#\/schema\/person\/image\/"},"sameAs":["https:\/\/www.facebook.com\/luchonoticiasneiva"]},{"@type":"Person","@id":"https:\/\/luchonoticias.com\/editor\/#\/schema\/person\/29217990ddf6f14e35912b2866d591fb","name":"Editor General","image":{"@type":"ImageObject","inLanguage":"es","@id":"https:\/\/luchonoticias.com\/editor\/#\/schema\/person\/image\/","url":"https:\/\/luchonoticias.com\/editor\/wp-content\/uploads\/2024\/02\/cropped-cropped-logolu-150x150.webp","contentUrl":"https:\/\/luchonoticias.com\/editor\/wp-content\/uploads\/2024\/02\/cropped-cropped-logolu-150x150.webp","caption":"Editor General"},"sameAs":["https:\/\/luchonoticias.com\/"],"url":"https:\/\/luchonoticias.com\/editor\/author\/editor-general\/"}]}},"_links":{"self":[{"href":"https:\/\/luchonoticias.com\/editor\/wp-json\/wp\/v2\/posts\/57501","targetHints":{"allow":["GET"]}}],"collection":[{"href":"https:\/\/luchonoticias.com\/editor\/wp-json\/wp\/v2\/posts"}],"about":[{"href":"https:\/\/luchonoticias.com\/editor\/wp-json\/wp\/v2\/types\/post"}],"author":[{"embeddable":true,"href":"https:\/\/luchonoticias.com\/editor\/wp-json\/wp\/v2\/users\/2"}],"replies":[{"embeddable":true,"href":"https:\/\/luchonoticias.com\/editor\/wp-json\/wp\/v2\/comments?post=57501"}],"version-history":[{"count":0,"href":"https:\/\/luchonoticias.com\/editor\/wp-json\/wp\/v2\/posts\/57501\/revisions"}],"wp:attachment":[{"href":"https:\/\/luchonoticias.com\/editor\/wp-json\/wp\/v2\/media?parent=57501"}],"wp:term":[{"taxonomy":"category","embeddable":true,"href":"https:\/\/luchonoticias.com\/editor\/wp-json\/wp\/v2\/categories?post=57501"},{"taxonomy":"post_tag","embeddable":true,"href":"https:\/\/luchonoticias.com\/editor\/wp-json\/wp\/v2\/tags?post=57501"}],"curies":[{"name":"wp","href":"https:\/\/api.w.org\/{rel}","templated":true}]}}