{"id":57537,"date":"2023-08-02T07:25:51","date_gmt":"2023-08-02T12:25:51","guid":{"rendered":"https:\/\/luchonoticias.com\/?p=57537"},"modified":"2023-08-02T07:25:54","modified_gmt":"2023-08-02T12:25:54","slug":"comision-segunda-de-senado-debatira-sobre-la-seguridad-del-pais","status":"publish","type":"post","link":"https:\/\/luchonoticias.com\/editor\/comision-segunda-de-senado-debatira-sobre-la-seguridad-del-pais\/","title":{"rendered":"Comisi\u00f3n Segunda de Senado debatir\u00e1 sobre la seguridad del pa\u00eds"},"content":{"rendered":"\n<p>La Comisi\u00f3n Segunda del Senado de la Rep\u00fablica, presidida por el&nbsp;<strong>senador Liberal Lidio Garc\u00eda,&nbsp;<\/strong>se llev\u00f3 a cabo la sesi\u00f3n ordinaria, donde se aprobaron las actas n\u00fameros 21,22,y 23 de marzo del presente a\u00f1o.<\/p>\n\n\n\n<p>As\u00ed mismo el&nbsp;<strong>senador Nicolas Echeverry Albar\u00e1n (Partido Conservador)<\/strong>&nbsp;solicit\u00f3 que, en el marco de la pol\u00edtica p\u00fablica de seguridad y la paz como derecho fundamental, se cite a debate de control pol\u00edtico a los Ministerios de Defensa Nacional, del Interior, al Alto Comisionado de paz, a la Federaci\u00f3n Nacional de Departamentos., debido a los delicados hechos de inseguridad en las distintas regiones del pa\u00eds.<\/p>\n\n\n\n<p>Por su parte el congresista&nbsp;<strong>Oscar<\/strong>&nbsp;<strong>Mauricio Giraldo (Conservador)<\/strong>&nbsp;present\u00f3 la proposici\u00f3n para citar al ministro de Relaciones Exteriores, con el fin de que rinda informe ante los miembros de la c\u00e9lula legislativa, sobre la situaci\u00f3n de la fabricaci\u00f3n de los pasaportes.<\/p>\n\n\n\n<p>De la misma manera la&nbsp;<strong>legisladora Gloria Fl\u00f3rez(Pacto Hist\u00f3rico)<\/strong>, propuso que se cite a debate a la Vice Canciller, para que rinda informe sobre el fallo de la Corte Internacional de Justicia de la Haya, en el caso de San Andr\u00e9s y Providencia, \u201ccon el fin de &nbsp;hacerle un acompa\u00f1amiento a las poblaciones raizales\u201d, afirm\u00f3 la senadora.<\/p>\n\n\n\n<p>La comisi\u00f3n sesionar\u00e1 el pr\u00f3ximo martes 8 de agosto, a las 10:00 de la ma\u00f1ana.<\/p>\n","protected":false},"excerpt":{"rendered":"<p>La Comisi\u00f3n Segunda del Senado de la Rep\u00fablica, presidida por el&nbsp;senador Liberal Lidio Garc\u00eda,&nbsp;se llev\u00f3 a cabo la sesi\u00f3n ordinaria, donde se aprobaron las actas n\u00fameros 21,22,y 23 de marzo del presente a\u00f1o. As\u00ed mismo el&nbsp;senador Nicolas Echeverry Albar\u00e1n (Partido Conservador)&nbsp;solicit\u00f3 que, en el marco de la pol\u00edtica p\u00fablica de seguridad y la paz como [&hellip;]<\/p>\n","protected":false},"author":2,"featured_media":0,"comment_status":"open","ping_status":"open","sticky":false,"template":"","format":"standard","meta":{"footnotes":""},"categories":[36,617],"tags":[],"class_list":["post-57537","post","type-post","status-publish","format-standard","hentry","category-destacado","category-politica"],"yoast_head":"<!-- This site is optimized with the Yoast SEO plugin v26.6 - https:\/\/yoast.com\/wordpress\/plugins\/seo\/ -->\n<title>Comisi\u00f3n Segunda de Senado debatir\u00e1 sobre la seguridad del pa\u00eds -<\/title>\n<meta name=\"robots\" content=\"index, follow, max-snippet:-1, max-image-preview:large, max-video-preview:-1\" \/>\n<link rel=\"canonical\" href=\"https:\/\/luchonoticias.com\/editor\/comision-segunda-de-senado-debatira-sobre-la-seguridad-del-pais\/\" \/>\n<meta property=\"og:locale\" content=\"es_ES\" \/>\n<meta property=\"og:type\" content=\"article\" \/>\n<meta property=\"og:title\" content=\"Comisi\u00f3n Segunda de Senado debatir\u00e1 sobre la seguridad del pa\u00eds -\" \/>\n<meta property=\"og:url\" content=\"https:\/\/luchonoticias.com\/editor\/comision-segunda-de-senado-debatira-sobre-la-seguridad-del-pais\/\" \/>\n<meta property=\"article:publisher\" content=\"https:\/\/www.facebook.com\/luchonoticiasneiva\" \/>\n<meta property=\"article:published_time\" content=\"2023-08-02T12:25:51+00:00\" \/>\n<meta property=\"article:modified_time\" content=\"2023-08-02T12:25:54+00:00\" \/>\n<meta name=\"author\" content=\"Editor General\" \/>\n<meta name=\"twitter:card\" content=\"summary_large_image\" \/>\n<meta name=\"twitter:label1\" content=\"Escrito por\" \/>\n\t<meta name=\"twitter:data1\" content=\"Editor General\" \/>\n\t<meta name=\"twitter:label2\" content=\"Tiempo de lectura\" \/>\n\t<meta name=\"twitter:data2\" content=\"1 minuto\" \/>\n<script type=\"application\/ld+json\" class=\"yoast-schema-graph\">{\"@context\":\"https:\/\/schema.org\",\"@graph\":[{\"@type\":\"Article\",\"@id\":\"https:\/\/luchonoticias.com\/editor\/comision-segunda-de-senado-debatira-sobre-la-seguridad-del-pais\/#article\",\"isPartOf\":{\"@id\":\"https:\/\/luchonoticias.com\/editor\/comision-segunda-de-senado-debatira-sobre-la-seguridad-del-pais\/\"},\"author\":{\"name\":\"Editor General\",\"@id\":\"https:\/\/luchonoticias.com\/editor\/#\/schema\/person\/29217990ddf6f14e35912b2866d591fb\"},\"headline\":\"Comisi\u00f3n Segunda de Senado debatir\u00e1 sobre la seguridad del pa\u00eds\",\"datePublished\":\"2023-08-02T12:25:51+00:00\",\"dateModified\":\"2023-08-02T12:25:54+00:00\",\"mainEntityOfPage\":{\"@id\":\"https:\/\/luchonoticias.com\/editor\/comision-segunda-de-senado-debatira-sobre-la-seguridad-del-pais\/\"},\"wordCount\":256,\"commentCount\":0,\"publisher\":{\"@id\":\"https:\/\/luchonoticias.com\/editor\/#\/schema\/person\/7a7fd911f58561fd056dbac7b55af9cd\"},\"articleSection\":[\"Destacado\",\"Pol\u00edtica\"],\"inLanguage\":\"es\",\"potentialAction\":[{\"@type\":\"CommentAction\",\"name\":\"Comment\",\"target\":[\"https:\/\/luchonoticias.com\/editor\/comision-segunda-de-senado-debatira-sobre-la-seguridad-del-pais\/#respond\"]}]},{\"@type\":\"WebPage\",\"@id\":\"https:\/\/luchonoticias.com\/editor\/comision-segunda-de-senado-debatira-sobre-la-seguridad-del-pais\/\",\"url\":\"https:\/\/luchonoticias.com\/editor\/comision-segunda-de-senado-debatira-sobre-la-seguridad-del-pais\/\",\"name\":\"Comisi\u00f3n Segunda de Senado debatir\u00e1 sobre la seguridad del pa\u00eds -\",\"isPartOf\":{\"@id\":\"https:\/\/luchonoticias.com\/editor\/#website\"},\"datePublished\":\"2023-08-02T12:25:51+00:00\",\"dateModified\":\"2023-08-02T12:25:54+00:00\",\"breadcrumb\":{\"@id\":\"https:\/\/luchonoticias.com\/editor\/comision-segunda-de-senado-debatira-sobre-la-seguridad-del-pais\/#breadcrumb\"},\"inLanguage\":\"es\",\"potentialAction\":[{\"@type\":\"ReadAction\",\"target\":[\"https:\/\/luchonoticias.com\/editor\/comision-segunda-de-senado-debatira-sobre-la-seguridad-del-pais\/\"]}]},{\"@type\":\"BreadcrumbList\",\"@id\":\"https:\/\/luchonoticias.com\/editor\/comision-segunda-de-senado-debatira-sobre-la-seguridad-del-pais\/#breadcrumb\",\"itemListElement\":[{\"@type\":\"ListItem\",\"position\":1,\"name\":\"Portada\",\"item\":\"https:\/\/luchonoticias.com\/editor\/\"},{\"@type\":\"ListItem\",\"position\":2,\"name\":\"Comisi\u00f3n Segunda de Senado debatir\u00e1 sobre la seguridad del pa\u00eds\"}]},{\"@type\":\"WebSite\",\"@id\":\"https:\/\/luchonoticias.com\/editor\/#website\",\"url\":\"https:\/\/luchonoticias.com\/editor\/\",\"name\":\"\",\"description\":\"\",\"publisher\":{\"@id\":\"https:\/\/luchonoticias.com\/editor\/#\/schema\/person\/7a7fd911f58561fd056dbac7b55af9cd\"},\"potentialAction\":[{\"@type\":\"SearchAction\",\"target\":{\"@type\":\"EntryPoint\",\"urlTemplate\":\"https:\/\/luchonoticias.com\/editor\/?s={search_term_string}\"},\"query-input\":{\"@type\":\"PropertyValueSpecification\",\"valueRequired\":true,\"valueName\":\"search_term_string\"}}],\"inLanguage\":\"es\"},{\"@type\":[\"Person\",\"Organization\"],\"@id\":\"https:\/\/luchonoticias.com\/editor\/#\/schema\/person\/7a7fd911f58561fd056dbac7b55af9cd\",\"name\":\"admin\",\"image\":{\"@type\":\"ImageObject\",\"inLanguage\":\"es\",\"@id\":\"https:\/\/luchonoticias.com\/editor\/#\/schema\/person\/image\/\",\"url\":\"https:\/\/luchonoticias.com\/editor\/wp-content\/uploads\/2024\/02\/cropped-cropped-logolu.webp\",\"contentUrl\":\"https:\/\/luchonoticias.com\/editor\/wp-content\/uploads\/2024\/02\/cropped-cropped-logolu.webp\",\"width\":382,\"height\":170,\"caption\":\"admin\"},\"logo\":{\"@id\":\"https:\/\/luchonoticias.com\/editor\/#\/schema\/person\/image\/\"},\"sameAs\":[\"https:\/\/www.facebook.com\/luchonoticiasneiva\"]},{\"@type\":\"Person\",\"@id\":\"https:\/\/luchonoticias.com\/editor\/#\/schema\/person\/29217990ddf6f14e35912b2866d591fb\",\"name\":\"Editor General\",\"image\":{\"@type\":\"ImageObject\",\"inLanguage\":\"es\",\"@id\":\"https:\/\/luchonoticias.com\/editor\/#\/schema\/person\/image\/\",\"url\":\"https:\/\/luchonoticias.com\/editor\/wp-content\/uploads\/2024\/02\/cropped-cropped-logolu-150x150.webp\",\"contentUrl\":\"https:\/\/luchonoticias.com\/editor\/wp-content\/uploads\/2024\/02\/cropped-cropped-logolu-150x150.webp\",\"caption\":\"Editor General\"},\"sameAs\":[\"https:\/\/luchonoticias.com\/\"],\"url\":\"https:\/\/luchonoticias.com\/editor\/author\/editor-general\/\"}]}<\/script>\n<!-- \/ Yoast SEO plugin. -->","yoast_head_json":{"title":"Comisi\u00f3n Segunda de Senado debatir\u00e1 sobre la seguridad del pa\u00eds -","robots":{"index":"index","follow":"follow","max-snippet":"max-snippet:-1","max-image-preview":"max-image-preview:large","max-video-preview":"max-video-preview:-1"},"canonical":"https:\/\/luchonoticias.com\/editor\/comision-segunda-de-senado-debatira-sobre-la-seguridad-del-pais\/","og_locale":"es_ES","og_type":"article","og_title":"Comisi\u00f3n Segunda de Senado debatir\u00e1 sobre la seguridad del pa\u00eds -","og_url":"https:\/\/luchonoticias.com\/editor\/comision-segunda-de-senado-debatira-sobre-la-seguridad-del-pais\/","article_publisher":"https:\/\/www.facebook.com\/luchonoticiasneiva","article_published_time":"2023-08-02T12:25:51+00:00","article_modified_time":"2023-08-02T12:25:54+00:00","author":"Editor General","twitter_card":"summary_large_image","twitter_misc":{"Escrito por":"Editor General","Tiempo de lectura":"1 minuto"},"schema":{"@context":"https:\/\/schema.org","@graph":[{"@type":"Article","@id":"https:\/\/luchonoticias.com\/editor\/comision-segunda-de-senado-debatira-sobre-la-seguridad-del-pais\/#article","isPartOf":{"@id":"https:\/\/luchonoticias.com\/editor\/comision-segunda-de-senado-debatira-sobre-la-seguridad-del-pais\/"},"author":{"name":"Editor General","@id":"https:\/\/luchonoticias.com\/editor\/#\/schema\/person\/29217990ddf6f14e35912b2866d591fb"},"headline":"Comisi\u00f3n Segunda de Senado debatir\u00e1 sobre la seguridad del pa\u00eds","datePublished":"2023-08-02T12:25:51+00:00","dateModified":"2023-08-02T12:25:54+00:00","mainEntityOfPage":{"@id":"https:\/\/luchonoticias.com\/editor\/comision-segunda-de-senado-debatira-sobre-la-seguridad-del-pais\/"},"wordCount":256,"commentCount":0,"publisher":{"@id":"https:\/\/luchonoticias.com\/editor\/#\/schema\/person\/7a7fd911f58561fd056dbac7b55af9cd"},"articleSection":["Destacado","Pol\u00edtica"],"inLanguage":"es","potentialAction":[{"@type":"CommentAction","name":"Comment","target":["https:\/\/luchonoticias.com\/editor\/comision-segunda-de-senado-debatira-sobre-la-seguridad-del-pais\/#respond"]}]},{"@type":"WebPage","@id":"https:\/\/luchonoticias.com\/editor\/comision-segunda-de-senado-debatira-sobre-la-seguridad-del-pais\/","url":"https:\/\/luchonoticias.com\/editor\/comision-segunda-de-senado-debatira-sobre-la-seguridad-del-pais\/","name":"Comisi\u00f3n Segunda de Senado debatir\u00e1 sobre la seguridad del pa\u00eds -","isPartOf":{"@id":"https:\/\/luchonoticias.com\/editor\/#website"},"datePublished":"2023-08-02T12:25:51+00:00","dateModified":"2023-08-02T12:25:54+00:00","breadcrumb":{"@id":"https:\/\/luchonoticias.com\/editor\/comision-segunda-de-senado-debatira-sobre-la-seguridad-del-pais\/#breadcrumb"},"inLanguage":"es","potentialAction":[{"@type":"ReadAction","target":["https:\/\/luchonoticias.com\/editor\/comision-segunda-de-senado-debatira-sobre-la-seguridad-del-pais\/"]}]},{"@type":"BreadcrumbList","@id":"https:\/\/luchonoticias.com\/editor\/comision-segunda-de-senado-debatira-sobre-la-seguridad-del-pais\/#breadcrumb","itemListElement":[{"@type":"ListItem","position":1,"name":"Portada","item":"https:\/\/luchonoticias.com\/editor\/"},{"@type":"ListItem","position":2,"name":"Comisi\u00f3n Segunda de Senado debatir\u00e1 sobre la seguridad del pa\u00eds"}]},{"@type":"WebSite","@id":"https:\/\/luchonoticias.com\/editor\/#website","url":"https:\/\/luchonoticias.com\/editor\/","name":"","description":"","publisher":{"@id":"https:\/\/luchonoticias.com\/editor\/#\/schema\/person\/7a7fd911f58561fd056dbac7b55af9cd"},"potentialAction":[{"@type":"SearchAction","target":{"@type":"EntryPoint","urlTemplate":"https:\/\/luchonoticias.com\/editor\/?s={search_term_string}"},"query-input":{"@type":"PropertyValueSpecification","valueRequired":true,"valueName":"search_term_string"}}],"inLanguage":"es"},{"@type":["Person","Organization"],"@id":"https:\/\/luchonoticias.com\/editor\/#\/schema\/person\/7a7fd911f58561fd056dbac7b55af9cd","name":"admin","image":{"@type":"ImageObject","inLanguage":"es","@id":"https:\/\/luchonoticias.com\/editor\/#\/schema\/person\/image\/","url":"https:\/\/luchonoticias.com\/editor\/wp-content\/uploads\/2024\/02\/cropped-cropped-logolu.webp","contentUrl":"https:\/\/luchonoticias.com\/editor\/wp-content\/uploads\/2024\/02\/cropped-cropped-logolu.webp","width":382,"height":170,"caption":"admin"},"logo":{"@id":"https:\/\/luchonoticias.com\/editor\/#\/schema\/person\/image\/"},"sameAs":["https:\/\/www.facebook.com\/luchonoticiasneiva"]},{"@type":"Person","@id":"https:\/\/luchonoticias.com\/editor\/#\/schema\/person\/29217990ddf6f14e35912b2866d591fb","name":"Editor General","image":{"@type":"ImageObject","inLanguage":"es","@id":"https:\/\/luchonoticias.com\/editor\/#\/schema\/person\/image\/","url":"https:\/\/luchonoticias.com\/editor\/wp-content\/uploads\/2024\/02\/cropped-cropped-logolu-150x150.webp","contentUrl":"https:\/\/luchonoticias.com\/editor\/wp-content\/uploads\/2024\/02\/cropped-cropped-logolu-150x150.webp","caption":"Editor General"},"sameAs":["https:\/\/luchonoticias.com\/"],"url":"https:\/\/luchonoticias.com\/editor\/author\/editor-general\/"}]}},"_links":{"self":[{"href":"https:\/\/luchonoticias.com\/editor\/wp-json\/wp\/v2\/posts\/57537","targetHints":{"allow":["GET"]}}],"collection":[{"href":"https:\/\/luchonoticias.com\/editor\/wp-json\/wp\/v2\/posts"}],"about":[{"href":"https:\/\/luchonoticias.com\/editor\/wp-json\/wp\/v2\/types\/post"}],"author":[{"embeddable":true,"href":"https:\/\/luchonoticias.com\/editor\/wp-json\/wp\/v2\/users\/2"}],"replies":[{"embeddable":true,"href":"https:\/\/luchonoticias.com\/editor\/wp-json\/wp\/v2\/comments?post=57537"}],"version-history":[{"count":0,"href":"https:\/\/luchonoticias.com\/editor\/wp-json\/wp\/v2\/posts\/57537\/revisions"}],"wp:attachment":[{"href":"https:\/\/luchonoticias.com\/editor\/wp-json\/wp\/v2\/media?parent=57537"}],"wp:term":[{"taxonomy":"category","embeddable":true,"href":"https:\/\/luchonoticias.com\/editor\/wp-json\/wp\/v2\/categories?post=57537"},{"taxonomy":"post_tag","embeddable":true,"href":"https:\/\/luchonoticias.com\/editor\/wp-json\/wp\/v2\/tags?post=57537"}],"curies":[{"name":"wp","href":"https:\/\/api.w.org\/{rel}","templated":true}]}}