{"id":57543,"date":"2023-08-02T14:03:44","date_gmt":"2023-08-02T19:03:44","guid":{"rendered":"https:\/\/luchonoticias.com\/?p=57543"},"modified":"2023-08-02T14:03:48","modified_gmt":"2023-08-02T19:03:48","slug":"capturadas-dos-personas-transportando-mediante-la-modalidad-de-caleta-mas-de-32-mil-gramos-de-cocaina","status":"publish","type":"post","link":"https:\/\/luchonoticias.com\/editor\/capturadas-dos-personas-transportando-mediante-la-modalidad-de-caleta-mas-de-32-mil-gramos-de-cocaina\/","title":{"rendered":"Capturadas dos personas transportando mediante la modalidad de caleta, m\u00e1s de 32 mil  gramos de coca\u00edna."},"content":{"rendered":"\n<p>La Polic\u00eda Metropolitana de Neiva, gracias a la pericia y profesionalismo de sus hombres y mujeres adscritos a la seccional de Tr\u00e1nsito y Transporte, logra, sobre el eje vial que conduce de la ciudad de Neiva al municipio de Castilla, espec\u00edficamente a la altura del Peaje El Pata, dos importantes resultados en contra de las organizaciones delincuenciales dedicadas al tr\u00e1fico de estupefacientes.<\/p>\n\n\n\n<p>Es as\u00ed, como en desarrollo de planes de control y acompa\u00f1amiento en las v\u00edas, el personal de la Seccional de Tr\u00e1nsito logra, en el primer caso, la captura de un hombre de 51 a\u00f1os de edad, quien transportaba en el plat\u00f3n de una Camioneta Toyota Hilux modelo 2021, mediante la modalidad de ocultamiento; 22 paquetes rectangulares, que en su interior conten\u00edan m\u00e1s de 22 kilos de Clorhidrato de Coca\u00edna.<\/p>\n\n\n\n<p>Igualmente, en un segundo caso, materializan la captura de un hombre de 36 a\u00f1os de edad, quien transportaba mediante la modalidad de caleta, en los estribos de un veh\u00edculo marca Ford Fiesta modelo 2011; 17 paquetes con 10 kilos de base de coca.<\/p>\n\n\n\n<p>Estos 32 kilos de sustancia derivada de la coca\u00edna ten\u00edan como destino el centro del pa\u00eds, lugar en el cual, dosificada, podr\u00eda alcanzar un valor en el mercado ilegal, superior a los 270 millones de pesos.<\/p>\n\n\n\n<p>El se\u00f1or coronel Domingo Alfredo L\u00f3pez Dales, comandante de la Polic\u00eda Metropolitana de Neiva, se\u00f1ala: \u201cDe esta forma, con la captura de estas personas y la incautaci\u00f3n de los 2 veh\u00edculos y la sustancia estupefaciente, afectamos de manera directa estas organizaciones narcotraficantes, que pretenden utilizar las v\u00edas del departamento para el tr\u00e1nsito de este tipo de sustancias, que tanto afecta la sociedad colombiana.\u201d<\/p>\n\n\n\n<p>La Polic\u00eda Nacional invita a la ciudadan\u00eda a brindar informaci\u00f3n que permita seguir arrojando tan importantes resultados en favor de la seguridad, comunic\u00e1ndose a trav\u00e9s de las l\u00edneas 123 o 167 antidrogas, donde con absoluta reserva, el personal policial administrar\u00e1 la misma.<\/p>\n","protected":false},"excerpt":{"rendered":"<p>La Polic\u00eda Metropolitana de Neiva, gracias a la pericia y profesionalismo de sus hombres y mujeres adscritos a la seccional de Tr\u00e1nsito y Transporte, logra, sobre el eje vial que conduce de la ciudad de Neiva al municipio de Castilla, espec\u00edficamente a la altura del Peaje El Pata, dos importantes resultados en contra de las [&hellip;]<\/p>\n","protected":false},"author":2,"featured_media":0,"comment_status":"open","ping_status":"open","sticky":false,"template":"","format":"standard","meta":{"footnotes":""},"categories":[36,29],"tags":[],"class_list":["post-57543","post","type-post","status-publish","format-standard","hentry","category-destacado","category-judicial"],"yoast_head":"<!-- This site is optimized with the Yoast SEO plugin v26.6 - https:\/\/yoast.com\/wordpress\/plugins\/seo\/ -->\n<title>Capturadas dos personas transportando mediante la modalidad de caleta, m\u00e1s de 32 mil gramos de coca\u00edna. -<\/title>\n<meta name=\"robots\" content=\"index, follow, max-snippet:-1, max-image-preview:large, max-video-preview:-1\" \/>\n<link rel=\"canonical\" href=\"https:\/\/luchonoticias.com\/editor\/capturadas-dos-personas-transportando-mediante-la-modalidad-de-caleta-mas-de-32-mil-gramos-de-cocaina\/\" \/>\n<meta property=\"og:locale\" content=\"es_ES\" \/>\n<meta property=\"og:type\" content=\"article\" \/>\n<meta property=\"og:title\" content=\"Capturadas dos personas transportando mediante la modalidad de caleta, m\u00e1s de 32 mil gramos de coca\u00edna. -\" \/>\n<meta property=\"og:url\" content=\"https:\/\/luchonoticias.com\/editor\/capturadas-dos-personas-transportando-mediante-la-modalidad-de-caleta-mas-de-32-mil-gramos-de-cocaina\/\" \/>\n<meta property=\"article:publisher\" content=\"https:\/\/www.facebook.com\/luchonoticiasneiva\" \/>\n<meta property=\"article:published_time\" content=\"2023-08-02T19:03:44+00:00\" \/>\n<meta property=\"article:modified_time\" content=\"2023-08-02T19:03:48+00:00\" \/>\n<meta name=\"author\" content=\"Editor General\" \/>\n<meta name=\"twitter:card\" content=\"summary_large_image\" \/>\n<meta name=\"twitter:label1\" content=\"Escrito por\" \/>\n\t<meta name=\"twitter:data1\" content=\"Editor General\" \/>\n\t<meta name=\"twitter:label2\" content=\"Tiempo de lectura\" \/>\n\t<meta name=\"twitter:data2\" content=\"2 minutos\" \/>\n<script type=\"application\/ld+json\" class=\"yoast-schema-graph\">{\"@context\":\"https:\/\/schema.org\",\"@graph\":[{\"@type\":\"Article\",\"@id\":\"https:\/\/luchonoticias.com\/editor\/capturadas-dos-personas-transportando-mediante-la-modalidad-de-caleta-mas-de-32-mil-gramos-de-cocaina\/#article\",\"isPartOf\":{\"@id\":\"https:\/\/luchonoticias.com\/editor\/capturadas-dos-personas-transportando-mediante-la-modalidad-de-caleta-mas-de-32-mil-gramos-de-cocaina\/\"},\"author\":{\"name\":\"Editor General\",\"@id\":\"https:\/\/luchonoticias.com\/editor\/#\/schema\/person\/29217990ddf6f14e35912b2866d591fb\"},\"headline\":\"Capturadas dos personas transportando mediante la modalidad de caleta, m\u00e1s de 32 mil gramos de coca\u00edna.\",\"datePublished\":\"2023-08-02T19:03:44+00:00\",\"dateModified\":\"2023-08-02T19:03:48+00:00\",\"mainEntityOfPage\":{\"@id\":\"https:\/\/luchonoticias.com\/editor\/capturadas-dos-personas-transportando-mediante-la-modalidad-de-caleta-mas-de-32-mil-gramos-de-cocaina\/\"},\"wordCount\":351,\"commentCount\":0,\"publisher\":{\"@id\":\"https:\/\/luchonoticias.com\/editor\/#\/schema\/person\/7a7fd911f58561fd056dbac7b55af9cd\"},\"articleSection\":[\"Destacado\",\"Judicial\"],\"inLanguage\":\"es\",\"potentialAction\":[{\"@type\":\"CommentAction\",\"name\":\"Comment\",\"target\":[\"https:\/\/luchonoticias.com\/editor\/capturadas-dos-personas-transportando-mediante-la-modalidad-de-caleta-mas-de-32-mil-gramos-de-cocaina\/#respond\"]}]},{\"@type\":\"WebPage\",\"@id\":\"https:\/\/luchonoticias.com\/editor\/capturadas-dos-personas-transportando-mediante-la-modalidad-de-caleta-mas-de-32-mil-gramos-de-cocaina\/\",\"url\":\"https:\/\/luchonoticias.com\/editor\/capturadas-dos-personas-transportando-mediante-la-modalidad-de-caleta-mas-de-32-mil-gramos-de-cocaina\/\",\"name\":\"Capturadas dos personas transportando mediante la modalidad de caleta, m\u00e1s de 32 mil gramos de coca\u00edna. -\",\"isPartOf\":{\"@id\":\"https:\/\/luchonoticias.com\/editor\/#website\"},\"datePublished\":\"2023-08-02T19:03:44+00:00\",\"dateModified\":\"2023-08-02T19:03:48+00:00\",\"breadcrumb\":{\"@id\":\"https:\/\/luchonoticias.com\/editor\/capturadas-dos-personas-transportando-mediante-la-modalidad-de-caleta-mas-de-32-mil-gramos-de-cocaina\/#breadcrumb\"},\"inLanguage\":\"es\",\"potentialAction\":[{\"@type\":\"ReadAction\",\"target\":[\"https:\/\/luchonoticias.com\/editor\/capturadas-dos-personas-transportando-mediante-la-modalidad-de-caleta-mas-de-32-mil-gramos-de-cocaina\/\"]}]},{\"@type\":\"BreadcrumbList\",\"@id\":\"https:\/\/luchonoticias.com\/editor\/capturadas-dos-personas-transportando-mediante-la-modalidad-de-caleta-mas-de-32-mil-gramos-de-cocaina\/#breadcrumb\",\"itemListElement\":[{\"@type\":\"ListItem\",\"position\":1,\"name\":\"Portada\",\"item\":\"https:\/\/luchonoticias.com\/editor\/\"},{\"@type\":\"ListItem\",\"position\":2,\"name\":\"Capturadas dos personas transportando mediante la modalidad de caleta, m\u00e1s de 32 mil gramos de coca\u00edna.\"}]},{\"@type\":\"WebSite\",\"@id\":\"https:\/\/luchonoticias.com\/editor\/#website\",\"url\":\"https:\/\/luchonoticias.com\/editor\/\",\"name\":\"\",\"description\":\"\",\"publisher\":{\"@id\":\"https:\/\/luchonoticias.com\/editor\/#\/schema\/person\/7a7fd911f58561fd056dbac7b55af9cd\"},\"potentialAction\":[{\"@type\":\"SearchAction\",\"target\":{\"@type\":\"EntryPoint\",\"urlTemplate\":\"https:\/\/luchonoticias.com\/editor\/?s={search_term_string}\"},\"query-input\":{\"@type\":\"PropertyValueSpecification\",\"valueRequired\":true,\"valueName\":\"search_term_string\"}}],\"inLanguage\":\"es\"},{\"@type\":[\"Person\",\"Organization\"],\"@id\":\"https:\/\/luchonoticias.com\/editor\/#\/schema\/person\/7a7fd911f58561fd056dbac7b55af9cd\",\"name\":\"admin\",\"image\":{\"@type\":\"ImageObject\",\"inLanguage\":\"es\",\"@id\":\"https:\/\/luchonoticias.com\/editor\/#\/schema\/person\/image\/\",\"url\":\"https:\/\/luchonoticias.com\/editor\/wp-content\/uploads\/2024\/02\/cropped-cropped-logolu.webp\",\"contentUrl\":\"https:\/\/luchonoticias.com\/editor\/wp-content\/uploads\/2024\/02\/cropped-cropped-logolu.webp\",\"width\":382,\"height\":170,\"caption\":\"admin\"},\"logo\":{\"@id\":\"https:\/\/luchonoticias.com\/editor\/#\/schema\/person\/image\/\"},\"sameAs\":[\"https:\/\/www.facebook.com\/luchonoticiasneiva\"]},{\"@type\":\"Person\",\"@id\":\"https:\/\/luchonoticias.com\/editor\/#\/schema\/person\/29217990ddf6f14e35912b2866d591fb\",\"name\":\"Editor General\",\"image\":{\"@type\":\"ImageObject\",\"inLanguage\":\"es\",\"@id\":\"https:\/\/luchonoticias.com\/editor\/#\/schema\/person\/image\/\",\"url\":\"https:\/\/luchonoticias.com\/editor\/wp-content\/uploads\/2024\/02\/cropped-cropped-logolu-150x150.webp\",\"contentUrl\":\"https:\/\/luchonoticias.com\/editor\/wp-content\/uploads\/2024\/02\/cropped-cropped-logolu-150x150.webp\",\"caption\":\"Editor General\"},\"sameAs\":[\"https:\/\/luchonoticias.com\/\"],\"url\":\"https:\/\/luchonoticias.com\/editor\/author\/editor-general\/\"}]}<\/script>\n<!-- \/ Yoast SEO plugin. -->","yoast_head_json":{"title":"Capturadas dos personas transportando mediante la modalidad de caleta, m\u00e1s de 32 mil gramos de coca\u00edna. -","robots":{"index":"index","follow":"follow","max-snippet":"max-snippet:-1","max-image-preview":"max-image-preview:large","max-video-preview":"max-video-preview:-1"},"canonical":"https:\/\/luchonoticias.com\/editor\/capturadas-dos-personas-transportando-mediante-la-modalidad-de-caleta-mas-de-32-mil-gramos-de-cocaina\/","og_locale":"es_ES","og_type":"article","og_title":"Capturadas dos personas transportando mediante la modalidad de caleta, m\u00e1s de 32 mil gramos de coca\u00edna. -","og_url":"https:\/\/luchonoticias.com\/editor\/capturadas-dos-personas-transportando-mediante-la-modalidad-de-caleta-mas-de-32-mil-gramos-de-cocaina\/","article_publisher":"https:\/\/www.facebook.com\/luchonoticiasneiva","article_published_time":"2023-08-02T19:03:44+00:00","article_modified_time":"2023-08-02T19:03:48+00:00","author":"Editor General","twitter_card":"summary_large_image","twitter_misc":{"Escrito por":"Editor General","Tiempo de lectura":"2 minutos"},"schema":{"@context":"https:\/\/schema.org","@graph":[{"@type":"Article","@id":"https:\/\/luchonoticias.com\/editor\/capturadas-dos-personas-transportando-mediante-la-modalidad-de-caleta-mas-de-32-mil-gramos-de-cocaina\/#article","isPartOf":{"@id":"https:\/\/luchonoticias.com\/editor\/capturadas-dos-personas-transportando-mediante-la-modalidad-de-caleta-mas-de-32-mil-gramos-de-cocaina\/"},"author":{"name":"Editor General","@id":"https:\/\/luchonoticias.com\/editor\/#\/schema\/person\/29217990ddf6f14e35912b2866d591fb"},"headline":"Capturadas dos personas transportando mediante la modalidad de caleta, m\u00e1s de 32 mil gramos de coca\u00edna.","datePublished":"2023-08-02T19:03:44+00:00","dateModified":"2023-08-02T19:03:48+00:00","mainEntityOfPage":{"@id":"https:\/\/luchonoticias.com\/editor\/capturadas-dos-personas-transportando-mediante-la-modalidad-de-caleta-mas-de-32-mil-gramos-de-cocaina\/"},"wordCount":351,"commentCount":0,"publisher":{"@id":"https:\/\/luchonoticias.com\/editor\/#\/schema\/person\/7a7fd911f58561fd056dbac7b55af9cd"},"articleSection":["Destacado","Judicial"],"inLanguage":"es","potentialAction":[{"@type":"CommentAction","name":"Comment","target":["https:\/\/luchonoticias.com\/editor\/capturadas-dos-personas-transportando-mediante-la-modalidad-de-caleta-mas-de-32-mil-gramos-de-cocaina\/#respond"]}]},{"@type":"WebPage","@id":"https:\/\/luchonoticias.com\/editor\/capturadas-dos-personas-transportando-mediante-la-modalidad-de-caleta-mas-de-32-mil-gramos-de-cocaina\/","url":"https:\/\/luchonoticias.com\/editor\/capturadas-dos-personas-transportando-mediante-la-modalidad-de-caleta-mas-de-32-mil-gramos-de-cocaina\/","name":"Capturadas dos personas transportando mediante la modalidad de caleta, m\u00e1s de 32 mil gramos de coca\u00edna. -","isPartOf":{"@id":"https:\/\/luchonoticias.com\/editor\/#website"},"datePublished":"2023-08-02T19:03:44+00:00","dateModified":"2023-08-02T19:03:48+00:00","breadcrumb":{"@id":"https:\/\/luchonoticias.com\/editor\/capturadas-dos-personas-transportando-mediante-la-modalidad-de-caleta-mas-de-32-mil-gramos-de-cocaina\/#breadcrumb"},"inLanguage":"es","potentialAction":[{"@type":"ReadAction","target":["https:\/\/luchonoticias.com\/editor\/capturadas-dos-personas-transportando-mediante-la-modalidad-de-caleta-mas-de-32-mil-gramos-de-cocaina\/"]}]},{"@type":"BreadcrumbList","@id":"https:\/\/luchonoticias.com\/editor\/capturadas-dos-personas-transportando-mediante-la-modalidad-de-caleta-mas-de-32-mil-gramos-de-cocaina\/#breadcrumb","itemListElement":[{"@type":"ListItem","position":1,"name":"Portada","item":"https:\/\/luchonoticias.com\/editor\/"},{"@type":"ListItem","position":2,"name":"Capturadas dos personas transportando mediante la modalidad de caleta, m\u00e1s de 32 mil gramos de coca\u00edna."}]},{"@type":"WebSite","@id":"https:\/\/luchonoticias.com\/editor\/#website","url":"https:\/\/luchonoticias.com\/editor\/","name":"","description":"","publisher":{"@id":"https:\/\/luchonoticias.com\/editor\/#\/schema\/person\/7a7fd911f58561fd056dbac7b55af9cd"},"potentialAction":[{"@type":"SearchAction","target":{"@type":"EntryPoint","urlTemplate":"https:\/\/luchonoticias.com\/editor\/?s={search_term_string}"},"query-input":{"@type":"PropertyValueSpecification","valueRequired":true,"valueName":"search_term_string"}}],"inLanguage":"es"},{"@type":["Person","Organization"],"@id":"https:\/\/luchonoticias.com\/editor\/#\/schema\/person\/7a7fd911f58561fd056dbac7b55af9cd","name":"admin","image":{"@type":"ImageObject","inLanguage":"es","@id":"https:\/\/luchonoticias.com\/editor\/#\/schema\/person\/image\/","url":"https:\/\/luchonoticias.com\/editor\/wp-content\/uploads\/2024\/02\/cropped-cropped-logolu.webp","contentUrl":"https:\/\/luchonoticias.com\/editor\/wp-content\/uploads\/2024\/02\/cropped-cropped-logolu.webp","width":382,"height":170,"caption":"admin"},"logo":{"@id":"https:\/\/luchonoticias.com\/editor\/#\/schema\/person\/image\/"},"sameAs":["https:\/\/www.facebook.com\/luchonoticiasneiva"]},{"@type":"Person","@id":"https:\/\/luchonoticias.com\/editor\/#\/schema\/person\/29217990ddf6f14e35912b2866d591fb","name":"Editor General","image":{"@type":"ImageObject","inLanguage":"es","@id":"https:\/\/luchonoticias.com\/editor\/#\/schema\/person\/image\/","url":"https:\/\/luchonoticias.com\/editor\/wp-content\/uploads\/2024\/02\/cropped-cropped-logolu-150x150.webp","contentUrl":"https:\/\/luchonoticias.com\/editor\/wp-content\/uploads\/2024\/02\/cropped-cropped-logolu-150x150.webp","caption":"Editor General"},"sameAs":["https:\/\/luchonoticias.com\/"],"url":"https:\/\/luchonoticias.com\/editor\/author\/editor-general\/"}]}},"_links":{"self":[{"href":"https:\/\/luchonoticias.com\/editor\/wp-json\/wp\/v2\/posts\/57543","targetHints":{"allow":["GET"]}}],"collection":[{"href":"https:\/\/luchonoticias.com\/editor\/wp-json\/wp\/v2\/posts"}],"about":[{"href":"https:\/\/luchonoticias.com\/editor\/wp-json\/wp\/v2\/types\/post"}],"author":[{"embeddable":true,"href":"https:\/\/luchonoticias.com\/editor\/wp-json\/wp\/v2\/users\/2"}],"replies":[{"embeddable":true,"href":"https:\/\/luchonoticias.com\/editor\/wp-json\/wp\/v2\/comments?post=57543"}],"version-history":[{"count":0,"href":"https:\/\/luchonoticias.com\/editor\/wp-json\/wp\/v2\/posts\/57543\/revisions"}],"wp:attachment":[{"href":"https:\/\/luchonoticias.com\/editor\/wp-json\/wp\/v2\/media?parent=57543"}],"wp:term":[{"taxonomy":"category","embeddable":true,"href":"https:\/\/luchonoticias.com\/editor\/wp-json\/wp\/v2\/categories?post=57543"},{"taxonomy":"post_tag","embeddable":true,"href":"https:\/\/luchonoticias.com\/editor\/wp-json\/wp\/v2\/tags?post=57543"}],"curies":[{"name":"wp","href":"https:\/\/api.w.org\/{rel}","templated":true}]}}