{"id":57568,"date":"2023-08-03T05:41:38","date_gmt":"2023-08-03T10:41:38","guid":{"rendered":"https:\/\/luchonoticias.com\/?p=57568"},"modified":"2023-08-03T05:41:39","modified_gmt":"2023-08-03T10:41:39","slug":"presidente-petro-anuncia-proyecto-de-ley-para-empoderar-al-consejo-nacional-de-juventud","status":"publish","type":"post","link":"https:\/\/luchonoticias.com\/editor\/presidente-petro-anuncia-proyecto-de-ley-para-empoderar-al-consejo-nacional-de-juventud\/","title":{"rendered":"Presidente Petro anuncia proyecto de ley para empoderar al Consejo Nacional de Juventud"},"content":{"rendered":"\n<p>\u201cLes he pedido a los funcionarios aqu\u00ed presentes y algunos no presentes que entreguen un proyecto de ley en donde el Consejo Nacional de Juventud no sea un \u00f3rgano consultor\u201d, sino que \u201csea un \u00f3rgano de poder, que tenga unos poderes\u201d.<\/p>\n\n\n\n<p>As\u00ed lo anunci\u00f3 el Presidente Gustavo Petro durante la posesi\u00f3n de las y los integrantes del Consejo Nacional de Juventud 2023 \u2013 2024, evento que se realiz\u00f3 este mi\u00e9rcoles en la Casa de Nari\u00f1o.<\/p>\n\n\n\n<p>En su intervenci\u00f3n, el Mandatario afirm\u00f3 que \u201ccuando el \u00f3rgano institucional tenga poder, se llena de pueblo y entonces tendr\u00edamos una juventud movilizada alrededor del Consejo Nacional de Juventud\u201d.<\/p>\n\n\n\n<p>\u201cEso es un proyecto de ley y que tiene que presentarse\u201d, dijo y consider\u00f3 que \u201cninguna conquista social se consigue si no hay movilizaci\u00f3n\u201d, ya que \u201cla movilizaci\u00f3n es la libre expresi\u00f3n de una sociedad\u201d.<\/p>\n\n\n\n<p><strong>\u2018Queremos fortalecer la educaci\u00f3n p\u00fablica\u2019<\/strong><\/p>\n\n\n\n<p>En este sentido, el Presidente Petro invit\u00f3 a conocer y debatir los proyectos de ley presentados por el Gobierno del Cambio, \u201ca que se hagan las cr\u00edticas, porque nada de lo que nosotros presentamos es inflexible\u201d, aunque \u201clos principios, s\u00ed\u201d.<\/p>\n\n\n\n<p>Enfatiz\u00f3 que estas iniciativas no buscan acabar la educaci\u00f3n privada, sino que \u201caqu\u00ed lo que queremos es fortalecer la educaci\u00f3n p\u00fablica. \u00bfPor qu\u00e9? Porque el joven, la joven sin recursos, tiene como opci\u00f3n es una educaci\u00f3n gratuita que tiene que ser de calidad, para acabar con las desigualdades en Colombia o para disminuirlas, al menos\u201d.<\/p>\n\n\n\n<p><strong>Vigilancia deber provenir de los j\u00f3venes<\/strong><\/p>\n\n\n\n<p>En sus palabras, el Mandatario inst\u00f3 a los y las integrantes del Consejo Nacional de Juventud a que lideren la vigilancia de los recursos destinados a la educaci\u00f3n p\u00fablica.<\/p>\n\n\n\n<p>Al respecto expres\u00f3: \u201cEsos instrumentos para controlar eficazmente que el esfuerzo de un gobierno porque la juventud sea incluida, esa vigilancia tiene que venir de las calles, de los barrios, de las universidades y de la esquina. Esa vigilancia tiene que venir de la juventud\u201d.<\/p>\n\n\n\n<p>\u201cHe ah\u00ed el tema que yo les propongo. Ustedes como Consejo Nacional de Juventud, m\u00e1s que otras instancias, empiezan a adquirir esa responsabilidad hacia adelante\u201d, sostuvo.<\/p>\n\n\n\n<p>\u201c\u00bfCu\u00e1ntas sedes universitarias p\u00fablicas? \u00bfD\u00f3nde se est\u00e1 agenciando la gratuidad de la educaci\u00f3n p\u00fablica? Este es un tema de uno de varios de la juventud\u201d, puntualiz\u00f3.<\/p>\n\n\n\n<p><strong>Viceministerio de la Juventud<\/strong><\/p>\n\n\n\n<p>Asimismo, al destacar la creaci\u00f3n del Viceministerio de la Juventud, que hace parte del Ministerio de la Igualdad, el Presidente Petro dijo que esta instancia puede ser muy importante si se le llena de pueblo y se cuida para que no se convierta en un ente burocr\u00e1tico.<\/p>\n\n\n\n<p>\u201cEsa nueva institucionalidad queda al servicio de ustedes. Empieza ya. Estamos pensando qui\u00e9n ser\u00e1 la persona que lidere eso. Yo le propuse a Gabriela Posso (Consejera Presidencial para la Juventud) que sea una persona que haya perdido un ojo en el estallido social y que sea capaz de dirigir a la juventud con toda la claridad que se necesita, como un faro, a pesar de que le quisieron quitar la luz, el poder\u201d, concluy\u00f3 el Presidente Petro.<\/p>\n","protected":false},"excerpt":{"rendered":"<p>\u201cLes he pedido a los funcionarios aqu\u00ed presentes y algunos no presentes que entreguen un proyecto de ley en donde el Consejo Nacional de Juventud no sea un \u00f3rgano consultor\u201d, sino que \u201csea un \u00f3rgano de poder, que tenga unos poderes\u201d. As\u00ed lo anunci\u00f3 el Presidente Gustavo Petro durante la posesi\u00f3n de las y los [&hellip;]<\/p>\n","protected":false},"author":2,"featured_media":0,"comment_status":"open","ping_status":"open","sticky":false,"template":"","format":"standard","meta":{"footnotes":""},"categories":[28,36],"tags":[],"class_list":["post-57568","post","type-post","status-publish","format-standard","hentry","category-actualidad","category-destacado"],"yoast_head":"<!-- This site is optimized with the Yoast SEO plugin v26.6 - https:\/\/yoast.com\/wordpress\/plugins\/seo\/ -->\n<title>Presidente Petro anuncia proyecto de ley para empoderar al Consejo Nacional de Juventud -<\/title>\n<meta name=\"robots\" content=\"index, follow, max-snippet:-1, max-image-preview:large, max-video-preview:-1\" \/>\n<link rel=\"canonical\" href=\"https:\/\/luchonoticias.com\/editor\/presidente-petro-anuncia-proyecto-de-ley-para-empoderar-al-consejo-nacional-de-juventud\/\" \/>\n<meta property=\"og:locale\" content=\"es_ES\" \/>\n<meta property=\"og:type\" content=\"article\" \/>\n<meta property=\"og:title\" content=\"Presidente Petro anuncia proyecto de ley para empoderar al Consejo Nacional de Juventud -\" \/>\n<meta property=\"og:url\" content=\"https:\/\/luchonoticias.com\/editor\/presidente-petro-anuncia-proyecto-de-ley-para-empoderar-al-consejo-nacional-de-juventud\/\" \/>\n<meta property=\"article:publisher\" content=\"https:\/\/www.facebook.com\/luchonoticiasneiva\" \/>\n<meta property=\"article:published_time\" content=\"2023-08-03T10:41:38+00:00\" \/>\n<meta property=\"article:modified_time\" content=\"2023-08-03T10:41:39+00:00\" \/>\n<meta name=\"author\" content=\"Editor General\" \/>\n<meta name=\"twitter:card\" content=\"summary_large_image\" \/>\n<meta name=\"twitter:label1\" content=\"Escrito por\" \/>\n\t<meta name=\"twitter:data1\" content=\"Editor General\" \/>\n\t<meta name=\"twitter:label2\" content=\"Tiempo de lectura\" \/>\n\t<meta name=\"twitter:data2\" content=\"3 minutos\" \/>\n<script type=\"application\/ld+json\" class=\"yoast-schema-graph\">{\"@context\":\"https:\/\/schema.org\",\"@graph\":[{\"@type\":\"Article\",\"@id\":\"https:\/\/luchonoticias.com\/editor\/presidente-petro-anuncia-proyecto-de-ley-para-empoderar-al-consejo-nacional-de-juventud\/#article\",\"isPartOf\":{\"@id\":\"https:\/\/luchonoticias.com\/editor\/presidente-petro-anuncia-proyecto-de-ley-para-empoderar-al-consejo-nacional-de-juventud\/\"},\"author\":{\"name\":\"Editor General\",\"@id\":\"https:\/\/luchonoticias.com\/editor\/#\/schema\/person\/29217990ddf6f14e35912b2866d591fb\"},\"headline\":\"Presidente Petro anuncia proyecto de ley para empoderar al Consejo Nacional de Juventud\",\"datePublished\":\"2023-08-03T10:41:38+00:00\",\"dateModified\":\"2023-08-03T10:41:39+00:00\",\"mainEntityOfPage\":{\"@id\":\"https:\/\/luchonoticias.com\/editor\/presidente-petro-anuncia-proyecto-de-ley-para-empoderar-al-consejo-nacional-de-juventud\/\"},\"wordCount\":537,\"commentCount\":0,\"publisher\":{\"@id\":\"https:\/\/luchonoticias.com\/editor\/#\/schema\/person\/7a7fd911f58561fd056dbac7b55af9cd\"},\"articleSection\":[\"Actualidad\",\"Destacado\"],\"inLanguage\":\"es\",\"potentialAction\":[{\"@type\":\"CommentAction\",\"name\":\"Comment\",\"target\":[\"https:\/\/luchonoticias.com\/editor\/presidente-petro-anuncia-proyecto-de-ley-para-empoderar-al-consejo-nacional-de-juventud\/#respond\"]}]},{\"@type\":\"WebPage\",\"@id\":\"https:\/\/luchonoticias.com\/editor\/presidente-petro-anuncia-proyecto-de-ley-para-empoderar-al-consejo-nacional-de-juventud\/\",\"url\":\"https:\/\/luchonoticias.com\/editor\/presidente-petro-anuncia-proyecto-de-ley-para-empoderar-al-consejo-nacional-de-juventud\/\",\"name\":\"Presidente Petro anuncia proyecto de ley para empoderar al Consejo Nacional de Juventud -\",\"isPartOf\":{\"@id\":\"https:\/\/luchonoticias.com\/editor\/#website\"},\"datePublished\":\"2023-08-03T10:41:38+00:00\",\"dateModified\":\"2023-08-03T10:41:39+00:00\",\"breadcrumb\":{\"@id\":\"https:\/\/luchonoticias.com\/editor\/presidente-petro-anuncia-proyecto-de-ley-para-empoderar-al-consejo-nacional-de-juventud\/#breadcrumb\"},\"inLanguage\":\"es\",\"potentialAction\":[{\"@type\":\"ReadAction\",\"target\":[\"https:\/\/luchonoticias.com\/editor\/presidente-petro-anuncia-proyecto-de-ley-para-empoderar-al-consejo-nacional-de-juventud\/\"]}]},{\"@type\":\"BreadcrumbList\",\"@id\":\"https:\/\/luchonoticias.com\/editor\/presidente-petro-anuncia-proyecto-de-ley-para-empoderar-al-consejo-nacional-de-juventud\/#breadcrumb\",\"itemListElement\":[{\"@type\":\"ListItem\",\"position\":1,\"name\":\"Portada\",\"item\":\"https:\/\/luchonoticias.com\/editor\/\"},{\"@type\":\"ListItem\",\"position\":2,\"name\":\"Presidente Petro anuncia proyecto de ley para empoderar al Consejo Nacional de Juventud\"}]},{\"@type\":\"WebSite\",\"@id\":\"https:\/\/luchonoticias.com\/editor\/#website\",\"url\":\"https:\/\/luchonoticias.com\/editor\/\",\"name\":\"\",\"description\":\"\",\"publisher\":{\"@id\":\"https:\/\/luchonoticias.com\/editor\/#\/schema\/person\/7a7fd911f58561fd056dbac7b55af9cd\"},\"potentialAction\":[{\"@type\":\"SearchAction\",\"target\":{\"@type\":\"EntryPoint\",\"urlTemplate\":\"https:\/\/luchonoticias.com\/editor\/?s={search_term_string}\"},\"query-input\":{\"@type\":\"PropertyValueSpecification\",\"valueRequired\":true,\"valueName\":\"search_term_string\"}}],\"inLanguage\":\"es\"},{\"@type\":[\"Person\",\"Organization\"],\"@id\":\"https:\/\/luchonoticias.com\/editor\/#\/schema\/person\/7a7fd911f58561fd056dbac7b55af9cd\",\"name\":\"admin\",\"image\":{\"@type\":\"ImageObject\",\"inLanguage\":\"es\",\"@id\":\"https:\/\/luchonoticias.com\/editor\/#\/schema\/person\/image\/\",\"url\":\"https:\/\/luchonoticias.com\/editor\/wp-content\/uploads\/2024\/02\/cropped-cropped-logolu.webp\",\"contentUrl\":\"https:\/\/luchonoticias.com\/editor\/wp-content\/uploads\/2024\/02\/cropped-cropped-logolu.webp\",\"width\":382,\"height\":170,\"caption\":\"admin\"},\"logo\":{\"@id\":\"https:\/\/luchonoticias.com\/editor\/#\/schema\/person\/image\/\"},\"sameAs\":[\"https:\/\/www.facebook.com\/luchonoticiasneiva\"]},{\"@type\":\"Person\",\"@id\":\"https:\/\/luchonoticias.com\/editor\/#\/schema\/person\/29217990ddf6f14e35912b2866d591fb\",\"name\":\"Editor General\",\"image\":{\"@type\":\"ImageObject\",\"inLanguage\":\"es\",\"@id\":\"https:\/\/luchonoticias.com\/editor\/#\/schema\/person\/image\/\",\"url\":\"https:\/\/luchonoticias.com\/editor\/wp-content\/uploads\/2024\/02\/cropped-cropped-logolu-150x150.webp\",\"contentUrl\":\"https:\/\/luchonoticias.com\/editor\/wp-content\/uploads\/2024\/02\/cropped-cropped-logolu-150x150.webp\",\"caption\":\"Editor General\"},\"sameAs\":[\"https:\/\/luchonoticias.com\/\"],\"url\":\"https:\/\/luchonoticias.com\/editor\/author\/editor-general\/\"}]}<\/script>\n<!-- \/ Yoast SEO plugin. -->","yoast_head_json":{"title":"Presidente Petro anuncia proyecto de ley para empoderar al Consejo Nacional de Juventud -","robots":{"index":"index","follow":"follow","max-snippet":"max-snippet:-1","max-image-preview":"max-image-preview:large","max-video-preview":"max-video-preview:-1"},"canonical":"https:\/\/luchonoticias.com\/editor\/presidente-petro-anuncia-proyecto-de-ley-para-empoderar-al-consejo-nacional-de-juventud\/","og_locale":"es_ES","og_type":"article","og_title":"Presidente Petro anuncia proyecto de ley para empoderar al Consejo Nacional de Juventud -","og_url":"https:\/\/luchonoticias.com\/editor\/presidente-petro-anuncia-proyecto-de-ley-para-empoderar-al-consejo-nacional-de-juventud\/","article_publisher":"https:\/\/www.facebook.com\/luchonoticiasneiva","article_published_time":"2023-08-03T10:41:38+00:00","article_modified_time":"2023-08-03T10:41:39+00:00","author":"Editor General","twitter_card":"summary_large_image","twitter_misc":{"Escrito por":"Editor General","Tiempo de lectura":"3 minutos"},"schema":{"@context":"https:\/\/schema.org","@graph":[{"@type":"Article","@id":"https:\/\/luchonoticias.com\/editor\/presidente-petro-anuncia-proyecto-de-ley-para-empoderar-al-consejo-nacional-de-juventud\/#article","isPartOf":{"@id":"https:\/\/luchonoticias.com\/editor\/presidente-petro-anuncia-proyecto-de-ley-para-empoderar-al-consejo-nacional-de-juventud\/"},"author":{"name":"Editor General","@id":"https:\/\/luchonoticias.com\/editor\/#\/schema\/person\/29217990ddf6f14e35912b2866d591fb"},"headline":"Presidente Petro anuncia proyecto de ley para empoderar al Consejo Nacional de Juventud","datePublished":"2023-08-03T10:41:38+00:00","dateModified":"2023-08-03T10:41:39+00:00","mainEntityOfPage":{"@id":"https:\/\/luchonoticias.com\/editor\/presidente-petro-anuncia-proyecto-de-ley-para-empoderar-al-consejo-nacional-de-juventud\/"},"wordCount":537,"commentCount":0,"publisher":{"@id":"https:\/\/luchonoticias.com\/editor\/#\/schema\/person\/7a7fd911f58561fd056dbac7b55af9cd"},"articleSection":["Actualidad","Destacado"],"inLanguage":"es","potentialAction":[{"@type":"CommentAction","name":"Comment","target":["https:\/\/luchonoticias.com\/editor\/presidente-petro-anuncia-proyecto-de-ley-para-empoderar-al-consejo-nacional-de-juventud\/#respond"]}]},{"@type":"WebPage","@id":"https:\/\/luchonoticias.com\/editor\/presidente-petro-anuncia-proyecto-de-ley-para-empoderar-al-consejo-nacional-de-juventud\/","url":"https:\/\/luchonoticias.com\/editor\/presidente-petro-anuncia-proyecto-de-ley-para-empoderar-al-consejo-nacional-de-juventud\/","name":"Presidente Petro anuncia proyecto de ley para empoderar al Consejo Nacional de Juventud -","isPartOf":{"@id":"https:\/\/luchonoticias.com\/editor\/#website"},"datePublished":"2023-08-03T10:41:38+00:00","dateModified":"2023-08-03T10:41:39+00:00","breadcrumb":{"@id":"https:\/\/luchonoticias.com\/editor\/presidente-petro-anuncia-proyecto-de-ley-para-empoderar-al-consejo-nacional-de-juventud\/#breadcrumb"},"inLanguage":"es","potentialAction":[{"@type":"ReadAction","target":["https:\/\/luchonoticias.com\/editor\/presidente-petro-anuncia-proyecto-de-ley-para-empoderar-al-consejo-nacional-de-juventud\/"]}]},{"@type":"BreadcrumbList","@id":"https:\/\/luchonoticias.com\/editor\/presidente-petro-anuncia-proyecto-de-ley-para-empoderar-al-consejo-nacional-de-juventud\/#breadcrumb","itemListElement":[{"@type":"ListItem","position":1,"name":"Portada","item":"https:\/\/luchonoticias.com\/editor\/"},{"@type":"ListItem","position":2,"name":"Presidente Petro anuncia proyecto de ley para empoderar al Consejo Nacional de Juventud"}]},{"@type":"WebSite","@id":"https:\/\/luchonoticias.com\/editor\/#website","url":"https:\/\/luchonoticias.com\/editor\/","name":"","description":"","publisher":{"@id":"https:\/\/luchonoticias.com\/editor\/#\/schema\/person\/7a7fd911f58561fd056dbac7b55af9cd"},"potentialAction":[{"@type":"SearchAction","target":{"@type":"EntryPoint","urlTemplate":"https:\/\/luchonoticias.com\/editor\/?s={search_term_string}"},"query-input":{"@type":"PropertyValueSpecification","valueRequired":true,"valueName":"search_term_string"}}],"inLanguage":"es"},{"@type":["Person","Organization"],"@id":"https:\/\/luchonoticias.com\/editor\/#\/schema\/person\/7a7fd911f58561fd056dbac7b55af9cd","name":"admin","image":{"@type":"ImageObject","inLanguage":"es","@id":"https:\/\/luchonoticias.com\/editor\/#\/schema\/person\/image\/","url":"https:\/\/luchonoticias.com\/editor\/wp-content\/uploads\/2024\/02\/cropped-cropped-logolu.webp","contentUrl":"https:\/\/luchonoticias.com\/editor\/wp-content\/uploads\/2024\/02\/cropped-cropped-logolu.webp","width":382,"height":170,"caption":"admin"},"logo":{"@id":"https:\/\/luchonoticias.com\/editor\/#\/schema\/person\/image\/"},"sameAs":["https:\/\/www.facebook.com\/luchonoticiasneiva"]},{"@type":"Person","@id":"https:\/\/luchonoticias.com\/editor\/#\/schema\/person\/29217990ddf6f14e35912b2866d591fb","name":"Editor General","image":{"@type":"ImageObject","inLanguage":"es","@id":"https:\/\/luchonoticias.com\/editor\/#\/schema\/person\/image\/","url":"https:\/\/luchonoticias.com\/editor\/wp-content\/uploads\/2024\/02\/cropped-cropped-logolu-150x150.webp","contentUrl":"https:\/\/luchonoticias.com\/editor\/wp-content\/uploads\/2024\/02\/cropped-cropped-logolu-150x150.webp","caption":"Editor General"},"sameAs":["https:\/\/luchonoticias.com\/"],"url":"https:\/\/luchonoticias.com\/editor\/author\/editor-general\/"}]}},"_links":{"self":[{"href":"https:\/\/luchonoticias.com\/editor\/wp-json\/wp\/v2\/posts\/57568","targetHints":{"allow":["GET"]}}],"collection":[{"href":"https:\/\/luchonoticias.com\/editor\/wp-json\/wp\/v2\/posts"}],"about":[{"href":"https:\/\/luchonoticias.com\/editor\/wp-json\/wp\/v2\/types\/post"}],"author":[{"embeddable":true,"href":"https:\/\/luchonoticias.com\/editor\/wp-json\/wp\/v2\/users\/2"}],"replies":[{"embeddable":true,"href":"https:\/\/luchonoticias.com\/editor\/wp-json\/wp\/v2\/comments?post=57568"}],"version-history":[{"count":0,"href":"https:\/\/luchonoticias.com\/editor\/wp-json\/wp\/v2\/posts\/57568\/revisions"}],"wp:attachment":[{"href":"https:\/\/luchonoticias.com\/editor\/wp-json\/wp\/v2\/media?parent=57568"}],"wp:term":[{"taxonomy":"category","embeddable":true,"href":"https:\/\/luchonoticias.com\/editor\/wp-json\/wp\/v2\/categories?post=57568"},{"taxonomy":"post_tag","embeddable":true,"href":"https:\/\/luchonoticias.com\/editor\/wp-json\/wp\/v2\/tags?post=57568"}],"curies":[{"name":"wp","href":"https:\/\/api.w.org\/{rel}","templated":true}]}}