{"id":57630,"date":"2023-08-04T04:51:12","date_gmt":"2023-08-04T09:51:12","guid":{"rendered":"https:\/\/luchonoticias.com\/?p=57630"},"modified":"2023-08-04T04:51:39","modified_gmt":"2023-08-04T09:51:39","slug":"trabajos-en-la-via-san-andres-tello","status":"publish","type":"post","link":"https:\/\/luchonoticias.com\/editor\/trabajos-en-la-via-san-andres-tello\/","title":{"rendered":"Trabajos en la v\u00eda San Andr\u00e9s &#8211; Tello"},"content":{"rendered":"\n<p>La Secretar\u00eda de V\u00edas e Infraestructura del Huila visit\u00f3 mediante su equipo de apoy\u00f3 el avance de la\u00a0<strong>pavimentaci\u00f3n del tramo vial<\/strong>\u00a0entre Tello y el corregimiento de San Andr\u00e9s, con el objetivo de evaluar el desarrollo de la misma.<\/p>\n\n\n\n<p>Davison C\u00f3rdoba, Ingeniero de apoyo de la Secretaria, dio a conocer detalles del contrato. \u201cEl contrato 1260 del 2022 que suscribi\u00f3 el gobierno de Luis Enrique Duss\u00e1n, cuyo contratista es el consorcio Tello Rural 2022 y su representante legal es el ingeniero Luis Fernando Leguizamo,\u00a0<strong>es un contrato de alrededor de 3.300 millones de pesos,<\/strong>\u00a0donde se ejecutar\u00e1 un pavimento r\u00edgido de 2 kil\u00f3metros desde la abscisa k100, hasta la abscisa k2 +00\u201d.<\/p>\n\n\n\n<p>Luis Carlos Fonseca, Ingeniero residente de interventor\u00eda, dijo que,&nbsp;<strong>de los 2.000 metros establecidos, ya se han desarrollado 1.500.<\/strong>&nbsp;\u201cEn este momento se han intervenido 1.500 metros lineales con concreto por una sola franja, y ya vamos en m\u00e1s o menos 700 metros de franja terminada, ya&nbsp;<strong>hemos terminado la obra que son de infraestructura de agua, de manejo de alcantarilla<\/strong>, ahora ya estamos en estructura del manejo de la v\u00eda, ya se instal\u00f3 el material granular de la sub base que lleva este proyecto, y ya estamos en la fundida del concreto, que ya es un poco m\u00e1s r\u00e1pido el avance\u201d.<\/p>\n\n\n\n<p>Por lo pronto&nbsp;<strong>se realiza movilidad controlada por un solo carril<\/strong>, hasta que se termine la implementaci\u00f3n del concreto en el segundo carril de la obra.<\/p>\n","protected":false},"excerpt":{"rendered":"<p>La Secretar\u00eda de V\u00edas e Infraestructura del Huila visit\u00f3 mediante su equipo de apoy\u00f3 el avance de la\u00a0pavimentaci\u00f3n del tramo vial\u00a0entre Tello y el corregimiento de San Andr\u00e9s, con el objetivo de evaluar el desarrollo de la misma. Davison C\u00f3rdoba, Ingeniero de apoyo de la Secretaria, dio a conocer detalles del contrato. \u201cEl contrato 1260 [&hellip;]<\/p>\n","protected":false},"author":2,"featured_media":0,"comment_status":"open","ping_status":"open","sticky":false,"template":"","format":"standard","meta":{"footnotes":""},"categories":[33],"tags":[],"class_list":["post-57630","post","type-post","status-publish","format-standard","hentry","category-huila"],"yoast_head":"<!-- This site is optimized with the Yoast SEO plugin v26.6 - https:\/\/yoast.com\/wordpress\/plugins\/seo\/ -->\n<title>Trabajos en la v\u00eda San Andr\u00e9s - Tello -<\/title>\n<meta name=\"robots\" content=\"index, follow, max-snippet:-1, max-image-preview:large, max-video-preview:-1\" \/>\n<link rel=\"canonical\" href=\"https:\/\/luchonoticias.com\/editor\/trabajos-en-la-via-san-andres-tello\/\" \/>\n<meta property=\"og:locale\" content=\"es_ES\" \/>\n<meta property=\"og:type\" content=\"article\" \/>\n<meta property=\"og:title\" content=\"Trabajos en la v\u00eda San Andr\u00e9s - Tello -\" \/>\n<meta property=\"og:url\" content=\"https:\/\/luchonoticias.com\/editor\/trabajos-en-la-via-san-andres-tello\/\" \/>\n<meta property=\"article:publisher\" content=\"https:\/\/www.facebook.com\/luchonoticiasneiva\" \/>\n<meta property=\"article:published_time\" content=\"2023-08-04T09:51:12+00:00\" \/>\n<meta property=\"article:modified_time\" content=\"2023-08-04T09:51:39+00:00\" \/>\n<meta name=\"author\" content=\"Editor General\" \/>\n<meta name=\"twitter:card\" content=\"summary_large_image\" \/>\n<meta name=\"twitter:label1\" content=\"Escrito por\" \/>\n\t<meta name=\"twitter:data1\" content=\"Editor General\" \/>\n\t<meta name=\"twitter:label2\" content=\"Tiempo de lectura\" \/>\n\t<meta name=\"twitter:data2\" content=\"1 minuto\" \/>\n<script type=\"application\/ld+json\" class=\"yoast-schema-graph\">{\"@context\":\"https:\/\/schema.org\",\"@graph\":[{\"@type\":\"Article\",\"@id\":\"https:\/\/luchonoticias.com\/editor\/trabajos-en-la-via-san-andres-tello\/#article\",\"isPartOf\":{\"@id\":\"https:\/\/luchonoticias.com\/editor\/trabajos-en-la-via-san-andres-tello\/\"},\"author\":{\"name\":\"Editor General\",\"@id\":\"https:\/\/luchonoticias.com\/editor\/#\/schema\/person\/29217990ddf6f14e35912b2866d591fb\"},\"headline\":\"Trabajos en la v\u00eda San Andr\u00e9s &#8211; Tello\",\"datePublished\":\"2023-08-04T09:51:12+00:00\",\"dateModified\":\"2023-08-04T09:51:39+00:00\",\"mainEntityOfPage\":{\"@id\":\"https:\/\/luchonoticias.com\/editor\/trabajos-en-la-via-san-andres-tello\/\"},\"wordCount\":259,\"commentCount\":0,\"publisher\":{\"@id\":\"https:\/\/luchonoticias.com\/editor\/#\/schema\/person\/7a7fd911f58561fd056dbac7b55af9cd\"},\"articleSection\":[\"Huila\"],\"inLanguage\":\"es\",\"potentialAction\":[{\"@type\":\"CommentAction\",\"name\":\"Comment\",\"target\":[\"https:\/\/luchonoticias.com\/editor\/trabajos-en-la-via-san-andres-tello\/#respond\"]}]},{\"@type\":\"WebPage\",\"@id\":\"https:\/\/luchonoticias.com\/editor\/trabajos-en-la-via-san-andres-tello\/\",\"url\":\"https:\/\/luchonoticias.com\/editor\/trabajos-en-la-via-san-andres-tello\/\",\"name\":\"Trabajos en la v\u00eda San Andr\u00e9s - Tello -\",\"isPartOf\":{\"@id\":\"https:\/\/luchonoticias.com\/editor\/#website\"},\"datePublished\":\"2023-08-04T09:51:12+00:00\",\"dateModified\":\"2023-08-04T09:51:39+00:00\",\"breadcrumb\":{\"@id\":\"https:\/\/luchonoticias.com\/editor\/trabajos-en-la-via-san-andres-tello\/#breadcrumb\"},\"inLanguage\":\"es\",\"potentialAction\":[{\"@type\":\"ReadAction\",\"target\":[\"https:\/\/luchonoticias.com\/editor\/trabajos-en-la-via-san-andres-tello\/\"]}]},{\"@type\":\"BreadcrumbList\",\"@id\":\"https:\/\/luchonoticias.com\/editor\/trabajos-en-la-via-san-andres-tello\/#breadcrumb\",\"itemListElement\":[{\"@type\":\"ListItem\",\"position\":1,\"name\":\"Portada\",\"item\":\"https:\/\/luchonoticias.com\/editor\/\"},{\"@type\":\"ListItem\",\"position\":2,\"name\":\"Trabajos en la v\u00eda San Andr\u00e9s &#8211; Tello\"}]},{\"@type\":\"WebSite\",\"@id\":\"https:\/\/luchonoticias.com\/editor\/#website\",\"url\":\"https:\/\/luchonoticias.com\/editor\/\",\"name\":\"\",\"description\":\"\",\"publisher\":{\"@id\":\"https:\/\/luchonoticias.com\/editor\/#\/schema\/person\/7a7fd911f58561fd056dbac7b55af9cd\"},\"potentialAction\":[{\"@type\":\"SearchAction\",\"target\":{\"@type\":\"EntryPoint\",\"urlTemplate\":\"https:\/\/luchonoticias.com\/editor\/?s={search_term_string}\"},\"query-input\":{\"@type\":\"PropertyValueSpecification\",\"valueRequired\":true,\"valueName\":\"search_term_string\"}}],\"inLanguage\":\"es\"},{\"@type\":[\"Person\",\"Organization\"],\"@id\":\"https:\/\/luchonoticias.com\/editor\/#\/schema\/person\/7a7fd911f58561fd056dbac7b55af9cd\",\"name\":\"admin\",\"image\":{\"@type\":\"ImageObject\",\"inLanguage\":\"es\",\"@id\":\"https:\/\/luchonoticias.com\/editor\/#\/schema\/person\/image\/\",\"url\":\"https:\/\/luchonoticias.com\/editor\/wp-content\/uploads\/2024\/02\/cropped-cropped-logolu.webp\",\"contentUrl\":\"https:\/\/luchonoticias.com\/editor\/wp-content\/uploads\/2024\/02\/cropped-cropped-logolu.webp\",\"width\":382,\"height\":170,\"caption\":\"admin\"},\"logo\":{\"@id\":\"https:\/\/luchonoticias.com\/editor\/#\/schema\/person\/image\/\"},\"sameAs\":[\"https:\/\/www.facebook.com\/luchonoticiasneiva\"]},{\"@type\":\"Person\",\"@id\":\"https:\/\/luchonoticias.com\/editor\/#\/schema\/person\/29217990ddf6f14e35912b2866d591fb\",\"name\":\"Editor General\",\"image\":{\"@type\":\"ImageObject\",\"inLanguage\":\"es\",\"@id\":\"https:\/\/luchonoticias.com\/editor\/#\/schema\/person\/image\/\",\"url\":\"https:\/\/luchonoticias.com\/editor\/wp-content\/uploads\/2024\/02\/cropped-cropped-logolu-150x150.webp\",\"contentUrl\":\"https:\/\/luchonoticias.com\/editor\/wp-content\/uploads\/2024\/02\/cropped-cropped-logolu-150x150.webp\",\"caption\":\"Editor General\"},\"sameAs\":[\"https:\/\/luchonoticias.com\/\"],\"url\":\"https:\/\/luchonoticias.com\/editor\/author\/editor-general\/\"}]}<\/script>\n<!-- \/ Yoast SEO plugin. -->","yoast_head_json":{"title":"Trabajos en la v\u00eda San Andr\u00e9s - Tello -","robots":{"index":"index","follow":"follow","max-snippet":"max-snippet:-1","max-image-preview":"max-image-preview:large","max-video-preview":"max-video-preview:-1"},"canonical":"https:\/\/luchonoticias.com\/editor\/trabajos-en-la-via-san-andres-tello\/","og_locale":"es_ES","og_type":"article","og_title":"Trabajos en la v\u00eda San Andr\u00e9s - Tello -","og_url":"https:\/\/luchonoticias.com\/editor\/trabajos-en-la-via-san-andres-tello\/","article_publisher":"https:\/\/www.facebook.com\/luchonoticiasneiva","article_published_time":"2023-08-04T09:51:12+00:00","article_modified_time":"2023-08-04T09:51:39+00:00","author":"Editor General","twitter_card":"summary_large_image","twitter_misc":{"Escrito por":"Editor General","Tiempo de lectura":"1 minuto"},"schema":{"@context":"https:\/\/schema.org","@graph":[{"@type":"Article","@id":"https:\/\/luchonoticias.com\/editor\/trabajos-en-la-via-san-andres-tello\/#article","isPartOf":{"@id":"https:\/\/luchonoticias.com\/editor\/trabajos-en-la-via-san-andres-tello\/"},"author":{"name":"Editor General","@id":"https:\/\/luchonoticias.com\/editor\/#\/schema\/person\/29217990ddf6f14e35912b2866d591fb"},"headline":"Trabajos en la v\u00eda San Andr\u00e9s &#8211; Tello","datePublished":"2023-08-04T09:51:12+00:00","dateModified":"2023-08-04T09:51:39+00:00","mainEntityOfPage":{"@id":"https:\/\/luchonoticias.com\/editor\/trabajos-en-la-via-san-andres-tello\/"},"wordCount":259,"commentCount":0,"publisher":{"@id":"https:\/\/luchonoticias.com\/editor\/#\/schema\/person\/7a7fd911f58561fd056dbac7b55af9cd"},"articleSection":["Huila"],"inLanguage":"es","potentialAction":[{"@type":"CommentAction","name":"Comment","target":["https:\/\/luchonoticias.com\/editor\/trabajos-en-la-via-san-andres-tello\/#respond"]}]},{"@type":"WebPage","@id":"https:\/\/luchonoticias.com\/editor\/trabajos-en-la-via-san-andres-tello\/","url":"https:\/\/luchonoticias.com\/editor\/trabajos-en-la-via-san-andres-tello\/","name":"Trabajos en la v\u00eda San Andr\u00e9s - Tello -","isPartOf":{"@id":"https:\/\/luchonoticias.com\/editor\/#website"},"datePublished":"2023-08-04T09:51:12+00:00","dateModified":"2023-08-04T09:51:39+00:00","breadcrumb":{"@id":"https:\/\/luchonoticias.com\/editor\/trabajos-en-la-via-san-andres-tello\/#breadcrumb"},"inLanguage":"es","potentialAction":[{"@type":"ReadAction","target":["https:\/\/luchonoticias.com\/editor\/trabajos-en-la-via-san-andres-tello\/"]}]},{"@type":"BreadcrumbList","@id":"https:\/\/luchonoticias.com\/editor\/trabajos-en-la-via-san-andres-tello\/#breadcrumb","itemListElement":[{"@type":"ListItem","position":1,"name":"Portada","item":"https:\/\/luchonoticias.com\/editor\/"},{"@type":"ListItem","position":2,"name":"Trabajos en la v\u00eda San Andr\u00e9s &#8211; Tello"}]},{"@type":"WebSite","@id":"https:\/\/luchonoticias.com\/editor\/#website","url":"https:\/\/luchonoticias.com\/editor\/","name":"","description":"","publisher":{"@id":"https:\/\/luchonoticias.com\/editor\/#\/schema\/person\/7a7fd911f58561fd056dbac7b55af9cd"},"potentialAction":[{"@type":"SearchAction","target":{"@type":"EntryPoint","urlTemplate":"https:\/\/luchonoticias.com\/editor\/?s={search_term_string}"},"query-input":{"@type":"PropertyValueSpecification","valueRequired":true,"valueName":"search_term_string"}}],"inLanguage":"es"},{"@type":["Person","Organization"],"@id":"https:\/\/luchonoticias.com\/editor\/#\/schema\/person\/7a7fd911f58561fd056dbac7b55af9cd","name":"admin","image":{"@type":"ImageObject","inLanguage":"es","@id":"https:\/\/luchonoticias.com\/editor\/#\/schema\/person\/image\/","url":"https:\/\/luchonoticias.com\/editor\/wp-content\/uploads\/2024\/02\/cropped-cropped-logolu.webp","contentUrl":"https:\/\/luchonoticias.com\/editor\/wp-content\/uploads\/2024\/02\/cropped-cropped-logolu.webp","width":382,"height":170,"caption":"admin"},"logo":{"@id":"https:\/\/luchonoticias.com\/editor\/#\/schema\/person\/image\/"},"sameAs":["https:\/\/www.facebook.com\/luchonoticiasneiva"]},{"@type":"Person","@id":"https:\/\/luchonoticias.com\/editor\/#\/schema\/person\/29217990ddf6f14e35912b2866d591fb","name":"Editor General","image":{"@type":"ImageObject","inLanguage":"es","@id":"https:\/\/luchonoticias.com\/editor\/#\/schema\/person\/image\/","url":"https:\/\/luchonoticias.com\/editor\/wp-content\/uploads\/2024\/02\/cropped-cropped-logolu-150x150.webp","contentUrl":"https:\/\/luchonoticias.com\/editor\/wp-content\/uploads\/2024\/02\/cropped-cropped-logolu-150x150.webp","caption":"Editor General"},"sameAs":["https:\/\/luchonoticias.com\/"],"url":"https:\/\/luchonoticias.com\/editor\/author\/editor-general\/"}]}},"_links":{"self":[{"href":"https:\/\/luchonoticias.com\/editor\/wp-json\/wp\/v2\/posts\/57630","targetHints":{"allow":["GET"]}}],"collection":[{"href":"https:\/\/luchonoticias.com\/editor\/wp-json\/wp\/v2\/posts"}],"about":[{"href":"https:\/\/luchonoticias.com\/editor\/wp-json\/wp\/v2\/types\/post"}],"author":[{"embeddable":true,"href":"https:\/\/luchonoticias.com\/editor\/wp-json\/wp\/v2\/users\/2"}],"replies":[{"embeddable":true,"href":"https:\/\/luchonoticias.com\/editor\/wp-json\/wp\/v2\/comments?post=57630"}],"version-history":[{"count":0,"href":"https:\/\/luchonoticias.com\/editor\/wp-json\/wp\/v2\/posts\/57630\/revisions"}],"wp:attachment":[{"href":"https:\/\/luchonoticias.com\/editor\/wp-json\/wp\/v2\/media?parent=57630"}],"wp:term":[{"taxonomy":"category","embeddable":true,"href":"https:\/\/luchonoticias.com\/editor\/wp-json\/wp\/v2\/categories?post=57630"},{"taxonomy":"post_tag","embeddable":true,"href":"https:\/\/luchonoticias.com\/editor\/wp-json\/wp\/v2\/tags?post=57630"}],"curies":[{"name":"wp","href":"https:\/\/api.w.org\/{rel}","templated":true}]}}