{"id":57657,"date":"2023-08-04T07:34:22","date_gmt":"2023-08-04T12:34:22","guid":{"rendered":"https:\/\/luchonoticias.com\/?p=57657"},"modified":"2023-08-04T07:34:27","modified_gmt":"2023-08-04T12:34:27","slug":"este-gobierno-se-acaba-de-acuerdo-al-mandato-popular-no-hay-nadie-que-pueda-terminarlo-que-no-sea-el-pueblo-mismo-presidente-petro","status":"publish","type":"post","link":"https:\/\/luchonoticias.com\/editor\/este-gobierno-se-acaba-de-acuerdo-al-mandato-popular-no-hay-nadie-que-pueda-terminarlo-que-no-sea-el-pueblo-mismo-presidente-petro\/","title":{"rendered":"\u2018Este Gobierno se acaba de acuerdo al mandato popular; no hay nadie que pueda terminarlo que no sea el pueblo mismo\u2019, Presidente Petro"},"content":{"rendered":"\n<p>\u201cEste Gobierno se acaba de acuerdo al mandato popular, de nadie m\u00e1s. Y eso es bueno que quede claro en Colombia: no hay nadie que pueda terminar con este Gobierno que no sea el pueblo mismo\u201d, expres\u00f3 este jueves el Presidente Gustavo Petro.<\/p>\n\n\n\n<p>El Mandatario, que encabez\u00f3 en la capital del departamento de Sucre la Asamblea Popular Campesina para la reactivaci\u00f3n del Sistema Nacional de Reforma Agraria y Desarrollo Rural, se refiri\u00f3 al proceso contra su hijo Nicol\u00e1s, detenido el pasado s\u00e1bado.<\/p>\n\n\n\n<p>\u201cEl Presidente de la Rep\u00fablica jam\u00e1s ha solicitado a ninguno de sus hijos e hijas el delito: ni para ganar ni para financiar campa\u00f1as ni para nada que tenga que ver con el poder\u201d, enfatiz\u00f3.<\/p>\n\n\n\n<p>Record\u00f3 que entiende la situaci\u00f3n, ya que en alguna ocasi\u00f3n estuvo detenido y fue torturado.<\/p>\n\n\n\n<p>\u201cSiempre me pareci\u00f3 que uno no puede arrodillarse ante el verdugo y que la defensa siempre se hace desde la verdad y la dignidad\u201d, afirm\u00f3, y agreg\u00f3 que \u201csi no tienes nada que temer, la verdad y la dignidad es el mejor instrumento de la defensa\u201d.<\/p>\n\n\n\n<p>El Presidente denunci\u00f3 que \u201chan intentado utilizar todas las debilidades y errores para intentar abrir el camino y el derrumbe del primer gobierno popular de Colombia&#8217; y advirti\u00f3 que &#8216;el mandato popular se respeta, el pueblo se respeta&#8217;.<\/p>\n\n\n\n<p>\u201cSi fue mi pueblo el que me eligi\u00f3, a nadie m\u00e1s le debo mi elecci\u00f3n. Es al pueblo al que debo responder&#8217;, puntualiz\u00f3 el Presidente Petro.<\/p>\n","protected":false},"excerpt":{"rendered":"<p>\u201cEste Gobierno se acaba de acuerdo al mandato popular, de nadie m\u00e1s. Y eso es bueno que quede claro en Colombia: no hay nadie que pueda terminar con este Gobierno que no sea el pueblo mismo\u201d, expres\u00f3 este jueves el Presidente Gustavo Petro. El Mandatario, que encabez\u00f3 en la capital del departamento de Sucre la [&hellip;]<\/p>\n","protected":false},"author":2,"featured_media":0,"comment_status":"open","ping_status":"open","sticky":false,"template":"","format":"standard","meta":{"footnotes":""},"categories":[36,32],"tags":[],"class_list":["post-57657","post","type-post","status-publish","format-standard","hentry","category-destacado","category-nacional"],"yoast_head":"<!-- This site is optimized with the Yoast SEO plugin v26.6 - https:\/\/yoast.com\/wordpress\/plugins\/seo\/ -->\n<title>\u2018Este Gobierno se acaba de acuerdo al mandato popular; no hay nadie que pueda terminarlo que no sea el pueblo mismo\u2019, Presidente Petro -<\/title>\n<meta name=\"robots\" content=\"index, follow, max-snippet:-1, max-image-preview:large, max-video-preview:-1\" \/>\n<link rel=\"canonical\" href=\"https:\/\/luchonoticias.com\/editor\/este-gobierno-se-acaba-de-acuerdo-al-mandato-popular-no-hay-nadie-que-pueda-terminarlo-que-no-sea-el-pueblo-mismo-presidente-petro\/\" \/>\n<meta property=\"og:locale\" content=\"es_ES\" \/>\n<meta property=\"og:type\" content=\"article\" \/>\n<meta property=\"og:title\" content=\"\u2018Este Gobierno se acaba de acuerdo al mandato popular; no hay nadie que pueda terminarlo que no sea el pueblo mismo\u2019, Presidente Petro -\" \/>\n<meta property=\"og:url\" content=\"https:\/\/luchonoticias.com\/editor\/este-gobierno-se-acaba-de-acuerdo-al-mandato-popular-no-hay-nadie-que-pueda-terminarlo-que-no-sea-el-pueblo-mismo-presidente-petro\/\" \/>\n<meta property=\"article:publisher\" content=\"https:\/\/www.facebook.com\/luchonoticiasneiva\" \/>\n<meta property=\"article:published_time\" content=\"2023-08-04T12:34:22+00:00\" \/>\n<meta property=\"article:modified_time\" content=\"2023-08-04T12:34:27+00:00\" \/>\n<meta name=\"author\" content=\"Editor General\" \/>\n<meta name=\"twitter:card\" content=\"summary_large_image\" \/>\n<meta name=\"twitter:label1\" content=\"Escrito por\" \/>\n\t<meta name=\"twitter:data1\" content=\"Editor General\" \/>\n\t<meta name=\"twitter:label2\" content=\"Tiempo de lectura\" \/>\n\t<meta name=\"twitter:data2\" content=\"1 minuto\" \/>\n<script type=\"application\/ld+json\" class=\"yoast-schema-graph\">{\"@context\":\"https:\/\/schema.org\",\"@graph\":[{\"@type\":\"Article\",\"@id\":\"https:\/\/luchonoticias.com\/editor\/este-gobierno-se-acaba-de-acuerdo-al-mandato-popular-no-hay-nadie-que-pueda-terminarlo-que-no-sea-el-pueblo-mismo-presidente-petro\/#article\",\"isPartOf\":{\"@id\":\"https:\/\/luchonoticias.com\/editor\/este-gobierno-se-acaba-de-acuerdo-al-mandato-popular-no-hay-nadie-que-pueda-terminarlo-que-no-sea-el-pueblo-mismo-presidente-petro\/\"},\"author\":{\"name\":\"Editor General\",\"@id\":\"https:\/\/luchonoticias.com\/editor\/#\/schema\/person\/29217990ddf6f14e35912b2866d591fb\"},\"headline\":\"\u2018Este Gobierno se acaba de acuerdo al mandato popular; no hay nadie que pueda terminarlo que no sea el pueblo mismo\u2019, Presidente Petro\",\"datePublished\":\"2023-08-04T12:34:22+00:00\",\"dateModified\":\"2023-08-04T12:34:27+00:00\",\"mainEntityOfPage\":{\"@id\":\"https:\/\/luchonoticias.com\/editor\/este-gobierno-se-acaba-de-acuerdo-al-mandato-popular-no-hay-nadie-que-pueda-terminarlo-que-no-sea-el-pueblo-mismo-presidente-petro\/\"},\"wordCount\":276,\"commentCount\":0,\"publisher\":{\"@id\":\"https:\/\/luchonoticias.com\/editor\/#\/schema\/person\/7a7fd911f58561fd056dbac7b55af9cd\"},\"articleSection\":[\"Destacado\",\"Nacional\"],\"inLanguage\":\"es\",\"potentialAction\":[{\"@type\":\"CommentAction\",\"name\":\"Comment\",\"target\":[\"https:\/\/luchonoticias.com\/editor\/este-gobierno-se-acaba-de-acuerdo-al-mandato-popular-no-hay-nadie-que-pueda-terminarlo-que-no-sea-el-pueblo-mismo-presidente-petro\/#respond\"]}]},{\"@type\":\"WebPage\",\"@id\":\"https:\/\/luchonoticias.com\/editor\/este-gobierno-se-acaba-de-acuerdo-al-mandato-popular-no-hay-nadie-que-pueda-terminarlo-que-no-sea-el-pueblo-mismo-presidente-petro\/\",\"url\":\"https:\/\/luchonoticias.com\/editor\/este-gobierno-se-acaba-de-acuerdo-al-mandato-popular-no-hay-nadie-que-pueda-terminarlo-que-no-sea-el-pueblo-mismo-presidente-petro\/\",\"name\":\"\u2018Este Gobierno se acaba de acuerdo al mandato popular; no hay nadie que pueda terminarlo que no sea el pueblo mismo\u2019, Presidente Petro -\",\"isPartOf\":{\"@id\":\"https:\/\/luchonoticias.com\/editor\/#website\"},\"datePublished\":\"2023-08-04T12:34:22+00:00\",\"dateModified\":\"2023-08-04T12:34:27+00:00\",\"breadcrumb\":{\"@id\":\"https:\/\/luchonoticias.com\/editor\/este-gobierno-se-acaba-de-acuerdo-al-mandato-popular-no-hay-nadie-que-pueda-terminarlo-que-no-sea-el-pueblo-mismo-presidente-petro\/#breadcrumb\"},\"inLanguage\":\"es\",\"potentialAction\":[{\"@type\":\"ReadAction\",\"target\":[\"https:\/\/luchonoticias.com\/editor\/este-gobierno-se-acaba-de-acuerdo-al-mandato-popular-no-hay-nadie-que-pueda-terminarlo-que-no-sea-el-pueblo-mismo-presidente-petro\/\"]}]},{\"@type\":\"BreadcrumbList\",\"@id\":\"https:\/\/luchonoticias.com\/editor\/este-gobierno-se-acaba-de-acuerdo-al-mandato-popular-no-hay-nadie-que-pueda-terminarlo-que-no-sea-el-pueblo-mismo-presidente-petro\/#breadcrumb\",\"itemListElement\":[{\"@type\":\"ListItem\",\"position\":1,\"name\":\"Portada\",\"item\":\"https:\/\/luchonoticias.com\/editor\/\"},{\"@type\":\"ListItem\",\"position\":2,\"name\":\"\u2018Este Gobierno se acaba de acuerdo al mandato popular; no hay nadie que pueda terminarlo que no sea el pueblo mismo\u2019, Presidente Petro\"}]},{\"@type\":\"WebSite\",\"@id\":\"https:\/\/luchonoticias.com\/editor\/#website\",\"url\":\"https:\/\/luchonoticias.com\/editor\/\",\"name\":\"\",\"description\":\"\",\"publisher\":{\"@id\":\"https:\/\/luchonoticias.com\/editor\/#\/schema\/person\/7a7fd911f58561fd056dbac7b55af9cd\"},\"potentialAction\":[{\"@type\":\"SearchAction\",\"target\":{\"@type\":\"EntryPoint\",\"urlTemplate\":\"https:\/\/luchonoticias.com\/editor\/?s={search_term_string}\"},\"query-input\":{\"@type\":\"PropertyValueSpecification\",\"valueRequired\":true,\"valueName\":\"search_term_string\"}}],\"inLanguage\":\"es\"},{\"@type\":[\"Person\",\"Organization\"],\"@id\":\"https:\/\/luchonoticias.com\/editor\/#\/schema\/person\/7a7fd911f58561fd056dbac7b55af9cd\",\"name\":\"admin\",\"image\":{\"@type\":\"ImageObject\",\"inLanguage\":\"es\",\"@id\":\"https:\/\/luchonoticias.com\/editor\/#\/schema\/person\/image\/\",\"url\":\"https:\/\/luchonoticias.com\/editor\/wp-content\/uploads\/2024\/02\/cropped-cropped-logolu.webp\",\"contentUrl\":\"https:\/\/luchonoticias.com\/editor\/wp-content\/uploads\/2024\/02\/cropped-cropped-logolu.webp\",\"width\":382,\"height\":170,\"caption\":\"admin\"},\"logo\":{\"@id\":\"https:\/\/luchonoticias.com\/editor\/#\/schema\/person\/image\/\"},\"sameAs\":[\"https:\/\/www.facebook.com\/luchonoticiasneiva\"]},{\"@type\":\"Person\",\"@id\":\"https:\/\/luchonoticias.com\/editor\/#\/schema\/person\/29217990ddf6f14e35912b2866d591fb\",\"name\":\"Editor General\",\"image\":{\"@type\":\"ImageObject\",\"inLanguage\":\"es\",\"@id\":\"https:\/\/luchonoticias.com\/editor\/#\/schema\/person\/image\/\",\"url\":\"https:\/\/luchonoticias.com\/editor\/wp-content\/uploads\/2024\/02\/cropped-cropped-logolu-150x150.webp\",\"contentUrl\":\"https:\/\/luchonoticias.com\/editor\/wp-content\/uploads\/2024\/02\/cropped-cropped-logolu-150x150.webp\",\"caption\":\"Editor General\"},\"sameAs\":[\"https:\/\/luchonoticias.com\/\"],\"url\":\"https:\/\/luchonoticias.com\/editor\/author\/editor-general\/\"}]}<\/script>\n<!-- \/ Yoast SEO plugin. -->","yoast_head_json":{"title":"\u2018Este Gobierno se acaba de acuerdo al mandato popular; no hay nadie que pueda terminarlo que no sea el pueblo mismo\u2019, Presidente Petro -","robots":{"index":"index","follow":"follow","max-snippet":"max-snippet:-1","max-image-preview":"max-image-preview:large","max-video-preview":"max-video-preview:-1"},"canonical":"https:\/\/luchonoticias.com\/editor\/este-gobierno-se-acaba-de-acuerdo-al-mandato-popular-no-hay-nadie-que-pueda-terminarlo-que-no-sea-el-pueblo-mismo-presidente-petro\/","og_locale":"es_ES","og_type":"article","og_title":"\u2018Este Gobierno se acaba de acuerdo al mandato popular; no hay nadie que pueda terminarlo que no sea el pueblo mismo\u2019, Presidente Petro -","og_url":"https:\/\/luchonoticias.com\/editor\/este-gobierno-se-acaba-de-acuerdo-al-mandato-popular-no-hay-nadie-que-pueda-terminarlo-que-no-sea-el-pueblo-mismo-presidente-petro\/","article_publisher":"https:\/\/www.facebook.com\/luchonoticiasneiva","article_published_time":"2023-08-04T12:34:22+00:00","article_modified_time":"2023-08-04T12:34:27+00:00","author":"Editor General","twitter_card":"summary_large_image","twitter_misc":{"Escrito por":"Editor General","Tiempo de lectura":"1 minuto"},"schema":{"@context":"https:\/\/schema.org","@graph":[{"@type":"Article","@id":"https:\/\/luchonoticias.com\/editor\/este-gobierno-se-acaba-de-acuerdo-al-mandato-popular-no-hay-nadie-que-pueda-terminarlo-que-no-sea-el-pueblo-mismo-presidente-petro\/#article","isPartOf":{"@id":"https:\/\/luchonoticias.com\/editor\/este-gobierno-se-acaba-de-acuerdo-al-mandato-popular-no-hay-nadie-que-pueda-terminarlo-que-no-sea-el-pueblo-mismo-presidente-petro\/"},"author":{"name":"Editor General","@id":"https:\/\/luchonoticias.com\/editor\/#\/schema\/person\/29217990ddf6f14e35912b2866d591fb"},"headline":"\u2018Este Gobierno se acaba de acuerdo al mandato popular; no hay nadie que pueda terminarlo que no sea el pueblo mismo\u2019, Presidente Petro","datePublished":"2023-08-04T12:34:22+00:00","dateModified":"2023-08-04T12:34:27+00:00","mainEntityOfPage":{"@id":"https:\/\/luchonoticias.com\/editor\/este-gobierno-se-acaba-de-acuerdo-al-mandato-popular-no-hay-nadie-que-pueda-terminarlo-que-no-sea-el-pueblo-mismo-presidente-petro\/"},"wordCount":276,"commentCount":0,"publisher":{"@id":"https:\/\/luchonoticias.com\/editor\/#\/schema\/person\/7a7fd911f58561fd056dbac7b55af9cd"},"articleSection":["Destacado","Nacional"],"inLanguage":"es","potentialAction":[{"@type":"CommentAction","name":"Comment","target":["https:\/\/luchonoticias.com\/editor\/este-gobierno-se-acaba-de-acuerdo-al-mandato-popular-no-hay-nadie-que-pueda-terminarlo-que-no-sea-el-pueblo-mismo-presidente-petro\/#respond"]}]},{"@type":"WebPage","@id":"https:\/\/luchonoticias.com\/editor\/este-gobierno-se-acaba-de-acuerdo-al-mandato-popular-no-hay-nadie-que-pueda-terminarlo-que-no-sea-el-pueblo-mismo-presidente-petro\/","url":"https:\/\/luchonoticias.com\/editor\/este-gobierno-se-acaba-de-acuerdo-al-mandato-popular-no-hay-nadie-que-pueda-terminarlo-que-no-sea-el-pueblo-mismo-presidente-petro\/","name":"\u2018Este Gobierno se acaba de acuerdo al mandato popular; no hay nadie que pueda terminarlo que no sea el pueblo mismo\u2019, Presidente Petro -","isPartOf":{"@id":"https:\/\/luchonoticias.com\/editor\/#website"},"datePublished":"2023-08-04T12:34:22+00:00","dateModified":"2023-08-04T12:34:27+00:00","breadcrumb":{"@id":"https:\/\/luchonoticias.com\/editor\/este-gobierno-se-acaba-de-acuerdo-al-mandato-popular-no-hay-nadie-que-pueda-terminarlo-que-no-sea-el-pueblo-mismo-presidente-petro\/#breadcrumb"},"inLanguage":"es","potentialAction":[{"@type":"ReadAction","target":["https:\/\/luchonoticias.com\/editor\/este-gobierno-se-acaba-de-acuerdo-al-mandato-popular-no-hay-nadie-que-pueda-terminarlo-que-no-sea-el-pueblo-mismo-presidente-petro\/"]}]},{"@type":"BreadcrumbList","@id":"https:\/\/luchonoticias.com\/editor\/este-gobierno-se-acaba-de-acuerdo-al-mandato-popular-no-hay-nadie-que-pueda-terminarlo-que-no-sea-el-pueblo-mismo-presidente-petro\/#breadcrumb","itemListElement":[{"@type":"ListItem","position":1,"name":"Portada","item":"https:\/\/luchonoticias.com\/editor\/"},{"@type":"ListItem","position":2,"name":"\u2018Este Gobierno se acaba de acuerdo al mandato popular; no hay nadie que pueda terminarlo que no sea el pueblo mismo\u2019, Presidente Petro"}]},{"@type":"WebSite","@id":"https:\/\/luchonoticias.com\/editor\/#website","url":"https:\/\/luchonoticias.com\/editor\/","name":"","description":"","publisher":{"@id":"https:\/\/luchonoticias.com\/editor\/#\/schema\/person\/7a7fd911f58561fd056dbac7b55af9cd"},"potentialAction":[{"@type":"SearchAction","target":{"@type":"EntryPoint","urlTemplate":"https:\/\/luchonoticias.com\/editor\/?s={search_term_string}"},"query-input":{"@type":"PropertyValueSpecification","valueRequired":true,"valueName":"search_term_string"}}],"inLanguage":"es"},{"@type":["Person","Organization"],"@id":"https:\/\/luchonoticias.com\/editor\/#\/schema\/person\/7a7fd911f58561fd056dbac7b55af9cd","name":"admin","image":{"@type":"ImageObject","inLanguage":"es","@id":"https:\/\/luchonoticias.com\/editor\/#\/schema\/person\/image\/","url":"https:\/\/luchonoticias.com\/editor\/wp-content\/uploads\/2024\/02\/cropped-cropped-logolu.webp","contentUrl":"https:\/\/luchonoticias.com\/editor\/wp-content\/uploads\/2024\/02\/cropped-cropped-logolu.webp","width":382,"height":170,"caption":"admin"},"logo":{"@id":"https:\/\/luchonoticias.com\/editor\/#\/schema\/person\/image\/"},"sameAs":["https:\/\/www.facebook.com\/luchonoticiasneiva"]},{"@type":"Person","@id":"https:\/\/luchonoticias.com\/editor\/#\/schema\/person\/29217990ddf6f14e35912b2866d591fb","name":"Editor General","image":{"@type":"ImageObject","inLanguage":"es","@id":"https:\/\/luchonoticias.com\/editor\/#\/schema\/person\/image\/","url":"https:\/\/luchonoticias.com\/editor\/wp-content\/uploads\/2024\/02\/cropped-cropped-logolu-150x150.webp","contentUrl":"https:\/\/luchonoticias.com\/editor\/wp-content\/uploads\/2024\/02\/cropped-cropped-logolu-150x150.webp","caption":"Editor General"},"sameAs":["https:\/\/luchonoticias.com\/"],"url":"https:\/\/luchonoticias.com\/editor\/author\/editor-general\/"}]}},"_links":{"self":[{"href":"https:\/\/luchonoticias.com\/editor\/wp-json\/wp\/v2\/posts\/57657","targetHints":{"allow":["GET"]}}],"collection":[{"href":"https:\/\/luchonoticias.com\/editor\/wp-json\/wp\/v2\/posts"}],"about":[{"href":"https:\/\/luchonoticias.com\/editor\/wp-json\/wp\/v2\/types\/post"}],"author":[{"embeddable":true,"href":"https:\/\/luchonoticias.com\/editor\/wp-json\/wp\/v2\/users\/2"}],"replies":[{"embeddable":true,"href":"https:\/\/luchonoticias.com\/editor\/wp-json\/wp\/v2\/comments?post=57657"}],"version-history":[{"count":0,"href":"https:\/\/luchonoticias.com\/editor\/wp-json\/wp\/v2\/posts\/57657\/revisions"}],"wp:attachment":[{"href":"https:\/\/luchonoticias.com\/editor\/wp-json\/wp\/v2\/media?parent=57657"}],"wp:term":[{"taxonomy":"category","embeddable":true,"href":"https:\/\/luchonoticias.com\/editor\/wp-json\/wp\/v2\/categories?post=57657"},{"taxonomy":"post_tag","embeddable":true,"href":"https:\/\/luchonoticias.com\/editor\/wp-json\/wp\/v2\/tags?post=57657"}],"curies":[{"name":"wp","href":"https:\/\/api.w.org\/{rel}","templated":true}]}}