{"id":57660,"date":"2023-08-04T12:55:17","date_gmt":"2023-08-04T17:55:17","guid":{"rendered":"https:\/\/luchonoticias.com\/?p=57660"},"modified":"2023-08-04T12:55:23","modified_gmt":"2023-08-04T17:55:23","slug":"gran-ofensiva-contra-el-trafico-de-estupefacientes-en-la-comuna-6-de-neiva","status":"publish","type":"post","link":"https:\/\/luchonoticias.com\/editor\/gran-ofensiva-contra-el-trafico-de-estupefacientes-en-la-comuna-6-de-neiva\/","title":{"rendered":"Gran ofensiva contra el trafico de estupefacientes en la comuna 6 de Neiva"},"content":{"rendered":"\n<p>La Polic\u00eda Metropolitana de Neiva, a trav\u00e9s de sus unidades del cuadrante 40 del CAI Bogot\u00e1 en trabajo coordinado con el Grupo de Reacci\u00f3n F\u00c9NIX, logran en el sector conocido como Moscovia, de la comuna 6, la captura de un hombre y la incautaci\u00f3n de un arma de fuego y gran cantidad de dosis y sustancia estupefaciente.<\/p>\n\n\n\n<p>\u201cEn este entendido como resultado a los diferentes planes preventivos y de control, se logra la captura de un hombre conocido como \u201cElkin\u201d de 49 a\u00f1os de edad, a quien se le halla en su poder, 6.405 dosis de bazuco listas para su comercializaci\u00f3n; 1.200 gramos de base de coca, listos para su empaque y dosificaci\u00f3n; 1 arma de fuego tipo rev\u00f3lver calibre 38 con 4 cartuchos para el mismo y elementos para el empaque de la sustancia estupefaciente incautada\u201d, indicaron las autoridades en un comunicado.<\/p>\n\n\n\n<figure class=\"wp-block-gallery has-nested-images columns-default is-cropped wp-block-gallery-1 is-layout-flex wp-block-gallery-is-layout-flex\">\n<figure class=\"wp-block-image size-large\"><img decoding=\"async\" data-id=\"57662\" src=\"https:\/\/luchonoticias.com\/wp-content\/uploads\/2023\/08\/WhatsApp-Image-2023-08-04-at-8.43.07-AM-3.jpeg\" alt=\"\" class=\"wp-image-57662\"\/><\/figure>\n\n\n\n<figure class=\"wp-block-image size-large\"><img decoding=\"async\" data-id=\"57663\" src=\"https:\/\/luchonoticias.com\/wp-content\/uploads\/2023\/08\/WhatsApp-Image-2023-08-04-at-8.43.07-AM-1.jpeg\" alt=\"\" class=\"wp-image-57663\"\/><\/figure>\n<\/figure>\n\n\n\n<p>Asimismo, las fuentes oficiales revelaron que la sustancia incautada, que de acuerdo a informaci\u00f3n de la comunidad, ten\u00eda como destino los expendios de la comuna 6 y 7, \u201cespec\u00edficamente los barrios San Mart\u00edn, Gal\u00e1n, Santa Isabel, Alfonso L\u00f3pez y El obrero; ten\u00eda un valor aproximado en el mercado ilegal de 21 millones de pesos, lo cual nos permite afectar de manera directa, las finanzas criminales de las organizaciones delictivas, dedicadas al tr\u00e1fico de narc\u00f3ticos del sector\u201d, agregaron.<\/p>\n\n\n\n<p>Finalmente, se estableci\u00f3 que el hoy capturado fue dejado a disposici\u00f3n de la Fiscal\u00eda General de la Naci\u00f3n por el delito de Tr\u00e1fico, fabricaci\u00f3n o porte de estupefacientes, en concurso con fabricaci\u00f3n, tr\u00e1fico y porte de armas de fuego y municiones, donde un juez de control de garant\u00edas determin\u00f3 cobijarlo con medida de aseguramiento en su lugar de residencia.<\/p>\n","protected":false},"excerpt":{"rendered":"<p>La Polic\u00eda Metropolitana de Neiva, a trav\u00e9s de sus unidades del cuadrante 40 del CAI Bogot\u00e1 en trabajo coordinado con el Grupo de Reacci\u00f3n F\u00c9NIX, logran en el sector conocido como Moscovia, de la comuna 6, la captura de un hombre y la incautaci\u00f3n de un arma de fuego y gran cantidad de dosis y [&hellip;]<\/p>\n","protected":false},"author":2,"featured_media":0,"comment_status":"open","ping_status":"open","sticky":false,"template":"","format":"standard","meta":{"footnotes":""},"categories":[36,29],"tags":[],"class_list":["post-57660","post","type-post","status-publish","format-standard","hentry","category-destacado","category-judicial"],"yoast_head":"<!-- This site is optimized with the Yoast SEO plugin v26.6 - https:\/\/yoast.com\/wordpress\/plugins\/seo\/ -->\n<title>Gran ofensiva contra el trafico de estupefacientes en la comuna 6 de Neiva -<\/title>\n<meta name=\"robots\" content=\"index, follow, max-snippet:-1, max-image-preview:large, max-video-preview:-1\" \/>\n<link rel=\"canonical\" href=\"https:\/\/luchonoticias.com\/editor\/gran-ofensiva-contra-el-trafico-de-estupefacientes-en-la-comuna-6-de-neiva\/\" \/>\n<meta property=\"og:locale\" content=\"es_ES\" \/>\n<meta property=\"og:type\" content=\"article\" \/>\n<meta property=\"og:title\" content=\"Gran ofensiva contra el trafico de estupefacientes en la comuna 6 de Neiva -\" \/>\n<meta property=\"og:url\" content=\"https:\/\/luchonoticias.com\/editor\/gran-ofensiva-contra-el-trafico-de-estupefacientes-en-la-comuna-6-de-neiva\/\" \/>\n<meta property=\"article:publisher\" content=\"https:\/\/www.facebook.com\/luchonoticiasneiva\" \/>\n<meta property=\"article:published_time\" content=\"2023-08-04T17:55:17+00:00\" \/>\n<meta property=\"article:modified_time\" content=\"2023-08-04T17:55:23+00:00\" \/>\n<meta property=\"og:image\" content=\"https:\/\/luchonoticias.com\/wp-content\/uploads\/2023\/08\/WhatsApp-Image-2023-08-04-at-8.43.07-AM-3.jpeg\" \/>\n<meta name=\"author\" content=\"Editor General\" \/>\n<meta name=\"twitter:card\" content=\"summary_large_image\" \/>\n<meta name=\"twitter:label1\" content=\"Escrito por\" \/>\n\t<meta name=\"twitter:data1\" content=\"Editor General\" \/>\n\t<meta name=\"twitter:label2\" content=\"Tiempo de lectura\" \/>\n\t<meta name=\"twitter:data2\" content=\"1 minuto\" \/>\n<script type=\"application\/ld+json\" class=\"yoast-schema-graph\">{\"@context\":\"https:\/\/schema.org\",\"@graph\":[{\"@type\":\"Article\",\"@id\":\"https:\/\/luchonoticias.com\/editor\/gran-ofensiva-contra-el-trafico-de-estupefacientes-en-la-comuna-6-de-neiva\/#article\",\"isPartOf\":{\"@id\":\"https:\/\/luchonoticias.com\/editor\/gran-ofensiva-contra-el-trafico-de-estupefacientes-en-la-comuna-6-de-neiva\/\"},\"author\":{\"name\":\"Editor General\",\"@id\":\"https:\/\/luchonoticias.com\/editor\/#\/schema\/person\/29217990ddf6f14e35912b2866d591fb\"},\"headline\":\"Gran ofensiva contra el trafico de estupefacientes en la comuna 6 de Neiva\",\"datePublished\":\"2023-08-04T17:55:17+00:00\",\"dateModified\":\"2023-08-04T17:55:23+00:00\",\"mainEntityOfPage\":{\"@id\":\"https:\/\/luchonoticias.com\/editor\/gran-ofensiva-contra-el-trafico-de-estupefacientes-en-la-comuna-6-de-neiva\/\"},\"wordCount\":306,\"commentCount\":0,\"publisher\":{\"@id\":\"https:\/\/luchonoticias.com\/editor\/#\/schema\/person\/7a7fd911f58561fd056dbac7b55af9cd\"},\"image\":{\"@id\":\"https:\/\/luchonoticias.com\/editor\/gran-ofensiva-contra-el-trafico-de-estupefacientes-en-la-comuna-6-de-neiva\/#primaryimage\"},\"thumbnailUrl\":\"https:\/\/luchonoticias.com\/wp-content\/uploads\/2023\/08\/WhatsApp-Image-2023-08-04-at-8.43.07-AM-3.jpeg\",\"articleSection\":[\"Destacado\",\"Judicial\"],\"inLanguage\":\"es\",\"potentialAction\":[{\"@type\":\"CommentAction\",\"name\":\"Comment\",\"target\":[\"https:\/\/luchonoticias.com\/editor\/gran-ofensiva-contra-el-trafico-de-estupefacientes-en-la-comuna-6-de-neiva\/#respond\"]}]},{\"@type\":\"WebPage\",\"@id\":\"https:\/\/luchonoticias.com\/editor\/gran-ofensiva-contra-el-trafico-de-estupefacientes-en-la-comuna-6-de-neiva\/\",\"url\":\"https:\/\/luchonoticias.com\/editor\/gran-ofensiva-contra-el-trafico-de-estupefacientes-en-la-comuna-6-de-neiva\/\",\"name\":\"Gran ofensiva contra el trafico de estupefacientes en la comuna 6 de Neiva -\",\"isPartOf\":{\"@id\":\"https:\/\/luchonoticias.com\/editor\/#website\"},\"primaryImageOfPage\":{\"@id\":\"https:\/\/luchonoticias.com\/editor\/gran-ofensiva-contra-el-trafico-de-estupefacientes-en-la-comuna-6-de-neiva\/#primaryimage\"},\"image\":{\"@id\":\"https:\/\/luchonoticias.com\/editor\/gran-ofensiva-contra-el-trafico-de-estupefacientes-en-la-comuna-6-de-neiva\/#primaryimage\"},\"thumbnailUrl\":\"https:\/\/luchonoticias.com\/wp-content\/uploads\/2023\/08\/WhatsApp-Image-2023-08-04-at-8.43.07-AM-3.jpeg\",\"datePublished\":\"2023-08-04T17:55:17+00:00\",\"dateModified\":\"2023-08-04T17:55:23+00:00\",\"breadcrumb\":{\"@id\":\"https:\/\/luchonoticias.com\/editor\/gran-ofensiva-contra-el-trafico-de-estupefacientes-en-la-comuna-6-de-neiva\/#breadcrumb\"},\"inLanguage\":\"es\",\"potentialAction\":[{\"@type\":\"ReadAction\",\"target\":[\"https:\/\/luchonoticias.com\/editor\/gran-ofensiva-contra-el-trafico-de-estupefacientes-en-la-comuna-6-de-neiva\/\"]}]},{\"@type\":\"ImageObject\",\"inLanguage\":\"es\",\"@id\":\"https:\/\/luchonoticias.com\/editor\/gran-ofensiva-contra-el-trafico-de-estupefacientes-en-la-comuna-6-de-neiva\/#primaryimage\",\"url\":\"https:\/\/luchonoticias.com\/wp-content\/uploads\/2023\/08\/WhatsApp-Image-2023-08-04-at-8.43.07-AM-3.jpeg\",\"contentUrl\":\"https:\/\/luchonoticias.com\/wp-content\/uploads\/2023\/08\/WhatsApp-Image-2023-08-04-at-8.43.07-AM-3.jpeg\"},{\"@type\":\"BreadcrumbList\",\"@id\":\"https:\/\/luchonoticias.com\/editor\/gran-ofensiva-contra-el-trafico-de-estupefacientes-en-la-comuna-6-de-neiva\/#breadcrumb\",\"itemListElement\":[{\"@type\":\"ListItem\",\"position\":1,\"name\":\"Portada\",\"item\":\"https:\/\/luchonoticias.com\/editor\/\"},{\"@type\":\"ListItem\",\"position\":2,\"name\":\"Gran ofensiva contra el trafico de estupefacientes en la comuna 6 de Neiva\"}]},{\"@type\":\"WebSite\",\"@id\":\"https:\/\/luchonoticias.com\/editor\/#website\",\"url\":\"https:\/\/luchonoticias.com\/editor\/\",\"name\":\"\",\"description\":\"\",\"publisher\":{\"@id\":\"https:\/\/luchonoticias.com\/editor\/#\/schema\/person\/7a7fd911f58561fd056dbac7b55af9cd\"},\"potentialAction\":[{\"@type\":\"SearchAction\",\"target\":{\"@type\":\"EntryPoint\",\"urlTemplate\":\"https:\/\/luchonoticias.com\/editor\/?s={search_term_string}\"},\"query-input\":{\"@type\":\"PropertyValueSpecification\",\"valueRequired\":true,\"valueName\":\"search_term_string\"}}],\"inLanguage\":\"es\"},{\"@type\":[\"Person\",\"Organization\"],\"@id\":\"https:\/\/luchonoticias.com\/editor\/#\/schema\/person\/7a7fd911f58561fd056dbac7b55af9cd\",\"name\":\"admin\",\"image\":{\"@type\":\"ImageObject\",\"inLanguage\":\"es\",\"@id\":\"https:\/\/luchonoticias.com\/editor\/#\/schema\/person\/image\/\",\"url\":\"https:\/\/luchonoticias.com\/editor\/wp-content\/uploads\/2024\/02\/cropped-cropped-logolu.webp\",\"contentUrl\":\"https:\/\/luchonoticias.com\/editor\/wp-content\/uploads\/2024\/02\/cropped-cropped-logolu.webp\",\"width\":382,\"height\":170,\"caption\":\"admin\"},\"logo\":{\"@id\":\"https:\/\/luchonoticias.com\/editor\/#\/schema\/person\/image\/\"},\"sameAs\":[\"https:\/\/www.facebook.com\/luchonoticiasneiva\"]},{\"@type\":\"Person\",\"@id\":\"https:\/\/luchonoticias.com\/editor\/#\/schema\/person\/29217990ddf6f14e35912b2866d591fb\",\"name\":\"Editor General\",\"image\":{\"@type\":\"ImageObject\",\"inLanguage\":\"es\",\"@id\":\"https:\/\/luchonoticias.com\/editor\/#\/schema\/person\/image\/\",\"url\":\"https:\/\/luchonoticias.com\/editor\/wp-content\/uploads\/2024\/02\/cropped-cropped-logolu-150x150.webp\",\"contentUrl\":\"https:\/\/luchonoticias.com\/editor\/wp-content\/uploads\/2024\/02\/cropped-cropped-logolu-150x150.webp\",\"caption\":\"Editor General\"},\"sameAs\":[\"https:\/\/luchonoticias.com\/\"],\"url\":\"https:\/\/luchonoticias.com\/editor\/author\/editor-general\/\"}]}<\/script>\n<!-- \/ Yoast SEO plugin. -->","yoast_head_json":{"title":"Gran ofensiva contra el trafico de estupefacientes en la comuna 6 de Neiva -","robots":{"index":"index","follow":"follow","max-snippet":"max-snippet:-1","max-image-preview":"max-image-preview:large","max-video-preview":"max-video-preview:-1"},"canonical":"https:\/\/luchonoticias.com\/editor\/gran-ofensiva-contra-el-trafico-de-estupefacientes-en-la-comuna-6-de-neiva\/","og_locale":"es_ES","og_type":"article","og_title":"Gran ofensiva contra el trafico de estupefacientes en la comuna 6 de Neiva -","og_url":"https:\/\/luchonoticias.com\/editor\/gran-ofensiva-contra-el-trafico-de-estupefacientes-en-la-comuna-6-de-neiva\/","article_publisher":"https:\/\/www.facebook.com\/luchonoticiasneiva","article_published_time":"2023-08-04T17:55:17+00:00","article_modified_time":"2023-08-04T17:55:23+00:00","og_image":[{"url":"https:\/\/luchonoticias.com\/wp-content\/uploads\/2023\/08\/WhatsApp-Image-2023-08-04-at-8.43.07-AM-3.jpeg","type":"","width":"","height":""}],"author":"Editor General","twitter_card":"summary_large_image","twitter_misc":{"Escrito por":"Editor General","Tiempo de lectura":"1 minuto"},"schema":{"@context":"https:\/\/schema.org","@graph":[{"@type":"Article","@id":"https:\/\/luchonoticias.com\/editor\/gran-ofensiva-contra-el-trafico-de-estupefacientes-en-la-comuna-6-de-neiva\/#article","isPartOf":{"@id":"https:\/\/luchonoticias.com\/editor\/gran-ofensiva-contra-el-trafico-de-estupefacientes-en-la-comuna-6-de-neiva\/"},"author":{"name":"Editor General","@id":"https:\/\/luchonoticias.com\/editor\/#\/schema\/person\/29217990ddf6f14e35912b2866d591fb"},"headline":"Gran ofensiva contra el trafico de estupefacientes en la comuna 6 de Neiva","datePublished":"2023-08-04T17:55:17+00:00","dateModified":"2023-08-04T17:55:23+00:00","mainEntityOfPage":{"@id":"https:\/\/luchonoticias.com\/editor\/gran-ofensiva-contra-el-trafico-de-estupefacientes-en-la-comuna-6-de-neiva\/"},"wordCount":306,"commentCount":0,"publisher":{"@id":"https:\/\/luchonoticias.com\/editor\/#\/schema\/person\/7a7fd911f58561fd056dbac7b55af9cd"},"image":{"@id":"https:\/\/luchonoticias.com\/editor\/gran-ofensiva-contra-el-trafico-de-estupefacientes-en-la-comuna-6-de-neiva\/#primaryimage"},"thumbnailUrl":"https:\/\/luchonoticias.com\/wp-content\/uploads\/2023\/08\/WhatsApp-Image-2023-08-04-at-8.43.07-AM-3.jpeg","articleSection":["Destacado","Judicial"],"inLanguage":"es","potentialAction":[{"@type":"CommentAction","name":"Comment","target":["https:\/\/luchonoticias.com\/editor\/gran-ofensiva-contra-el-trafico-de-estupefacientes-en-la-comuna-6-de-neiva\/#respond"]}]},{"@type":"WebPage","@id":"https:\/\/luchonoticias.com\/editor\/gran-ofensiva-contra-el-trafico-de-estupefacientes-en-la-comuna-6-de-neiva\/","url":"https:\/\/luchonoticias.com\/editor\/gran-ofensiva-contra-el-trafico-de-estupefacientes-en-la-comuna-6-de-neiva\/","name":"Gran ofensiva contra el trafico de estupefacientes en la comuna 6 de Neiva -","isPartOf":{"@id":"https:\/\/luchonoticias.com\/editor\/#website"},"primaryImageOfPage":{"@id":"https:\/\/luchonoticias.com\/editor\/gran-ofensiva-contra-el-trafico-de-estupefacientes-en-la-comuna-6-de-neiva\/#primaryimage"},"image":{"@id":"https:\/\/luchonoticias.com\/editor\/gran-ofensiva-contra-el-trafico-de-estupefacientes-en-la-comuna-6-de-neiva\/#primaryimage"},"thumbnailUrl":"https:\/\/luchonoticias.com\/wp-content\/uploads\/2023\/08\/WhatsApp-Image-2023-08-04-at-8.43.07-AM-3.jpeg","datePublished":"2023-08-04T17:55:17+00:00","dateModified":"2023-08-04T17:55:23+00:00","breadcrumb":{"@id":"https:\/\/luchonoticias.com\/editor\/gran-ofensiva-contra-el-trafico-de-estupefacientes-en-la-comuna-6-de-neiva\/#breadcrumb"},"inLanguage":"es","potentialAction":[{"@type":"ReadAction","target":["https:\/\/luchonoticias.com\/editor\/gran-ofensiva-contra-el-trafico-de-estupefacientes-en-la-comuna-6-de-neiva\/"]}]},{"@type":"ImageObject","inLanguage":"es","@id":"https:\/\/luchonoticias.com\/editor\/gran-ofensiva-contra-el-trafico-de-estupefacientes-en-la-comuna-6-de-neiva\/#primaryimage","url":"https:\/\/luchonoticias.com\/wp-content\/uploads\/2023\/08\/WhatsApp-Image-2023-08-04-at-8.43.07-AM-3.jpeg","contentUrl":"https:\/\/luchonoticias.com\/wp-content\/uploads\/2023\/08\/WhatsApp-Image-2023-08-04-at-8.43.07-AM-3.jpeg"},{"@type":"BreadcrumbList","@id":"https:\/\/luchonoticias.com\/editor\/gran-ofensiva-contra-el-trafico-de-estupefacientes-en-la-comuna-6-de-neiva\/#breadcrumb","itemListElement":[{"@type":"ListItem","position":1,"name":"Portada","item":"https:\/\/luchonoticias.com\/editor\/"},{"@type":"ListItem","position":2,"name":"Gran ofensiva contra el trafico de estupefacientes en la comuna 6 de Neiva"}]},{"@type":"WebSite","@id":"https:\/\/luchonoticias.com\/editor\/#website","url":"https:\/\/luchonoticias.com\/editor\/","name":"","description":"","publisher":{"@id":"https:\/\/luchonoticias.com\/editor\/#\/schema\/person\/7a7fd911f58561fd056dbac7b55af9cd"},"potentialAction":[{"@type":"SearchAction","target":{"@type":"EntryPoint","urlTemplate":"https:\/\/luchonoticias.com\/editor\/?s={search_term_string}"},"query-input":{"@type":"PropertyValueSpecification","valueRequired":true,"valueName":"search_term_string"}}],"inLanguage":"es"},{"@type":["Person","Organization"],"@id":"https:\/\/luchonoticias.com\/editor\/#\/schema\/person\/7a7fd911f58561fd056dbac7b55af9cd","name":"admin","image":{"@type":"ImageObject","inLanguage":"es","@id":"https:\/\/luchonoticias.com\/editor\/#\/schema\/person\/image\/","url":"https:\/\/luchonoticias.com\/editor\/wp-content\/uploads\/2024\/02\/cropped-cropped-logolu.webp","contentUrl":"https:\/\/luchonoticias.com\/editor\/wp-content\/uploads\/2024\/02\/cropped-cropped-logolu.webp","width":382,"height":170,"caption":"admin"},"logo":{"@id":"https:\/\/luchonoticias.com\/editor\/#\/schema\/person\/image\/"},"sameAs":["https:\/\/www.facebook.com\/luchonoticiasneiva"]},{"@type":"Person","@id":"https:\/\/luchonoticias.com\/editor\/#\/schema\/person\/29217990ddf6f14e35912b2866d591fb","name":"Editor General","image":{"@type":"ImageObject","inLanguage":"es","@id":"https:\/\/luchonoticias.com\/editor\/#\/schema\/person\/image\/","url":"https:\/\/luchonoticias.com\/editor\/wp-content\/uploads\/2024\/02\/cropped-cropped-logolu-150x150.webp","contentUrl":"https:\/\/luchonoticias.com\/editor\/wp-content\/uploads\/2024\/02\/cropped-cropped-logolu-150x150.webp","caption":"Editor General"},"sameAs":["https:\/\/luchonoticias.com\/"],"url":"https:\/\/luchonoticias.com\/editor\/author\/editor-general\/"}]}},"_links":{"self":[{"href":"https:\/\/luchonoticias.com\/editor\/wp-json\/wp\/v2\/posts\/57660","targetHints":{"allow":["GET"]}}],"collection":[{"href":"https:\/\/luchonoticias.com\/editor\/wp-json\/wp\/v2\/posts"}],"about":[{"href":"https:\/\/luchonoticias.com\/editor\/wp-json\/wp\/v2\/types\/post"}],"author":[{"embeddable":true,"href":"https:\/\/luchonoticias.com\/editor\/wp-json\/wp\/v2\/users\/2"}],"replies":[{"embeddable":true,"href":"https:\/\/luchonoticias.com\/editor\/wp-json\/wp\/v2\/comments?post=57660"}],"version-history":[{"count":0,"href":"https:\/\/luchonoticias.com\/editor\/wp-json\/wp\/v2\/posts\/57660\/revisions"}],"wp:attachment":[{"href":"https:\/\/luchonoticias.com\/editor\/wp-json\/wp\/v2\/media?parent=57660"}],"wp:term":[{"taxonomy":"category","embeddable":true,"href":"https:\/\/luchonoticias.com\/editor\/wp-json\/wp\/v2\/categories?post=57660"},{"taxonomy":"post_tag","embeddable":true,"href":"https:\/\/luchonoticias.com\/editor\/wp-json\/wp\/v2\/tags?post=57660"}],"curies":[{"name":"wp","href":"https:\/\/api.w.org\/{rel}","templated":true}]}}