{"id":57668,"date":"2023-08-04T13:05:26","date_gmt":"2023-08-04T18:05:26","guid":{"rendered":"https:\/\/luchonoticias.com\/?p=57668"},"modified":"2023-08-04T13:05:30","modified_gmt":"2023-08-04T18:05:30","slug":"asignacion-presupuestal-historico-que-supera-los-57-billones-entre-los-hitos-del-primer-ano-del-gobierno-nacional-al-sector-educativo","status":"publish","type":"post","link":"https:\/\/luchonoticias.com\/editor\/asignacion-presupuestal-historico-que-supera-los-57-billones-entre-los-hitos-del-primer-ano-del-gobierno-nacional-al-sector-educativo\/","title":{"rendered":"Asignaci\u00f3n presupuestal hist\u00f3rico que supera los 57 billones, entre los hitos del primer a\u00f1o del Gobierno Nacional al sector educativo"},"content":{"rendered":"\n<p>La Ministra de Educaci\u00f3n, Aurora Vergara Figueroa, resalt\u00f3 este viernes que la asignaci\u00f3n de un presupuesto hist\u00f3rico de 57 billones de pesos hace parte de los hitos alcanzados en el sector educativo durante el primer a\u00f1o del Gobierno del Cambio, porque han sido orientados a atender las necesidades de los estudiantes en educaci\u00f3n b\u00e1sica, media y superior.<\/p>\n\n\n\n<p>\u201cEn este primer a\u00f1o de gobierno uno de los retos importantes en educaci\u00f3n es el financiamiento. C\u00f3mo garantizamos que las necesidades del sistema tanto en b\u00e1sica, en media y en educaci\u00f3n superior se pueden cubrir adecuadamente. Logramos en este a\u00f1o un presupuesto hist\u00f3rico para educaci\u00f3n, que supera los 57 billones de pesos; esto es la demostraci\u00f3n de un Gobierno que ha puesto la educaci\u00f3n en el centro\u201d, destac\u00f3 la Ministra en el informativo Colombia Hoy Radio.<\/p>\n\n\n\n<p>En ese sentido, la titular de la cartera de Educaci\u00f3n subray\u00f3 como factor esencial la adici\u00f3n de 1,3 billones del presupuesto para educaci\u00f3n, recursos que han sido orientados especialmente a atender las necesidades de los estudiantes, a trav\u00e9s del Programa de Alimentaci\u00f3n Escolar (PAE).<\/p>\n\n\n\n<p>\u201cEn todo el territorio nacional las familias est\u00e1n buscando una oportunidad para que los ni\u00f1os y las ni\u00f1as tengan un complemento alimenticio que les permita estar en buenas condiciones\u201d, manifest\u00f3.<\/p>\n\n\n\n<p>Agreg\u00f3 que esos recursos de la adici\u00f3n presupuestal tambi\u00e9n han sido destinados a obras de infraestructura educativa tanto en b\u00e1sica como superior.<\/p>\n\n\n\n<p>\u201cEs emblem\u00e1tico que hoy podamos contar con una estrategia que permita que m\u00e1s de 800 sedes de escuelas alrededor de todo el pa\u00eds se puedan mejorar. Eso es un rubro de 300.000 millones de pesos\u201d, sostuvo la Ministra, quien adem\u00e1s se refiri\u00f3 a los efectos de la inyecci\u00f3n de m\u00e1s recursos para fortalecer las bases presupuestales de las instituciones de educaci\u00f3n superior.<\/p>\n\n\n\n<p>\u201cLos movimientos estudiantes han pedido durante muchos a\u00f1os que se fortalezca la base presupuestal. Se logr\u00f3 que la forma de financiamiento estuviera soportada en un mecanismo que denominamos IPC +4,65. La primera decisi\u00f3n de nuestro Gobierno fue subir el IPC a +5,0, lo que fue fundamental para que las universidades recibieran m\u00e1s estudiantes y adecuaran sus instituciones. Hoy podemos decir que cerramos el a\u00f1o con un IPC de +7,0, lo cual es emblem\u00e1tico y es la evidencia de un gobierno comprometido con la educaci\u00f3n\u201d, explic\u00f3.<\/p>\n\n\n\n<p>Finalmente, la Ministra puso de presente que con m\u00e1s recursos orientados a la educaci\u00f3n se fomenta que los ni\u00f1os y ni\u00f1as entre los 3 y 5 a\u00f1os puedan acceder al sistema.<\/p>\n\n\n\n<p>\u201cEsta visi\u00f3n es fundamental para cualquier sociedad que quiera pensarse como una sociedad desarrollada. La Constituci\u00f3n hoy obliga la educaci\u00f3n desde los 5 a\u00f1os hasta los 15 a\u00f1os. Con la apuesta que estamos desarrollando esperamos que desde los 3 a\u00f1os podamos garantizar que est\u00e9n en el sistema en las mejores condiciones posibles\u201d, concluy\u00f3 la Ministra.&nbsp;<\/p>\n","protected":false},"excerpt":{"rendered":"<p>La Ministra de Educaci\u00f3n, Aurora Vergara Figueroa, resalt\u00f3 este viernes que la asignaci\u00f3n de un presupuesto hist\u00f3rico de 57 billones de pesos hace parte de los hitos alcanzados en el sector educativo durante el primer a\u00f1o del Gobierno del Cambio, porque han sido orientados a atender las necesidades de los estudiantes en educaci\u00f3n b\u00e1sica, media [&hellip;]<\/p>\n","protected":false},"author":2,"featured_media":0,"comment_status":"open","ping_status":"open","sticky":false,"template":"","format":"standard","meta":{"footnotes":""},"categories":[28,36],"tags":[],"class_list":["post-57668","post","type-post","status-publish","format-standard","hentry","category-actualidad","category-destacado"],"yoast_head":"<!-- This site is optimized with the Yoast SEO plugin v26.6 - https:\/\/yoast.com\/wordpress\/plugins\/seo\/ -->\n<title>Asignaci\u00f3n presupuestal hist\u00f3rico que supera los 57 billones, entre los hitos del primer a\u00f1o del Gobierno Nacional al sector educativo -<\/title>\n<meta name=\"robots\" content=\"index, follow, max-snippet:-1, max-image-preview:large, max-video-preview:-1\" \/>\n<link rel=\"canonical\" href=\"https:\/\/luchonoticias.com\/editor\/asignacion-presupuestal-historico-que-supera-los-57-billones-entre-los-hitos-del-primer-ano-del-gobierno-nacional-al-sector-educativo\/\" \/>\n<meta property=\"og:locale\" content=\"es_ES\" \/>\n<meta property=\"og:type\" content=\"article\" \/>\n<meta property=\"og:title\" content=\"Asignaci\u00f3n presupuestal hist\u00f3rico que supera los 57 billones, entre los hitos del primer a\u00f1o del Gobierno Nacional al sector educativo -\" \/>\n<meta property=\"og:url\" content=\"https:\/\/luchonoticias.com\/editor\/asignacion-presupuestal-historico-que-supera-los-57-billones-entre-los-hitos-del-primer-ano-del-gobierno-nacional-al-sector-educativo\/\" \/>\n<meta property=\"article:publisher\" content=\"https:\/\/www.facebook.com\/luchonoticiasneiva\" \/>\n<meta property=\"article:published_time\" content=\"2023-08-04T18:05:26+00:00\" \/>\n<meta property=\"article:modified_time\" content=\"2023-08-04T18:05:30+00:00\" \/>\n<meta name=\"author\" content=\"Editor General\" \/>\n<meta name=\"twitter:card\" content=\"summary_large_image\" \/>\n<meta name=\"twitter:label1\" content=\"Escrito por\" \/>\n\t<meta name=\"twitter:data1\" content=\"Editor General\" \/>\n\t<meta name=\"twitter:label2\" content=\"Tiempo de lectura\" \/>\n\t<meta name=\"twitter:data2\" content=\"3 minutos\" \/>\n<script type=\"application\/ld+json\" class=\"yoast-schema-graph\">{\"@context\":\"https:\/\/schema.org\",\"@graph\":[{\"@type\":\"Article\",\"@id\":\"https:\/\/luchonoticias.com\/editor\/asignacion-presupuestal-historico-que-supera-los-57-billones-entre-los-hitos-del-primer-ano-del-gobierno-nacional-al-sector-educativo\/#article\",\"isPartOf\":{\"@id\":\"https:\/\/luchonoticias.com\/editor\/asignacion-presupuestal-historico-que-supera-los-57-billones-entre-los-hitos-del-primer-ano-del-gobierno-nacional-al-sector-educativo\/\"},\"author\":{\"name\":\"Editor General\",\"@id\":\"https:\/\/luchonoticias.com\/editor\/#\/schema\/person\/29217990ddf6f14e35912b2866d591fb\"},\"headline\":\"Asignaci\u00f3n presupuestal hist\u00f3rico que supera los 57 billones, entre los hitos del primer a\u00f1o del Gobierno Nacional al sector educativo\",\"datePublished\":\"2023-08-04T18:05:26+00:00\",\"dateModified\":\"2023-08-04T18:05:30+00:00\",\"mainEntityOfPage\":{\"@id\":\"https:\/\/luchonoticias.com\/editor\/asignacion-presupuestal-historico-que-supera-los-57-billones-entre-los-hitos-del-primer-ano-del-gobierno-nacional-al-sector-educativo\/\"},\"wordCount\":524,\"commentCount\":0,\"publisher\":{\"@id\":\"https:\/\/luchonoticias.com\/editor\/#\/schema\/person\/7a7fd911f58561fd056dbac7b55af9cd\"},\"articleSection\":[\"Actualidad\",\"Destacado\"],\"inLanguage\":\"es\",\"potentialAction\":[{\"@type\":\"CommentAction\",\"name\":\"Comment\",\"target\":[\"https:\/\/luchonoticias.com\/editor\/asignacion-presupuestal-historico-que-supera-los-57-billones-entre-los-hitos-del-primer-ano-del-gobierno-nacional-al-sector-educativo\/#respond\"]}]},{\"@type\":\"WebPage\",\"@id\":\"https:\/\/luchonoticias.com\/editor\/asignacion-presupuestal-historico-que-supera-los-57-billones-entre-los-hitos-del-primer-ano-del-gobierno-nacional-al-sector-educativo\/\",\"url\":\"https:\/\/luchonoticias.com\/editor\/asignacion-presupuestal-historico-que-supera-los-57-billones-entre-los-hitos-del-primer-ano-del-gobierno-nacional-al-sector-educativo\/\",\"name\":\"Asignaci\u00f3n presupuestal hist\u00f3rico que supera los 57 billones, entre los hitos del primer a\u00f1o del Gobierno Nacional al sector educativo -\",\"isPartOf\":{\"@id\":\"https:\/\/luchonoticias.com\/editor\/#website\"},\"datePublished\":\"2023-08-04T18:05:26+00:00\",\"dateModified\":\"2023-08-04T18:05:30+00:00\",\"breadcrumb\":{\"@id\":\"https:\/\/luchonoticias.com\/editor\/asignacion-presupuestal-historico-que-supera-los-57-billones-entre-los-hitos-del-primer-ano-del-gobierno-nacional-al-sector-educativo\/#breadcrumb\"},\"inLanguage\":\"es\",\"potentialAction\":[{\"@type\":\"ReadAction\",\"target\":[\"https:\/\/luchonoticias.com\/editor\/asignacion-presupuestal-historico-que-supera-los-57-billones-entre-los-hitos-del-primer-ano-del-gobierno-nacional-al-sector-educativo\/\"]}]},{\"@type\":\"BreadcrumbList\",\"@id\":\"https:\/\/luchonoticias.com\/editor\/asignacion-presupuestal-historico-que-supera-los-57-billones-entre-los-hitos-del-primer-ano-del-gobierno-nacional-al-sector-educativo\/#breadcrumb\",\"itemListElement\":[{\"@type\":\"ListItem\",\"position\":1,\"name\":\"Portada\",\"item\":\"https:\/\/luchonoticias.com\/editor\/\"},{\"@type\":\"ListItem\",\"position\":2,\"name\":\"Asignaci\u00f3n presupuestal hist\u00f3rico que supera los 57 billones, entre los hitos del primer a\u00f1o del Gobierno Nacional al sector educativo\"}]},{\"@type\":\"WebSite\",\"@id\":\"https:\/\/luchonoticias.com\/editor\/#website\",\"url\":\"https:\/\/luchonoticias.com\/editor\/\",\"name\":\"\",\"description\":\"\",\"publisher\":{\"@id\":\"https:\/\/luchonoticias.com\/editor\/#\/schema\/person\/7a7fd911f58561fd056dbac7b55af9cd\"},\"potentialAction\":[{\"@type\":\"SearchAction\",\"target\":{\"@type\":\"EntryPoint\",\"urlTemplate\":\"https:\/\/luchonoticias.com\/editor\/?s={search_term_string}\"},\"query-input\":{\"@type\":\"PropertyValueSpecification\",\"valueRequired\":true,\"valueName\":\"search_term_string\"}}],\"inLanguage\":\"es\"},{\"@type\":[\"Person\",\"Organization\"],\"@id\":\"https:\/\/luchonoticias.com\/editor\/#\/schema\/person\/7a7fd911f58561fd056dbac7b55af9cd\",\"name\":\"admin\",\"image\":{\"@type\":\"ImageObject\",\"inLanguage\":\"es\",\"@id\":\"https:\/\/luchonoticias.com\/editor\/#\/schema\/person\/image\/\",\"url\":\"https:\/\/luchonoticias.com\/editor\/wp-content\/uploads\/2024\/02\/cropped-cropped-logolu.webp\",\"contentUrl\":\"https:\/\/luchonoticias.com\/editor\/wp-content\/uploads\/2024\/02\/cropped-cropped-logolu.webp\",\"width\":382,\"height\":170,\"caption\":\"admin\"},\"logo\":{\"@id\":\"https:\/\/luchonoticias.com\/editor\/#\/schema\/person\/image\/\"},\"sameAs\":[\"https:\/\/www.facebook.com\/luchonoticiasneiva\"]},{\"@type\":\"Person\",\"@id\":\"https:\/\/luchonoticias.com\/editor\/#\/schema\/person\/29217990ddf6f14e35912b2866d591fb\",\"name\":\"Editor General\",\"image\":{\"@type\":\"ImageObject\",\"inLanguage\":\"es\",\"@id\":\"https:\/\/luchonoticias.com\/editor\/#\/schema\/person\/image\/\",\"url\":\"https:\/\/luchonoticias.com\/editor\/wp-content\/uploads\/2024\/02\/cropped-cropped-logolu-150x150.webp\",\"contentUrl\":\"https:\/\/luchonoticias.com\/editor\/wp-content\/uploads\/2024\/02\/cropped-cropped-logolu-150x150.webp\",\"caption\":\"Editor General\"},\"sameAs\":[\"https:\/\/luchonoticias.com\/\"],\"url\":\"https:\/\/luchonoticias.com\/editor\/author\/editor-general\/\"}]}<\/script>\n<!-- \/ Yoast SEO plugin. -->","yoast_head_json":{"title":"Asignaci\u00f3n presupuestal hist\u00f3rico que supera los 57 billones, entre los hitos del primer a\u00f1o del Gobierno Nacional al sector educativo -","robots":{"index":"index","follow":"follow","max-snippet":"max-snippet:-1","max-image-preview":"max-image-preview:large","max-video-preview":"max-video-preview:-1"},"canonical":"https:\/\/luchonoticias.com\/editor\/asignacion-presupuestal-historico-que-supera-los-57-billones-entre-los-hitos-del-primer-ano-del-gobierno-nacional-al-sector-educativo\/","og_locale":"es_ES","og_type":"article","og_title":"Asignaci\u00f3n presupuestal hist\u00f3rico que supera los 57 billones, entre los hitos del primer a\u00f1o del Gobierno Nacional al sector educativo -","og_url":"https:\/\/luchonoticias.com\/editor\/asignacion-presupuestal-historico-que-supera-los-57-billones-entre-los-hitos-del-primer-ano-del-gobierno-nacional-al-sector-educativo\/","article_publisher":"https:\/\/www.facebook.com\/luchonoticiasneiva","article_published_time":"2023-08-04T18:05:26+00:00","article_modified_time":"2023-08-04T18:05:30+00:00","author":"Editor General","twitter_card":"summary_large_image","twitter_misc":{"Escrito por":"Editor General","Tiempo de lectura":"3 minutos"},"schema":{"@context":"https:\/\/schema.org","@graph":[{"@type":"Article","@id":"https:\/\/luchonoticias.com\/editor\/asignacion-presupuestal-historico-que-supera-los-57-billones-entre-los-hitos-del-primer-ano-del-gobierno-nacional-al-sector-educativo\/#article","isPartOf":{"@id":"https:\/\/luchonoticias.com\/editor\/asignacion-presupuestal-historico-que-supera-los-57-billones-entre-los-hitos-del-primer-ano-del-gobierno-nacional-al-sector-educativo\/"},"author":{"name":"Editor General","@id":"https:\/\/luchonoticias.com\/editor\/#\/schema\/person\/29217990ddf6f14e35912b2866d591fb"},"headline":"Asignaci\u00f3n presupuestal hist\u00f3rico que supera los 57 billones, entre los hitos del primer a\u00f1o del Gobierno Nacional al sector educativo","datePublished":"2023-08-04T18:05:26+00:00","dateModified":"2023-08-04T18:05:30+00:00","mainEntityOfPage":{"@id":"https:\/\/luchonoticias.com\/editor\/asignacion-presupuestal-historico-que-supera-los-57-billones-entre-los-hitos-del-primer-ano-del-gobierno-nacional-al-sector-educativo\/"},"wordCount":524,"commentCount":0,"publisher":{"@id":"https:\/\/luchonoticias.com\/editor\/#\/schema\/person\/7a7fd911f58561fd056dbac7b55af9cd"},"articleSection":["Actualidad","Destacado"],"inLanguage":"es","potentialAction":[{"@type":"CommentAction","name":"Comment","target":["https:\/\/luchonoticias.com\/editor\/asignacion-presupuestal-historico-que-supera-los-57-billones-entre-los-hitos-del-primer-ano-del-gobierno-nacional-al-sector-educativo\/#respond"]}]},{"@type":"WebPage","@id":"https:\/\/luchonoticias.com\/editor\/asignacion-presupuestal-historico-que-supera-los-57-billones-entre-los-hitos-del-primer-ano-del-gobierno-nacional-al-sector-educativo\/","url":"https:\/\/luchonoticias.com\/editor\/asignacion-presupuestal-historico-que-supera-los-57-billones-entre-los-hitos-del-primer-ano-del-gobierno-nacional-al-sector-educativo\/","name":"Asignaci\u00f3n presupuestal hist\u00f3rico que supera los 57 billones, entre los hitos del primer a\u00f1o del Gobierno Nacional al sector educativo -","isPartOf":{"@id":"https:\/\/luchonoticias.com\/editor\/#website"},"datePublished":"2023-08-04T18:05:26+00:00","dateModified":"2023-08-04T18:05:30+00:00","breadcrumb":{"@id":"https:\/\/luchonoticias.com\/editor\/asignacion-presupuestal-historico-que-supera-los-57-billones-entre-los-hitos-del-primer-ano-del-gobierno-nacional-al-sector-educativo\/#breadcrumb"},"inLanguage":"es","potentialAction":[{"@type":"ReadAction","target":["https:\/\/luchonoticias.com\/editor\/asignacion-presupuestal-historico-que-supera-los-57-billones-entre-los-hitos-del-primer-ano-del-gobierno-nacional-al-sector-educativo\/"]}]},{"@type":"BreadcrumbList","@id":"https:\/\/luchonoticias.com\/editor\/asignacion-presupuestal-historico-que-supera-los-57-billones-entre-los-hitos-del-primer-ano-del-gobierno-nacional-al-sector-educativo\/#breadcrumb","itemListElement":[{"@type":"ListItem","position":1,"name":"Portada","item":"https:\/\/luchonoticias.com\/editor\/"},{"@type":"ListItem","position":2,"name":"Asignaci\u00f3n presupuestal hist\u00f3rico que supera los 57 billones, entre los hitos del primer a\u00f1o del Gobierno Nacional al sector educativo"}]},{"@type":"WebSite","@id":"https:\/\/luchonoticias.com\/editor\/#website","url":"https:\/\/luchonoticias.com\/editor\/","name":"","description":"","publisher":{"@id":"https:\/\/luchonoticias.com\/editor\/#\/schema\/person\/7a7fd911f58561fd056dbac7b55af9cd"},"potentialAction":[{"@type":"SearchAction","target":{"@type":"EntryPoint","urlTemplate":"https:\/\/luchonoticias.com\/editor\/?s={search_term_string}"},"query-input":{"@type":"PropertyValueSpecification","valueRequired":true,"valueName":"search_term_string"}}],"inLanguage":"es"},{"@type":["Person","Organization"],"@id":"https:\/\/luchonoticias.com\/editor\/#\/schema\/person\/7a7fd911f58561fd056dbac7b55af9cd","name":"admin","image":{"@type":"ImageObject","inLanguage":"es","@id":"https:\/\/luchonoticias.com\/editor\/#\/schema\/person\/image\/","url":"https:\/\/luchonoticias.com\/editor\/wp-content\/uploads\/2024\/02\/cropped-cropped-logolu.webp","contentUrl":"https:\/\/luchonoticias.com\/editor\/wp-content\/uploads\/2024\/02\/cropped-cropped-logolu.webp","width":382,"height":170,"caption":"admin"},"logo":{"@id":"https:\/\/luchonoticias.com\/editor\/#\/schema\/person\/image\/"},"sameAs":["https:\/\/www.facebook.com\/luchonoticiasneiva"]},{"@type":"Person","@id":"https:\/\/luchonoticias.com\/editor\/#\/schema\/person\/29217990ddf6f14e35912b2866d591fb","name":"Editor General","image":{"@type":"ImageObject","inLanguage":"es","@id":"https:\/\/luchonoticias.com\/editor\/#\/schema\/person\/image\/","url":"https:\/\/luchonoticias.com\/editor\/wp-content\/uploads\/2024\/02\/cropped-cropped-logolu-150x150.webp","contentUrl":"https:\/\/luchonoticias.com\/editor\/wp-content\/uploads\/2024\/02\/cropped-cropped-logolu-150x150.webp","caption":"Editor General"},"sameAs":["https:\/\/luchonoticias.com\/"],"url":"https:\/\/luchonoticias.com\/editor\/author\/editor-general\/"}]}},"_links":{"self":[{"href":"https:\/\/luchonoticias.com\/editor\/wp-json\/wp\/v2\/posts\/57668","targetHints":{"allow":["GET"]}}],"collection":[{"href":"https:\/\/luchonoticias.com\/editor\/wp-json\/wp\/v2\/posts"}],"about":[{"href":"https:\/\/luchonoticias.com\/editor\/wp-json\/wp\/v2\/types\/post"}],"author":[{"embeddable":true,"href":"https:\/\/luchonoticias.com\/editor\/wp-json\/wp\/v2\/users\/2"}],"replies":[{"embeddable":true,"href":"https:\/\/luchonoticias.com\/editor\/wp-json\/wp\/v2\/comments?post=57668"}],"version-history":[{"count":0,"href":"https:\/\/luchonoticias.com\/editor\/wp-json\/wp\/v2\/posts\/57668\/revisions"}],"wp:attachment":[{"href":"https:\/\/luchonoticias.com\/editor\/wp-json\/wp\/v2\/media?parent=57668"}],"wp:term":[{"taxonomy":"category","embeddable":true,"href":"https:\/\/luchonoticias.com\/editor\/wp-json\/wp\/v2\/categories?post=57668"},{"taxonomy":"post_tag","embeddable":true,"href":"https:\/\/luchonoticias.com\/editor\/wp-json\/wp\/v2\/tags?post=57668"}],"curies":[{"name":"wp","href":"https:\/\/api.w.org\/{rel}","templated":true}]}}