{"id":57674,"date":"2023-08-04T13:22:23","date_gmt":"2023-08-04T18:22:23","guid":{"rendered":"https:\/\/luchonoticias.com\/?p=57674"},"modified":"2023-08-04T13:22:29","modified_gmt":"2023-08-04T18:22:29","slug":"autoridades-investigan-procedencia-del-mortero-hallado-en-el-barrio-luis-carlos-galan-de-neiva","status":"publish","type":"post","link":"https:\/\/luchonoticias.com\/editor\/autoridades-investigan-procedencia-del-mortero-hallado-en-el-barrio-luis-carlos-galan-de-neiva\/","title":{"rendered":"Autoridades investigan procedencia del \u2018Mortero\u2019 hallado en el barrio Luis Carlos Gal\u00e1n de Neiva"},"content":{"rendered":"\n<p>La Polic\u00eda Metropolitana, confirmaron que se encuentran en indagaciones en conjuntos con unidades de la Fiscal\u00eda para dar con los responsables que dejaron abandonado un artefacto explosivo tipo mortero en el barrio Luis Carlos Gal\u00e1n de la comuna 9 del norte de la Capital Huilense.<\/p>\n\n\n\n<p>Seg\u00fan los primeros indicios, el artefacto explosivo fue hallado por varios ciudadanos que encontraban limpiando una zona verde del sector, encontr\u00e1ndolo enterrado al interior de una matera.<\/p>\n\n\n\n<p>Hasta el lugar el hallazgo, arribaron varias unidades antiexplosivas, quienes realizaron el procedimiento de desactivaci\u00f3n y posterior remoci\u00f3n del mortero. Asimismo, confirmaron que ya comenzaron con las investigaciones para esclarecer como lleg\u00f3 el artefacto explosivo hasta ese sitio del norte de Neiva.<\/p>\n","protected":false},"excerpt":{"rendered":"<p>La Polic\u00eda Metropolitana, confirmaron que se encuentran en indagaciones en conjuntos con unidades de la Fiscal\u00eda para dar con los responsables que dejaron abandonado un artefacto explosivo tipo mortero en el barrio Luis Carlos Gal\u00e1n de la comuna 9 del norte de la Capital Huilense. Seg\u00fan los primeros indicios, el artefacto explosivo fue hallado por [&hellip;]<\/p>\n","protected":false},"author":2,"featured_media":0,"comment_status":"open","ping_status":"open","sticky":false,"template":"","format":"standard","meta":{"footnotes":""},"categories":[36,29],"tags":[],"class_list":["post-57674","post","type-post","status-publish","format-standard","hentry","category-destacado","category-judicial"],"yoast_head":"<!-- This site is optimized with the Yoast SEO plugin v26.6 - https:\/\/yoast.com\/wordpress\/plugins\/seo\/ -->\n<title>Autoridades investigan procedencia del \u2018Mortero\u2019 hallado en el barrio Luis Carlos Gal\u00e1n de Neiva -<\/title>\n<meta name=\"robots\" content=\"index, follow, max-snippet:-1, max-image-preview:large, max-video-preview:-1\" \/>\n<link rel=\"canonical\" href=\"https:\/\/luchonoticias.com\/editor\/autoridades-investigan-procedencia-del-mortero-hallado-en-el-barrio-luis-carlos-galan-de-neiva\/\" \/>\n<meta property=\"og:locale\" content=\"es_ES\" \/>\n<meta property=\"og:type\" content=\"article\" \/>\n<meta property=\"og:title\" content=\"Autoridades investigan procedencia del \u2018Mortero\u2019 hallado en el barrio Luis Carlos Gal\u00e1n de Neiva -\" \/>\n<meta property=\"og:url\" content=\"https:\/\/luchonoticias.com\/editor\/autoridades-investigan-procedencia-del-mortero-hallado-en-el-barrio-luis-carlos-galan-de-neiva\/\" \/>\n<meta property=\"article:publisher\" content=\"https:\/\/www.facebook.com\/luchonoticiasneiva\" \/>\n<meta property=\"article:published_time\" content=\"2023-08-04T18:22:23+00:00\" \/>\n<meta property=\"article:modified_time\" content=\"2023-08-04T18:22:29+00:00\" \/>\n<meta name=\"author\" content=\"Editor General\" \/>\n<meta name=\"twitter:card\" content=\"summary_large_image\" \/>\n<meta name=\"twitter:label1\" content=\"Escrito por\" \/>\n\t<meta name=\"twitter:data1\" content=\"Editor General\" \/>\n\t<meta name=\"twitter:label2\" content=\"Tiempo de lectura\" \/>\n\t<meta name=\"twitter:data2\" content=\"1 minuto\" \/>\n<script type=\"application\/ld+json\" class=\"yoast-schema-graph\">{\"@context\":\"https:\/\/schema.org\",\"@graph\":[{\"@type\":\"Article\",\"@id\":\"https:\/\/luchonoticias.com\/editor\/autoridades-investigan-procedencia-del-mortero-hallado-en-el-barrio-luis-carlos-galan-de-neiva\/#article\",\"isPartOf\":{\"@id\":\"https:\/\/luchonoticias.com\/editor\/autoridades-investigan-procedencia-del-mortero-hallado-en-el-barrio-luis-carlos-galan-de-neiva\/\"},\"author\":{\"name\":\"Editor General\",\"@id\":\"https:\/\/luchonoticias.com\/editor\/#\/schema\/person\/29217990ddf6f14e35912b2866d591fb\"},\"headline\":\"Autoridades investigan procedencia del \u2018Mortero\u2019 hallado en el barrio Luis Carlos Gal\u00e1n de Neiva\",\"datePublished\":\"2023-08-04T18:22:23+00:00\",\"dateModified\":\"2023-08-04T18:22:29+00:00\",\"mainEntityOfPage\":{\"@id\":\"https:\/\/luchonoticias.com\/editor\/autoridades-investigan-procedencia-del-mortero-hallado-en-el-barrio-luis-carlos-galan-de-neiva\/\"},\"wordCount\":135,\"commentCount\":0,\"publisher\":{\"@id\":\"https:\/\/luchonoticias.com\/editor\/#\/schema\/person\/7a7fd911f58561fd056dbac7b55af9cd\"},\"articleSection\":[\"Destacado\",\"Judicial\"],\"inLanguage\":\"es\",\"potentialAction\":[{\"@type\":\"CommentAction\",\"name\":\"Comment\",\"target\":[\"https:\/\/luchonoticias.com\/editor\/autoridades-investigan-procedencia-del-mortero-hallado-en-el-barrio-luis-carlos-galan-de-neiva\/#respond\"]}]},{\"@type\":\"WebPage\",\"@id\":\"https:\/\/luchonoticias.com\/editor\/autoridades-investigan-procedencia-del-mortero-hallado-en-el-barrio-luis-carlos-galan-de-neiva\/\",\"url\":\"https:\/\/luchonoticias.com\/editor\/autoridades-investigan-procedencia-del-mortero-hallado-en-el-barrio-luis-carlos-galan-de-neiva\/\",\"name\":\"Autoridades investigan procedencia del \u2018Mortero\u2019 hallado en el barrio Luis Carlos Gal\u00e1n de Neiva -\",\"isPartOf\":{\"@id\":\"https:\/\/luchonoticias.com\/editor\/#website\"},\"datePublished\":\"2023-08-04T18:22:23+00:00\",\"dateModified\":\"2023-08-04T18:22:29+00:00\",\"breadcrumb\":{\"@id\":\"https:\/\/luchonoticias.com\/editor\/autoridades-investigan-procedencia-del-mortero-hallado-en-el-barrio-luis-carlos-galan-de-neiva\/#breadcrumb\"},\"inLanguage\":\"es\",\"potentialAction\":[{\"@type\":\"ReadAction\",\"target\":[\"https:\/\/luchonoticias.com\/editor\/autoridades-investigan-procedencia-del-mortero-hallado-en-el-barrio-luis-carlos-galan-de-neiva\/\"]}]},{\"@type\":\"BreadcrumbList\",\"@id\":\"https:\/\/luchonoticias.com\/editor\/autoridades-investigan-procedencia-del-mortero-hallado-en-el-barrio-luis-carlos-galan-de-neiva\/#breadcrumb\",\"itemListElement\":[{\"@type\":\"ListItem\",\"position\":1,\"name\":\"Portada\",\"item\":\"https:\/\/luchonoticias.com\/editor\/\"},{\"@type\":\"ListItem\",\"position\":2,\"name\":\"Autoridades investigan procedencia del \u2018Mortero\u2019 hallado en el barrio Luis Carlos Gal\u00e1n de Neiva\"}]},{\"@type\":\"WebSite\",\"@id\":\"https:\/\/luchonoticias.com\/editor\/#website\",\"url\":\"https:\/\/luchonoticias.com\/editor\/\",\"name\":\"\",\"description\":\"\",\"publisher\":{\"@id\":\"https:\/\/luchonoticias.com\/editor\/#\/schema\/person\/7a7fd911f58561fd056dbac7b55af9cd\"},\"potentialAction\":[{\"@type\":\"SearchAction\",\"target\":{\"@type\":\"EntryPoint\",\"urlTemplate\":\"https:\/\/luchonoticias.com\/editor\/?s={search_term_string}\"},\"query-input\":{\"@type\":\"PropertyValueSpecification\",\"valueRequired\":true,\"valueName\":\"search_term_string\"}}],\"inLanguage\":\"es\"},{\"@type\":[\"Person\",\"Organization\"],\"@id\":\"https:\/\/luchonoticias.com\/editor\/#\/schema\/person\/7a7fd911f58561fd056dbac7b55af9cd\",\"name\":\"admin\",\"image\":{\"@type\":\"ImageObject\",\"inLanguage\":\"es\",\"@id\":\"https:\/\/luchonoticias.com\/editor\/#\/schema\/person\/image\/\",\"url\":\"https:\/\/luchonoticias.com\/editor\/wp-content\/uploads\/2024\/02\/cropped-cropped-logolu.webp\",\"contentUrl\":\"https:\/\/luchonoticias.com\/editor\/wp-content\/uploads\/2024\/02\/cropped-cropped-logolu.webp\",\"width\":382,\"height\":170,\"caption\":\"admin\"},\"logo\":{\"@id\":\"https:\/\/luchonoticias.com\/editor\/#\/schema\/person\/image\/\"},\"sameAs\":[\"https:\/\/www.facebook.com\/luchonoticiasneiva\"]},{\"@type\":\"Person\",\"@id\":\"https:\/\/luchonoticias.com\/editor\/#\/schema\/person\/29217990ddf6f14e35912b2866d591fb\",\"name\":\"Editor General\",\"image\":{\"@type\":\"ImageObject\",\"inLanguage\":\"es\",\"@id\":\"https:\/\/luchonoticias.com\/editor\/#\/schema\/person\/image\/\",\"url\":\"https:\/\/luchonoticias.com\/editor\/wp-content\/uploads\/2024\/02\/cropped-cropped-logolu-150x150.webp\",\"contentUrl\":\"https:\/\/luchonoticias.com\/editor\/wp-content\/uploads\/2024\/02\/cropped-cropped-logolu-150x150.webp\",\"caption\":\"Editor General\"},\"sameAs\":[\"https:\/\/luchonoticias.com\/\"],\"url\":\"https:\/\/luchonoticias.com\/editor\/author\/editor-general\/\"}]}<\/script>\n<!-- \/ Yoast SEO plugin. -->","yoast_head_json":{"title":"Autoridades investigan procedencia del \u2018Mortero\u2019 hallado en el barrio Luis Carlos Gal\u00e1n de Neiva -","robots":{"index":"index","follow":"follow","max-snippet":"max-snippet:-1","max-image-preview":"max-image-preview:large","max-video-preview":"max-video-preview:-1"},"canonical":"https:\/\/luchonoticias.com\/editor\/autoridades-investigan-procedencia-del-mortero-hallado-en-el-barrio-luis-carlos-galan-de-neiva\/","og_locale":"es_ES","og_type":"article","og_title":"Autoridades investigan procedencia del \u2018Mortero\u2019 hallado en el barrio Luis Carlos Gal\u00e1n de Neiva -","og_url":"https:\/\/luchonoticias.com\/editor\/autoridades-investigan-procedencia-del-mortero-hallado-en-el-barrio-luis-carlos-galan-de-neiva\/","article_publisher":"https:\/\/www.facebook.com\/luchonoticiasneiva","article_published_time":"2023-08-04T18:22:23+00:00","article_modified_time":"2023-08-04T18:22:29+00:00","author":"Editor General","twitter_card":"summary_large_image","twitter_misc":{"Escrito por":"Editor General","Tiempo de lectura":"1 minuto"},"schema":{"@context":"https:\/\/schema.org","@graph":[{"@type":"Article","@id":"https:\/\/luchonoticias.com\/editor\/autoridades-investigan-procedencia-del-mortero-hallado-en-el-barrio-luis-carlos-galan-de-neiva\/#article","isPartOf":{"@id":"https:\/\/luchonoticias.com\/editor\/autoridades-investigan-procedencia-del-mortero-hallado-en-el-barrio-luis-carlos-galan-de-neiva\/"},"author":{"name":"Editor General","@id":"https:\/\/luchonoticias.com\/editor\/#\/schema\/person\/29217990ddf6f14e35912b2866d591fb"},"headline":"Autoridades investigan procedencia del \u2018Mortero\u2019 hallado en el barrio Luis Carlos Gal\u00e1n de Neiva","datePublished":"2023-08-04T18:22:23+00:00","dateModified":"2023-08-04T18:22:29+00:00","mainEntityOfPage":{"@id":"https:\/\/luchonoticias.com\/editor\/autoridades-investigan-procedencia-del-mortero-hallado-en-el-barrio-luis-carlos-galan-de-neiva\/"},"wordCount":135,"commentCount":0,"publisher":{"@id":"https:\/\/luchonoticias.com\/editor\/#\/schema\/person\/7a7fd911f58561fd056dbac7b55af9cd"},"articleSection":["Destacado","Judicial"],"inLanguage":"es","potentialAction":[{"@type":"CommentAction","name":"Comment","target":["https:\/\/luchonoticias.com\/editor\/autoridades-investigan-procedencia-del-mortero-hallado-en-el-barrio-luis-carlos-galan-de-neiva\/#respond"]}]},{"@type":"WebPage","@id":"https:\/\/luchonoticias.com\/editor\/autoridades-investigan-procedencia-del-mortero-hallado-en-el-barrio-luis-carlos-galan-de-neiva\/","url":"https:\/\/luchonoticias.com\/editor\/autoridades-investigan-procedencia-del-mortero-hallado-en-el-barrio-luis-carlos-galan-de-neiva\/","name":"Autoridades investigan procedencia del \u2018Mortero\u2019 hallado en el barrio Luis Carlos Gal\u00e1n de Neiva -","isPartOf":{"@id":"https:\/\/luchonoticias.com\/editor\/#website"},"datePublished":"2023-08-04T18:22:23+00:00","dateModified":"2023-08-04T18:22:29+00:00","breadcrumb":{"@id":"https:\/\/luchonoticias.com\/editor\/autoridades-investigan-procedencia-del-mortero-hallado-en-el-barrio-luis-carlos-galan-de-neiva\/#breadcrumb"},"inLanguage":"es","potentialAction":[{"@type":"ReadAction","target":["https:\/\/luchonoticias.com\/editor\/autoridades-investigan-procedencia-del-mortero-hallado-en-el-barrio-luis-carlos-galan-de-neiva\/"]}]},{"@type":"BreadcrumbList","@id":"https:\/\/luchonoticias.com\/editor\/autoridades-investigan-procedencia-del-mortero-hallado-en-el-barrio-luis-carlos-galan-de-neiva\/#breadcrumb","itemListElement":[{"@type":"ListItem","position":1,"name":"Portada","item":"https:\/\/luchonoticias.com\/editor\/"},{"@type":"ListItem","position":2,"name":"Autoridades investigan procedencia del \u2018Mortero\u2019 hallado en el barrio Luis Carlos Gal\u00e1n de Neiva"}]},{"@type":"WebSite","@id":"https:\/\/luchonoticias.com\/editor\/#website","url":"https:\/\/luchonoticias.com\/editor\/","name":"","description":"","publisher":{"@id":"https:\/\/luchonoticias.com\/editor\/#\/schema\/person\/7a7fd911f58561fd056dbac7b55af9cd"},"potentialAction":[{"@type":"SearchAction","target":{"@type":"EntryPoint","urlTemplate":"https:\/\/luchonoticias.com\/editor\/?s={search_term_string}"},"query-input":{"@type":"PropertyValueSpecification","valueRequired":true,"valueName":"search_term_string"}}],"inLanguage":"es"},{"@type":["Person","Organization"],"@id":"https:\/\/luchonoticias.com\/editor\/#\/schema\/person\/7a7fd911f58561fd056dbac7b55af9cd","name":"admin","image":{"@type":"ImageObject","inLanguage":"es","@id":"https:\/\/luchonoticias.com\/editor\/#\/schema\/person\/image\/","url":"https:\/\/luchonoticias.com\/editor\/wp-content\/uploads\/2024\/02\/cropped-cropped-logolu.webp","contentUrl":"https:\/\/luchonoticias.com\/editor\/wp-content\/uploads\/2024\/02\/cropped-cropped-logolu.webp","width":382,"height":170,"caption":"admin"},"logo":{"@id":"https:\/\/luchonoticias.com\/editor\/#\/schema\/person\/image\/"},"sameAs":["https:\/\/www.facebook.com\/luchonoticiasneiva"]},{"@type":"Person","@id":"https:\/\/luchonoticias.com\/editor\/#\/schema\/person\/29217990ddf6f14e35912b2866d591fb","name":"Editor General","image":{"@type":"ImageObject","inLanguage":"es","@id":"https:\/\/luchonoticias.com\/editor\/#\/schema\/person\/image\/","url":"https:\/\/luchonoticias.com\/editor\/wp-content\/uploads\/2024\/02\/cropped-cropped-logolu-150x150.webp","contentUrl":"https:\/\/luchonoticias.com\/editor\/wp-content\/uploads\/2024\/02\/cropped-cropped-logolu-150x150.webp","caption":"Editor General"},"sameAs":["https:\/\/luchonoticias.com\/"],"url":"https:\/\/luchonoticias.com\/editor\/author\/editor-general\/"}]}},"_links":{"self":[{"href":"https:\/\/luchonoticias.com\/editor\/wp-json\/wp\/v2\/posts\/57674","targetHints":{"allow":["GET"]}}],"collection":[{"href":"https:\/\/luchonoticias.com\/editor\/wp-json\/wp\/v2\/posts"}],"about":[{"href":"https:\/\/luchonoticias.com\/editor\/wp-json\/wp\/v2\/types\/post"}],"author":[{"embeddable":true,"href":"https:\/\/luchonoticias.com\/editor\/wp-json\/wp\/v2\/users\/2"}],"replies":[{"embeddable":true,"href":"https:\/\/luchonoticias.com\/editor\/wp-json\/wp\/v2\/comments?post=57674"}],"version-history":[{"count":0,"href":"https:\/\/luchonoticias.com\/editor\/wp-json\/wp\/v2\/posts\/57674\/revisions"}],"wp:attachment":[{"href":"https:\/\/luchonoticias.com\/editor\/wp-json\/wp\/v2\/media?parent=57674"}],"wp:term":[{"taxonomy":"category","embeddable":true,"href":"https:\/\/luchonoticias.com\/editor\/wp-json\/wp\/v2\/categories?post=57674"},{"taxonomy":"post_tag","embeddable":true,"href":"https:\/\/luchonoticias.com\/editor\/wp-json\/wp\/v2\/tags?post=57674"}],"curies":[{"name":"wp","href":"https:\/\/api.w.org\/{rel}","templated":true}]}}