{"id":57677,"date":"2023-08-04T13:26:07","date_gmt":"2023-08-04T18:26:07","guid":{"rendered":"https:\/\/luchonoticias.com\/?p=57677"},"modified":"2023-08-04T13:26:10","modified_gmt":"2023-08-04T18:26:10","slug":"carcel-a-presuntos-responsables-del-homicidio-de-una-patrullera-de-la-policia-en-neiva","status":"publish","type":"post","link":"https:\/\/luchonoticias.com\/editor\/carcel-a-presuntos-responsables-del-homicidio-de-una-patrullera-de-la-policia-en-neiva\/","title":{"rendered":"C\u00e1rcel a presuntos responsables del homicidio de una patrullera de la polic\u00eda en Neiva"},"content":{"rendered":"\n<p>A la c\u00e1rcel fueron enviados Nelson Ocampo Morales y Yeison Fernando Ram\u00edrez Fajardo, presuntos responsables del homicidio de la patrullera de la Polic\u00eda Nacional, Paula Cristina Ortega C\u00f3rdoba, ocurrido en Neiva (Huila) el pasado mi\u00e9rcoles 2 de agosto.<\/p>\n\n\n\n<p>En menos de tres horas, y gracias al plan candado implementado por las autoridades que cerraron las v\u00edas principales tanto al ingreso y a la salida de Neiva, fueron identificados y detenidos los hoy imputados en el corregimiento de San Antonio de Anaconia, en zona rural de la capital huilense.<\/p>\n\n\n\n<p>En el procedimiento de captura se les hall\u00f3 una granada de fragmentaci\u00f3n y 250 gramos de explosivo tipo pentolita, as\u00ed como dos armas de fuego, entre ellas la de la v\u00edctima, y un silenciador.<\/p>\n\n\n\n<p>A los dos hombresles imputaron homicidio agravado; fabricaci\u00f3n, tr\u00e1fico y porte de armas, municiones de uso restringido, de uso privativo de las fuerzas armadas o explosivos agravado; hurto calificado y agravado, y ocultamiento de elemento material probatorio. El \u00faltimo delito se les formul\u00f3 teniendo en cuenta que, al parecer, los capturados intentaron alterar las caracter\u00edsticas de la motocicleta en la que se movilizaban, para que no fuera identificada. Ninguno de los capturados acept\u00f3 los cargos formulados por la Fiscal\u00eda.<\/p>\n\n\n\n<p><strong>El homicidio<\/strong><\/p>\n\n\n\n<p>El d\u00eda de los hechos, la patrullera de la polic\u00eda de 27 a\u00f1os, se dirig\u00eda en una motocicleta a su lugar de trabajo en el CAI de Ipanema, cuando fue sorprendida por dos hombres que en un sem\u00e1foro la interceptaron y le dispararon por la espalda en repetidas ocasiones.<\/p>\n\n\n\n<p>Todo esto qued\u00f3 registrado en una c\u00e1mara de seguridad del sector que permiti\u00f3 individualizar, y posteriormente identificar, a los presuntos responsables del crimen.<\/p>\n\n\n\n<p>El fiscal local de la Unidad de Vida de la Seccional Huila que asumi\u00f3 la investigaci\u00f3n, narr\u00f3 durante las audiencias de rigor, que seg\u00fan las caracter\u00edsticas f\u00edsicas y de vestuario registradas en los videos, Yeison Fernando Ram\u00edrez Fajardo, seria la persona que manejaba la motocicleta, mientras que Nelson Ocampo Morales habr\u00eda sido quien dispar\u00f3 contra la humanidad de la funcionaria, y posteriormente le quit\u00f3 el arma de dotaci\u00f3n cuando ella se encontraba en el piso herida de muerte.<\/p>\n","protected":false},"excerpt":{"rendered":"<p>A la c\u00e1rcel fueron enviados Nelson Ocampo Morales y Yeison Fernando Ram\u00edrez Fajardo, presuntos responsables del homicidio de la patrullera de la Polic\u00eda Nacional, Paula Cristina Ortega C\u00f3rdoba, ocurrido en Neiva (Huila) el pasado mi\u00e9rcoles 2 de agosto. En menos de tres horas, y gracias al plan candado implementado por las autoridades que cerraron las [&hellip;]<\/p>\n","protected":false},"author":2,"featured_media":0,"comment_status":"open","ping_status":"open","sticky":false,"template":"","format":"standard","meta":{"footnotes":""},"categories":[36,29],"tags":[],"class_list":["post-57677","post","type-post","status-publish","format-standard","hentry","category-destacado","category-judicial"],"yoast_head":"<!-- This site is optimized with the Yoast SEO plugin v26.6 - https:\/\/yoast.com\/wordpress\/plugins\/seo\/ -->\n<title>C\u00e1rcel a presuntos responsables del homicidio de una patrullera de la polic\u00eda en Neiva -<\/title>\n<meta name=\"robots\" content=\"index, follow, max-snippet:-1, max-image-preview:large, max-video-preview:-1\" \/>\n<link rel=\"canonical\" href=\"https:\/\/luchonoticias.com\/editor\/carcel-a-presuntos-responsables-del-homicidio-de-una-patrullera-de-la-policia-en-neiva\/\" \/>\n<meta property=\"og:locale\" content=\"es_ES\" \/>\n<meta property=\"og:type\" content=\"article\" \/>\n<meta property=\"og:title\" content=\"C\u00e1rcel a presuntos responsables del homicidio de una patrullera de la polic\u00eda en Neiva -\" \/>\n<meta property=\"og:url\" content=\"https:\/\/luchonoticias.com\/editor\/carcel-a-presuntos-responsables-del-homicidio-de-una-patrullera-de-la-policia-en-neiva\/\" \/>\n<meta property=\"article:publisher\" content=\"https:\/\/www.facebook.com\/luchonoticiasneiva\" \/>\n<meta property=\"article:published_time\" content=\"2023-08-04T18:26:07+00:00\" \/>\n<meta property=\"article:modified_time\" content=\"2023-08-04T18:26:10+00:00\" \/>\n<meta name=\"author\" content=\"Editor General\" \/>\n<meta name=\"twitter:card\" content=\"summary_large_image\" \/>\n<meta name=\"twitter:label1\" content=\"Escrito por\" \/>\n\t<meta name=\"twitter:data1\" content=\"Editor General\" \/>\n\t<meta name=\"twitter:label2\" content=\"Tiempo de lectura\" \/>\n\t<meta name=\"twitter:data2\" content=\"2 minutos\" \/>\n<script type=\"application\/ld+json\" class=\"yoast-schema-graph\">{\"@context\":\"https:\/\/schema.org\",\"@graph\":[{\"@type\":\"Article\",\"@id\":\"https:\/\/luchonoticias.com\/editor\/carcel-a-presuntos-responsables-del-homicidio-de-una-patrullera-de-la-policia-en-neiva\/#article\",\"isPartOf\":{\"@id\":\"https:\/\/luchonoticias.com\/editor\/carcel-a-presuntos-responsables-del-homicidio-de-una-patrullera-de-la-policia-en-neiva\/\"},\"author\":{\"name\":\"Editor General\",\"@id\":\"https:\/\/luchonoticias.com\/editor\/#\/schema\/person\/29217990ddf6f14e35912b2866d591fb\"},\"headline\":\"C\u00e1rcel a presuntos responsables del homicidio de una patrullera de la polic\u00eda en Neiva\",\"datePublished\":\"2023-08-04T18:26:07+00:00\",\"dateModified\":\"2023-08-04T18:26:10+00:00\",\"mainEntityOfPage\":{\"@id\":\"https:\/\/luchonoticias.com\/editor\/carcel-a-presuntos-responsables-del-homicidio-de-una-patrullera-de-la-policia-en-neiva\/\"},\"wordCount\":391,\"commentCount\":0,\"publisher\":{\"@id\":\"https:\/\/luchonoticias.com\/editor\/#\/schema\/person\/7a7fd911f58561fd056dbac7b55af9cd\"},\"articleSection\":[\"Destacado\",\"Judicial\"],\"inLanguage\":\"es\",\"potentialAction\":[{\"@type\":\"CommentAction\",\"name\":\"Comment\",\"target\":[\"https:\/\/luchonoticias.com\/editor\/carcel-a-presuntos-responsables-del-homicidio-de-una-patrullera-de-la-policia-en-neiva\/#respond\"]}]},{\"@type\":\"WebPage\",\"@id\":\"https:\/\/luchonoticias.com\/editor\/carcel-a-presuntos-responsables-del-homicidio-de-una-patrullera-de-la-policia-en-neiva\/\",\"url\":\"https:\/\/luchonoticias.com\/editor\/carcel-a-presuntos-responsables-del-homicidio-de-una-patrullera-de-la-policia-en-neiva\/\",\"name\":\"C\u00e1rcel a presuntos responsables del homicidio de una patrullera de la polic\u00eda en Neiva -\",\"isPartOf\":{\"@id\":\"https:\/\/luchonoticias.com\/editor\/#website\"},\"datePublished\":\"2023-08-04T18:26:07+00:00\",\"dateModified\":\"2023-08-04T18:26:10+00:00\",\"breadcrumb\":{\"@id\":\"https:\/\/luchonoticias.com\/editor\/carcel-a-presuntos-responsables-del-homicidio-de-una-patrullera-de-la-policia-en-neiva\/#breadcrumb\"},\"inLanguage\":\"es\",\"potentialAction\":[{\"@type\":\"ReadAction\",\"target\":[\"https:\/\/luchonoticias.com\/editor\/carcel-a-presuntos-responsables-del-homicidio-de-una-patrullera-de-la-policia-en-neiva\/\"]}]},{\"@type\":\"BreadcrumbList\",\"@id\":\"https:\/\/luchonoticias.com\/editor\/carcel-a-presuntos-responsables-del-homicidio-de-una-patrullera-de-la-policia-en-neiva\/#breadcrumb\",\"itemListElement\":[{\"@type\":\"ListItem\",\"position\":1,\"name\":\"Portada\",\"item\":\"https:\/\/luchonoticias.com\/editor\/\"},{\"@type\":\"ListItem\",\"position\":2,\"name\":\"C\u00e1rcel a presuntos responsables del homicidio de una patrullera de la polic\u00eda en Neiva\"}]},{\"@type\":\"WebSite\",\"@id\":\"https:\/\/luchonoticias.com\/editor\/#website\",\"url\":\"https:\/\/luchonoticias.com\/editor\/\",\"name\":\"\",\"description\":\"\",\"publisher\":{\"@id\":\"https:\/\/luchonoticias.com\/editor\/#\/schema\/person\/7a7fd911f58561fd056dbac7b55af9cd\"},\"potentialAction\":[{\"@type\":\"SearchAction\",\"target\":{\"@type\":\"EntryPoint\",\"urlTemplate\":\"https:\/\/luchonoticias.com\/editor\/?s={search_term_string}\"},\"query-input\":{\"@type\":\"PropertyValueSpecification\",\"valueRequired\":true,\"valueName\":\"search_term_string\"}}],\"inLanguage\":\"es\"},{\"@type\":[\"Person\",\"Organization\"],\"@id\":\"https:\/\/luchonoticias.com\/editor\/#\/schema\/person\/7a7fd911f58561fd056dbac7b55af9cd\",\"name\":\"admin\",\"image\":{\"@type\":\"ImageObject\",\"inLanguage\":\"es\",\"@id\":\"https:\/\/luchonoticias.com\/editor\/#\/schema\/person\/image\/\",\"url\":\"https:\/\/luchonoticias.com\/editor\/wp-content\/uploads\/2024\/02\/cropped-cropped-logolu.webp\",\"contentUrl\":\"https:\/\/luchonoticias.com\/editor\/wp-content\/uploads\/2024\/02\/cropped-cropped-logolu.webp\",\"width\":382,\"height\":170,\"caption\":\"admin\"},\"logo\":{\"@id\":\"https:\/\/luchonoticias.com\/editor\/#\/schema\/person\/image\/\"},\"sameAs\":[\"https:\/\/www.facebook.com\/luchonoticiasneiva\"]},{\"@type\":\"Person\",\"@id\":\"https:\/\/luchonoticias.com\/editor\/#\/schema\/person\/29217990ddf6f14e35912b2866d591fb\",\"name\":\"Editor General\",\"image\":{\"@type\":\"ImageObject\",\"inLanguage\":\"es\",\"@id\":\"https:\/\/luchonoticias.com\/editor\/#\/schema\/person\/image\/\",\"url\":\"https:\/\/luchonoticias.com\/editor\/wp-content\/uploads\/2024\/02\/cropped-cropped-logolu-150x150.webp\",\"contentUrl\":\"https:\/\/luchonoticias.com\/editor\/wp-content\/uploads\/2024\/02\/cropped-cropped-logolu-150x150.webp\",\"caption\":\"Editor General\"},\"sameAs\":[\"https:\/\/luchonoticias.com\/\"],\"url\":\"https:\/\/luchonoticias.com\/editor\/author\/editor-general\/\"}]}<\/script>\n<!-- \/ Yoast SEO plugin. -->","yoast_head_json":{"title":"C\u00e1rcel a presuntos responsables del homicidio de una patrullera de la polic\u00eda en Neiva -","robots":{"index":"index","follow":"follow","max-snippet":"max-snippet:-1","max-image-preview":"max-image-preview:large","max-video-preview":"max-video-preview:-1"},"canonical":"https:\/\/luchonoticias.com\/editor\/carcel-a-presuntos-responsables-del-homicidio-de-una-patrullera-de-la-policia-en-neiva\/","og_locale":"es_ES","og_type":"article","og_title":"C\u00e1rcel a presuntos responsables del homicidio de una patrullera de la polic\u00eda en Neiva -","og_url":"https:\/\/luchonoticias.com\/editor\/carcel-a-presuntos-responsables-del-homicidio-de-una-patrullera-de-la-policia-en-neiva\/","article_publisher":"https:\/\/www.facebook.com\/luchonoticiasneiva","article_published_time":"2023-08-04T18:26:07+00:00","article_modified_time":"2023-08-04T18:26:10+00:00","author":"Editor General","twitter_card":"summary_large_image","twitter_misc":{"Escrito por":"Editor General","Tiempo de lectura":"2 minutos"},"schema":{"@context":"https:\/\/schema.org","@graph":[{"@type":"Article","@id":"https:\/\/luchonoticias.com\/editor\/carcel-a-presuntos-responsables-del-homicidio-de-una-patrullera-de-la-policia-en-neiva\/#article","isPartOf":{"@id":"https:\/\/luchonoticias.com\/editor\/carcel-a-presuntos-responsables-del-homicidio-de-una-patrullera-de-la-policia-en-neiva\/"},"author":{"name":"Editor General","@id":"https:\/\/luchonoticias.com\/editor\/#\/schema\/person\/29217990ddf6f14e35912b2866d591fb"},"headline":"C\u00e1rcel a presuntos responsables del homicidio de una patrullera de la polic\u00eda en Neiva","datePublished":"2023-08-04T18:26:07+00:00","dateModified":"2023-08-04T18:26:10+00:00","mainEntityOfPage":{"@id":"https:\/\/luchonoticias.com\/editor\/carcel-a-presuntos-responsables-del-homicidio-de-una-patrullera-de-la-policia-en-neiva\/"},"wordCount":391,"commentCount":0,"publisher":{"@id":"https:\/\/luchonoticias.com\/editor\/#\/schema\/person\/7a7fd911f58561fd056dbac7b55af9cd"},"articleSection":["Destacado","Judicial"],"inLanguage":"es","potentialAction":[{"@type":"CommentAction","name":"Comment","target":["https:\/\/luchonoticias.com\/editor\/carcel-a-presuntos-responsables-del-homicidio-de-una-patrullera-de-la-policia-en-neiva\/#respond"]}]},{"@type":"WebPage","@id":"https:\/\/luchonoticias.com\/editor\/carcel-a-presuntos-responsables-del-homicidio-de-una-patrullera-de-la-policia-en-neiva\/","url":"https:\/\/luchonoticias.com\/editor\/carcel-a-presuntos-responsables-del-homicidio-de-una-patrullera-de-la-policia-en-neiva\/","name":"C\u00e1rcel a presuntos responsables del homicidio de una patrullera de la polic\u00eda en Neiva -","isPartOf":{"@id":"https:\/\/luchonoticias.com\/editor\/#website"},"datePublished":"2023-08-04T18:26:07+00:00","dateModified":"2023-08-04T18:26:10+00:00","breadcrumb":{"@id":"https:\/\/luchonoticias.com\/editor\/carcel-a-presuntos-responsables-del-homicidio-de-una-patrullera-de-la-policia-en-neiva\/#breadcrumb"},"inLanguage":"es","potentialAction":[{"@type":"ReadAction","target":["https:\/\/luchonoticias.com\/editor\/carcel-a-presuntos-responsables-del-homicidio-de-una-patrullera-de-la-policia-en-neiva\/"]}]},{"@type":"BreadcrumbList","@id":"https:\/\/luchonoticias.com\/editor\/carcel-a-presuntos-responsables-del-homicidio-de-una-patrullera-de-la-policia-en-neiva\/#breadcrumb","itemListElement":[{"@type":"ListItem","position":1,"name":"Portada","item":"https:\/\/luchonoticias.com\/editor\/"},{"@type":"ListItem","position":2,"name":"C\u00e1rcel a presuntos responsables del homicidio de una patrullera de la polic\u00eda en Neiva"}]},{"@type":"WebSite","@id":"https:\/\/luchonoticias.com\/editor\/#website","url":"https:\/\/luchonoticias.com\/editor\/","name":"","description":"","publisher":{"@id":"https:\/\/luchonoticias.com\/editor\/#\/schema\/person\/7a7fd911f58561fd056dbac7b55af9cd"},"potentialAction":[{"@type":"SearchAction","target":{"@type":"EntryPoint","urlTemplate":"https:\/\/luchonoticias.com\/editor\/?s={search_term_string}"},"query-input":{"@type":"PropertyValueSpecification","valueRequired":true,"valueName":"search_term_string"}}],"inLanguage":"es"},{"@type":["Person","Organization"],"@id":"https:\/\/luchonoticias.com\/editor\/#\/schema\/person\/7a7fd911f58561fd056dbac7b55af9cd","name":"admin","image":{"@type":"ImageObject","inLanguage":"es","@id":"https:\/\/luchonoticias.com\/editor\/#\/schema\/person\/image\/","url":"https:\/\/luchonoticias.com\/editor\/wp-content\/uploads\/2024\/02\/cropped-cropped-logolu.webp","contentUrl":"https:\/\/luchonoticias.com\/editor\/wp-content\/uploads\/2024\/02\/cropped-cropped-logolu.webp","width":382,"height":170,"caption":"admin"},"logo":{"@id":"https:\/\/luchonoticias.com\/editor\/#\/schema\/person\/image\/"},"sameAs":["https:\/\/www.facebook.com\/luchonoticiasneiva"]},{"@type":"Person","@id":"https:\/\/luchonoticias.com\/editor\/#\/schema\/person\/29217990ddf6f14e35912b2866d591fb","name":"Editor General","image":{"@type":"ImageObject","inLanguage":"es","@id":"https:\/\/luchonoticias.com\/editor\/#\/schema\/person\/image\/","url":"https:\/\/luchonoticias.com\/editor\/wp-content\/uploads\/2024\/02\/cropped-cropped-logolu-150x150.webp","contentUrl":"https:\/\/luchonoticias.com\/editor\/wp-content\/uploads\/2024\/02\/cropped-cropped-logolu-150x150.webp","caption":"Editor General"},"sameAs":["https:\/\/luchonoticias.com\/"],"url":"https:\/\/luchonoticias.com\/editor\/author\/editor-general\/"}]}},"_links":{"self":[{"href":"https:\/\/luchonoticias.com\/editor\/wp-json\/wp\/v2\/posts\/57677","targetHints":{"allow":["GET"]}}],"collection":[{"href":"https:\/\/luchonoticias.com\/editor\/wp-json\/wp\/v2\/posts"}],"about":[{"href":"https:\/\/luchonoticias.com\/editor\/wp-json\/wp\/v2\/types\/post"}],"author":[{"embeddable":true,"href":"https:\/\/luchonoticias.com\/editor\/wp-json\/wp\/v2\/users\/2"}],"replies":[{"embeddable":true,"href":"https:\/\/luchonoticias.com\/editor\/wp-json\/wp\/v2\/comments?post=57677"}],"version-history":[{"count":0,"href":"https:\/\/luchonoticias.com\/editor\/wp-json\/wp\/v2\/posts\/57677\/revisions"}],"wp:attachment":[{"href":"https:\/\/luchonoticias.com\/editor\/wp-json\/wp\/v2\/media?parent=57677"}],"wp:term":[{"taxonomy":"category","embeddable":true,"href":"https:\/\/luchonoticias.com\/editor\/wp-json\/wp\/v2\/categories?post=57677"},{"taxonomy":"post_tag","embeddable":true,"href":"https:\/\/luchonoticias.com\/editor\/wp-json\/wp\/v2\/tags?post=57677"}],"curies":[{"name":"wp","href":"https:\/\/api.w.org\/{rel}","templated":true}]}}