{"id":57686,"date":"2023-08-04T20:18:51","date_gmt":"2023-08-05T01:18:51","guid":{"rendered":"https:\/\/luchonoticias.com\/?p=57686"},"modified":"2023-08-04T20:18:52","modified_gmt":"2023-08-05T01:18:52","slug":"alianza-freno-en-neiva-al-atletico-huila","status":"publish","type":"post","link":"https:\/\/luchonoticias.com\/editor\/alianza-freno-en-neiva-al-atletico-huila\/","title":{"rendered":"Alianza &#8216;fren\u00f3&#8217; en Neiva al Atl\u00e9tico Huila"},"content":{"rendered":"\n<p>Freno en seco para las aspiraciones del&nbsp;<strong>Atl\u00e9tico Huila<\/strong>&nbsp;en la primera divisi\u00f3n, en juego por la cuarta fecha del campeonato el conjunto huilense&nbsp;<strong>igual\u00f3 sin goles como local ante Alianza Petrolera.<\/strong><\/p>\n\n\n\n<p>Pese al aire de optimismo por lo ocurrido ante el Pereira, los dirigidos por N\u00e9stor Craviotto poco o nada pudieron hacer ante un Alianza que le quit\u00f3 el control de bal\u00f3n y al final no tuvo forma de c\u00f3mo recuperarlo.<\/p>\n\n\n\n<p>Desde el primer minuto el conjunto local present\u00f3<strong>&nbsp;su intenci\u00f3n de llevarse los tres puntos<\/strong>&nbsp;y adelant\u00f3 l\u00edneas en torno a tal fin, es as\u00ed como al segundo minuto envi\u00f3 su&nbsp;<strong>primera se\u00f1al de alerta con Marcus Vinicius<\/strong>&nbsp;mediante un remate neutralizado por el portero del onceno santandereano.<\/p>\n\n\n\n<p><strong>La visita respondi\u00f3<\/strong>&nbsp;con acciones de&nbsp;<strong>Jahir Castillo, Pablo Bueno y Pedro Franco<\/strong>, este \u00faltimo que protagoniz\u00f3 un cabezazo al minuto 22 en el cobro de un tiro libre y que termin\u00f3 desviado.<\/p>\n\n\n\n<p>Sobre el final el\u00a0<strong>Huila anota mediante Faber Gil\u00a0<\/strong>con un pase de Marcus Vinicius no obstante fue\u00a0<strong>invalidado por el VAR<\/strong>\u00a0(adelantado) y en consecuencia ambos equipos se fueron al descanso con un empate sin goles.<\/p>\n\n\n\n<h5 class=\"wp-block-heading\">Perdiendo el bal\u00f3n en el segundo tiempo<\/h5>\n\n\n\n<p>Ya en el segundo tiempo&nbsp;<strong>Huila ingres\u00f3 a John Lerma&nbsp;<\/strong>en detrimento de Andr\u00e9s Rivera aunque fue un periodo donde&nbsp;<strong>se comenz\u00f3 con algo de choque<\/strong>&nbsp;con algunas faltas e incluso la primera amarilla que fue para Faber Gil.<\/p>\n\n\n\n<p>Pensando en&nbsp;<strong>mejorar el rendimiento<\/strong>&nbsp;el t\u00e9cnico N\u00e9stor Craviotto sigui\u00f3 con su din\u00e1mica de cambios y entr\u00f3 el joven ecuatoriano Cristian Tobar, a ello se suma que&nbsp;<strong>en esta segunda mitad el Huila perdi\u00f3 el control de la pelota<\/strong>&nbsp;y los visitantes tomaron la iniciativa, siendo el caso m\u00e1s notorio un remate rechazado de Pablo Bueno a los 67 minutos.<\/p>\n\n\n\n<p>Pensando en decantar el juego a su favor&nbsp;<strong>siguieron los cambios para los locales,<\/strong>&nbsp;uno de ellos fue el ingreso de Juan Fernando Caicedo; aun as\u00ed el Huila no pudo encontrar el norte para lograr la victoria, incluso&nbsp;<strong>Caicedo recay\u00f3 de su afectaci\u00f3n<\/strong>&nbsp;y fue sustituido en los minutos finales.<\/p>\n\n\n\n<p>Pensando en opciones, lo m\u00e1s claro que tuvo el Huila fue al minuto 86 con un remate desviado de Carlos Robles a los 86 minutos y Carlos Lucum\u00ed de cabeza en tiempo a\u00f1adido.<\/p>\n\n\n\n<p>De otro lado en el cuadro visitante<strong>&nbsp;jug\u00f3 el defensa huilense Leonardo Salda\u00f1a&nbsp;<\/strong>quien asisti\u00f3 al cabezazo de Pedro Franco y fue amonestado al minuto 79.<\/p>\n","protected":false},"excerpt":{"rendered":"<p>Freno en seco para las aspiraciones del&nbsp;Atl\u00e9tico Huila&nbsp;en la primera divisi\u00f3n, en juego por la cuarta fecha del campeonato el conjunto huilense&nbsp;igual\u00f3 sin goles como local ante Alianza Petrolera. Pese al aire de optimismo por lo ocurrido ante el Pereira, los dirigidos por N\u00e9stor Craviotto poco o nada pudieron hacer ante un Alianza que le [&hellip;]<\/p>\n","protected":false},"author":2,"featured_media":0,"comment_status":"open","ping_status":"open","sticky":false,"template":"","format":"standard","meta":{"footnotes":""},"categories":[34],"tags":[],"class_list":["post-57686","post","type-post","status-publish","format-standard","hentry","category-deportes"],"yoast_head":"<!-- This site is optimized with the Yoast SEO plugin v26.6 - https:\/\/yoast.com\/wordpress\/plugins\/seo\/ -->\n<title>Alianza &#039;fren\u00f3&#039; en Neiva al Atl\u00e9tico Huila -<\/title>\n<meta name=\"robots\" content=\"index, follow, max-snippet:-1, max-image-preview:large, max-video-preview:-1\" \/>\n<link rel=\"canonical\" href=\"https:\/\/luchonoticias.com\/editor\/alianza-freno-en-neiva-al-atletico-huila\/\" \/>\n<meta property=\"og:locale\" content=\"es_ES\" \/>\n<meta property=\"og:type\" content=\"article\" \/>\n<meta property=\"og:title\" content=\"Alianza &#039;fren\u00f3&#039; en Neiva al Atl\u00e9tico Huila -\" \/>\n<meta property=\"og:url\" content=\"https:\/\/luchonoticias.com\/editor\/alianza-freno-en-neiva-al-atletico-huila\/\" \/>\n<meta property=\"article:publisher\" content=\"https:\/\/www.facebook.com\/luchonoticiasneiva\" \/>\n<meta property=\"article:published_time\" content=\"2023-08-05T01:18:51+00:00\" \/>\n<meta property=\"article:modified_time\" content=\"2023-08-05T01:18:52+00:00\" \/>\n<meta name=\"author\" content=\"Editor General\" \/>\n<meta name=\"twitter:card\" content=\"summary_large_image\" \/>\n<meta name=\"twitter:label1\" content=\"Escrito por\" \/>\n\t<meta name=\"twitter:data1\" content=\"Editor General\" \/>\n\t<meta name=\"twitter:label2\" content=\"Tiempo de lectura\" \/>\n\t<meta name=\"twitter:data2\" content=\"2 minutos\" \/>\n<script type=\"application\/ld+json\" class=\"yoast-schema-graph\">{\"@context\":\"https:\/\/schema.org\",\"@graph\":[{\"@type\":\"Article\",\"@id\":\"https:\/\/luchonoticias.com\/editor\/alianza-freno-en-neiva-al-atletico-huila\/#article\",\"isPartOf\":{\"@id\":\"https:\/\/luchonoticias.com\/editor\/alianza-freno-en-neiva-al-atletico-huila\/\"},\"author\":{\"name\":\"Editor General\",\"@id\":\"https:\/\/luchonoticias.com\/editor\/#\/schema\/person\/29217990ddf6f14e35912b2866d591fb\"},\"headline\":\"Alianza &#8216;fren\u00f3&#8217; en Neiva al Atl\u00e9tico Huila\",\"datePublished\":\"2023-08-05T01:18:51+00:00\",\"dateModified\":\"2023-08-05T01:18:52+00:00\",\"mainEntityOfPage\":{\"@id\":\"https:\/\/luchonoticias.com\/editor\/alianza-freno-en-neiva-al-atletico-huila\/\"},\"wordCount\":449,\"commentCount\":0,\"publisher\":{\"@id\":\"https:\/\/luchonoticias.com\/editor\/#\/schema\/person\/7a7fd911f58561fd056dbac7b55af9cd\"},\"articleSection\":[\"Deportes\"],\"inLanguage\":\"es\",\"potentialAction\":[{\"@type\":\"CommentAction\",\"name\":\"Comment\",\"target\":[\"https:\/\/luchonoticias.com\/editor\/alianza-freno-en-neiva-al-atletico-huila\/#respond\"]}]},{\"@type\":\"WebPage\",\"@id\":\"https:\/\/luchonoticias.com\/editor\/alianza-freno-en-neiva-al-atletico-huila\/\",\"url\":\"https:\/\/luchonoticias.com\/editor\/alianza-freno-en-neiva-al-atletico-huila\/\",\"name\":\"Alianza 'fren\u00f3' en Neiva al Atl\u00e9tico Huila -\",\"isPartOf\":{\"@id\":\"https:\/\/luchonoticias.com\/editor\/#website\"},\"datePublished\":\"2023-08-05T01:18:51+00:00\",\"dateModified\":\"2023-08-05T01:18:52+00:00\",\"breadcrumb\":{\"@id\":\"https:\/\/luchonoticias.com\/editor\/alianza-freno-en-neiva-al-atletico-huila\/#breadcrumb\"},\"inLanguage\":\"es\",\"potentialAction\":[{\"@type\":\"ReadAction\",\"target\":[\"https:\/\/luchonoticias.com\/editor\/alianza-freno-en-neiva-al-atletico-huila\/\"]}]},{\"@type\":\"BreadcrumbList\",\"@id\":\"https:\/\/luchonoticias.com\/editor\/alianza-freno-en-neiva-al-atletico-huila\/#breadcrumb\",\"itemListElement\":[{\"@type\":\"ListItem\",\"position\":1,\"name\":\"Portada\",\"item\":\"https:\/\/luchonoticias.com\/editor\/\"},{\"@type\":\"ListItem\",\"position\":2,\"name\":\"Alianza &#8216;fren\u00f3&#8217; en Neiva al Atl\u00e9tico Huila\"}]},{\"@type\":\"WebSite\",\"@id\":\"https:\/\/luchonoticias.com\/editor\/#website\",\"url\":\"https:\/\/luchonoticias.com\/editor\/\",\"name\":\"\",\"description\":\"\",\"publisher\":{\"@id\":\"https:\/\/luchonoticias.com\/editor\/#\/schema\/person\/7a7fd911f58561fd056dbac7b55af9cd\"},\"potentialAction\":[{\"@type\":\"SearchAction\",\"target\":{\"@type\":\"EntryPoint\",\"urlTemplate\":\"https:\/\/luchonoticias.com\/editor\/?s={search_term_string}\"},\"query-input\":{\"@type\":\"PropertyValueSpecification\",\"valueRequired\":true,\"valueName\":\"search_term_string\"}}],\"inLanguage\":\"es\"},{\"@type\":[\"Person\",\"Organization\"],\"@id\":\"https:\/\/luchonoticias.com\/editor\/#\/schema\/person\/7a7fd911f58561fd056dbac7b55af9cd\",\"name\":\"admin\",\"image\":{\"@type\":\"ImageObject\",\"inLanguage\":\"es\",\"@id\":\"https:\/\/luchonoticias.com\/editor\/#\/schema\/person\/image\/\",\"url\":\"https:\/\/luchonoticias.com\/editor\/wp-content\/uploads\/2024\/02\/cropped-cropped-logolu.webp\",\"contentUrl\":\"https:\/\/luchonoticias.com\/editor\/wp-content\/uploads\/2024\/02\/cropped-cropped-logolu.webp\",\"width\":382,\"height\":170,\"caption\":\"admin\"},\"logo\":{\"@id\":\"https:\/\/luchonoticias.com\/editor\/#\/schema\/person\/image\/\"},\"sameAs\":[\"https:\/\/www.facebook.com\/luchonoticiasneiva\"]},{\"@type\":\"Person\",\"@id\":\"https:\/\/luchonoticias.com\/editor\/#\/schema\/person\/29217990ddf6f14e35912b2866d591fb\",\"name\":\"Editor General\",\"image\":{\"@type\":\"ImageObject\",\"inLanguage\":\"es\",\"@id\":\"https:\/\/luchonoticias.com\/editor\/#\/schema\/person\/image\/\",\"url\":\"https:\/\/luchonoticias.com\/editor\/wp-content\/uploads\/2024\/02\/cropped-cropped-logolu-150x150.webp\",\"contentUrl\":\"https:\/\/luchonoticias.com\/editor\/wp-content\/uploads\/2024\/02\/cropped-cropped-logolu-150x150.webp\",\"caption\":\"Editor General\"},\"sameAs\":[\"https:\/\/luchonoticias.com\/\"],\"url\":\"https:\/\/luchonoticias.com\/editor\/author\/editor-general\/\"}]}<\/script>\n<!-- \/ Yoast SEO plugin. -->","yoast_head_json":{"title":"Alianza 'fren\u00f3' en Neiva al Atl\u00e9tico Huila -","robots":{"index":"index","follow":"follow","max-snippet":"max-snippet:-1","max-image-preview":"max-image-preview:large","max-video-preview":"max-video-preview:-1"},"canonical":"https:\/\/luchonoticias.com\/editor\/alianza-freno-en-neiva-al-atletico-huila\/","og_locale":"es_ES","og_type":"article","og_title":"Alianza 'fren\u00f3' en Neiva al Atl\u00e9tico Huila -","og_url":"https:\/\/luchonoticias.com\/editor\/alianza-freno-en-neiva-al-atletico-huila\/","article_publisher":"https:\/\/www.facebook.com\/luchonoticiasneiva","article_published_time":"2023-08-05T01:18:51+00:00","article_modified_time":"2023-08-05T01:18:52+00:00","author":"Editor General","twitter_card":"summary_large_image","twitter_misc":{"Escrito por":"Editor General","Tiempo de lectura":"2 minutos"},"schema":{"@context":"https:\/\/schema.org","@graph":[{"@type":"Article","@id":"https:\/\/luchonoticias.com\/editor\/alianza-freno-en-neiva-al-atletico-huila\/#article","isPartOf":{"@id":"https:\/\/luchonoticias.com\/editor\/alianza-freno-en-neiva-al-atletico-huila\/"},"author":{"name":"Editor General","@id":"https:\/\/luchonoticias.com\/editor\/#\/schema\/person\/29217990ddf6f14e35912b2866d591fb"},"headline":"Alianza &#8216;fren\u00f3&#8217; en Neiva al Atl\u00e9tico Huila","datePublished":"2023-08-05T01:18:51+00:00","dateModified":"2023-08-05T01:18:52+00:00","mainEntityOfPage":{"@id":"https:\/\/luchonoticias.com\/editor\/alianza-freno-en-neiva-al-atletico-huila\/"},"wordCount":449,"commentCount":0,"publisher":{"@id":"https:\/\/luchonoticias.com\/editor\/#\/schema\/person\/7a7fd911f58561fd056dbac7b55af9cd"},"articleSection":["Deportes"],"inLanguage":"es","potentialAction":[{"@type":"CommentAction","name":"Comment","target":["https:\/\/luchonoticias.com\/editor\/alianza-freno-en-neiva-al-atletico-huila\/#respond"]}]},{"@type":"WebPage","@id":"https:\/\/luchonoticias.com\/editor\/alianza-freno-en-neiva-al-atletico-huila\/","url":"https:\/\/luchonoticias.com\/editor\/alianza-freno-en-neiva-al-atletico-huila\/","name":"Alianza 'fren\u00f3' en Neiva al Atl\u00e9tico Huila -","isPartOf":{"@id":"https:\/\/luchonoticias.com\/editor\/#website"},"datePublished":"2023-08-05T01:18:51+00:00","dateModified":"2023-08-05T01:18:52+00:00","breadcrumb":{"@id":"https:\/\/luchonoticias.com\/editor\/alianza-freno-en-neiva-al-atletico-huila\/#breadcrumb"},"inLanguage":"es","potentialAction":[{"@type":"ReadAction","target":["https:\/\/luchonoticias.com\/editor\/alianza-freno-en-neiva-al-atletico-huila\/"]}]},{"@type":"BreadcrumbList","@id":"https:\/\/luchonoticias.com\/editor\/alianza-freno-en-neiva-al-atletico-huila\/#breadcrumb","itemListElement":[{"@type":"ListItem","position":1,"name":"Portada","item":"https:\/\/luchonoticias.com\/editor\/"},{"@type":"ListItem","position":2,"name":"Alianza &#8216;fren\u00f3&#8217; en Neiva al Atl\u00e9tico Huila"}]},{"@type":"WebSite","@id":"https:\/\/luchonoticias.com\/editor\/#website","url":"https:\/\/luchonoticias.com\/editor\/","name":"","description":"","publisher":{"@id":"https:\/\/luchonoticias.com\/editor\/#\/schema\/person\/7a7fd911f58561fd056dbac7b55af9cd"},"potentialAction":[{"@type":"SearchAction","target":{"@type":"EntryPoint","urlTemplate":"https:\/\/luchonoticias.com\/editor\/?s={search_term_string}"},"query-input":{"@type":"PropertyValueSpecification","valueRequired":true,"valueName":"search_term_string"}}],"inLanguage":"es"},{"@type":["Person","Organization"],"@id":"https:\/\/luchonoticias.com\/editor\/#\/schema\/person\/7a7fd911f58561fd056dbac7b55af9cd","name":"admin","image":{"@type":"ImageObject","inLanguage":"es","@id":"https:\/\/luchonoticias.com\/editor\/#\/schema\/person\/image\/","url":"https:\/\/luchonoticias.com\/editor\/wp-content\/uploads\/2024\/02\/cropped-cropped-logolu.webp","contentUrl":"https:\/\/luchonoticias.com\/editor\/wp-content\/uploads\/2024\/02\/cropped-cropped-logolu.webp","width":382,"height":170,"caption":"admin"},"logo":{"@id":"https:\/\/luchonoticias.com\/editor\/#\/schema\/person\/image\/"},"sameAs":["https:\/\/www.facebook.com\/luchonoticiasneiva"]},{"@type":"Person","@id":"https:\/\/luchonoticias.com\/editor\/#\/schema\/person\/29217990ddf6f14e35912b2866d591fb","name":"Editor General","image":{"@type":"ImageObject","inLanguage":"es","@id":"https:\/\/luchonoticias.com\/editor\/#\/schema\/person\/image\/","url":"https:\/\/luchonoticias.com\/editor\/wp-content\/uploads\/2024\/02\/cropped-cropped-logolu-150x150.webp","contentUrl":"https:\/\/luchonoticias.com\/editor\/wp-content\/uploads\/2024\/02\/cropped-cropped-logolu-150x150.webp","caption":"Editor General"},"sameAs":["https:\/\/luchonoticias.com\/"],"url":"https:\/\/luchonoticias.com\/editor\/author\/editor-general\/"}]}},"_links":{"self":[{"href":"https:\/\/luchonoticias.com\/editor\/wp-json\/wp\/v2\/posts\/57686","targetHints":{"allow":["GET"]}}],"collection":[{"href":"https:\/\/luchonoticias.com\/editor\/wp-json\/wp\/v2\/posts"}],"about":[{"href":"https:\/\/luchonoticias.com\/editor\/wp-json\/wp\/v2\/types\/post"}],"author":[{"embeddable":true,"href":"https:\/\/luchonoticias.com\/editor\/wp-json\/wp\/v2\/users\/2"}],"replies":[{"embeddable":true,"href":"https:\/\/luchonoticias.com\/editor\/wp-json\/wp\/v2\/comments?post=57686"}],"version-history":[{"count":0,"href":"https:\/\/luchonoticias.com\/editor\/wp-json\/wp\/v2\/posts\/57686\/revisions"}],"wp:attachment":[{"href":"https:\/\/luchonoticias.com\/editor\/wp-json\/wp\/v2\/media?parent=57686"}],"wp:term":[{"taxonomy":"category","embeddable":true,"href":"https:\/\/luchonoticias.com\/editor\/wp-json\/wp\/v2\/categories?post=57686"},{"taxonomy":"post_tag","embeddable":true,"href":"https:\/\/luchonoticias.com\/editor\/wp-json\/wp\/v2\/tags?post=57686"}],"curies":[{"name":"wp","href":"https:\/\/api.w.org\/{rel}","templated":true}]}}