{"id":57692,"date":"2023-08-05T04:53:27","date_gmt":"2023-08-05T09:53:27","guid":{"rendered":"https:\/\/luchonoticias.com\/?p=57692"},"modified":"2023-08-05T04:53:28","modified_gmt":"2023-08-05T09:53:28","slug":"efectuada-mesa-de-participacion-de-infancia-en-el-huila","status":"publish","type":"post","link":"https:\/\/luchonoticias.com\/editor\/efectuada-mesa-de-participacion-de-infancia-en-el-huila\/","title":{"rendered":"Efectuada mesa de participaci\u00f3n de infancia en el Huila"},"content":{"rendered":"\n<p>Se desarroll\u00f3 la primera sesi\u00f3n presencial de la\u00a0<strong>Mesa de Participaci\u00f3n de Infancia del Departamento<\/strong>, un evento que dej\u00f3 importantes alcances en esta materia.<\/p>\n\n\n\n<p>Sobre esta jornada se refiri\u00f3 el L\u00edder del Programa Infancia y Adolescencia, de la Secretar\u00eda de la Mujer, Familia e Inclusi\u00f3n Social del Huila, Carlos Cubillos. \u201cHoy estamos muy contentos porque hicimos la mesa presencial departamental de ni\u00f1os, ni\u00f1as y adolescentes, un espacio donde ellos, representando a los 37 municipios del departamento del Huila pudieron escoger su junta directiva. Este proceso de gobernanza\u00a0<strong>permite que los ni\u00f1os, ni\u00f1as y adolescentes hagan parte del proceso pol\u00edtico<\/strong>\u00a0que junto a las comisiones creadas de ambiente, seguridad, tecnolog\u00eda, salud y educaci\u00f3n van a hacer propuestas y proyectos para que el gobierno Huila crece\u201d empiece a gestionarlas\u201d, indic\u00f3.<\/p>\n\n\n\n<p>\u201cDesde la Secretar\u00eda de la Mujer, Familia e Inclusi\u00f3n Social&nbsp;<strong>se viene apoyando este proceso fortaleci\u00e9ndolo cada d\u00eda<\/strong>, m\u00e1s con el objetivo de que los menores encuentren en la gobernanza y en el aspecto pol\u00edtico las nuevas bases de participaci\u00f3n ciudadana, con esto garantizamos que todos los ni\u00f1os, ni\u00f1as y adolescentes del departamento del Huila sean sujetos activos de derecho, recordemos que somos un gobierno comprometido con la ni\u00f1ez, hacemos parte del Plan de Desarrollo Huila Crece\u201d, complement\u00f3 Cubillos.<\/p>\n\n\n\n<p>Los participantes y el equipo de gobierno estuvieron&nbsp;<strong>acompa\u00f1ados por los entes encargados de vigilar la funci\u00f3n y desarrollo&nbsp;<\/strong>del Plan de Gobierno de la Administraci\u00f3n Departamental. As\u00ed lo indic\u00f3 Diana Mireya Charry, Referente Regional del Sistema Nacional del Bienestar Familiar. \u201cLa Mesa de Participaci\u00f3n Departamental es una instancia del sistema nacional de bienestar familiar en el cual&nbsp;<strong>los ni\u00f1os tienen toda la posibilidad de tener las incidencias en las pol\u00edticas p\u00fablicas departamentales.<\/strong>&nbsp;Hoy se tuvo la posibilidad de que se postularan y eligieran como un mecanismo de participaci\u00f3n la junta directiva de esta instancia, la cual los va a representar en las otras instancias y en todos los eventos en el cual tengan incidencia a los ni\u00f1os, ni\u00f1as y adolescentes\u201d.<\/p>\n","protected":false},"excerpt":{"rendered":"<p>Se desarroll\u00f3 la primera sesi\u00f3n presencial de la\u00a0Mesa de Participaci\u00f3n de Infancia del Departamento, un evento que dej\u00f3 importantes alcances en esta materia. Sobre esta jornada se refiri\u00f3 el L\u00edder del Programa Infancia y Adolescencia, de la Secretar\u00eda de la Mujer, Familia e Inclusi\u00f3n Social del Huila, Carlos Cubillos. \u201cHoy estamos muy contentos porque hicimos [&hellip;]<\/p>\n","protected":false},"author":2,"featured_media":0,"comment_status":"open","ping_status":"open","sticky":false,"template":"","format":"standard","meta":{"footnotes":""},"categories":[33],"tags":[],"class_list":["post-57692","post","type-post","status-publish","format-standard","hentry","category-huila"],"yoast_head":"<!-- This site is optimized with the Yoast SEO plugin v26.6 - https:\/\/yoast.com\/wordpress\/plugins\/seo\/ -->\n<title>Efectuada mesa de participaci\u00f3n de infancia en el Huila -<\/title>\n<meta name=\"robots\" content=\"index, follow, max-snippet:-1, max-image-preview:large, max-video-preview:-1\" \/>\n<link rel=\"canonical\" href=\"https:\/\/luchonoticias.com\/editor\/efectuada-mesa-de-participacion-de-infancia-en-el-huila\/\" \/>\n<meta property=\"og:locale\" content=\"es_ES\" \/>\n<meta property=\"og:type\" content=\"article\" \/>\n<meta property=\"og:title\" content=\"Efectuada mesa de participaci\u00f3n de infancia en el Huila -\" \/>\n<meta property=\"og:url\" content=\"https:\/\/luchonoticias.com\/editor\/efectuada-mesa-de-participacion-de-infancia-en-el-huila\/\" \/>\n<meta property=\"article:publisher\" content=\"https:\/\/www.facebook.com\/luchonoticiasneiva\" \/>\n<meta property=\"article:published_time\" content=\"2023-08-05T09:53:27+00:00\" \/>\n<meta property=\"article:modified_time\" content=\"2023-08-05T09:53:28+00:00\" \/>\n<meta name=\"author\" content=\"Editor General\" \/>\n<meta name=\"twitter:card\" content=\"summary_large_image\" \/>\n<meta name=\"twitter:label1\" content=\"Escrito por\" \/>\n\t<meta name=\"twitter:data1\" content=\"Editor General\" \/>\n\t<meta name=\"twitter:label2\" content=\"Tiempo de lectura\" \/>\n\t<meta name=\"twitter:data2\" content=\"2 minutos\" \/>\n<script type=\"application\/ld+json\" class=\"yoast-schema-graph\">{\"@context\":\"https:\/\/schema.org\",\"@graph\":[{\"@type\":\"Article\",\"@id\":\"https:\/\/luchonoticias.com\/editor\/efectuada-mesa-de-participacion-de-infancia-en-el-huila\/#article\",\"isPartOf\":{\"@id\":\"https:\/\/luchonoticias.com\/editor\/efectuada-mesa-de-participacion-de-infancia-en-el-huila\/\"},\"author\":{\"name\":\"Editor General\",\"@id\":\"https:\/\/luchonoticias.com\/editor\/#\/schema\/person\/29217990ddf6f14e35912b2866d591fb\"},\"headline\":\"Efectuada mesa de participaci\u00f3n de infancia en el Huila\",\"datePublished\":\"2023-08-05T09:53:27+00:00\",\"dateModified\":\"2023-08-05T09:53:28+00:00\",\"mainEntityOfPage\":{\"@id\":\"https:\/\/luchonoticias.com\/editor\/efectuada-mesa-de-participacion-de-infancia-en-el-huila\/\"},\"wordCount\":374,\"commentCount\":0,\"publisher\":{\"@id\":\"https:\/\/luchonoticias.com\/editor\/#\/schema\/person\/7a7fd911f58561fd056dbac7b55af9cd\"},\"articleSection\":[\"Huila\"],\"inLanguage\":\"es\",\"potentialAction\":[{\"@type\":\"CommentAction\",\"name\":\"Comment\",\"target\":[\"https:\/\/luchonoticias.com\/editor\/efectuada-mesa-de-participacion-de-infancia-en-el-huila\/#respond\"]}]},{\"@type\":\"WebPage\",\"@id\":\"https:\/\/luchonoticias.com\/editor\/efectuada-mesa-de-participacion-de-infancia-en-el-huila\/\",\"url\":\"https:\/\/luchonoticias.com\/editor\/efectuada-mesa-de-participacion-de-infancia-en-el-huila\/\",\"name\":\"Efectuada mesa de participaci\u00f3n de infancia en el Huila -\",\"isPartOf\":{\"@id\":\"https:\/\/luchonoticias.com\/editor\/#website\"},\"datePublished\":\"2023-08-05T09:53:27+00:00\",\"dateModified\":\"2023-08-05T09:53:28+00:00\",\"breadcrumb\":{\"@id\":\"https:\/\/luchonoticias.com\/editor\/efectuada-mesa-de-participacion-de-infancia-en-el-huila\/#breadcrumb\"},\"inLanguage\":\"es\",\"potentialAction\":[{\"@type\":\"ReadAction\",\"target\":[\"https:\/\/luchonoticias.com\/editor\/efectuada-mesa-de-participacion-de-infancia-en-el-huila\/\"]}]},{\"@type\":\"BreadcrumbList\",\"@id\":\"https:\/\/luchonoticias.com\/editor\/efectuada-mesa-de-participacion-de-infancia-en-el-huila\/#breadcrumb\",\"itemListElement\":[{\"@type\":\"ListItem\",\"position\":1,\"name\":\"Portada\",\"item\":\"https:\/\/luchonoticias.com\/editor\/\"},{\"@type\":\"ListItem\",\"position\":2,\"name\":\"Efectuada mesa de participaci\u00f3n de infancia en el Huila\"}]},{\"@type\":\"WebSite\",\"@id\":\"https:\/\/luchonoticias.com\/editor\/#website\",\"url\":\"https:\/\/luchonoticias.com\/editor\/\",\"name\":\"\",\"description\":\"\",\"publisher\":{\"@id\":\"https:\/\/luchonoticias.com\/editor\/#\/schema\/person\/7a7fd911f58561fd056dbac7b55af9cd\"},\"potentialAction\":[{\"@type\":\"SearchAction\",\"target\":{\"@type\":\"EntryPoint\",\"urlTemplate\":\"https:\/\/luchonoticias.com\/editor\/?s={search_term_string}\"},\"query-input\":{\"@type\":\"PropertyValueSpecification\",\"valueRequired\":true,\"valueName\":\"search_term_string\"}}],\"inLanguage\":\"es\"},{\"@type\":[\"Person\",\"Organization\"],\"@id\":\"https:\/\/luchonoticias.com\/editor\/#\/schema\/person\/7a7fd911f58561fd056dbac7b55af9cd\",\"name\":\"admin\",\"image\":{\"@type\":\"ImageObject\",\"inLanguage\":\"es\",\"@id\":\"https:\/\/luchonoticias.com\/editor\/#\/schema\/person\/image\/\",\"url\":\"https:\/\/luchonoticias.com\/editor\/wp-content\/uploads\/2024\/02\/cropped-cropped-logolu.webp\",\"contentUrl\":\"https:\/\/luchonoticias.com\/editor\/wp-content\/uploads\/2024\/02\/cropped-cropped-logolu.webp\",\"width\":382,\"height\":170,\"caption\":\"admin\"},\"logo\":{\"@id\":\"https:\/\/luchonoticias.com\/editor\/#\/schema\/person\/image\/\"},\"sameAs\":[\"https:\/\/www.facebook.com\/luchonoticiasneiva\"]},{\"@type\":\"Person\",\"@id\":\"https:\/\/luchonoticias.com\/editor\/#\/schema\/person\/29217990ddf6f14e35912b2866d591fb\",\"name\":\"Editor General\",\"image\":{\"@type\":\"ImageObject\",\"inLanguage\":\"es\",\"@id\":\"https:\/\/luchonoticias.com\/editor\/#\/schema\/person\/image\/\",\"url\":\"https:\/\/luchonoticias.com\/editor\/wp-content\/uploads\/2024\/02\/cropped-cropped-logolu-150x150.webp\",\"contentUrl\":\"https:\/\/luchonoticias.com\/editor\/wp-content\/uploads\/2024\/02\/cropped-cropped-logolu-150x150.webp\",\"caption\":\"Editor General\"},\"sameAs\":[\"https:\/\/luchonoticias.com\/\"],\"url\":\"https:\/\/luchonoticias.com\/editor\/author\/editor-general\/\"}]}<\/script>\n<!-- \/ Yoast SEO plugin. -->","yoast_head_json":{"title":"Efectuada mesa de participaci\u00f3n de infancia en el Huila -","robots":{"index":"index","follow":"follow","max-snippet":"max-snippet:-1","max-image-preview":"max-image-preview:large","max-video-preview":"max-video-preview:-1"},"canonical":"https:\/\/luchonoticias.com\/editor\/efectuada-mesa-de-participacion-de-infancia-en-el-huila\/","og_locale":"es_ES","og_type":"article","og_title":"Efectuada mesa de participaci\u00f3n de infancia en el Huila -","og_url":"https:\/\/luchonoticias.com\/editor\/efectuada-mesa-de-participacion-de-infancia-en-el-huila\/","article_publisher":"https:\/\/www.facebook.com\/luchonoticiasneiva","article_published_time":"2023-08-05T09:53:27+00:00","article_modified_time":"2023-08-05T09:53:28+00:00","author":"Editor General","twitter_card":"summary_large_image","twitter_misc":{"Escrito por":"Editor General","Tiempo de lectura":"2 minutos"},"schema":{"@context":"https:\/\/schema.org","@graph":[{"@type":"Article","@id":"https:\/\/luchonoticias.com\/editor\/efectuada-mesa-de-participacion-de-infancia-en-el-huila\/#article","isPartOf":{"@id":"https:\/\/luchonoticias.com\/editor\/efectuada-mesa-de-participacion-de-infancia-en-el-huila\/"},"author":{"name":"Editor General","@id":"https:\/\/luchonoticias.com\/editor\/#\/schema\/person\/29217990ddf6f14e35912b2866d591fb"},"headline":"Efectuada mesa de participaci\u00f3n de infancia en el Huila","datePublished":"2023-08-05T09:53:27+00:00","dateModified":"2023-08-05T09:53:28+00:00","mainEntityOfPage":{"@id":"https:\/\/luchonoticias.com\/editor\/efectuada-mesa-de-participacion-de-infancia-en-el-huila\/"},"wordCount":374,"commentCount":0,"publisher":{"@id":"https:\/\/luchonoticias.com\/editor\/#\/schema\/person\/7a7fd911f58561fd056dbac7b55af9cd"},"articleSection":["Huila"],"inLanguage":"es","potentialAction":[{"@type":"CommentAction","name":"Comment","target":["https:\/\/luchonoticias.com\/editor\/efectuada-mesa-de-participacion-de-infancia-en-el-huila\/#respond"]}]},{"@type":"WebPage","@id":"https:\/\/luchonoticias.com\/editor\/efectuada-mesa-de-participacion-de-infancia-en-el-huila\/","url":"https:\/\/luchonoticias.com\/editor\/efectuada-mesa-de-participacion-de-infancia-en-el-huila\/","name":"Efectuada mesa de participaci\u00f3n de infancia en el Huila -","isPartOf":{"@id":"https:\/\/luchonoticias.com\/editor\/#website"},"datePublished":"2023-08-05T09:53:27+00:00","dateModified":"2023-08-05T09:53:28+00:00","breadcrumb":{"@id":"https:\/\/luchonoticias.com\/editor\/efectuada-mesa-de-participacion-de-infancia-en-el-huila\/#breadcrumb"},"inLanguage":"es","potentialAction":[{"@type":"ReadAction","target":["https:\/\/luchonoticias.com\/editor\/efectuada-mesa-de-participacion-de-infancia-en-el-huila\/"]}]},{"@type":"BreadcrumbList","@id":"https:\/\/luchonoticias.com\/editor\/efectuada-mesa-de-participacion-de-infancia-en-el-huila\/#breadcrumb","itemListElement":[{"@type":"ListItem","position":1,"name":"Portada","item":"https:\/\/luchonoticias.com\/editor\/"},{"@type":"ListItem","position":2,"name":"Efectuada mesa de participaci\u00f3n de infancia en el Huila"}]},{"@type":"WebSite","@id":"https:\/\/luchonoticias.com\/editor\/#website","url":"https:\/\/luchonoticias.com\/editor\/","name":"","description":"","publisher":{"@id":"https:\/\/luchonoticias.com\/editor\/#\/schema\/person\/7a7fd911f58561fd056dbac7b55af9cd"},"potentialAction":[{"@type":"SearchAction","target":{"@type":"EntryPoint","urlTemplate":"https:\/\/luchonoticias.com\/editor\/?s={search_term_string}"},"query-input":{"@type":"PropertyValueSpecification","valueRequired":true,"valueName":"search_term_string"}}],"inLanguage":"es"},{"@type":["Person","Organization"],"@id":"https:\/\/luchonoticias.com\/editor\/#\/schema\/person\/7a7fd911f58561fd056dbac7b55af9cd","name":"admin","image":{"@type":"ImageObject","inLanguage":"es","@id":"https:\/\/luchonoticias.com\/editor\/#\/schema\/person\/image\/","url":"https:\/\/luchonoticias.com\/editor\/wp-content\/uploads\/2024\/02\/cropped-cropped-logolu.webp","contentUrl":"https:\/\/luchonoticias.com\/editor\/wp-content\/uploads\/2024\/02\/cropped-cropped-logolu.webp","width":382,"height":170,"caption":"admin"},"logo":{"@id":"https:\/\/luchonoticias.com\/editor\/#\/schema\/person\/image\/"},"sameAs":["https:\/\/www.facebook.com\/luchonoticiasneiva"]},{"@type":"Person","@id":"https:\/\/luchonoticias.com\/editor\/#\/schema\/person\/29217990ddf6f14e35912b2866d591fb","name":"Editor General","image":{"@type":"ImageObject","inLanguage":"es","@id":"https:\/\/luchonoticias.com\/editor\/#\/schema\/person\/image\/","url":"https:\/\/luchonoticias.com\/editor\/wp-content\/uploads\/2024\/02\/cropped-cropped-logolu-150x150.webp","contentUrl":"https:\/\/luchonoticias.com\/editor\/wp-content\/uploads\/2024\/02\/cropped-cropped-logolu-150x150.webp","caption":"Editor General"},"sameAs":["https:\/\/luchonoticias.com\/"],"url":"https:\/\/luchonoticias.com\/editor\/author\/editor-general\/"}]}},"_links":{"self":[{"href":"https:\/\/luchonoticias.com\/editor\/wp-json\/wp\/v2\/posts\/57692","targetHints":{"allow":["GET"]}}],"collection":[{"href":"https:\/\/luchonoticias.com\/editor\/wp-json\/wp\/v2\/posts"}],"about":[{"href":"https:\/\/luchonoticias.com\/editor\/wp-json\/wp\/v2\/types\/post"}],"author":[{"embeddable":true,"href":"https:\/\/luchonoticias.com\/editor\/wp-json\/wp\/v2\/users\/2"}],"replies":[{"embeddable":true,"href":"https:\/\/luchonoticias.com\/editor\/wp-json\/wp\/v2\/comments?post=57692"}],"version-history":[{"count":0,"href":"https:\/\/luchonoticias.com\/editor\/wp-json\/wp\/v2\/posts\/57692\/revisions"}],"wp:attachment":[{"href":"https:\/\/luchonoticias.com\/editor\/wp-json\/wp\/v2\/media?parent=57692"}],"wp:term":[{"taxonomy":"category","embeddable":true,"href":"https:\/\/luchonoticias.com\/editor\/wp-json\/wp\/v2\/categories?post=57692"},{"taxonomy":"post_tag","embeddable":true,"href":"https:\/\/luchonoticias.com\/editor\/wp-json\/wp\/v2\/tags?post=57692"}],"curies":[{"name":"wp","href":"https:\/\/api.w.org\/{rel}","templated":true}]}}