{"id":57769,"date":"2023-08-07T04:50:03","date_gmt":"2023-08-07T09:50:03","guid":{"rendered":"https:\/\/luchonoticias.com\/?p=57769"},"modified":"2023-08-07T04:50:04","modified_gmt":"2023-08-07T09:50:04","slug":"fecha-de-contrastes-para-el-huila-en-el-retorno-del-sub-17b","status":"publish","type":"post","link":"https:\/\/luchonoticias.com\/editor\/fecha-de-contrastes-para-el-huila-en-el-retorno-del-sub-17b\/","title":{"rendered":"Fecha de contrastes para el Huila en el retorno del sub &#8211; 17B"},"content":{"rendered":"\n<p>Comenz\u00f3 la segunda ronda del\u00a0<strong>Campeonato Nacional Interclubes sub \u2013 17B<\/strong>\u00a0para los equipos del departamento, jornada que tuvo un sabor agridulce para los huilenses.<\/p>\n\n\n\n<p><strong>Utrahuilca\u00a0<\/strong>(en la foto)<strong>\u00a0fue el protagonista\u00a0<\/strong>de la jornada, de local el onceno solidario dirigido por Luis Medina\u00a0<strong>no tuvo piedad del Atl\u00e9tico Ilusi\u00f3n<\/strong>\u00a0y lo gole\u00f3 5:0.<\/p>\n\n\n\n<p>El contraste lo protagoniz\u00f3 el&nbsp;<strong>Aston Huila&nbsp;<\/strong>que&nbsp;<strong>de visitante perdi\u00f3 3:2 ante el Pereira<\/strong>, aunque espera remontar el resultado este fin de semana.<\/p>\n","protected":false},"excerpt":{"rendered":"<p>Comenz\u00f3 la segunda ronda del\u00a0Campeonato Nacional Interclubes sub \u2013 17B\u00a0para los equipos del departamento, jornada que tuvo un sabor agridulce para los huilenses. Utrahuilca\u00a0(en la foto)\u00a0fue el protagonista\u00a0de la jornada, de local el onceno solidario dirigido por Luis Medina\u00a0no tuvo piedad del Atl\u00e9tico Ilusi\u00f3n\u00a0y lo gole\u00f3 5:0. El contraste lo protagoniz\u00f3 el&nbsp;Aston Huila&nbsp;que&nbsp;de visitante perdi\u00f3 [&hellip;]<\/p>\n","protected":false},"author":2,"featured_media":0,"comment_status":"open","ping_status":"open","sticky":false,"template":"","format":"standard","meta":{"footnotes":""},"categories":[34],"tags":[],"class_list":["post-57769","post","type-post","status-publish","format-standard","hentry","category-deportes"],"yoast_head":"<!-- This site is optimized with the Yoast SEO plugin v26.6 - https:\/\/yoast.com\/wordpress\/plugins\/seo\/ -->\n<title>Fecha de contrastes para el Huila en el retorno del sub - 17B -<\/title>\n<meta name=\"robots\" content=\"index, follow, max-snippet:-1, max-image-preview:large, max-video-preview:-1\" \/>\n<link rel=\"canonical\" href=\"https:\/\/luchonoticias.com\/editor\/fecha-de-contrastes-para-el-huila-en-el-retorno-del-sub-17b\/\" \/>\n<meta property=\"og:locale\" content=\"es_ES\" \/>\n<meta property=\"og:type\" content=\"article\" \/>\n<meta property=\"og:title\" content=\"Fecha de contrastes para el Huila en el retorno del sub - 17B -\" \/>\n<meta property=\"og:url\" content=\"https:\/\/luchonoticias.com\/editor\/fecha-de-contrastes-para-el-huila-en-el-retorno-del-sub-17b\/\" \/>\n<meta property=\"article:publisher\" content=\"https:\/\/www.facebook.com\/luchonoticiasneiva\" \/>\n<meta property=\"article:published_time\" content=\"2023-08-07T09:50:03+00:00\" \/>\n<meta property=\"article:modified_time\" content=\"2023-08-07T09:50:04+00:00\" \/>\n<meta name=\"author\" content=\"Editor General\" \/>\n<meta name=\"twitter:card\" content=\"summary_large_image\" \/>\n<meta name=\"twitter:label1\" content=\"Escrito por\" \/>\n\t<meta name=\"twitter:data1\" content=\"Editor General\" \/>\n<script type=\"application\/ld+json\" class=\"yoast-schema-graph\">{\"@context\":\"https:\/\/schema.org\",\"@graph\":[{\"@type\":\"Article\",\"@id\":\"https:\/\/luchonoticias.com\/editor\/fecha-de-contrastes-para-el-huila-en-el-retorno-del-sub-17b\/#article\",\"isPartOf\":{\"@id\":\"https:\/\/luchonoticias.com\/editor\/fecha-de-contrastes-para-el-huila-en-el-retorno-del-sub-17b\/\"},\"author\":{\"name\":\"Editor General\",\"@id\":\"https:\/\/luchonoticias.com\/editor\/#\/schema\/person\/29217990ddf6f14e35912b2866d591fb\"},\"headline\":\"Fecha de contrastes para el Huila en el retorno del sub &#8211; 17B\",\"datePublished\":\"2023-08-07T09:50:03+00:00\",\"dateModified\":\"2023-08-07T09:50:04+00:00\",\"mainEntityOfPage\":{\"@id\":\"https:\/\/luchonoticias.com\/editor\/fecha-de-contrastes-para-el-huila-en-el-retorno-del-sub-17b\/\"},\"wordCount\":93,\"commentCount\":0,\"publisher\":{\"@id\":\"https:\/\/luchonoticias.com\/editor\/#\/schema\/person\/7a7fd911f58561fd056dbac7b55af9cd\"},\"articleSection\":[\"Deportes\"],\"inLanguage\":\"es\",\"potentialAction\":[{\"@type\":\"CommentAction\",\"name\":\"Comment\",\"target\":[\"https:\/\/luchonoticias.com\/editor\/fecha-de-contrastes-para-el-huila-en-el-retorno-del-sub-17b\/#respond\"]}]},{\"@type\":\"WebPage\",\"@id\":\"https:\/\/luchonoticias.com\/editor\/fecha-de-contrastes-para-el-huila-en-el-retorno-del-sub-17b\/\",\"url\":\"https:\/\/luchonoticias.com\/editor\/fecha-de-contrastes-para-el-huila-en-el-retorno-del-sub-17b\/\",\"name\":\"Fecha de contrastes para el Huila en el retorno del sub - 17B -\",\"isPartOf\":{\"@id\":\"https:\/\/luchonoticias.com\/editor\/#website\"},\"datePublished\":\"2023-08-07T09:50:03+00:00\",\"dateModified\":\"2023-08-07T09:50:04+00:00\",\"breadcrumb\":{\"@id\":\"https:\/\/luchonoticias.com\/editor\/fecha-de-contrastes-para-el-huila-en-el-retorno-del-sub-17b\/#breadcrumb\"},\"inLanguage\":\"es\",\"potentialAction\":[{\"@type\":\"ReadAction\",\"target\":[\"https:\/\/luchonoticias.com\/editor\/fecha-de-contrastes-para-el-huila-en-el-retorno-del-sub-17b\/\"]}]},{\"@type\":\"BreadcrumbList\",\"@id\":\"https:\/\/luchonoticias.com\/editor\/fecha-de-contrastes-para-el-huila-en-el-retorno-del-sub-17b\/#breadcrumb\",\"itemListElement\":[{\"@type\":\"ListItem\",\"position\":1,\"name\":\"Portada\",\"item\":\"https:\/\/luchonoticias.com\/editor\/\"},{\"@type\":\"ListItem\",\"position\":2,\"name\":\"Fecha de contrastes para el Huila en el retorno del sub &#8211; 17B\"}]},{\"@type\":\"WebSite\",\"@id\":\"https:\/\/luchonoticias.com\/editor\/#website\",\"url\":\"https:\/\/luchonoticias.com\/editor\/\",\"name\":\"\",\"description\":\"\",\"publisher\":{\"@id\":\"https:\/\/luchonoticias.com\/editor\/#\/schema\/person\/7a7fd911f58561fd056dbac7b55af9cd\"},\"potentialAction\":[{\"@type\":\"SearchAction\",\"target\":{\"@type\":\"EntryPoint\",\"urlTemplate\":\"https:\/\/luchonoticias.com\/editor\/?s={search_term_string}\"},\"query-input\":{\"@type\":\"PropertyValueSpecification\",\"valueRequired\":true,\"valueName\":\"search_term_string\"}}],\"inLanguage\":\"es\"},{\"@type\":[\"Person\",\"Organization\"],\"@id\":\"https:\/\/luchonoticias.com\/editor\/#\/schema\/person\/7a7fd911f58561fd056dbac7b55af9cd\",\"name\":\"admin\",\"image\":{\"@type\":\"ImageObject\",\"inLanguage\":\"es\",\"@id\":\"https:\/\/luchonoticias.com\/editor\/#\/schema\/person\/image\/\",\"url\":\"https:\/\/luchonoticias.com\/editor\/wp-content\/uploads\/2024\/02\/cropped-cropped-logolu.webp\",\"contentUrl\":\"https:\/\/luchonoticias.com\/editor\/wp-content\/uploads\/2024\/02\/cropped-cropped-logolu.webp\",\"width\":382,\"height\":170,\"caption\":\"admin\"},\"logo\":{\"@id\":\"https:\/\/luchonoticias.com\/editor\/#\/schema\/person\/image\/\"},\"sameAs\":[\"https:\/\/www.facebook.com\/luchonoticiasneiva\"]},{\"@type\":\"Person\",\"@id\":\"https:\/\/luchonoticias.com\/editor\/#\/schema\/person\/29217990ddf6f14e35912b2866d591fb\",\"name\":\"Editor General\",\"image\":{\"@type\":\"ImageObject\",\"inLanguage\":\"es\",\"@id\":\"https:\/\/luchonoticias.com\/editor\/#\/schema\/person\/image\/\",\"url\":\"https:\/\/luchonoticias.com\/editor\/wp-content\/uploads\/2024\/02\/cropped-cropped-logolu-150x150.webp\",\"contentUrl\":\"https:\/\/luchonoticias.com\/editor\/wp-content\/uploads\/2024\/02\/cropped-cropped-logolu-150x150.webp\",\"caption\":\"Editor General\"},\"sameAs\":[\"https:\/\/luchonoticias.com\/\"],\"url\":\"https:\/\/luchonoticias.com\/editor\/author\/editor-general\/\"}]}<\/script>\n<!-- \/ Yoast SEO plugin. -->","yoast_head_json":{"title":"Fecha de contrastes para el Huila en el retorno del sub - 17B -","robots":{"index":"index","follow":"follow","max-snippet":"max-snippet:-1","max-image-preview":"max-image-preview:large","max-video-preview":"max-video-preview:-1"},"canonical":"https:\/\/luchonoticias.com\/editor\/fecha-de-contrastes-para-el-huila-en-el-retorno-del-sub-17b\/","og_locale":"es_ES","og_type":"article","og_title":"Fecha de contrastes para el Huila en el retorno del sub - 17B -","og_url":"https:\/\/luchonoticias.com\/editor\/fecha-de-contrastes-para-el-huila-en-el-retorno-del-sub-17b\/","article_publisher":"https:\/\/www.facebook.com\/luchonoticiasneiva","article_published_time":"2023-08-07T09:50:03+00:00","article_modified_time":"2023-08-07T09:50:04+00:00","author":"Editor General","twitter_card":"summary_large_image","twitter_misc":{"Escrito por":"Editor General"},"schema":{"@context":"https:\/\/schema.org","@graph":[{"@type":"Article","@id":"https:\/\/luchonoticias.com\/editor\/fecha-de-contrastes-para-el-huila-en-el-retorno-del-sub-17b\/#article","isPartOf":{"@id":"https:\/\/luchonoticias.com\/editor\/fecha-de-contrastes-para-el-huila-en-el-retorno-del-sub-17b\/"},"author":{"name":"Editor General","@id":"https:\/\/luchonoticias.com\/editor\/#\/schema\/person\/29217990ddf6f14e35912b2866d591fb"},"headline":"Fecha de contrastes para el Huila en el retorno del sub &#8211; 17B","datePublished":"2023-08-07T09:50:03+00:00","dateModified":"2023-08-07T09:50:04+00:00","mainEntityOfPage":{"@id":"https:\/\/luchonoticias.com\/editor\/fecha-de-contrastes-para-el-huila-en-el-retorno-del-sub-17b\/"},"wordCount":93,"commentCount":0,"publisher":{"@id":"https:\/\/luchonoticias.com\/editor\/#\/schema\/person\/7a7fd911f58561fd056dbac7b55af9cd"},"articleSection":["Deportes"],"inLanguage":"es","potentialAction":[{"@type":"CommentAction","name":"Comment","target":["https:\/\/luchonoticias.com\/editor\/fecha-de-contrastes-para-el-huila-en-el-retorno-del-sub-17b\/#respond"]}]},{"@type":"WebPage","@id":"https:\/\/luchonoticias.com\/editor\/fecha-de-contrastes-para-el-huila-en-el-retorno-del-sub-17b\/","url":"https:\/\/luchonoticias.com\/editor\/fecha-de-contrastes-para-el-huila-en-el-retorno-del-sub-17b\/","name":"Fecha de contrastes para el Huila en el retorno del sub - 17B -","isPartOf":{"@id":"https:\/\/luchonoticias.com\/editor\/#website"},"datePublished":"2023-08-07T09:50:03+00:00","dateModified":"2023-08-07T09:50:04+00:00","breadcrumb":{"@id":"https:\/\/luchonoticias.com\/editor\/fecha-de-contrastes-para-el-huila-en-el-retorno-del-sub-17b\/#breadcrumb"},"inLanguage":"es","potentialAction":[{"@type":"ReadAction","target":["https:\/\/luchonoticias.com\/editor\/fecha-de-contrastes-para-el-huila-en-el-retorno-del-sub-17b\/"]}]},{"@type":"BreadcrumbList","@id":"https:\/\/luchonoticias.com\/editor\/fecha-de-contrastes-para-el-huila-en-el-retorno-del-sub-17b\/#breadcrumb","itemListElement":[{"@type":"ListItem","position":1,"name":"Portada","item":"https:\/\/luchonoticias.com\/editor\/"},{"@type":"ListItem","position":2,"name":"Fecha de contrastes para el Huila en el retorno del sub &#8211; 17B"}]},{"@type":"WebSite","@id":"https:\/\/luchonoticias.com\/editor\/#website","url":"https:\/\/luchonoticias.com\/editor\/","name":"","description":"","publisher":{"@id":"https:\/\/luchonoticias.com\/editor\/#\/schema\/person\/7a7fd911f58561fd056dbac7b55af9cd"},"potentialAction":[{"@type":"SearchAction","target":{"@type":"EntryPoint","urlTemplate":"https:\/\/luchonoticias.com\/editor\/?s={search_term_string}"},"query-input":{"@type":"PropertyValueSpecification","valueRequired":true,"valueName":"search_term_string"}}],"inLanguage":"es"},{"@type":["Person","Organization"],"@id":"https:\/\/luchonoticias.com\/editor\/#\/schema\/person\/7a7fd911f58561fd056dbac7b55af9cd","name":"admin","image":{"@type":"ImageObject","inLanguage":"es","@id":"https:\/\/luchonoticias.com\/editor\/#\/schema\/person\/image\/","url":"https:\/\/luchonoticias.com\/editor\/wp-content\/uploads\/2024\/02\/cropped-cropped-logolu.webp","contentUrl":"https:\/\/luchonoticias.com\/editor\/wp-content\/uploads\/2024\/02\/cropped-cropped-logolu.webp","width":382,"height":170,"caption":"admin"},"logo":{"@id":"https:\/\/luchonoticias.com\/editor\/#\/schema\/person\/image\/"},"sameAs":["https:\/\/www.facebook.com\/luchonoticiasneiva"]},{"@type":"Person","@id":"https:\/\/luchonoticias.com\/editor\/#\/schema\/person\/29217990ddf6f14e35912b2866d591fb","name":"Editor General","image":{"@type":"ImageObject","inLanguage":"es","@id":"https:\/\/luchonoticias.com\/editor\/#\/schema\/person\/image\/","url":"https:\/\/luchonoticias.com\/editor\/wp-content\/uploads\/2024\/02\/cropped-cropped-logolu-150x150.webp","contentUrl":"https:\/\/luchonoticias.com\/editor\/wp-content\/uploads\/2024\/02\/cropped-cropped-logolu-150x150.webp","caption":"Editor General"},"sameAs":["https:\/\/luchonoticias.com\/"],"url":"https:\/\/luchonoticias.com\/editor\/author\/editor-general\/"}]}},"_links":{"self":[{"href":"https:\/\/luchonoticias.com\/editor\/wp-json\/wp\/v2\/posts\/57769","targetHints":{"allow":["GET"]}}],"collection":[{"href":"https:\/\/luchonoticias.com\/editor\/wp-json\/wp\/v2\/posts"}],"about":[{"href":"https:\/\/luchonoticias.com\/editor\/wp-json\/wp\/v2\/types\/post"}],"author":[{"embeddable":true,"href":"https:\/\/luchonoticias.com\/editor\/wp-json\/wp\/v2\/users\/2"}],"replies":[{"embeddable":true,"href":"https:\/\/luchonoticias.com\/editor\/wp-json\/wp\/v2\/comments?post=57769"}],"version-history":[{"count":0,"href":"https:\/\/luchonoticias.com\/editor\/wp-json\/wp\/v2\/posts\/57769\/revisions"}],"wp:attachment":[{"href":"https:\/\/luchonoticias.com\/editor\/wp-json\/wp\/v2\/media?parent=57769"}],"wp:term":[{"taxonomy":"category","embeddable":true,"href":"https:\/\/luchonoticias.com\/editor\/wp-json\/wp\/v2\/categories?post=57769"},{"taxonomy":"post_tag","embeddable":true,"href":"https:\/\/luchonoticias.com\/editor\/wp-json\/wp\/v2\/tags?post=57769"}],"curies":[{"name":"wp","href":"https:\/\/api.w.org\/{rel}","templated":true}]}}