{"id":57908,"date":"2023-08-09T06:54:00","date_gmt":"2023-08-09T11:54:00","guid":{"rendered":"https:\/\/luchonoticias.com\/?p=57908"},"modified":"2023-08-09T06:54:01","modified_gmt":"2023-08-09T11:54:01","slug":"omaira-la-nina-que-fallecio-en-la-tragedia-de-armero-podria-ser-declarada-santa-por-la-iglesia-catolica","status":"publish","type":"post","link":"https:\/\/luchonoticias.com\/editor\/omaira-la-nina-que-fallecio-en-la-tragedia-de-armero-podria-ser-declarada-santa-por-la-iglesia-catolica\/","title":{"rendered":"Omaira, la ni\u00f1a que falleci\u00f3 en la tragedia de Armero, podr\u00eda ser declarada santa por la Iglesia Cat\u00f3lica"},"content":{"rendered":"\n<p>La tragedia de Armero que enlut\u00f3 a Colombia en 1985 podr\u00eda resultar en una alegr\u00eda para los creyentes de la fe cat\u00f3lica. Omaira, la ni\u00f1a que se convirti\u00f3 en s\u00edmbolo de este desastre natural, podr\u00eda ser declarada como santa por parte del papa Francisco.<\/p>\n\n\n\n<p>La colombiana Natalia Bernal lleg\u00f3 hasta Roma para hacer una peculiar solicitud al papa Francisco luego de sus percances de salud entre junio y julio.<\/p>\n\n\n\n<p>La reconocida abogada Bernal se ha destacado en el panorama nacional por ser una defensora de la vida y se ha mostrado interesada por el proceso de beatificaci\u00f3n de la ni\u00f1a Omaira, quien permanece en la memoria de los colombianos y es uno de los s\u00edmbolos de la tragedia en Armero el 13 de noviembre de 1985.<\/p>\n\n\n\n<p>La jurista, quien ha sido insistente en la beatificaci\u00f3n de la menor, habl\u00f3 con la revista Semana sobre c\u00f3mo hizo llegar la solicitud al Papa.<\/p>\n\n\n\n<p>\u201cNo hab\u00eda un sistema de seguridad para impedirnos entrar al hospital. Nadie nos pregunt\u00f3. Subimos al d\u00e9cimo piso donde fue la cirug\u00eda del Papa\u201d, dijo la abogada a dicho medio.<\/p>\n\n\n\n<p>La jurista logr\u00f3 entregar la carta a una persona muy cercana del Papa: \u201cD\u00edas despu\u00e9s, le dieron de alta al papa y mucha gente estaba all\u00e1, fue necesario que acordonaran el lugar, en ese mismo momento entend\u00ed que Dios abri\u00f3 caminos para que esa noche pudi\u00e9ramos entrar con facilidad, no hay otra explicaci\u00f3n\u201d, cont\u00f3.<\/p>\n\n\n\n<p>Sobre la solicitud de beatificar a Omaira, la jurista sostuvo que \u201cel Se\u00f1or tiene en cuenta el sacrificio de Omaira y el ofrecimiento de su vida para que se salven muchas vidas humanas y muchas almas se acerquen a Dios. Mucha gente frecuenta la tumba de Omaira y muchos hacen brujer\u00eda y espiritismo all\u00ed, lo que buscamos es que se construya con el tiempo una iglesia o una capilla y la beatificaci\u00f3n nos ayudar\u00e1\u201d.<\/p>\n","protected":false},"excerpt":{"rendered":"<p>La tragedia de Armero que enlut\u00f3 a Colombia en 1985 podr\u00eda resultar en una alegr\u00eda para los creyentes de la fe cat\u00f3lica. Omaira, la ni\u00f1a que se convirti\u00f3 en s\u00edmbolo de este desastre natural, podr\u00eda ser declarada como santa por parte del papa Francisco. La colombiana Natalia Bernal lleg\u00f3 hasta Roma para hacer una peculiar [&hellip;]<\/p>\n","protected":false},"author":2,"featured_media":0,"comment_status":"open","ping_status":"open","sticky":false,"template":"","format":"standard","meta":{"footnotes":""},"categories":[28,36],"tags":[],"class_list":["post-57908","post","type-post","status-publish","format-standard","hentry","category-actualidad","category-destacado"],"yoast_head":"<!-- This site is optimized with the Yoast SEO plugin v26.6 - https:\/\/yoast.com\/wordpress\/plugins\/seo\/ -->\n<title>Omaira, la ni\u00f1a que falleci\u00f3 en la tragedia de Armero, podr\u00eda ser declarada santa por la Iglesia Cat\u00f3lica -<\/title>\n<meta name=\"robots\" content=\"index, follow, max-snippet:-1, max-image-preview:large, max-video-preview:-1\" \/>\n<link rel=\"canonical\" href=\"https:\/\/luchonoticias.com\/editor\/omaira-la-nina-que-fallecio-en-la-tragedia-de-armero-podria-ser-declarada-santa-por-la-iglesia-catolica\/\" \/>\n<meta property=\"og:locale\" content=\"es_ES\" \/>\n<meta property=\"og:type\" content=\"article\" \/>\n<meta property=\"og:title\" content=\"Omaira, la ni\u00f1a que falleci\u00f3 en la tragedia de Armero, podr\u00eda ser declarada santa por la Iglesia Cat\u00f3lica -\" \/>\n<meta property=\"og:url\" content=\"https:\/\/luchonoticias.com\/editor\/omaira-la-nina-que-fallecio-en-la-tragedia-de-armero-podria-ser-declarada-santa-por-la-iglesia-catolica\/\" \/>\n<meta property=\"article:publisher\" content=\"https:\/\/www.facebook.com\/luchonoticiasneiva\" \/>\n<meta property=\"article:published_time\" content=\"2023-08-09T11:54:00+00:00\" \/>\n<meta property=\"article:modified_time\" content=\"2023-08-09T11:54:01+00:00\" \/>\n<meta name=\"author\" content=\"Editor General\" \/>\n<meta name=\"twitter:card\" content=\"summary_large_image\" \/>\n<meta name=\"twitter:label1\" content=\"Escrito por\" \/>\n\t<meta name=\"twitter:data1\" content=\"Editor General\" \/>\n\t<meta name=\"twitter:label2\" content=\"Tiempo de lectura\" \/>\n\t<meta name=\"twitter:data2\" content=\"2 minutos\" \/>\n<script type=\"application\/ld+json\" class=\"yoast-schema-graph\">{\"@context\":\"https:\/\/schema.org\",\"@graph\":[{\"@type\":\"Article\",\"@id\":\"https:\/\/luchonoticias.com\/editor\/omaira-la-nina-que-fallecio-en-la-tragedia-de-armero-podria-ser-declarada-santa-por-la-iglesia-catolica\/#article\",\"isPartOf\":{\"@id\":\"https:\/\/luchonoticias.com\/editor\/omaira-la-nina-que-fallecio-en-la-tragedia-de-armero-podria-ser-declarada-santa-por-la-iglesia-catolica\/\"},\"author\":{\"name\":\"Editor General\",\"@id\":\"https:\/\/luchonoticias.com\/editor\/#\/schema\/person\/29217990ddf6f14e35912b2866d591fb\"},\"headline\":\"Omaira, la ni\u00f1a que falleci\u00f3 en la tragedia de Armero, podr\u00eda ser declarada santa por la Iglesia Cat\u00f3lica\",\"datePublished\":\"2023-08-09T11:54:00+00:00\",\"dateModified\":\"2023-08-09T11:54:01+00:00\",\"mainEntityOfPage\":{\"@id\":\"https:\/\/luchonoticias.com\/editor\/omaira-la-nina-que-fallecio-en-la-tragedia-de-armero-podria-ser-declarada-santa-por-la-iglesia-catolica\/\"},\"wordCount\":348,\"commentCount\":0,\"publisher\":{\"@id\":\"https:\/\/luchonoticias.com\/editor\/#\/schema\/person\/7a7fd911f58561fd056dbac7b55af9cd\"},\"articleSection\":[\"Actualidad\",\"Destacado\"],\"inLanguage\":\"es\",\"potentialAction\":[{\"@type\":\"CommentAction\",\"name\":\"Comment\",\"target\":[\"https:\/\/luchonoticias.com\/editor\/omaira-la-nina-que-fallecio-en-la-tragedia-de-armero-podria-ser-declarada-santa-por-la-iglesia-catolica\/#respond\"]}]},{\"@type\":\"WebPage\",\"@id\":\"https:\/\/luchonoticias.com\/editor\/omaira-la-nina-que-fallecio-en-la-tragedia-de-armero-podria-ser-declarada-santa-por-la-iglesia-catolica\/\",\"url\":\"https:\/\/luchonoticias.com\/editor\/omaira-la-nina-que-fallecio-en-la-tragedia-de-armero-podria-ser-declarada-santa-por-la-iglesia-catolica\/\",\"name\":\"Omaira, la ni\u00f1a que falleci\u00f3 en la tragedia de Armero, podr\u00eda ser declarada santa por la Iglesia Cat\u00f3lica -\",\"isPartOf\":{\"@id\":\"https:\/\/luchonoticias.com\/editor\/#website\"},\"datePublished\":\"2023-08-09T11:54:00+00:00\",\"dateModified\":\"2023-08-09T11:54:01+00:00\",\"breadcrumb\":{\"@id\":\"https:\/\/luchonoticias.com\/editor\/omaira-la-nina-que-fallecio-en-la-tragedia-de-armero-podria-ser-declarada-santa-por-la-iglesia-catolica\/#breadcrumb\"},\"inLanguage\":\"es\",\"potentialAction\":[{\"@type\":\"ReadAction\",\"target\":[\"https:\/\/luchonoticias.com\/editor\/omaira-la-nina-que-fallecio-en-la-tragedia-de-armero-podria-ser-declarada-santa-por-la-iglesia-catolica\/\"]}]},{\"@type\":\"BreadcrumbList\",\"@id\":\"https:\/\/luchonoticias.com\/editor\/omaira-la-nina-que-fallecio-en-la-tragedia-de-armero-podria-ser-declarada-santa-por-la-iglesia-catolica\/#breadcrumb\",\"itemListElement\":[{\"@type\":\"ListItem\",\"position\":1,\"name\":\"Portada\",\"item\":\"https:\/\/luchonoticias.com\/editor\/\"},{\"@type\":\"ListItem\",\"position\":2,\"name\":\"Omaira, la ni\u00f1a que falleci\u00f3 en la tragedia de Armero, podr\u00eda ser declarada santa por la Iglesia Cat\u00f3lica\"}]},{\"@type\":\"WebSite\",\"@id\":\"https:\/\/luchonoticias.com\/editor\/#website\",\"url\":\"https:\/\/luchonoticias.com\/editor\/\",\"name\":\"\",\"description\":\"\",\"publisher\":{\"@id\":\"https:\/\/luchonoticias.com\/editor\/#\/schema\/person\/7a7fd911f58561fd056dbac7b55af9cd\"},\"potentialAction\":[{\"@type\":\"SearchAction\",\"target\":{\"@type\":\"EntryPoint\",\"urlTemplate\":\"https:\/\/luchonoticias.com\/editor\/?s={search_term_string}\"},\"query-input\":{\"@type\":\"PropertyValueSpecification\",\"valueRequired\":true,\"valueName\":\"search_term_string\"}}],\"inLanguage\":\"es\"},{\"@type\":[\"Person\",\"Organization\"],\"@id\":\"https:\/\/luchonoticias.com\/editor\/#\/schema\/person\/7a7fd911f58561fd056dbac7b55af9cd\",\"name\":\"admin\",\"image\":{\"@type\":\"ImageObject\",\"inLanguage\":\"es\",\"@id\":\"https:\/\/luchonoticias.com\/editor\/#\/schema\/person\/image\/\",\"url\":\"https:\/\/luchonoticias.com\/editor\/wp-content\/uploads\/2024\/02\/cropped-cropped-logolu.webp\",\"contentUrl\":\"https:\/\/luchonoticias.com\/editor\/wp-content\/uploads\/2024\/02\/cropped-cropped-logolu.webp\",\"width\":382,\"height\":170,\"caption\":\"admin\"},\"logo\":{\"@id\":\"https:\/\/luchonoticias.com\/editor\/#\/schema\/person\/image\/\"},\"sameAs\":[\"https:\/\/www.facebook.com\/luchonoticiasneiva\"]},{\"@type\":\"Person\",\"@id\":\"https:\/\/luchonoticias.com\/editor\/#\/schema\/person\/29217990ddf6f14e35912b2866d591fb\",\"name\":\"Editor General\",\"image\":{\"@type\":\"ImageObject\",\"inLanguage\":\"es\",\"@id\":\"https:\/\/luchonoticias.com\/editor\/#\/schema\/person\/image\/\",\"url\":\"https:\/\/luchonoticias.com\/editor\/wp-content\/uploads\/2024\/02\/cropped-cropped-logolu-150x150.webp\",\"contentUrl\":\"https:\/\/luchonoticias.com\/editor\/wp-content\/uploads\/2024\/02\/cropped-cropped-logolu-150x150.webp\",\"caption\":\"Editor General\"},\"sameAs\":[\"https:\/\/luchonoticias.com\/\"],\"url\":\"https:\/\/luchonoticias.com\/editor\/author\/editor-general\/\"}]}<\/script>\n<!-- \/ Yoast SEO plugin. -->","yoast_head_json":{"title":"Omaira, la ni\u00f1a que falleci\u00f3 en la tragedia de Armero, podr\u00eda ser declarada santa por la Iglesia Cat\u00f3lica -","robots":{"index":"index","follow":"follow","max-snippet":"max-snippet:-1","max-image-preview":"max-image-preview:large","max-video-preview":"max-video-preview:-1"},"canonical":"https:\/\/luchonoticias.com\/editor\/omaira-la-nina-que-fallecio-en-la-tragedia-de-armero-podria-ser-declarada-santa-por-la-iglesia-catolica\/","og_locale":"es_ES","og_type":"article","og_title":"Omaira, la ni\u00f1a que falleci\u00f3 en la tragedia de Armero, podr\u00eda ser declarada santa por la Iglesia Cat\u00f3lica -","og_url":"https:\/\/luchonoticias.com\/editor\/omaira-la-nina-que-fallecio-en-la-tragedia-de-armero-podria-ser-declarada-santa-por-la-iglesia-catolica\/","article_publisher":"https:\/\/www.facebook.com\/luchonoticiasneiva","article_published_time":"2023-08-09T11:54:00+00:00","article_modified_time":"2023-08-09T11:54:01+00:00","author":"Editor General","twitter_card":"summary_large_image","twitter_misc":{"Escrito por":"Editor General","Tiempo de lectura":"2 minutos"},"schema":{"@context":"https:\/\/schema.org","@graph":[{"@type":"Article","@id":"https:\/\/luchonoticias.com\/editor\/omaira-la-nina-que-fallecio-en-la-tragedia-de-armero-podria-ser-declarada-santa-por-la-iglesia-catolica\/#article","isPartOf":{"@id":"https:\/\/luchonoticias.com\/editor\/omaira-la-nina-que-fallecio-en-la-tragedia-de-armero-podria-ser-declarada-santa-por-la-iglesia-catolica\/"},"author":{"name":"Editor General","@id":"https:\/\/luchonoticias.com\/editor\/#\/schema\/person\/29217990ddf6f14e35912b2866d591fb"},"headline":"Omaira, la ni\u00f1a que falleci\u00f3 en la tragedia de Armero, podr\u00eda ser declarada santa por la Iglesia Cat\u00f3lica","datePublished":"2023-08-09T11:54:00+00:00","dateModified":"2023-08-09T11:54:01+00:00","mainEntityOfPage":{"@id":"https:\/\/luchonoticias.com\/editor\/omaira-la-nina-que-fallecio-en-la-tragedia-de-armero-podria-ser-declarada-santa-por-la-iglesia-catolica\/"},"wordCount":348,"commentCount":0,"publisher":{"@id":"https:\/\/luchonoticias.com\/editor\/#\/schema\/person\/7a7fd911f58561fd056dbac7b55af9cd"},"articleSection":["Actualidad","Destacado"],"inLanguage":"es","potentialAction":[{"@type":"CommentAction","name":"Comment","target":["https:\/\/luchonoticias.com\/editor\/omaira-la-nina-que-fallecio-en-la-tragedia-de-armero-podria-ser-declarada-santa-por-la-iglesia-catolica\/#respond"]}]},{"@type":"WebPage","@id":"https:\/\/luchonoticias.com\/editor\/omaira-la-nina-que-fallecio-en-la-tragedia-de-armero-podria-ser-declarada-santa-por-la-iglesia-catolica\/","url":"https:\/\/luchonoticias.com\/editor\/omaira-la-nina-que-fallecio-en-la-tragedia-de-armero-podria-ser-declarada-santa-por-la-iglesia-catolica\/","name":"Omaira, la ni\u00f1a que falleci\u00f3 en la tragedia de Armero, podr\u00eda ser declarada santa por la Iglesia Cat\u00f3lica -","isPartOf":{"@id":"https:\/\/luchonoticias.com\/editor\/#website"},"datePublished":"2023-08-09T11:54:00+00:00","dateModified":"2023-08-09T11:54:01+00:00","breadcrumb":{"@id":"https:\/\/luchonoticias.com\/editor\/omaira-la-nina-que-fallecio-en-la-tragedia-de-armero-podria-ser-declarada-santa-por-la-iglesia-catolica\/#breadcrumb"},"inLanguage":"es","potentialAction":[{"@type":"ReadAction","target":["https:\/\/luchonoticias.com\/editor\/omaira-la-nina-que-fallecio-en-la-tragedia-de-armero-podria-ser-declarada-santa-por-la-iglesia-catolica\/"]}]},{"@type":"BreadcrumbList","@id":"https:\/\/luchonoticias.com\/editor\/omaira-la-nina-que-fallecio-en-la-tragedia-de-armero-podria-ser-declarada-santa-por-la-iglesia-catolica\/#breadcrumb","itemListElement":[{"@type":"ListItem","position":1,"name":"Portada","item":"https:\/\/luchonoticias.com\/editor\/"},{"@type":"ListItem","position":2,"name":"Omaira, la ni\u00f1a que falleci\u00f3 en la tragedia de Armero, podr\u00eda ser declarada santa por la Iglesia Cat\u00f3lica"}]},{"@type":"WebSite","@id":"https:\/\/luchonoticias.com\/editor\/#website","url":"https:\/\/luchonoticias.com\/editor\/","name":"","description":"","publisher":{"@id":"https:\/\/luchonoticias.com\/editor\/#\/schema\/person\/7a7fd911f58561fd056dbac7b55af9cd"},"potentialAction":[{"@type":"SearchAction","target":{"@type":"EntryPoint","urlTemplate":"https:\/\/luchonoticias.com\/editor\/?s={search_term_string}"},"query-input":{"@type":"PropertyValueSpecification","valueRequired":true,"valueName":"search_term_string"}}],"inLanguage":"es"},{"@type":["Person","Organization"],"@id":"https:\/\/luchonoticias.com\/editor\/#\/schema\/person\/7a7fd911f58561fd056dbac7b55af9cd","name":"admin","image":{"@type":"ImageObject","inLanguage":"es","@id":"https:\/\/luchonoticias.com\/editor\/#\/schema\/person\/image\/","url":"https:\/\/luchonoticias.com\/editor\/wp-content\/uploads\/2024\/02\/cropped-cropped-logolu.webp","contentUrl":"https:\/\/luchonoticias.com\/editor\/wp-content\/uploads\/2024\/02\/cropped-cropped-logolu.webp","width":382,"height":170,"caption":"admin"},"logo":{"@id":"https:\/\/luchonoticias.com\/editor\/#\/schema\/person\/image\/"},"sameAs":["https:\/\/www.facebook.com\/luchonoticiasneiva"]},{"@type":"Person","@id":"https:\/\/luchonoticias.com\/editor\/#\/schema\/person\/29217990ddf6f14e35912b2866d591fb","name":"Editor General","image":{"@type":"ImageObject","inLanguage":"es","@id":"https:\/\/luchonoticias.com\/editor\/#\/schema\/person\/image\/","url":"https:\/\/luchonoticias.com\/editor\/wp-content\/uploads\/2024\/02\/cropped-cropped-logolu-150x150.webp","contentUrl":"https:\/\/luchonoticias.com\/editor\/wp-content\/uploads\/2024\/02\/cropped-cropped-logolu-150x150.webp","caption":"Editor General"},"sameAs":["https:\/\/luchonoticias.com\/"],"url":"https:\/\/luchonoticias.com\/editor\/author\/editor-general\/"}]}},"_links":{"self":[{"href":"https:\/\/luchonoticias.com\/editor\/wp-json\/wp\/v2\/posts\/57908","targetHints":{"allow":["GET"]}}],"collection":[{"href":"https:\/\/luchonoticias.com\/editor\/wp-json\/wp\/v2\/posts"}],"about":[{"href":"https:\/\/luchonoticias.com\/editor\/wp-json\/wp\/v2\/types\/post"}],"author":[{"embeddable":true,"href":"https:\/\/luchonoticias.com\/editor\/wp-json\/wp\/v2\/users\/2"}],"replies":[{"embeddable":true,"href":"https:\/\/luchonoticias.com\/editor\/wp-json\/wp\/v2\/comments?post=57908"}],"version-history":[{"count":0,"href":"https:\/\/luchonoticias.com\/editor\/wp-json\/wp\/v2\/posts\/57908\/revisions"}],"wp:attachment":[{"href":"https:\/\/luchonoticias.com\/editor\/wp-json\/wp\/v2\/media?parent=57908"}],"wp:term":[{"taxonomy":"category","embeddable":true,"href":"https:\/\/luchonoticias.com\/editor\/wp-json\/wp\/v2\/categories?post=57908"},{"taxonomy":"post_tag","embeddable":true,"href":"https:\/\/luchonoticias.com\/editor\/wp-json\/wp\/v2\/tags?post=57908"}],"curies":[{"name":"wp","href":"https:\/\/api.w.org\/{rel}","templated":true}]}}