{"id":57911,"date":"2023-08-09T07:13:38","date_gmt":"2023-08-09T12:13:38","guid":{"rendered":"https:\/\/luchonoticias.com\/?p=57911"},"modified":"2023-08-09T07:13:39","modified_gmt":"2023-08-09T12:13:39","slug":"solo-se-ha-ejecutado-el-15-7-del-presupuesto-general-de-la-nacion","status":"publish","type":"post","link":"https:\/\/luchonoticias.com\/editor\/solo-se-ha-ejecutado-el-15-7-del-presupuesto-general-de-la-nacion\/","title":{"rendered":"S\u00f3lo se ha ejecutado el 15.7% del Presupuesto General de la Naci\u00f3n"},"content":{"rendered":"\n<p>El&nbsp;<strong>presidente de la Comisi\u00f3n Tercera de Senado, Efra\u00edn Cepeda Sarabia (Partido Conservador),<\/strong>&nbsp;cit\u00f3 a debate de control pol\u00edtico s los ministros de Hacienda y Cr\u00e9dito p\u00fablico; Ricardo Bonilla Gonz\u00e1lez, Trabajo, Gloria In\u00e9s Ram\u00edrez, Transporte, William Camargo Triana y del Deporte, Astrid Rodr\u00edguez. Con el prop\u00f3sito que rindan informe sobre la ejecuci\u00f3n presupuestal por parte de las respectivas carteras, para la vigencia 2023 y planificando para vigencia 2024.<\/p>\n\n\n\n<p>El congresista citante, mencion\u00f3 que el ministerio de Transporte s\u00f3lo ha ejecutado 26.7%, el de Trabajo el 25% y deporte el 19%. &nbsp;Agreg\u00f3, \u201ca las carteras que ejecuten menos del 50% se les pondr\u00e1 matricula condicional, porque la falta de ejecuci\u00f3n atenta contra el desarrollo econ\u00f3mico del pa\u00eds\u201d, asegur\u00f3 el congresista. &nbsp;<\/p>\n\n\n\n<p>Cepeda Sarabia, hizo un llamado a las carteras para ejecutar de manera efectiva y eficiente los recursos asignados. dijo que la baja ejecuci\u00f3n presupuestal, ocasionar\u00e1 desperdicio del dinero de los contribuyentes, mala calidad de vida de los colombianos, falta de creaci\u00f3n de empleo, retraso en el desarrollo en el pa\u00eds, entre otros efectos. Llam\u00f3 la atenci\u00f3n a las carteras para ejecutar de manera efectiva y eficiente los recursos asignados.<\/p>\n\n\n\n<p>Entre tanto el&nbsp;<strong>ministro de Hacienda y Cr\u00e9dito P\u00fablico; Ricardo Bonilla Gonz\u00e1lez,<\/strong>&nbsp;en su intervenci\u00f3n afirm\u00f3: \u201cLa desaceleraci\u00f3n econ\u00f3mica es un problema mundial, esta situaci\u00f3n no es culpa del del gobierno nacional. Para este a\u00f1o se estima un crecimiento del 1.8% al 2.0%. El funcionario sostuvo que la ejecuci\u00f3n presupuestal del rubro de inversi\u00f3n, es del 60% a finales del mes de julio, el cual est\u00e1 comprometido en obras, tecnolog\u00eda, infraestructura y el cumplimiento de cada ministerio.<\/p>\n\n\n\n<p>De la misma manera la&nbsp;<strong>ministra de Deporte; Astrid Rodr\u00edguez<\/strong>, dijo que esa cartera tiene un presupuesto para este a\u00f1o de 946 mil millones de pesos, de los cuales se ha ejecutado al d\u00eda de hoy, el 53%, invirtiendo el 70% en infraestructuras de los escenarios deportivos del pa\u00eds. Indic\u00f3 que, dentro del plan para la ejecuci\u00f3n presupuestal, est\u00e1n los convenios interadministrativos y los compromisos con enfoque diferencia, apoyo a los deportistas de alto rendimiento, entre otros compromisos. &nbsp;<\/p>\n\n\n\n<p>Asimismo, el&nbsp;<strong>ministro de Transporte, William Camargo Triana,<\/strong>&nbsp;inform\u00f3 que tienen asignado un presupuesto de 14.8 billones de pesos de los cuales 1.6% en funcionamiento, 2.85 billones en servicio de la deuda, 10.3 billones en inversi\u00f3n.<\/p>\n\n\n\n<p>Finalmente, la&nbsp;<strong>ministra de Trabajo Gloria Ram\u00edrez,<\/strong>&nbsp;inform\u00f3 a los integrantes de la c\u00e9lula legislativa que esa cartera tiene asignado un presupuesto de 38 billones de pesos, de los cuales el 13.2% es para inversi\u00f3n, el 86.8 para funcionamiento, donde el 97% es para el pago de pensiones y el 12.8 para el pago de nomina y otros gastos.<\/p>\n\n\n\n<p><strong><em>Congresistas solicitan ejecuci\u00f3n del presupuesto General de la Naci\u00f3n:<\/em><\/strong><\/p>\n\n\n\n<p>Por su parte el&nbsp;<strong>senador Antonio Sabar\u00ecn (Cambio Radical)&nbsp;<\/strong>manifest\u00f3 que el dinero debe llegarles a las personas que est\u00e1 padeciendo necesidades, no debe estar en los bancos, sino en los ministerios con la capacidad de ejecuci\u00f3n\u201d.<\/p>\n\n\n\n<p>De la misma manera el&nbsp;<strong>senador Mauricio G\u00f3mez (Partido Liberal),<\/strong>&nbsp;pidi\u00f3 al ministro de Hacienda igualdad en la distribuci\u00f3n del presupuesto p\u00fablico y a los ministros requiri\u00f3 hechos reales en la ejecuci\u00f3n del presupuesto, \u201cel cambio se debe comenzar a ver en los estratos 1 y 2 del pa\u00eds\u201d.<\/p>\n\n\n\n<p>La&nbsp;<strong>senadora Karina Espinosa (Partido Liberal),<\/strong>&nbsp;manifest\u00f3 su preocupaci\u00f3n por el departamento de Sucre, \u201ceste es uno de las regiones m\u00e1s pobres del pa\u00eds, el presupuesto debe llegar al departamento. El Gobierno tiene que darle una oportunidad y hacer que lleguen los recursos, para que se puedan elaborar los proyectos\u201d.<\/p>\n\n\n\n<p>En las conclusiones del debate de control pol\u00edtico, el senador Efra\u00edn Cepeda Sarabia, solicit\u00f3 a los ministros citados, ponerle el acelerador a la ejecuci\u00f3n del Presupuesto General de la Naci\u00f3n,\u201d de esta manera podemos mejorar la calidad de vida de los colombianos\u201d, afirm\u00f3 el congresista.<\/p>\n\n\n\n<p>En el desarrollo de la sesi\u00f3n el&nbsp;<strong>presidente del Senado de la Rep\u00fablica Iv\u00e1n Name (Alianza Verde),<\/strong>&nbsp;lleg\u00f3 y les dio un saludo protocolario a los integrantes de la Comisi\u00f3n Tercera, les deseo muchos \u00e9xitos. \u201cVamos a trabajar con un Congreso que quiere una din\u00e1mica \u00fatil y productiva. Este corto saludo es una forma de expresarles que aprovechemos el tiempo en el trabajo legislativo. En la presidencia del Senado, estamos siempre a disposici\u00f3n para atenderlos, all\u00e1 no hay puertas, queremos mostrar run gran Congreso\u201d.<\/p>\n","protected":false},"excerpt":{"rendered":"<p>El&nbsp;presidente de la Comisi\u00f3n Tercera de Senado, Efra\u00edn Cepeda Sarabia (Partido Conservador),&nbsp;cit\u00f3 a debate de control pol\u00edtico s los ministros de Hacienda y Cr\u00e9dito p\u00fablico; Ricardo Bonilla Gonz\u00e1lez, Trabajo, Gloria In\u00e9s Ram\u00edrez, Transporte, William Camargo Triana y del Deporte, Astrid Rodr\u00edguez. Con el prop\u00f3sito que rindan informe sobre la ejecuci\u00f3n presupuestal por parte de las [&hellip;]<\/p>\n","protected":false},"author":2,"featured_media":0,"comment_status":"open","ping_status":"open","sticky":false,"template":"","format":"standard","meta":{"footnotes":""},"categories":[36,32],"tags":[],"class_list":["post-57911","post","type-post","status-publish","format-standard","hentry","category-destacado","category-nacional"],"yoast_head":"<!-- This site is optimized with the Yoast SEO plugin v26.6 - https:\/\/yoast.com\/wordpress\/plugins\/seo\/ -->\n<title>S\u00f3lo se ha ejecutado el 15.7% del Presupuesto General de la Naci\u00f3n -<\/title>\n<meta name=\"robots\" content=\"index, follow, max-snippet:-1, max-image-preview:large, max-video-preview:-1\" \/>\n<link rel=\"canonical\" href=\"https:\/\/luchonoticias.com\/editor\/solo-se-ha-ejecutado-el-15-7-del-presupuesto-general-de-la-nacion\/\" \/>\n<meta property=\"og:locale\" content=\"es_ES\" \/>\n<meta property=\"og:type\" content=\"article\" \/>\n<meta property=\"og:title\" content=\"S\u00f3lo se ha ejecutado el 15.7% del Presupuesto General de la Naci\u00f3n -\" \/>\n<meta property=\"og:url\" content=\"https:\/\/luchonoticias.com\/editor\/solo-se-ha-ejecutado-el-15-7-del-presupuesto-general-de-la-nacion\/\" \/>\n<meta property=\"article:publisher\" content=\"https:\/\/www.facebook.com\/luchonoticiasneiva\" \/>\n<meta property=\"article:published_time\" content=\"2023-08-09T12:13:38+00:00\" \/>\n<meta property=\"article:modified_time\" content=\"2023-08-09T12:13:39+00:00\" \/>\n<meta name=\"author\" content=\"Editor General\" \/>\n<meta name=\"twitter:card\" content=\"summary_large_image\" \/>\n<meta name=\"twitter:label1\" content=\"Escrito por\" \/>\n\t<meta name=\"twitter:data1\" content=\"Editor General\" \/>\n\t<meta name=\"twitter:label2\" content=\"Tiempo de lectura\" \/>\n\t<meta name=\"twitter:data2\" content=\"4 minutos\" \/>\n<script type=\"application\/ld+json\" class=\"yoast-schema-graph\">{\"@context\":\"https:\/\/schema.org\",\"@graph\":[{\"@type\":\"Article\",\"@id\":\"https:\/\/luchonoticias.com\/editor\/solo-se-ha-ejecutado-el-15-7-del-presupuesto-general-de-la-nacion\/#article\",\"isPartOf\":{\"@id\":\"https:\/\/luchonoticias.com\/editor\/solo-se-ha-ejecutado-el-15-7-del-presupuesto-general-de-la-nacion\/\"},\"author\":{\"name\":\"Editor General\",\"@id\":\"https:\/\/luchonoticias.com\/editor\/#\/schema\/person\/29217990ddf6f14e35912b2866d591fb\"},\"headline\":\"S\u00f3lo se ha ejecutado el 15.7% del Presupuesto General de la Naci\u00f3n\",\"datePublished\":\"2023-08-09T12:13:38+00:00\",\"dateModified\":\"2023-08-09T12:13:39+00:00\",\"mainEntityOfPage\":{\"@id\":\"https:\/\/luchonoticias.com\/editor\/solo-se-ha-ejecutado-el-15-7-del-presupuesto-general-de-la-nacion\/\"},\"wordCount\":784,\"commentCount\":0,\"publisher\":{\"@id\":\"https:\/\/luchonoticias.com\/editor\/#\/schema\/person\/7a7fd911f58561fd056dbac7b55af9cd\"},\"articleSection\":[\"Destacado\",\"Nacional\"],\"inLanguage\":\"es\",\"potentialAction\":[{\"@type\":\"CommentAction\",\"name\":\"Comment\",\"target\":[\"https:\/\/luchonoticias.com\/editor\/solo-se-ha-ejecutado-el-15-7-del-presupuesto-general-de-la-nacion\/#respond\"]}]},{\"@type\":\"WebPage\",\"@id\":\"https:\/\/luchonoticias.com\/editor\/solo-se-ha-ejecutado-el-15-7-del-presupuesto-general-de-la-nacion\/\",\"url\":\"https:\/\/luchonoticias.com\/editor\/solo-se-ha-ejecutado-el-15-7-del-presupuesto-general-de-la-nacion\/\",\"name\":\"S\u00f3lo se ha ejecutado el 15.7% del Presupuesto General de la Naci\u00f3n -\",\"isPartOf\":{\"@id\":\"https:\/\/luchonoticias.com\/editor\/#website\"},\"datePublished\":\"2023-08-09T12:13:38+00:00\",\"dateModified\":\"2023-08-09T12:13:39+00:00\",\"breadcrumb\":{\"@id\":\"https:\/\/luchonoticias.com\/editor\/solo-se-ha-ejecutado-el-15-7-del-presupuesto-general-de-la-nacion\/#breadcrumb\"},\"inLanguage\":\"es\",\"potentialAction\":[{\"@type\":\"ReadAction\",\"target\":[\"https:\/\/luchonoticias.com\/editor\/solo-se-ha-ejecutado-el-15-7-del-presupuesto-general-de-la-nacion\/\"]}]},{\"@type\":\"BreadcrumbList\",\"@id\":\"https:\/\/luchonoticias.com\/editor\/solo-se-ha-ejecutado-el-15-7-del-presupuesto-general-de-la-nacion\/#breadcrumb\",\"itemListElement\":[{\"@type\":\"ListItem\",\"position\":1,\"name\":\"Portada\",\"item\":\"https:\/\/luchonoticias.com\/editor\/\"},{\"@type\":\"ListItem\",\"position\":2,\"name\":\"S\u00f3lo se ha ejecutado el 15.7% del Presupuesto General de la Naci\u00f3n\"}]},{\"@type\":\"WebSite\",\"@id\":\"https:\/\/luchonoticias.com\/editor\/#website\",\"url\":\"https:\/\/luchonoticias.com\/editor\/\",\"name\":\"\",\"description\":\"\",\"publisher\":{\"@id\":\"https:\/\/luchonoticias.com\/editor\/#\/schema\/person\/7a7fd911f58561fd056dbac7b55af9cd\"},\"potentialAction\":[{\"@type\":\"SearchAction\",\"target\":{\"@type\":\"EntryPoint\",\"urlTemplate\":\"https:\/\/luchonoticias.com\/editor\/?s={search_term_string}\"},\"query-input\":{\"@type\":\"PropertyValueSpecification\",\"valueRequired\":true,\"valueName\":\"search_term_string\"}}],\"inLanguage\":\"es\"},{\"@type\":[\"Person\",\"Organization\"],\"@id\":\"https:\/\/luchonoticias.com\/editor\/#\/schema\/person\/7a7fd911f58561fd056dbac7b55af9cd\",\"name\":\"admin\",\"image\":{\"@type\":\"ImageObject\",\"inLanguage\":\"es\",\"@id\":\"https:\/\/luchonoticias.com\/editor\/#\/schema\/person\/image\/\",\"url\":\"https:\/\/luchonoticias.com\/editor\/wp-content\/uploads\/2024\/02\/cropped-cropped-logolu.webp\",\"contentUrl\":\"https:\/\/luchonoticias.com\/editor\/wp-content\/uploads\/2024\/02\/cropped-cropped-logolu.webp\",\"width\":382,\"height\":170,\"caption\":\"admin\"},\"logo\":{\"@id\":\"https:\/\/luchonoticias.com\/editor\/#\/schema\/person\/image\/\"},\"sameAs\":[\"https:\/\/www.facebook.com\/luchonoticiasneiva\"]},{\"@type\":\"Person\",\"@id\":\"https:\/\/luchonoticias.com\/editor\/#\/schema\/person\/29217990ddf6f14e35912b2866d591fb\",\"name\":\"Editor General\",\"image\":{\"@type\":\"ImageObject\",\"inLanguage\":\"es\",\"@id\":\"https:\/\/luchonoticias.com\/editor\/#\/schema\/person\/image\/\",\"url\":\"https:\/\/luchonoticias.com\/editor\/wp-content\/uploads\/2024\/02\/cropped-cropped-logolu-150x150.webp\",\"contentUrl\":\"https:\/\/luchonoticias.com\/editor\/wp-content\/uploads\/2024\/02\/cropped-cropped-logolu-150x150.webp\",\"caption\":\"Editor General\"},\"sameAs\":[\"https:\/\/luchonoticias.com\/\"],\"url\":\"https:\/\/luchonoticias.com\/editor\/author\/editor-general\/\"}]}<\/script>\n<!-- \/ Yoast SEO plugin. -->","yoast_head_json":{"title":"S\u00f3lo se ha ejecutado el 15.7% del Presupuesto General de la Naci\u00f3n -","robots":{"index":"index","follow":"follow","max-snippet":"max-snippet:-1","max-image-preview":"max-image-preview:large","max-video-preview":"max-video-preview:-1"},"canonical":"https:\/\/luchonoticias.com\/editor\/solo-se-ha-ejecutado-el-15-7-del-presupuesto-general-de-la-nacion\/","og_locale":"es_ES","og_type":"article","og_title":"S\u00f3lo se ha ejecutado el 15.7% del Presupuesto General de la Naci\u00f3n -","og_url":"https:\/\/luchonoticias.com\/editor\/solo-se-ha-ejecutado-el-15-7-del-presupuesto-general-de-la-nacion\/","article_publisher":"https:\/\/www.facebook.com\/luchonoticiasneiva","article_published_time":"2023-08-09T12:13:38+00:00","article_modified_time":"2023-08-09T12:13:39+00:00","author":"Editor General","twitter_card":"summary_large_image","twitter_misc":{"Escrito por":"Editor General","Tiempo de lectura":"4 minutos"},"schema":{"@context":"https:\/\/schema.org","@graph":[{"@type":"Article","@id":"https:\/\/luchonoticias.com\/editor\/solo-se-ha-ejecutado-el-15-7-del-presupuesto-general-de-la-nacion\/#article","isPartOf":{"@id":"https:\/\/luchonoticias.com\/editor\/solo-se-ha-ejecutado-el-15-7-del-presupuesto-general-de-la-nacion\/"},"author":{"name":"Editor General","@id":"https:\/\/luchonoticias.com\/editor\/#\/schema\/person\/29217990ddf6f14e35912b2866d591fb"},"headline":"S\u00f3lo se ha ejecutado el 15.7% del Presupuesto General de la Naci\u00f3n","datePublished":"2023-08-09T12:13:38+00:00","dateModified":"2023-08-09T12:13:39+00:00","mainEntityOfPage":{"@id":"https:\/\/luchonoticias.com\/editor\/solo-se-ha-ejecutado-el-15-7-del-presupuesto-general-de-la-nacion\/"},"wordCount":784,"commentCount":0,"publisher":{"@id":"https:\/\/luchonoticias.com\/editor\/#\/schema\/person\/7a7fd911f58561fd056dbac7b55af9cd"},"articleSection":["Destacado","Nacional"],"inLanguage":"es","potentialAction":[{"@type":"CommentAction","name":"Comment","target":["https:\/\/luchonoticias.com\/editor\/solo-se-ha-ejecutado-el-15-7-del-presupuesto-general-de-la-nacion\/#respond"]}]},{"@type":"WebPage","@id":"https:\/\/luchonoticias.com\/editor\/solo-se-ha-ejecutado-el-15-7-del-presupuesto-general-de-la-nacion\/","url":"https:\/\/luchonoticias.com\/editor\/solo-se-ha-ejecutado-el-15-7-del-presupuesto-general-de-la-nacion\/","name":"S\u00f3lo se ha ejecutado el 15.7% del Presupuesto General de la Naci\u00f3n -","isPartOf":{"@id":"https:\/\/luchonoticias.com\/editor\/#website"},"datePublished":"2023-08-09T12:13:38+00:00","dateModified":"2023-08-09T12:13:39+00:00","breadcrumb":{"@id":"https:\/\/luchonoticias.com\/editor\/solo-se-ha-ejecutado-el-15-7-del-presupuesto-general-de-la-nacion\/#breadcrumb"},"inLanguage":"es","potentialAction":[{"@type":"ReadAction","target":["https:\/\/luchonoticias.com\/editor\/solo-se-ha-ejecutado-el-15-7-del-presupuesto-general-de-la-nacion\/"]}]},{"@type":"BreadcrumbList","@id":"https:\/\/luchonoticias.com\/editor\/solo-se-ha-ejecutado-el-15-7-del-presupuesto-general-de-la-nacion\/#breadcrumb","itemListElement":[{"@type":"ListItem","position":1,"name":"Portada","item":"https:\/\/luchonoticias.com\/editor\/"},{"@type":"ListItem","position":2,"name":"S\u00f3lo se ha ejecutado el 15.7% del Presupuesto General de la Naci\u00f3n"}]},{"@type":"WebSite","@id":"https:\/\/luchonoticias.com\/editor\/#website","url":"https:\/\/luchonoticias.com\/editor\/","name":"","description":"","publisher":{"@id":"https:\/\/luchonoticias.com\/editor\/#\/schema\/person\/7a7fd911f58561fd056dbac7b55af9cd"},"potentialAction":[{"@type":"SearchAction","target":{"@type":"EntryPoint","urlTemplate":"https:\/\/luchonoticias.com\/editor\/?s={search_term_string}"},"query-input":{"@type":"PropertyValueSpecification","valueRequired":true,"valueName":"search_term_string"}}],"inLanguage":"es"},{"@type":["Person","Organization"],"@id":"https:\/\/luchonoticias.com\/editor\/#\/schema\/person\/7a7fd911f58561fd056dbac7b55af9cd","name":"admin","image":{"@type":"ImageObject","inLanguage":"es","@id":"https:\/\/luchonoticias.com\/editor\/#\/schema\/person\/image\/","url":"https:\/\/luchonoticias.com\/editor\/wp-content\/uploads\/2024\/02\/cropped-cropped-logolu.webp","contentUrl":"https:\/\/luchonoticias.com\/editor\/wp-content\/uploads\/2024\/02\/cropped-cropped-logolu.webp","width":382,"height":170,"caption":"admin"},"logo":{"@id":"https:\/\/luchonoticias.com\/editor\/#\/schema\/person\/image\/"},"sameAs":["https:\/\/www.facebook.com\/luchonoticiasneiva"]},{"@type":"Person","@id":"https:\/\/luchonoticias.com\/editor\/#\/schema\/person\/29217990ddf6f14e35912b2866d591fb","name":"Editor General","image":{"@type":"ImageObject","inLanguage":"es","@id":"https:\/\/luchonoticias.com\/editor\/#\/schema\/person\/image\/","url":"https:\/\/luchonoticias.com\/editor\/wp-content\/uploads\/2024\/02\/cropped-cropped-logolu-150x150.webp","contentUrl":"https:\/\/luchonoticias.com\/editor\/wp-content\/uploads\/2024\/02\/cropped-cropped-logolu-150x150.webp","caption":"Editor General"},"sameAs":["https:\/\/luchonoticias.com\/"],"url":"https:\/\/luchonoticias.com\/editor\/author\/editor-general\/"}]}},"_links":{"self":[{"href":"https:\/\/luchonoticias.com\/editor\/wp-json\/wp\/v2\/posts\/57911","targetHints":{"allow":["GET"]}}],"collection":[{"href":"https:\/\/luchonoticias.com\/editor\/wp-json\/wp\/v2\/posts"}],"about":[{"href":"https:\/\/luchonoticias.com\/editor\/wp-json\/wp\/v2\/types\/post"}],"author":[{"embeddable":true,"href":"https:\/\/luchonoticias.com\/editor\/wp-json\/wp\/v2\/users\/2"}],"replies":[{"embeddable":true,"href":"https:\/\/luchonoticias.com\/editor\/wp-json\/wp\/v2\/comments?post=57911"}],"version-history":[{"count":0,"href":"https:\/\/luchonoticias.com\/editor\/wp-json\/wp\/v2\/posts\/57911\/revisions"}],"wp:attachment":[{"href":"https:\/\/luchonoticias.com\/editor\/wp-json\/wp\/v2\/media?parent=57911"}],"wp:term":[{"taxonomy":"category","embeddable":true,"href":"https:\/\/luchonoticias.com\/editor\/wp-json\/wp\/v2\/categories?post=57911"},{"taxonomy":"post_tag","embeddable":true,"href":"https:\/\/luchonoticias.com\/editor\/wp-json\/wp\/v2\/tags?post=57911"}],"curies":[{"name":"wp","href":"https:\/\/api.w.org\/{rel}","templated":true}]}}