{"id":57914,"date":"2023-08-09T07:16:03","date_gmt":"2023-08-09T12:16:03","guid":{"rendered":"https:\/\/luchonoticias.com\/?p=57914"},"modified":"2023-08-09T07:16:05","modified_gmt":"2023-08-09T12:16:05","slug":"congreso-tramitaria-dos-reformas-a-la-educacion-superior","status":"publish","type":"post","link":"https:\/\/luchonoticias.com\/editor\/congreso-tramitaria-dos-reformas-a-la-educacion-superior\/","title":{"rendered":"Congreso tramitar\u00eda dos reformas a la educaci\u00f3n superior"},"content":{"rendered":"\n<p>A petici\u00f3n de varios senadores de la Comisi\u00f3n Sexta, el gobierno nacional radicar\u00eda no uno sino dos proyectos de ley sobre educaci\u00f3nsuperior;&nbsp;uno enfocado&nbsp;en&nbsp;que&nbsp;la educaci\u00f3n sea verdaderamente un derecho fundamental y otro proyecto,&nbsp;que modernice la Ley 30 de 1992 que cumple ya 31 a\u00f1os sin ser actualizada.<\/p>\n\n\n\n<p>\u201cYo le propuse a la ministra de Educaci\u00f3nque la&nbsp;reforma pueda&nbsp;llegar al Congreso a trav\u00e9s de dos iniciativas: una estatutaria por la Comisi\u00f3n Primera para tratar el tema de la educaci\u00f3n como un derecho fundamental y otra iniciativa por la Comisi\u00f3n Sexta para hacer el gran debate nacional sobre la educaci\u00f3n\u201d,explic\u00f3 el ministro del Interior, Luis Fernando Velasco&nbsp;en medio de un debate de control pol\u00edtico&nbsp;convocado por la Comisi\u00f3n Sexta.<\/p>\n\n\n\n<p>El&nbsp;presidente de la Comisi\u00f3n Sexta,&nbsp;senador&nbsp;Gustavo Moreno dijo que el anhelo&nbsp;de esta c\u00e9lula legislativa es que se le&nbsp;de&nbsp;prioridad a&nbsp;esta&nbsp;Comisi\u00f3n en lo que tiene que ver con la&nbsp;verdadera&nbsp;reforma a la educaci\u00f3n.<\/p>\n\n\n\n<p>En el mismo sentido se pronunci\u00f3 elvicepresidente de la Comisi\u00f3n Sexta,&nbsp;Julio El\u00edas Vidal. \u201cEsta&nbsp;Comisi\u00f3n tiene temas muy variados,&nbsp;temas que de verdad&nbsp;le&nbsp;cambian la vida a las personas como el tema de la educaci\u00f3n, ahora viene una reforma a la&nbsp;Ley 30,&nbsp;queremos darle la importancia y la visibilidad que se requiere\u201d, indic\u00f3.<\/p>\n\n\n\n<p>\u201cYa&nbsp;hay un borrador de la reforma,&nbsp;pero no hemos sido convocados para que contribuyamos a esta reforma m\u00e1s all\u00e1 de los debates que le vamos a dar ac\u00e1\u201d, subray\u00f3 el senador Vidal.<\/p>\n\n\n\n<p>Por su parte, el&nbsp;senador Esteban Quintero del Centro Democr\u00e1tico expres\u00f3&nbsp;su&nbsp;intenci\u00f3n de apoyar&nbsp;en materia educativa&nbsp;todo aquello que le convenga al pa\u00eds.&nbsp;<\/p>\n\n\n\n<p>\u201cHaremos oposici\u00f3n democr\u00e1ticacon argumentos, pero es muy dif\u00edcil oponerse&nbsp;a todo&nbsp;para que no le vaya bien a la educaci\u00f3n y al pa\u00eds\u201d,&nbsp;concluy\u00f3&nbsp;el senador al reiterar su disposici\u00f3n a buscar consensos en esta materia.<\/p>\n","protected":false},"excerpt":{"rendered":"<p>A petici\u00f3n de varios senadores de la Comisi\u00f3n Sexta, el gobierno nacional radicar\u00eda no uno sino dos proyectos de ley sobre educaci\u00f3nsuperior;&nbsp;uno enfocado&nbsp;en&nbsp;que&nbsp;la educaci\u00f3n sea verdaderamente un derecho fundamental y otro proyecto,&nbsp;que modernice la Ley 30 de 1992 que cumple ya 31 a\u00f1os sin ser actualizada. \u201cYo le propuse a la ministra de Educaci\u00f3nque la&nbsp;reforma [&hellip;]<\/p>\n","protected":false},"author":2,"featured_media":0,"comment_status":"open","ping_status":"open","sticky":false,"template":"","format":"standard","meta":{"footnotes":""},"categories":[36,617],"tags":[],"class_list":["post-57914","post","type-post","status-publish","format-standard","hentry","category-destacado","category-politica"],"yoast_head":"<!-- This site is optimized with the Yoast SEO plugin v26.6 - https:\/\/yoast.com\/wordpress\/plugins\/seo\/ -->\n<title>Congreso tramitar\u00eda dos reformas a la educaci\u00f3n superior -<\/title>\n<meta name=\"robots\" content=\"index, follow, max-snippet:-1, max-image-preview:large, max-video-preview:-1\" \/>\n<link rel=\"canonical\" href=\"https:\/\/luchonoticias.com\/editor\/congreso-tramitaria-dos-reformas-a-la-educacion-superior\/\" \/>\n<meta property=\"og:locale\" content=\"es_ES\" \/>\n<meta property=\"og:type\" content=\"article\" \/>\n<meta property=\"og:title\" content=\"Congreso tramitar\u00eda dos reformas a la educaci\u00f3n superior -\" \/>\n<meta property=\"og:url\" content=\"https:\/\/luchonoticias.com\/editor\/congreso-tramitaria-dos-reformas-a-la-educacion-superior\/\" \/>\n<meta property=\"article:publisher\" content=\"https:\/\/www.facebook.com\/luchonoticiasneiva\" \/>\n<meta property=\"article:published_time\" content=\"2023-08-09T12:16:03+00:00\" \/>\n<meta property=\"article:modified_time\" content=\"2023-08-09T12:16:05+00:00\" \/>\n<meta name=\"author\" content=\"Editor General\" \/>\n<meta name=\"twitter:card\" content=\"summary_large_image\" \/>\n<meta name=\"twitter:label1\" content=\"Escrito por\" \/>\n\t<meta name=\"twitter:data1\" content=\"Editor General\" \/>\n\t<meta name=\"twitter:label2\" content=\"Tiempo de lectura\" \/>\n\t<meta name=\"twitter:data2\" content=\"2 minutos\" \/>\n<script type=\"application\/ld+json\" class=\"yoast-schema-graph\">{\"@context\":\"https:\/\/schema.org\",\"@graph\":[{\"@type\":\"Article\",\"@id\":\"https:\/\/luchonoticias.com\/editor\/congreso-tramitaria-dos-reformas-a-la-educacion-superior\/#article\",\"isPartOf\":{\"@id\":\"https:\/\/luchonoticias.com\/editor\/congreso-tramitaria-dos-reformas-a-la-educacion-superior\/\"},\"author\":{\"name\":\"Editor General\",\"@id\":\"https:\/\/luchonoticias.com\/editor\/#\/schema\/person\/29217990ddf6f14e35912b2866d591fb\"},\"headline\":\"Congreso tramitar\u00eda dos reformas a la educaci\u00f3n superior\",\"datePublished\":\"2023-08-09T12:16:03+00:00\",\"dateModified\":\"2023-08-09T12:16:05+00:00\",\"mainEntityOfPage\":{\"@id\":\"https:\/\/luchonoticias.com\/editor\/congreso-tramitaria-dos-reformas-a-la-educacion-superior\/\"},\"wordCount\":389,\"commentCount\":0,\"publisher\":{\"@id\":\"https:\/\/luchonoticias.com\/editor\/#\/schema\/person\/7a7fd911f58561fd056dbac7b55af9cd\"},\"articleSection\":[\"Destacado\",\"Pol\u00edtica\"],\"inLanguage\":\"es\",\"potentialAction\":[{\"@type\":\"CommentAction\",\"name\":\"Comment\",\"target\":[\"https:\/\/luchonoticias.com\/editor\/congreso-tramitaria-dos-reformas-a-la-educacion-superior\/#respond\"]}]},{\"@type\":\"WebPage\",\"@id\":\"https:\/\/luchonoticias.com\/editor\/congreso-tramitaria-dos-reformas-a-la-educacion-superior\/\",\"url\":\"https:\/\/luchonoticias.com\/editor\/congreso-tramitaria-dos-reformas-a-la-educacion-superior\/\",\"name\":\"Congreso tramitar\u00eda dos reformas a la educaci\u00f3n superior -\",\"isPartOf\":{\"@id\":\"https:\/\/luchonoticias.com\/editor\/#website\"},\"datePublished\":\"2023-08-09T12:16:03+00:00\",\"dateModified\":\"2023-08-09T12:16:05+00:00\",\"breadcrumb\":{\"@id\":\"https:\/\/luchonoticias.com\/editor\/congreso-tramitaria-dos-reformas-a-la-educacion-superior\/#breadcrumb\"},\"inLanguage\":\"es\",\"potentialAction\":[{\"@type\":\"ReadAction\",\"target\":[\"https:\/\/luchonoticias.com\/editor\/congreso-tramitaria-dos-reformas-a-la-educacion-superior\/\"]}]},{\"@type\":\"BreadcrumbList\",\"@id\":\"https:\/\/luchonoticias.com\/editor\/congreso-tramitaria-dos-reformas-a-la-educacion-superior\/#breadcrumb\",\"itemListElement\":[{\"@type\":\"ListItem\",\"position\":1,\"name\":\"Portada\",\"item\":\"https:\/\/luchonoticias.com\/editor\/\"},{\"@type\":\"ListItem\",\"position\":2,\"name\":\"Congreso tramitar\u00eda dos reformas a la educaci\u00f3n superior\"}]},{\"@type\":\"WebSite\",\"@id\":\"https:\/\/luchonoticias.com\/editor\/#website\",\"url\":\"https:\/\/luchonoticias.com\/editor\/\",\"name\":\"\",\"description\":\"\",\"publisher\":{\"@id\":\"https:\/\/luchonoticias.com\/editor\/#\/schema\/person\/7a7fd911f58561fd056dbac7b55af9cd\"},\"potentialAction\":[{\"@type\":\"SearchAction\",\"target\":{\"@type\":\"EntryPoint\",\"urlTemplate\":\"https:\/\/luchonoticias.com\/editor\/?s={search_term_string}\"},\"query-input\":{\"@type\":\"PropertyValueSpecification\",\"valueRequired\":true,\"valueName\":\"search_term_string\"}}],\"inLanguage\":\"es\"},{\"@type\":[\"Person\",\"Organization\"],\"@id\":\"https:\/\/luchonoticias.com\/editor\/#\/schema\/person\/7a7fd911f58561fd056dbac7b55af9cd\",\"name\":\"admin\",\"image\":{\"@type\":\"ImageObject\",\"inLanguage\":\"es\",\"@id\":\"https:\/\/luchonoticias.com\/editor\/#\/schema\/person\/image\/\",\"url\":\"https:\/\/luchonoticias.com\/editor\/wp-content\/uploads\/2024\/02\/cropped-cropped-logolu.webp\",\"contentUrl\":\"https:\/\/luchonoticias.com\/editor\/wp-content\/uploads\/2024\/02\/cropped-cropped-logolu.webp\",\"width\":382,\"height\":170,\"caption\":\"admin\"},\"logo\":{\"@id\":\"https:\/\/luchonoticias.com\/editor\/#\/schema\/person\/image\/\"},\"sameAs\":[\"https:\/\/www.facebook.com\/luchonoticiasneiva\"]},{\"@type\":\"Person\",\"@id\":\"https:\/\/luchonoticias.com\/editor\/#\/schema\/person\/29217990ddf6f14e35912b2866d591fb\",\"name\":\"Editor General\",\"image\":{\"@type\":\"ImageObject\",\"inLanguage\":\"es\",\"@id\":\"https:\/\/luchonoticias.com\/editor\/#\/schema\/person\/image\/\",\"url\":\"https:\/\/luchonoticias.com\/editor\/wp-content\/uploads\/2024\/02\/cropped-cropped-logolu-150x150.webp\",\"contentUrl\":\"https:\/\/luchonoticias.com\/editor\/wp-content\/uploads\/2024\/02\/cropped-cropped-logolu-150x150.webp\",\"caption\":\"Editor General\"},\"sameAs\":[\"https:\/\/luchonoticias.com\/\"],\"url\":\"https:\/\/luchonoticias.com\/editor\/author\/editor-general\/\"}]}<\/script>\n<!-- \/ Yoast SEO plugin. -->","yoast_head_json":{"title":"Congreso tramitar\u00eda dos reformas a la educaci\u00f3n superior -","robots":{"index":"index","follow":"follow","max-snippet":"max-snippet:-1","max-image-preview":"max-image-preview:large","max-video-preview":"max-video-preview:-1"},"canonical":"https:\/\/luchonoticias.com\/editor\/congreso-tramitaria-dos-reformas-a-la-educacion-superior\/","og_locale":"es_ES","og_type":"article","og_title":"Congreso tramitar\u00eda dos reformas a la educaci\u00f3n superior -","og_url":"https:\/\/luchonoticias.com\/editor\/congreso-tramitaria-dos-reformas-a-la-educacion-superior\/","article_publisher":"https:\/\/www.facebook.com\/luchonoticiasneiva","article_published_time":"2023-08-09T12:16:03+00:00","article_modified_time":"2023-08-09T12:16:05+00:00","author":"Editor General","twitter_card":"summary_large_image","twitter_misc":{"Escrito por":"Editor General","Tiempo de lectura":"2 minutos"},"schema":{"@context":"https:\/\/schema.org","@graph":[{"@type":"Article","@id":"https:\/\/luchonoticias.com\/editor\/congreso-tramitaria-dos-reformas-a-la-educacion-superior\/#article","isPartOf":{"@id":"https:\/\/luchonoticias.com\/editor\/congreso-tramitaria-dos-reformas-a-la-educacion-superior\/"},"author":{"name":"Editor General","@id":"https:\/\/luchonoticias.com\/editor\/#\/schema\/person\/29217990ddf6f14e35912b2866d591fb"},"headline":"Congreso tramitar\u00eda dos reformas a la educaci\u00f3n superior","datePublished":"2023-08-09T12:16:03+00:00","dateModified":"2023-08-09T12:16:05+00:00","mainEntityOfPage":{"@id":"https:\/\/luchonoticias.com\/editor\/congreso-tramitaria-dos-reformas-a-la-educacion-superior\/"},"wordCount":389,"commentCount":0,"publisher":{"@id":"https:\/\/luchonoticias.com\/editor\/#\/schema\/person\/7a7fd911f58561fd056dbac7b55af9cd"},"articleSection":["Destacado","Pol\u00edtica"],"inLanguage":"es","potentialAction":[{"@type":"CommentAction","name":"Comment","target":["https:\/\/luchonoticias.com\/editor\/congreso-tramitaria-dos-reformas-a-la-educacion-superior\/#respond"]}]},{"@type":"WebPage","@id":"https:\/\/luchonoticias.com\/editor\/congreso-tramitaria-dos-reformas-a-la-educacion-superior\/","url":"https:\/\/luchonoticias.com\/editor\/congreso-tramitaria-dos-reformas-a-la-educacion-superior\/","name":"Congreso tramitar\u00eda dos reformas a la educaci\u00f3n superior -","isPartOf":{"@id":"https:\/\/luchonoticias.com\/editor\/#website"},"datePublished":"2023-08-09T12:16:03+00:00","dateModified":"2023-08-09T12:16:05+00:00","breadcrumb":{"@id":"https:\/\/luchonoticias.com\/editor\/congreso-tramitaria-dos-reformas-a-la-educacion-superior\/#breadcrumb"},"inLanguage":"es","potentialAction":[{"@type":"ReadAction","target":["https:\/\/luchonoticias.com\/editor\/congreso-tramitaria-dos-reformas-a-la-educacion-superior\/"]}]},{"@type":"BreadcrumbList","@id":"https:\/\/luchonoticias.com\/editor\/congreso-tramitaria-dos-reformas-a-la-educacion-superior\/#breadcrumb","itemListElement":[{"@type":"ListItem","position":1,"name":"Portada","item":"https:\/\/luchonoticias.com\/editor\/"},{"@type":"ListItem","position":2,"name":"Congreso tramitar\u00eda dos reformas a la educaci\u00f3n superior"}]},{"@type":"WebSite","@id":"https:\/\/luchonoticias.com\/editor\/#website","url":"https:\/\/luchonoticias.com\/editor\/","name":"","description":"","publisher":{"@id":"https:\/\/luchonoticias.com\/editor\/#\/schema\/person\/7a7fd911f58561fd056dbac7b55af9cd"},"potentialAction":[{"@type":"SearchAction","target":{"@type":"EntryPoint","urlTemplate":"https:\/\/luchonoticias.com\/editor\/?s={search_term_string}"},"query-input":{"@type":"PropertyValueSpecification","valueRequired":true,"valueName":"search_term_string"}}],"inLanguage":"es"},{"@type":["Person","Organization"],"@id":"https:\/\/luchonoticias.com\/editor\/#\/schema\/person\/7a7fd911f58561fd056dbac7b55af9cd","name":"admin","image":{"@type":"ImageObject","inLanguage":"es","@id":"https:\/\/luchonoticias.com\/editor\/#\/schema\/person\/image\/","url":"https:\/\/luchonoticias.com\/editor\/wp-content\/uploads\/2024\/02\/cropped-cropped-logolu.webp","contentUrl":"https:\/\/luchonoticias.com\/editor\/wp-content\/uploads\/2024\/02\/cropped-cropped-logolu.webp","width":382,"height":170,"caption":"admin"},"logo":{"@id":"https:\/\/luchonoticias.com\/editor\/#\/schema\/person\/image\/"},"sameAs":["https:\/\/www.facebook.com\/luchonoticiasneiva"]},{"@type":"Person","@id":"https:\/\/luchonoticias.com\/editor\/#\/schema\/person\/29217990ddf6f14e35912b2866d591fb","name":"Editor General","image":{"@type":"ImageObject","inLanguage":"es","@id":"https:\/\/luchonoticias.com\/editor\/#\/schema\/person\/image\/","url":"https:\/\/luchonoticias.com\/editor\/wp-content\/uploads\/2024\/02\/cropped-cropped-logolu-150x150.webp","contentUrl":"https:\/\/luchonoticias.com\/editor\/wp-content\/uploads\/2024\/02\/cropped-cropped-logolu-150x150.webp","caption":"Editor General"},"sameAs":["https:\/\/luchonoticias.com\/"],"url":"https:\/\/luchonoticias.com\/editor\/author\/editor-general\/"}]}},"_links":{"self":[{"href":"https:\/\/luchonoticias.com\/editor\/wp-json\/wp\/v2\/posts\/57914","targetHints":{"allow":["GET"]}}],"collection":[{"href":"https:\/\/luchonoticias.com\/editor\/wp-json\/wp\/v2\/posts"}],"about":[{"href":"https:\/\/luchonoticias.com\/editor\/wp-json\/wp\/v2\/types\/post"}],"author":[{"embeddable":true,"href":"https:\/\/luchonoticias.com\/editor\/wp-json\/wp\/v2\/users\/2"}],"replies":[{"embeddable":true,"href":"https:\/\/luchonoticias.com\/editor\/wp-json\/wp\/v2\/comments?post=57914"}],"version-history":[{"count":0,"href":"https:\/\/luchonoticias.com\/editor\/wp-json\/wp\/v2\/posts\/57914\/revisions"}],"wp:attachment":[{"href":"https:\/\/luchonoticias.com\/editor\/wp-json\/wp\/v2\/media?parent=57914"}],"wp:term":[{"taxonomy":"category","embeddable":true,"href":"https:\/\/luchonoticias.com\/editor\/wp-json\/wp\/v2\/categories?post=57914"},{"taxonomy":"post_tag","embeddable":true,"href":"https:\/\/luchonoticias.com\/editor\/wp-json\/wp\/v2\/tags?post=57914"}],"curies":[{"name":"wp","href":"https:\/\/api.w.org\/{rel}","templated":true}]}}