{"id":57917,"date":"2023-08-09T07:18:48","date_gmt":"2023-08-09T12:18:48","guid":{"rendered":"https:\/\/luchonoticias.com\/?p=57917"},"modified":"2023-08-09T07:18:48","modified_gmt":"2023-08-09T12:18:48","slug":"procuraduria-confirmo-suspension-impuesta-al-exalcalde-de-bucaramanga-rodolfo-hernandez-por-irrespetar-a-veedor-ciudadano","status":"publish","type":"post","link":"https:\/\/luchonoticias.com\/editor\/procuraduria-confirmo-suspension-impuesta-al-exalcalde-de-bucaramanga-rodolfo-hernandez-por-irrespetar-a-veedor-ciudadano\/","title":{"rendered":"Procuradur\u00eda confirm\u00f3 suspensi\u00f3n impuesta al exalcalde de Bucaramanga, Rodolfo Hern\u00e1ndez, por irrespetar a veedor ciudadano"},"content":{"rendered":"\n<p>La Procuradur\u00eda General de la Naci\u00f3n&nbsp;<strong>confirm\u00f3 la sanci\u00f3n impuesta al exalcalde de Bucaramanga, Rodolfo Hern\u00e1ndez Su\u00e1rez<\/strong>&nbsp;(2016-2019), y le impuso una&nbsp;<strong>suspensi\u00f3n e inhabilidad especial de cuatro meses<\/strong>, al hallarlo responsable de tratar en t\u00e9rminos irrespetuosos y desobligantes a un veedor ciudadano, durante una actividad p\u00fablica realizada en el parque Sol\u00f3n Wilches, en la capital de Santander.&nbsp;<\/p>\n\n\n\n<p>En fallo de segunda instancia, la Sala Disciplinaria de Juzgamiento de Servidores P\u00fablicos de Elecci\u00f3n Popular se\u00f1al\u00f3 que&nbsp;<strong>no hay ninguna duda sobre las palabras usadas por el entonces alcalde contra el veedor Fernando Mart\u00ednez Arenas<\/strong>, al responderle un reclamo por la poda de \u00e1rboles que adelantaban funcionarios de la Empresa Municipal de Aseo en ese espacio, el 26 de octubre de 2018.&nbsp;<\/p>\n\n\n\n<p>Para el Ministerio P\u00fablico,&nbsp;<strong>el procesado ten\u00eda el deber de tratar con respeto a la ciudadan\u00eda<\/strong>, pues es un requisito que resulta especialmente exigible a los servidores p\u00fablicos, \u201c<em>en virtud del principio de responsabilidad contemplado en nuestra Constituci\u00f3n y porque se encuentran al servicio del Estado y la comunidad<\/em>\u201d, precis\u00f3.<\/p>\n\n\n\n<p>Resalt\u00f3 que cualquier persona puede dirigirse a la autoridad para pedir, controlar y controvertir las decisiones por ellos adoptadas, y estas tienen el deber de resolver con respeto esas peticiones,&nbsp;<strong>sin recurrir a din\u00e1micas como la de atentar contra la dignidad, insultar o menospreciar.&nbsp;<\/strong><\/p>\n\n\n\n<p>El \u00f3rgano de control se\u00f1al\u00f3 que, adem\u00e1s, el \u201c<em>disciplinable era consciente de que&nbsp;<strong>no tratar con respeto a otros con ocasi\u00f3n al servicio constituye falta disciplinaria<\/strong>, al punto que ha estado vinculado a otras investigaciones por situaciones f\u00e1cticas similares<\/em>\u201d.&nbsp;<\/p>\n\n\n\n<p>Al no estar desempe\u00f1ando el cargo, la sanci\u00f3n impuesta a Hern\u00e1ndez Su\u00e1rez se convierte en salarios mensuales devengados al momento de cometer la falta, que&nbsp;<strong>equivalen a un poco mas de 62 millones de pesos.<\/strong><\/p>\n","protected":false},"excerpt":{"rendered":"<p>La Procuradur\u00eda General de la Naci\u00f3n&nbsp;confirm\u00f3 la sanci\u00f3n impuesta al exalcalde de Bucaramanga, Rodolfo Hern\u00e1ndez Su\u00e1rez&nbsp;(2016-2019), y le impuso una&nbsp;suspensi\u00f3n e inhabilidad especial de cuatro meses, al hallarlo responsable de tratar en t\u00e9rminos irrespetuosos y desobligantes a un veedor ciudadano, durante una actividad p\u00fablica realizada en el parque Sol\u00f3n Wilches, en la capital de Santander.&nbsp; [&hellip;]<\/p>\n","protected":false},"author":2,"featured_media":0,"comment_status":"open","ping_status":"open","sticky":false,"template":"","format":"standard","meta":{"footnotes":""},"categories":[36,32],"tags":[],"class_list":["post-57917","post","type-post","status-publish","format-standard","hentry","category-destacado","category-nacional"],"yoast_head":"<!-- This site is optimized with the Yoast SEO plugin v26.6 - https:\/\/yoast.com\/wordpress\/plugins\/seo\/ -->\n<title>Procuradur\u00eda confirm\u00f3 suspensi\u00f3n impuesta al exalcalde de Bucaramanga, Rodolfo Hern\u00e1ndez, por irrespetar a veedor ciudadano -<\/title>\n<meta name=\"robots\" content=\"index, follow, max-snippet:-1, max-image-preview:large, max-video-preview:-1\" \/>\n<link rel=\"canonical\" href=\"https:\/\/luchonoticias.com\/editor\/procuraduria-confirmo-suspension-impuesta-al-exalcalde-de-bucaramanga-rodolfo-hernandez-por-irrespetar-a-veedor-ciudadano\/\" \/>\n<meta property=\"og:locale\" content=\"es_ES\" \/>\n<meta property=\"og:type\" content=\"article\" \/>\n<meta property=\"og:title\" content=\"Procuradur\u00eda confirm\u00f3 suspensi\u00f3n impuesta al exalcalde de Bucaramanga, Rodolfo Hern\u00e1ndez, por irrespetar a veedor ciudadano -\" \/>\n<meta property=\"og:url\" content=\"https:\/\/luchonoticias.com\/editor\/procuraduria-confirmo-suspension-impuesta-al-exalcalde-de-bucaramanga-rodolfo-hernandez-por-irrespetar-a-veedor-ciudadano\/\" \/>\n<meta property=\"article:publisher\" content=\"https:\/\/www.facebook.com\/luchonoticiasneiva\" \/>\n<meta property=\"article:published_time\" content=\"2023-08-09T12:18:48+00:00\" \/>\n<meta name=\"author\" content=\"Editor General\" \/>\n<meta name=\"twitter:card\" content=\"summary_large_image\" \/>\n<meta name=\"twitter:label1\" content=\"Escrito por\" \/>\n\t<meta name=\"twitter:data1\" content=\"Editor General\" \/>\n\t<meta name=\"twitter:label2\" content=\"Tiempo de lectura\" \/>\n\t<meta name=\"twitter:data2\" content=\"2 minutos\" \/>\n<script type=\"application\/ld+json\" class=\"yoast-schema-graph\">{\"@context\":\"https:\/\/schema.org\",\"@graph\":[{\"@type\":\"Article\",\"@id\":\"https:\/\/luchonoticias.com\/editor\/procuraduria-confirmo-suspension-impuesta-al-exalcalde-de-bucaramanga-rodolfo-hernandez-por-irrespetar-a-veedor-ciudadano\/#article\",\"isPartOf\":{\"@id\":\"https:\/\/luchonoticias.com\/editor\/procuraduria-confirmo-suspension-impuesta-al-exalcalde-de-bucaramanga-rodolfo-hernandez-por-irrespetar-a-veedor-ciudadano\/\"},\"author\":{\"name\":\"Editor General\",\"@id\":\"https:\/\/luchonoticias.com\/editor\/#\/schema\/person\/29217990ddf6f14e35912b2866d591fb\"},\"headline\":\"Procuradur\u00eda confirm\u00f3 suspensi\u00f3n impuesta al exalcalde de Bucaramanga, Rodolfo Hern\u00e1ndez, por irrespetar a veedor ciudadano\",\"datePublished\":\"2023-08-09T12:18:48+00:00\",\"mainEntityOfPage\":{\"@id\":\"https:\/\/luchonoticias.com\/editor\/procuraduria-confirmo-suspension-impuesta-al-exalcalde-de-bucaramanga-rodolfo-hernandez-por-irrespetar-a-veedor-ciudadano\/\"},\"wordCount\":343,\"commentCount\":0,\"publisher\":{\"@id\":\"https:\/\/luchonoticias.com\/editor\/#\/schema\/person\/7a7fd911f58561fd056dbac7b55af9cd\"},\"articleSection\":[\"Destacado\",\"Nacional\"],\"inLanguage\":\"es\",\"potentialAction\":[{\"@type\":\"CommentAction\",\"name\":\"Comment\",\"target\":[\"https:\/\/luchonoticias.com\/editor\/procuraduria-confirmo-suspension-impuesta-al-exalcalde-de-bucaramanga-rodolfo-hernandez-por-irrespetar-a-veedor-ciudadano\/#respond\"]}]},{\"@type\":\"WebPage\",\"@id\":\"https:\/\/luchonoticias.com\/editor\/procuraduria-confirmo-suspension-impuesta-al-exalcalde-de-bucaramanga-rodolfo-hernandez-por-irrespetar-a-veedor-ciudadano\/\",\"url\":\"https:\/\/luchonoticias.com\/editor\/procuraduria-confirmo-suspension-impuesta-al-exalcalde-de-bucaramanga-rodolfo-hernandez-por-irrespetar-a-veedor-ciudadano\/\",\"name\":\"Procuradur\u00eda confirm\u00f3 suspensi\u00f3n impuesta al exalcalde de Bucaramanga, Rodolfo Hern\u00e1ndez, por irrespetar a veedor ciudadano -\",\"isPartOf\":{\"@id\":\"https:\/\/luchonoticias.com\/editor\/#website\"},\"datePublished\":\"2023-08-09T12:18:48+00:00\",\"breadcrumb\":{\"@id\":\"https:\/\/luchonoticias.com\/editor\/procuraduria-confirmo-suspension-impuesta-al-exalcalde-de-bucaramanga-rodolfo-hernandez-por-irrespetar-a-veedor-ciudadano\/#breadcrumb\"},\"inLanguage\":\"es\",\"potentialAction\":[{\"@type\":\"ReadAction\",\"target\":[\"https:\/\/luchonoticias.com\/editor\/procuraduria-confirmo-suspension-impuesta-al-exalcalde-de-bucaramanga-rodolfo-hernandez-por-irrespetar-a-veedor-ciudadano\/\"]}]},{\"@type\":\"BreadcrumbList\",\"@id\":\"https:\/\/luchonoticias.com\/editor\/procuraduria-confirmo-suspension-impuesta-al-exalcalde-de-bucaramanga-rodolfo-hernandez-por-irrespetar-a-veedor-ciudadano\/#breadcrumb\",\"itemListElement\":[{\"@type\":\"ListItem\",\"position\":1,\"name\":\"Portada\",\"item\":\"https:\/\/luchonoticias.com\/editor\/\"},{\"@type\":\"ListItem\",\"position\":2,\"name\":\"Procuradur\u00eda confirm\u00f3 suspensi\u00f3n impuesta al exalcalde de Bucaramanga, Rodolfo Hern\u00e1ndez, por irrespetar a veedor ciudadano\"}]},{\"@type\":\"WebSite\",\"@id\":\"https:\/\/luchonoticias.com\/editor\/#website\",\"url\":\"https:\/\/luchonoticias.com\/editor\/\",\"name\":\"\",\"description\":\"\",\"publisher\":{\"@id\":\"https:\/\/luchonoticias.com\/editor\/#\/schema\/person\/7a7fd911f58561fd056dbac7b55af9cd\"},\"potentialAction\":[{\"@type\":\"SearchAction\",\"target\":{\"@type\":\"EntryPoint\",\"urlTemplate\":\"https:\/\/luchonoticias.com\/editor\/?s={search_term_string}\"},\"query-input\":{\"@type\":\"PropertyValueSpecification\",\"valueRequired\":true,\"valueName\":\"search_term_string\"}}],\"inLanguage\":\"es\"},{\"@type\":[\"Person\",\"Organization\"],\"@id\":\"https:\/\/luchonoticias.com\/editor\/#\/schema\/person\/7a7fd911f58561fd056dbac7b55af9cd\",\"name\":\"admin\",\"image\":{\"@type\":\"ImageObject\",\"inLanguage\":\"es\",\"@id\":\"https:\/\/luchonoticias.com\/editor\/#\/schema\/person\/image\/\",\"url\":\"https:\/\/luchonoticias.com\/editor\/wp-content\/uploads\/2024\/02\/cropped-cropped-logolu.webp\",\"contentUrl\":\"https:\/\/luchonoticias.com\/editor\/wp-content\/uploads\/2024\/02\/cropped-cropped-logolu.webp\",\"width\":382,\"height\":170,\"caption\":\"admin\"},\"logo\":{\"@id\":\"https:\/\/luchonoticias.com\/editor\/#\/schema\/person\/image\/\"},\"sameAs\":[\"https:\/\/www.facebook.com\/luchonoticiasneiva\"]},{\"@type\":\"Person\",\"@id\":\"https:\/\/luchonoticias.com\/editor\/#\/schema\/person\/29217990ddf6f14e35912b2866d591fb\",\"name\":\"Editor General\",\"image\":{\"@type\":\"ImageObject\",\"inLanguage\":\"es\",\"@id\":\"https:\/\/luchonoticias.com\/editor\/#\/schema\/person\/image\/\",\"url\":\"https:\/\/luchonoticias.com\/editor\/wp-content\/uploads\/2024\/02\/cropped-cropped-logolu-150x150.webp\",\"contentUrl\":\"https:\/\/luchonoticias.com\/editor\/wp-content\/uploads\/2024\/02\/cropped-cropped-logolu-150x150.webp\",\"caption\":\"Editor General\"},\"sameAs\":[\"https:\/\/luchonoticias.com\/\"],\"url\":\"https:\/\/luchonoticias.com\/editor\/author\/editor-general\/\"}]}<\/script>\n<!-- \/ Yoast SEO plugin. -->","yoast_head_json":{"title":"Procuradur\u00eda confirm\u00f3 suspensi\u00f3n impuesta al exalcalde de Bucaramanga, Rodolfo Hern\u00e1ndez, por irrespetar a veedor ciudadano -","robots":{"index":"index","follow":"follow","max-snippet":"max-snippet:-1","max-image-preview":"max-image-preview:large","max-video-preview":"max-video-preview:-1"},"canonical":"https:\/\/luchonoticias.com\/editor\/procuraduria-confirmo-suspension-impuesta-al-exalcalde-de-bucaramanga-rodolfo-hernandez-por-irrespetar-a-veedor-ciudadano\/","og_locale":"es_ES","og_type":"article","og_title":"Procuradur\u00eda confirm\u00f3 suspensi\u00f3n impuesta al exalcalde de Bucaramanga, Rodolfo Hern\u00e1ndez, por irrespetar a veedor ciudadano -","og_url":"https:\/\/luchonoticias.com\/editor\/procuraduria-confirmo-suspension-impuesta-al-exalcalde-de-bucaramanga-rodolfo-hernandez-por-irrespetar-a-veedor-ciudadano\/","article_publisher":"https:\/\/www.facebook.com\/luchonoticiasneiva","article_published_time":"2023-08-09T12:18:48+00:00","author":"Editor General","twitter_card":"summary_large_image","twitter_misc":{"Escrito por":"Editor General","Tiempo de lectura":"2 minutos"},"schema":{"@context":"https:\/\/schema.org","@graph":[{"@type":"Article","@id":"https:\/\/luchonoticias.com\/editor\/procuraduria-confirmo-suspension-impuesta-al-exalcalde-de-bucaramanga-rodolfo-hernandez-por-irrespetar-a-veedor-ciudadano\/#article","isPartOf":{"@id":"https:\/\/luchonoticias.com\/editor\/procuraduria-confirmo-suspension-impuesta-al-exalcalde-de-bucaramanga-rodolfo-hernandez-por-irrespetar-a-veedor-ciudadano\/"},"author":{"name":"Editor General","@id":"https:\/\/luchonoticias.com\/editor\/#\/schema\/person\/29217990ddf6f14e35912b2866d591fb"},"headline":"Procuradur\u00eda confirm\u00f3 suspensi\u00f3n impuesta al exalcalde de Bucaramanga, Rodolfo Hern\u00e1ndez, por irrespetar a veedor ciudadano","datePublished":"2023-08-09T12:18:48+00:00","mainEntityOfPage":{"@id":"https:\/\/luchonoticias.com\/editor\/procuraduria-confirmo-suspension-impuesta-al-exalcalde-de-bucaramanga-rodolfo-hernandez-por-irrespetar-a-veedor-ciudadano\/"},"wordCount":343,"commentCount":0,"publisher":{"@id":"https:\/\/luchonoticias.com\/editor\/#\/schema\/person\/7a7fd911f58561fd056dbac7b55af9cd"},"articleSection":["Destacado","Nacional"],"inLanguage":"es","potentialAction":[{"@type":"CommentAction","name":"Comment","target":["https:\/\/luchonoticias.com\/editor\/procuraduria-confirmo-suspension-impuesta-al-exalcalde-de-bucaramanga-rodolfo-hernandez-por-irrespetar-a-veedor-ciudadano\/#respond"]}]},{"@type":"WebPage","@id":"https:\/\/luchonoticias.com\/editor\/procuraduria-confirmo-suspension-impuesta-al-exalcalde-de-bucaramanga-rodolfo-hernandez-por-irrespetar-a-veedor-ciudadano\/","url":"https:\/\/luchonoticias.com\/editor\/procuraduria-confirmo-suspension-impuesta-al-exalcalde-de-bucaramanga-rodolfo-hernandez-por-irrespetar-a-veedor-ciudadano\/","name":"Procuradur\u00eda confirm\u00f3 suspensi\u00f3n impuesta al exalcalde de Bucaramanga, Rodolfo Hern\u00e1ndez, por irrespetar a veedor ciudadano -","isPartOf":{"@id":"https:\/\/luchonoticias.com\/editor\/#website"},"datePublished":"2023-08-09T12:18:48+00:00","breadcrumb":{"@id":"https:\/\/luchonoticias.com\/editor\/procuraduria-confirmo-suspension-impuesta-al-exalcalde-de-bucaramanga-rodolfo-hernandez-por-irrespetar-a-veedor-ciudadano\/#breadcrumb"},"inLanguage":"es","potentialAction":[{"@type":"ReadAction","target":["https:\/\/luchonoticias.com\/editor\/procuraduria-confirmo-suspension-impuesta-al-exalcalde-de-bucaramanga-rodolfo-hernandez-por-irrespetar-a-veedor-ciudadano\/"]}]},{"@type":"BreadcrumbList","@id":"https:\/\/luchonoticias.com\/editor\/procuraduria-confirmo-suspension-impuesta-al-exalcalde-de-bucaramanga-rodolfo-hernandez-por-irrespetar-a-veedor-ciudadano\/#breadcrumb","itemListElement":[{"@type":"ListItem","position":1,"name":"Portada","item":"https:\/\/luchonoticias.com\/editor\/"},{"@type":"ListItem","position":2,"name":"Procuradur\u00eda confirm\u00f3 suspensi\u00f3n impuesta al exalcalde de Bucaramanga, Rodolfo Hern\u00e1ndez, por irrespetar a veedor ciudadano"}]},{"@type":"WebSite","@id":"https:\/\/luchonoticias.com\/editor\/#website","url":"https:\/\/luchonoticias.com\/editor\/","name":"","description":"","publisher":{"@id":"https:\/\/luchonoticias.com\/editor\/#\/schema\/person\/7a7fd911f58561fd056dbac7b55af9cd"},"potentialAction":[{"@type":"SearchAction","target":{"@type":"EntryPoint","urlTemplate":"https:\/\/luchonoticias.com\/editor\/?s={search_term_string}"},"query-input":{"@type":"PropertyValueSpecification","valueRequired":true,"valueName":"search_term_string"}}],"inLanguage":"es"},{"@type":["Person","Organization"],"@id":"https:\/\/luchonoticias.com\/editor\/#\/schema\/person\/7a7fd911f58561fd056dbac7b55af9cd","name":"admin","image":{"@type":"ImageObject","inLanguage":"es","@id":"https:\/\/luchonoticias.com\/editor\/#\/schema\/person\/image\/","url":"https:\/\/luchonoticias.com\/editor\/wp-content\/uploads\/2024\/02\/cropped-cropped-logolu.webp","contentUrl":"https:\/\/luchonoticias.com\/editor\/wp-content\/uploads\/2024\/02\/cropped-cropped-logolu.webp","width":382,"height":170,"caption":"admin"},"logo":{"@id":"https:\/\/luchonoticias.com\/editor\/#\/schema\/person\/image\/"},"sameAs":["https:\/\/www.facebook.com\/luchonoticiasneiva"]},{"@type":"Person","@id":"https:\/\/luchonoticias.com\/editor\/#\/schema\/person\/29217990ddf6f14e35912b2866d591fb","name":"Editor General","image":{"@type":"ImageObject","inLanguage":"es","@id":"https:\/\/luchonoticias.com\/editor\/#\/schema\/person\/image\/","url":"https:\/\/luchonoticias.com\/editor\/wp-content\/uploads\/2024\/02\/cropped-cropped-logolu-150x150.webp","contentUrl":"https:\/\/luchonoticias.com\/editor\/wp-content\/uploads\/2024\/02\/cropped-cropped-logolu-150x150.webp","caption":"Editor General"},"sameAs":["https:\/\/luchonoticias.com\/"],"url":"https:\/\/luchonoticias.com\/editor\/author\/editor-general\/"}]}},"_links":{"self":[{"href":"https:\/\/luchonoticias.com\/editor\/wp-json\/wp\/v2\/posts\/57917","targetHints":{"allow":["GET"]}}],"collection":[{"href":"https:\/\/luchonoticias.com\/editor\/wp-json\/wp\/v2\/posts"}],"about":[{"href":"https:\/\/luchonoticias.com\/editor\/wp-json\/wp\/v2\/types\/post"}],"author":[{"embeddable":true,"href":"https:\/\/luchonoticias.com\/editor\/wp-json\/wp\/v2\/users\/2"}],"replies":[{"embeddable":true,"href":"https:\/\/luchonoticias.com\/editor\/wp-json\/wp\/v2\/comments?post=57917"}],"version-history":[{"count":0,"href":"https:\/\/luchonoticias.com\/editor\/wp-json\/wp\/v2\/posts\/57917\/revisions"}],"wp:attachment":[{"href":"https:\/\/luchonoticias.com\/editor\/wp-json\/wp\/v2\/media?parent=57917"}],"wp:term":[{"taxonomy":"category","embeddable":true,"href":"https:\/\/luchonoticias.com\/editor\/wp-json\/wp\/v2\/categories?post=57917"},{"taxonomy":"post_tag","embeddable":true,"href":"https:\/\/luchonoticias.com\/editor\/wp-json\/wp\/v2\/tags?post=57917"}],"curies":[{"name":"wp","href":"https:\/\/api.w.org\/{rel}","templated":true}]}}