{"id":57939,"date":"2023-08-09T15:15:13","date_gmt":"2023-08-09T20:15:13","guid":{"rendered":"https:\/\/luchonoticias.com\/?p=57939"},"modified":"2023-08-09T15:15:15","modified_gmt":"2023-08-09T20:15:15","slug":"inflacion-sigue-cediendo-y-llega-a-1178-en-julio-de-2023-de-acuerdo-con-lo-informado-por-el-dane","status":"publish","type":"post","link":"https:\/\/luchonoticias.com\/editor\/inflacion-sigue-cediendo-y-llega-a-1178-en-julio-de-2023-de-acuerdo-con-lo-informado-por-el-dane\/","title":{"rendered":"Inflaci\u00f3n sigue cediendo y llega a 11,78% en julio de 2023, de acuerdo con lo informado por el DANE"},"content":{"rendered":"\n<p>El Departamento Administrativo Nacional de Estad\u00edstica (DANE) revel\u00f3 este martes que el \u00cdndice de Precios al Consumidor (IPC) o conocido popularmente como inflaci\u00f3n, registr\u00f3 en julio de 2023 una variaci\u00f3n anual de 11,78%, mensual de 0,50% y a\u00f1o corrido de 6,68%.<\/p>\n\n\n\n<p>Al respecto, el Ministro de Hacienda y Cr\u00e9dito P\u00fablico, Ricardo Bonilla, asegur\u00f3 que \u201cllevamos cuatro meses con descenso en la tasa de inflaci\u00f3n. Es un buen dato para el pa\u00eds. \u00bfQu\u00e9 sucede? Que sigue bajando la inflaci\u00f3n de alimentos, de otros bienes y que el \u00fanico bien que sigue bien que sigue generando alg\u00fan impacto es el precio de los combustibles\u201d.<\/p>\n\n\n\n<figure class=\"wp-block-embed is-type-rich is-provider-twitter wp-block-embed-twitter\"><div class=\"wp-block-embed__wrapper\">\n<blockquote class=\"twitter-tweet\" data-width=\"500\" data-dnt=\"true\"><p lang=\"es\" dir=\"ltr\"><a href=\"https:\/\/twitter.com\/hashtag\/DANELeCuenta?src=hash&amp;ref_src=twsrc%5Etfw\">#DANELeCuenta<\/a> | En <a href=\"https:\/\/twitter.com\/hashtag\/julio2023?src=hash&amp;ref_src=twsrc%5Etfw\">#julio2023<\/a>, la variaci\u00f3n anual del \u00cdndice de Precios al Consumidor <a href=\"https:\/\/twitter.com\/hashtag\/IPC?src=hash&amp;ref_src=twsrc%5Etfw\">#IPC<\/a> fue del 11,78 %.  \u2070\u2070La variaci\u00f3n mensual del \u00cdndice se ubic\u00f3 en el 0,50 %. <a href=\"https:\/\/t.co\/BnSRN45gel\">pic.twitter.com\/BnSRN45gel<\/a><\/p>&mdash; DANE Colombia (@DANE_Colombia) <a href=\"https:\/\/twitter.com\/DANE_Colombia\/status\/1689051909607329792?ref_src=twsrc%5Etfw\">August 8, 2023<\/a><\/blockquote><script async src=\"https:\/\/platform.twitter.com\/widgets.js\" charset=\"utf-8\"><\/script>\n<\/div><\/figure>\n\n\n\n<p>Agreg\u00f3 que, de seguir esta senda, \u201cpara llegar al final del a\u00f1o al 9,2 o 8,8, que es lo que ya est\u00e1 pensando el Banco de la Rep\u00fablica, debemos tener en los meses de septiembre y octubre, una decisi\u00f3n del Banco Central de comenzar a bajar tasas\u201d de inter\u00e9s.<\/p>\n\n\n\n<p>Estos resultados se ajustan a los logros presentados en la rendici\u00f3n de cuentas del primer a\u00f1o del Gobierno del Cambio, por parte del Presidente Gustavo Petro, quien se\u00f1al\u00f3 que: \u201cHemos vencido la inflaci\u00f3n\u201d, por lo que es \u201cm\u00e1s natural que comencemos a notar que el dinero de la familia ya alcanza para comprar la misma canasta de bienes y servicios que antes\u201d.<\/p>\n\n\n\n<figure class=\"wp-block-embed is-type-rich is-provider-twitter wp-block-embed-twitter\"><div class=\"wp-block-embed__wrapper\">\n<blockquote class=\"twitter-tweet\" data-width=\"500\" data-dnt=\"true\"><p lang=\"es\" dir=\"ltr\">En julio de 2023 la variaci\u00f3n mensual del IPC fue de 0,50%. La variaci\u00f3n a\u00f1o corrido fue de 6,68% y la anual de 11,78%. El <a href=\"https:\/\/twitter.com\/MinHacienda?ref_src=twsrc%5Etfw\">@MinHacienda<\/a>, <a href=\"https:\/\/twitter.com\/ricardobonillag?ref_src=twsrc%5Etfw\">@ricardobonillag<\/a>, destac\u00f3 que por cuarto mes consecutivo la inflaci\u00f3n va hacia la baja. <a href=\"https:\/\/t.co\/pv9afUIlrE\">pic.twitter.com\/pv9afUIlrE<\/a><\/p>&mdash; MinHacienda (@MinHacienda) <a href=\"https:\/\/twitter.com\/MinHacienda\/status\/1689073100501983232?ref_src=twsrc%5Etfw\">August 9, 2023<\/a><\/blockquote><script async src=\"https:\/\/platform.twitter.com\/widgets.js\" charset=\"utf-8\"><\/script>\n<\/div><\/figure>\n\n\n\n<p><\/p>\n","protected":false},"excerpt":{"rendered":"<p>El Departamento Administrativo Nacional de Estad\u00edstica (DANE) revel\u00f3 este martes que el \u00cdndice de Precios al Consumidor (IPC) o conocido popularmente como inflaci\u00f3n, registr\u00f3 en julio de 2023 una variaci\u00f3n anual de 11,78%, mensual de 0,50% y a\u00f1o corrido de 6,68%. Al respecto, el Ministro de Hacienda y Cr\u00e9dito P\u00fablico, Ricardo Bonilla, asegur\u00f3 que \u201cllevamos [&hellip;]<\/p>\n","protected":false},"author":2,"featured_media":0,"comment_status":"open","ping_status":"open","sticky":false,"template":"","format":"standard","meta":{"footnotes":""},"categories":[28,36],"tags":[],"class_list":["post-57939","post","type-post","status-publish","format-standard","hentry","category-actualidad","category-destacado"],"yoast_head":"<!-- This site is optimized with the Yoast SEO plugin v26.6 - https:\/\/yoast.com\/wordpress\/plugins\/seo\/ -->\n<title>Inflaci\u00f3n sigue cediendo y llega a 11,78% en julio de 2023, de acuerdo con lo informado por el DANE -<\/title>\n<meta name=\"robots\" content=\"index, follow, max-snippet:-1, max-image-preview:large, max-video-preview:-1\" \/>\n<link rel=\"canonical\" href=\"https:\/\/luchonoticias.com\/editor\/inflacion-sigue-cediendo-y-llega-a-1178-en-julio-de-2023-de-acuerdo-con-lo-informado-por-el-dane\/\" \/>\n<meta property=\"og:locale\" content=\"es_ES\" \/>\n<meta property=\"og:type\" content=\"article\" \/>\n<meta property=\"og:title\" content=\"Inflaci\u00f3n sigue cediendo y llega a 11,78% en julio de 2023, de acuerdo con lo informado por el DANE -\" \/>\n<meta property=\"og:url\" content=\"https:\/\/luchonoticias.com\/editor\/inflacion-sigue-cediendo-y-llega-a-1178-en-julio-de-2023-de-acuerdo-con-lo-informado-por-el-dane\/\" \/>\n<meta property=\"article:publisher\" content=\"https:\/\/www.facebook.com\/luchonoticiasneiva\" \/>\n<meta property=\"article:published_time\" content=\"2023-08-09T20:15:13+00:00\" \/>\n<meta property=\"article:modified_time\" content=\"2023-08-09T20:15:15+00:00\" \/>\n<meta name=\"author\" content=\"Editor General\" \/>\n<meta name=\"twitter:card\" content=\"summary_large_image\" \/>\n<meta name=\"twitter:label1\" content=\"Escrito por\" \/>\n\t<meta name=\"twitter:data1\" content=\"Editor General\" \/>\n\t<meta name=\"twitter:label2\" content=\"Tiempo de lectura\" \/>\n\t<meta name=\"twitter:data2\" content=\"2 minutos\" \/>\n<script type=\"application\/ld+json\" class=\"yoast-schema-graph\">{\"@context\":\"https:\/\/schema.org\",\"@graph\":[{\"@type\":\"Article\",\"@id\":\"https:\/\/luchonoticias.com\/editor\/inflacion-sigue-cediendo-y-llega-a-1178-en-julio-de-2023-de-acuerdo-con-lo-informado-por-el-dane\/#article\",\"isPartOf\":{\"@id\":\"https:\/\/luchonoticias.com\/editor\/inflacion-sigue-cediendo-y-llega-a-1178-en-julio-de-2023-de-acuerdo-con-lo-informado-por-el-dane\/\"},\"author\":{\"name\":\"Editor General\",\"@id\":\"https:\/\/luchonoticias.com\/editor\/#\/schema\/person\/29217990ddf6f14e35912b2866d591fb\"},\"headline\":\"Inflaci\u00f3n sigue cediendo y llega a 11,78% en julio de 2023, de acuerdo con lo informado por el DANE\",\"datePublished\":\"2023-08-09T20:15:13+00:00\",\"dateModified\":\"2023-08-09T20:15:15+00:00\",\"mainEntityOfPage\":{\"@id\":\"https:\/\/luchonoticias.com\/editor\/inflacion-sigue-cediendo-y-llega-a-1178-en-julio-de-2023-de-acuerdo-con-lo-informado-por-el-dane\/\"},\"wordCount\":331,\"commentCount\":0,\"publisher\":{\"@id\":\"https:\/\/luchonoticias.com\/editor\/#\/schema\/person\/7a7fd911f58561fd056dbac7b55af9cd\"},\"articleSection\":[\"Actualidad\",\"Destacado\"],\"inLanguage\":\"es\",\"potentialAction\":[{\"@type\":\"CommentAction\",\"name\":\"Comment\",\"target\":[\"https:\/\/luchonoticias.com\/editor\/inflacion-sigue-cediendo-y-llega-a-1178-en-julio-de-2023-de-acuerdo-con-lo-informado-por-el-dane\/#respond\"]}]},{\"@type\":\"WebPage\",\"@id\":\"https:\/\/luchonoticias.com\/editor\/inflacion-sigue-cediendo-y-llega-a-1178-en-julio-de-2023-de-acuerdo-con-lo-informado-por-el-dane\/\",\"url\":\"https:\/\/luchonoticias.com\/editor\/inflacion-sigue-cediendo-y-llega-a-1178-en-julio-de-2023-de-acuerdo-con-lo-informado-por-el-dane\/\",\"name\":\"Inflaci\u00f3n sigue cediendo y llega a 11,78% en julio de 2023, de acuerdo con lo informado por el DANE -\",\"isPartOf\":{\"@id\":\"https:\/\/luchonoticias.com\/editor\/#website\"},\"datePublished\":\"2023-08-09T20:15:13+00:00\",\"dateModified\":\"2023-08-09T20:15:15+00:00\",\"breadcrumb\":{\"@id\":\"https:\/\/luchonoticias.com\/editor\/inflacion-sigue-cediendo-y-llega-a-1178-en-julio-de-2023-de-acuerdo-con-lo-informado-por-el-dane\/#breadcrumb\"},\"inLanguage\":\"es\",\"potentialAction\":[{\"@type\":\"ReadAction\",\"target\":[\"https:\/\/luchonoticias.com\/editor\/inflacion-sigue-cediendo-y-llega-a-1178-en-julio-de-2023-de-acuerdo-con-lo-informado-por-el-dane\/\"]}]},{\"@type\":\"BreadcrumbList\",\"@id\":\"https:\/\/luchonoticias.com\/editor\/inflacion-sigue-cediendo-y-llega-a-1178-en-julio-de-2023-de-acuerdo-con-lo-informado-por-el-dane\/#breadcrumb\",\"itemListElement\":[{\"@type\":\"ListItem\",\"position\":1,\"name\":\"Portada\",\"item\":\"https:\/\/luchonoticias.com\/editor\/\"},{\"@type\":\"ListItem\",\"position\":2,\"name\":\"Inflaci\u00f3n sigue cediendo y llega a 11,78% en julio de 2023, de acuerdo con lo informado por el DANE\"}]},{\"@type\":\"WebSite\",\"@id\":\"https:\/\/luchonoticias.com\/editor\/#website\",\"url\":\"https:\/\/luchonoticias.com\/editor\/\",\"name\":\"\",\"description\":\"\",\"publisher\":{\"@id\":\"https:\/\/luchonoticias.com\/editor\/#\/schema\/person\/7a7fd911f58561fd056dbac7b55af9cd\"},\"potentialAction\":[{\"@type\":\"SearchAction\",\"target\":{\"@type\":\"EntryPoint\",\"urlTemplate\":\"https:\/\/luchonoticias.com\/editor\/?s={search_term_string}\"},\"query-input\":{\"@type\":\"PropertyValueSpecification\",\"valueRequired\":true,\"valueName\":\"search_term_string\"}}],\"inLanguage\":\"es\"},{\"@type\":[\"Person\",\"Organization\"],\"@id\":\"https:\/\/luchonoticias.com\/editor\/#\/schema\/person\/7a7fd911f58561fd056dbac7b55af9cd\",\"name\":\"admin\",\"image\":{\"@type\":\"ImageObject\",\"inLanguage\":\"es\",\"@id\":\"https:\/\/luchonoticias.com\/editor\/#\/schema\/person\/image\/\",\"url\":\"https:\/\/luchonoticias.com\/editor\/wp-content\/uploads\/2024\/02\/cropped-cropped-logolu.webp\",\"contentUrl\":\"https:\/\/luchonoticias.com\/editor\/wp-content\/uploads\/2024\/02\/cropped-cropped-logolu.webp\",\"width\":382,\"height\":170,\"caption\":\"admin\"},\"logo\":{\"@id\":\"https:\/\/luchonoticias.com\/editor\/#\/schema\/person\/image\/\"},\"sameAs\":[\"https:\/\/www.facebook.com\/luchonoticiasneiva\"]},{\"@type\":\"Person\",\"@id\":\"https:\/\/luchonoticias.com\/editor\/#\/schema\/person\/29217990ddf6f14e35912b2866d591fb\",\"name\":\"Editor General\",\"image\":{\"@type\":\"ImageObject\",\"inLanguage\":\"es\",\"@id\":\"https:\/\/luchonoticias.com\/editor\/#\/schema\/person\/image\/\",\"url\":\"https:\/\/luchonoticias.com\/editor\/wp-content\/uploads\/2024\/02\/cropped-cropped-logolu-150x150.webp\",\"contentUrl\":\"https:\/\/luchonoticias.com\/editor\/wp-content\/uploads\/2024\/02\/cropped-cropped-logolu-150x150.webp\",\"caption\":\"Editor General\"},\"sameAs\":[\"https:\/\/luchonoticias.com\/\"],\"url\":\"https:\/\/luchonoticias.com\/editor\/author\/editor-general\/\"}]}<\/script>\n<!-- \/ Yoast SEO plugin. -->","yoast_head_json":{"title":"Inflaci\u00f3n sigue cediendo y llega a 11,78% en julio de 2023, de acuerdo con lo informado por el DANE -","robots":{"index":"index","follow":"follow","max-snippet":"max-snippet:-1","max-image-preview":"max-image-preview:large","max-video-preview":"max-video-preview:-1"},"canonical":"https:\/\/luchonoticias.com\/editor\/inflacion-sigue-cediendo-y-llega-a-1178-en-julio-de-2023-de-acuerdo-con-lo-informado-por-el-dane\/","og_locale":"es_ES","og_type":"article","og_title":"Inflaci\u00f3n sigue cediendo y llega a 11,78% en julio de 2023, de acuerdo con lo informado por el DANE -","og_url":"https:\/\/luchonoticias.com\/editor\/inflacion-sigue-cediendo-y-llega-a-1178-en-julio-de-2023-de-acuerdo-con-lo-informado-por-el-dane\/","article_publisher":"https:\/\/www.facebook.com\/luchonoticiasneiva","article_published_time":"2023-08-09T20:15:13+00:00","article_modified_time":"2023-08-09T20:15:15+00:00","author":"Editor General","twitter_card":"summary_large_image","twitter_misc":{"Escrito por":"Editor General","Tiempo de lectura":"2 minutos"},"schema":{"@context":"https:\/\/schema.org","@graph":[{"@type":"Article","@id":"https:\/\/luchonoticias.com\/editor\/inflacion-sigue-cediendo-y-llega-a-1178-en-julio-de-2023-de-acuerdo-con-lo-informado-por-el-dane\/#article","isPartOf":{"@id":"https:\/\/luchonoticias.com\/editor\/inflacion-sigue-cediendo-y-llega-a-1178-en-julio-de-2023-de-acuerdo-con-lo-informado-por-el-dane\/"},"author":{"name":"Editor General","@id":"https:\/\/luchonoticias.com\/editor\/#\/schema\/person\/29217990ddf6f14e35912b2866d591fb"},"headline":"Inflaci\u00f3n sigue cediendo y llega a 11,78% en julio de 2023, de acuerdo con lo informado por el DANE","datePublished":"2023-08-09T20:15:13+00:00","dateModified":"2023-08-09T20:15:15+00:00","mainEntityOfPage":{"@id":"https:\/\/luchonoticias.com\/editor\/inflacion-sigue-cediendo-y-llega-a-1178-en-julio-de-2023-de-acuerdo-con-lo-informado-por-el-dane\/"},"wordCount":331,"commentCount":0,"publisher":{"@id":"https:\/\/luchonoticias.com\/editor\/#\/schema\/person\/7a7fd911f58561fd056dbac7b55af9cd"},"articleSection":["Actualidad","Destacado"],"inLanguage":"es","potentialAction":[{"@type":"CommentAction","name":"Comment","target":["https:\/\/luchonoticias.com\/editor\/inflacion-sigue-cediendo-y-llega-a-1178-en-julio-de-2023-de-acuerdo-con-lo-informado-por-el-dane\/#respond"]}]},{"@type":"WebPage","@id":"https:\/\/luchonoticias.com\/editor\/inflacion-sigue-cediendo-y-llega-a-1178-en-julio-de-2023-de-acuerdo-con-lo-informado-por-el-dane\/","url":"https:\/\/luchonoticias.com\/editor\/inflacion-sigue-cediendo-y-llega-a-1178-en-julio-de-2023-de-acuerdo-con-lo-informado-por-el-dane\/","name":"Inflaci\u00f3n sigue cediendo y llega a 11,78% en julio de 2023, de acuerdo con lo informado por el DANE -","isPartOf":{"@id":"https:\/\/luchonoticias.com\/editor\/#website"},"datePublished":"2023-08-09T20:15:13+00:00","dateModified":"2023-08-09T20:15:15+00:00","breadcrumb":{"@id":"https:\/\/luchonoticias.com\/editor\/inflacion-sigue-cediendo-y-llega-a-1178-en-julio-de-2023-de-acuerdo-con-lo-informado-por-el-dane\/#breadcrumb"},"inLanguage":"es","potentialAction":[{"@type":"ReadAction","target":["https:\/\/luchonoticias.com\/editor\/inflacion-sigue-cediendo-y-llega-a-1178-en-julio-de-2023-de-acuerdo-con-lo-informado-por-el-dane\/"]}]},{"@type":"BreadcrumbList","@id":"https:\/\/luchonoticias.com\/editor\/inflacion-sigue-cediendo-y-llega-a-1178-en-julio-de-2023-de-acuerdo-con-lo-informado-por-el-dane\/#breadcrumb","itemListElement":[{"@type":"ListItem","position":1,"name":"Portada","item":"https:\/\/luchonoticias.com\/editor\/"},{"@type":"ListItem","position":2,"name":"Inflaci\u00f3n sigue cediendo y llega a 11,78% en julio de 2023, de acuerdo con lo informado por el DANE"}]},{"@type":"WebSite","@id":"https:\/\/luchonoticias.com\/editor\/#website","url":"https:\/\/luchonoticias.com\/editor\/","name":"","description":"","publisher":{"@id":"https:\/\/luchonoticias.com\/editor\/#\/schema\/person\/7a7fd911f58561fd056dbac7b55af9cd"},"potentialAction":[{"@type":"SearchAction","target":{"@type":"EntryPoint","urlTemplate":"https:\/\/luchonoticias.com\/editor\/?s={search_term_string}"},"query-input":{"@type":"PropertyValueSpecification","valueRequired":true,"valueName":"search_term_string"}}],"inLanguage":"es"},{"@type":["Person","Organization"],"@id":"https:\/\/luchonoticias.com\/editor\/#\/schema\/person\/7a7fd911f58561fd056dbac7b55af9cd","name":"admin","image":{"@type":"ImageObject","inLanguage":"es","@id":"https:\/\/luchonoticias.com\/editor\/#\/schema\/person\/image\/","url":"https:\/\/luchonoticias.com\/editor\/wp-content\/uploads\/2024\/02\/cropped-cropped-logolu.webp","contentUrl":"https:\/\/luchonoticias.com\/editor\/wp-content\/uploads\/2024\/02\/cropped-cropped-logolu.webp","width":382,"height":170,"caption":"admin"},"logo":{"@id":"https:\/\/luchonoticias.com\/editor\/#\/schema\/person\/image\/"},"sameAs":["https:\/\/www.facebook.com\/luchonoticiasneiva"]},{"@type":"Person","@id":"https:\/\/luchonoticias.com\/editor\/#\/schema\/person\/29217990ddf6f14e35912b2866d591fb","name":"Editor General","image":{"@type":"ImageObject","inLanguage":"es","@id":"https:\/\/luchonoticias.com\/editor\/#\/schema\/person\/image\/","url":"https:\/\/luchonoticias.com\/editor\/wp-content\/uploads\/2024\/02\/cropped-cropped-logolu-150x150.webp","contentUrl":"https:\/\/luchonoticias.com\/editor\/wp-content\/uploads\/2024\/02\/cropped-cropped-logolu-150x150.webp","caption":"Editor General"},"sameAs":["https:\/\/luchonoticias.com\/"],"url":"https:\/\/luchonoticias.com\/editor\/author\/editor-general\/"}]}},"_links":{"self":[{"href":"https:\/\/luchonoticias.com\/editor\/wp-json\/wp\/v2\/posts\/57939","targetHints":{"allow":["GET"]}}],"collection":[{"href":"https:\/\/luchonoticias.com\/editor\/wp-json\/wp\/v2\/posts"}],"about":[{"href":"https:\/\/luchonoticias.com\/editor\/wp-json\/wp\/v2\/types\/post"}],"author":[{"embeddable":true,"href":"https:\/\/luchonoticias.com\/editor\/wp-json\/wp\/v2\/users\/2"}],"replies":[{"embeddable":true,"href":"https:\/\/luchonoticias.com\/editor\/wp-json\/wp\/v2\/comments?post=57939"}],"version-history":[{"count":0,"href":"https:\/\/luchonoticias.com\/editor\/wp-json\/wp\/v2\/posts\/57939\/revisions"}],"wp:attachment":[{"href":"https:\/\/luchonoticias.com\/editor\/wp-json\/wp\/v2\/media?parent=57939"}],"wp:term":[{"taxonomy":"category","embeddable":true,"href":"https:\/\/luchonoticias.com\/editor\/wp-json\/wp\/v2\/categories?post=57939"},{"taxonomy":"post_tag","embeddable":true,"href":"https:\/\/luchonoticias.com\/editor\/wp-json\/wp\/v2\/tags?post=57939"}],"curies":[{"name":"wp","href":"https:\/\/api.w.org\/{rel}","templated":true}]}}