{"id":57942,"date":"2023-08-09T15:21:41","date_gmt":"2023-08-09T20:21:41","guid":{"rendered":"https:\/\/luchonoticias.com\/?p=57942"},"modified":"2023-08-09T15:21:44","modified_gmt":"2023-08-09T20:21:44","slug":"continuan-los-debates-para-determinar-la-ejecucion-de-los-recursos","status":"publish","type":"post","link":"https:\/\/luchonoticias.com\/editor\/continuan-los-debates-para-determinar-la-ejecucion-de-los-recursos\/","title":{"rendered":"Contin\u00faan los debates para determinar la ejecuci\u00f3n de los recursos"},"content":{"rendered":"\n<p>&nbsp;En el desarrollo del debate de control pol\u00edtico, citado por los congresistas de la Comisi\u00f3n Tercera de Senado, la directora General de Prosperidad Social, Cielo Rusinque, inform\u00f3 sobre la ejecuci\u00f3n presupuestal de esa entidad, para la vigencia del 2023 y planificaci\u00f3n al 2024.<\/p>\n\n\n\n<p>El&nbsp;<strong>senador Efra\u00edn Cepeda Sarabia (Partido Conservador),<\/strong>&nbsp;uno de los citantes al debate, dijo que el incumplimiento en la ejecuci\u00f3n de los recursos asignados, no permiten el desarrollo del pa\u00eds. El congresista inform\u00f3 que el DPS, tiene un presupuesto de 18 billones de pesos, de los cuales posee un obligado del 46.47%, \u201cesto es lo que vale, lo que llega a las personas, y que sus obras ser\u00e1n una realidad. Cepeda Sarabia, agreg\u00f3, \u201chemos consensuado que ministro o director que no sea capaz de ejecutar los recursos, entonces se trasladaran a quienes, si lo hagan de manera eficiente, para evitar que se pierdan\u201d.<\/p>\n\n\n\n<p>En su exposici\u00f3n&nbsp;<strong>Cielo Rusinque<\/strong>&nbsp;manifest\u00f3, \u201cestamos trabajando para garantizar que los recursos lleguen a las familias m\u00e1s necesitadas del pa\u00eds, seg\u00fan los criterios de priorizaci\u00f3n, para la superaci\u00f3n de la pobreza extrema en la poblaci\u00f3n. Se\u00f1al\u00f3 que el programa familias en Acci\u00f3n tiene una ejecuci\u00f3n del 79% y Colombia mayor del 46% de los recursos asignados, los dem\u00e1s programas est\u00e1n en el cero y 15%. &nbsp;<\/p>\n\n\n\n<p>Entre tanto el&nbsp;<strong>senador Carlos Julio Gonz\u00e1lez (Cambio Radical)<\/strong>, dijo a la directora del Prosperidad Social, que le preocupaba la regionalizaci\u00f3n y focalizaci\u00f3n de los 13 programas sociales, que luchan en combatir la pobreza del pa\u00eds, tales como el mejoramiento de vivienda y familia en su tierra, entre otros.<\/p>\n\n\n\n<p>Por su parte la&nbsp;<strong>senadora Carolina Espitia de Alianza Verde,<\/strong>&nbsp;manifest\u00f3 que los colombianos necesitan herramientas y mecanismos para poder trabajar y ser m\u00e1s productivos, \u201clas familias m\u00e1s que un subsidio requiere su trabajo para poder resolver sus necesidades. Tambi\u00e9n se requiere focalizaci\u00f3n de los programas para que los recursos lleguen a los m\u00e1s vulnerables del pa\u00eds, con un enfoque preventivo\u201d.<\/p>\n\n\n\n<p>Asimismo, &nbsp;el&nbsp;<strong>senador Antonio Sabarain (Cambio Radical),&nbsp;<\/strong>dijo q los citados al debate de control pol\u00edtico, que recibieran de buena manera las observaciones hechas por esa c\u00e9lula legislativa, sobre la ejecuci\u00f3n presupuestal de las respectivas carteras y entidades del gobierno nacional.\u201d Es de conocimiento p\u00fablico que el aparato estatal es paquid\u00e9rmico, es muy lento, se requiere de una macro gerencia para ser m\u00e1s evidentes\u201d.<\/p>\n\n\n\n<p>En su momento&nbsp;<strong>el senador ciro Ram\u00edrez del Centro Democr\u00e1tico,<\/strong>&nbsp;dijo que el reto es sacar a Colombia de la pobreza absoluta y solo se puede conseguir con el empleo y la educaci\u00f3n,\u201d para lograrlo, tambi\u00e9n debemos hacer uso de las transferencias monetarias como un instrumento necesario\u201d. Sostuvo el congresista.<\/p>\n\n\n\n<p>Igualmente, la&nbsp;<strong>senadora Liliana Bitar (Partido Conservador),<\/strong>&nbsp;\u201cnecesitamos la ejecuci\u00f3n de los recursos asignados a la diferentes carteras ministeriales y entidades, para dinamizar la econom\u00eda del pa\u00eds. \u201cde los 13 proyectos presentados por Prosperidad Social, tristemente, solo dos est\u00e1n por encima del 20% de la ejecuci\u00f3n presupuestal. Necesitamos de una mejor planeaci\u00f3n para que estos recursos lleguen a las personas necesitas en el tiempo oportuno\u201d, expres\u00f3 la congresista.<\/p>\n\n\n\n<p>En las conclusiones del debate de control pol\u00edtico, el senador Efra\u00edn Cepeda Sarabia, dijo que no se medir\u00e1n a las entidades por compromiso de los CDP, s\u00f3lo lo har\u00e1n con el registro presupuestal.\u201d Seguiremos con este ejercicio, para que el gobierno se pi\u00f1izque, porque ese recurso si no se ejecutan a tiempo, llevar\u00e1 al pa\u00eds al retraso en su desarrollo\u201d. Afirm\u00f3 el senador. &nbsp;<\/p>\n","protected":false},"excerpt":{"rendered":"<p>&nbsp;En el desarrollo del debate de control pol\u00edtico, citado por los congresistas de la Comisi\u00f3n Tercera de Senado, la directora General de Prosperidad Social, Cielo Rusinque, inform\u00f3 sobre la ejecuci\u00f3n presupuestal de esa entidad, para la vigencia del 2023 y planificaci\u00f3n al 2024. El&nbsp;senador Efra\u00edn Cepeda Sarabia (Partido Conservador),&nbsp;uno de los citantes al debate, dijo [&hellip;]<\/p>\n","protected":false},"author":2,"featured_media":0,"comment_status":"open","ping_status":"open","sticky":false,"template":"","format":"standard","meta":{"footnotes":""},"categories":[36,617],"tags":[],"class_list":["post-57942","post","type-post","status-publish","format-standard","hentry","category-destacado","category-politica"],"yoast_head":"<!-- This site is optimized with the Yoast SEO plugin v26.6 - https:\/\/yoast.com\/wordpress\/plugins\/seo\/ -->\n<title>Contin\u00faan los debates para determinar la ejecuci\u00f3n de los recursos -<\/title>\n<meta name=\"robots\" content=\"index, follow, max-snippet:-1, max-image-preview:large, max-video-preview:-1\" \/>\n<link rel=\"canonical\" href=\"https:\/\/luchonoticias.com\/editor\/continuan-los-debates-para-determinar-la-ejecucion-de-los-recursos\/\" \/>\n<meta property=\"og:locale\" content=\"es_ES\" \/>\n<meta property=\"og:type\" content=\"article\" \/>\n<meta property=\"og:title\" content=\"Contin\u00faan los debates para determinar la ejecuci\u00f3n de los recursos -\" \/>\n<meta property=\"og:url\" content=\"https:\/\/luchonoticias.com\/editor\/continuan-los-debates-para-determinar-la-ejecucion-de-los-recursos\/\" \/>\n<meta property=\"article:publisher\" content=\"https:\/\/www.facebook.com\/luchonoticiasneiva\" \/>\n<meta property=\"article:published_time\" content=\"2023-08-09T20:21:41+00:00\" \/>\n<meta property=\"article:modified_time\" content=\"2023-08-09T20:21:44+00:00\" \/>\n<meta name=\"author\" content=\"Editor General\" \/>\n<meta name=\"twitter:card\" content=\"summary_large_image\" \/>\n<meta name=\"twitter:label1\" content=\"Escrito por\" \/>\n\t<meta name=\"twitter:data1\" content=\"Editor General\" \/>\n\t<meta name=\"twitter:label2\" content=\"Tiempo de lectura\" \/>\n\t<meta name=\"twitter:data2\" content=\"3 minutos\" \/>\n<script type=\"application\/ld+json\" class=\"yoast-schema-graph\">{\"@context\":\"https:\/\/schema.org\",\"@graph\":[{\"@type\":\"Article\",\"@id\":\"https:\/\/luchonoticias.com\/editor\/continuan-los-debates-para-determinar-la-ejecucion-de-los-recursos\/#article\",\"isPartOf\":{\"@id\":\"https:\/\/luchonoticias.com\/editor\/continuan-los-debates-para-determinar-la-ejecucion-de-los-recursos\/\"},\"author\":{\"name\":\"Editor General\",\"@id\":\"https:\/\/luchonoticias.com\/editor\/#\/schema\/person\/29217990ddf6f14e35912b2866d591fb\"},\"headline\":\"Contin\u00faan los debates para determinar la ejecuci\u00f3n de los recursos\",\"datePublished\":\"2023-08-09T20:21:41+00:00\",\"dateModified\":\"2023-08-09T20:21:44+00:00\",\"mainEntityOfPage\":{\"@id\":\"https:\/\/luchonoticias.com\/editor\/continuan-los-debates-para-determinar-la-ejecucion-de-los-recursos\/\"},\"wordCount\":639,\"commentCount\":0,\"publisher\":{\"@id\":\"https:\/\/luchonoticias.com\/editor\/#\/schema\/person\/7a7fd911f58561fd056dbac7b55af9cd\"},\"articleSection\":[\"Destacado\",\"Pol\u00edtica\"],\"inLanguage\":\"es\",\"potentialAction\":[{\"@type\":\"CommentAction\",\"name\":\"Comment\",\"target\":[\"https:\/\/luchonoticias.com\/editor\/continuan-los-debates-para-determinar-la-ejecucion-de-los-recursos\/#respond\"]}]},{\"@type\":\"WebPage\",\"@id\":\"https:\/\/luchonoticias.com\/editor\/continuan-los-debates-para-determinar-la-ejecucion-de-los-recursos\/\",\"url\":\"https:\/\/luchonoticias.com\/editor\/continuan-los-debates-para-determinar-la-ejecucion-de-los-recursos\/\",\"name\":\"Contin\u00faan los debates para determinar la ejecuci\u00f3n de los recursos -\",\"isPartOf\":{\"@id\":\"https:\/\/luchonoticias.com\/editor\/#website\"},\"datePublished\":\"2023-08-09T20:21:41+00:00\",\"dateModified\":\"2023-08-09T20:21:44+00:00\",\"breadcrumb\":{\"@id\":\"https:\/\/luchonoticias.com\/editor\/continuan-los-debates-para-determinar-la-ejecucion-de-los-recursos\/#breadcrumb\"},\"inLanguage\":\"es\",\"potentialAction\":[{\"@type\":\"ReadAction\",\"target\":[\"https:\/\/luchonoticias.com\/editor\/continuan-los-debates-para-determinar-la-ejecucion-de-los-recursos\/\"]}]},{\"@type\":\"BreadcrumbList\",\"@id\":\"https:\/\/luchonoticias.com\/editor\/continuan-los-debates-para-determinar-la-ejecucion-de-los-recursos\/#breadcrumb\",\"itemListElement\":[{\"@type\":\"ListItem\",\"position\":1,\"name\":\"Portada\",\"item\":\"https:\/\/luchonoticias.com\/editor\/\"},{\"@type\":\"ListItem\",\"position\":2,\"name\":\"Contin\u00faan los debates para determinar la ejecuci\u00f3n de los recursos\"}]},{\"@type\":\"WebSite\",\"@id\":\"https:\/\/luchonoticias.com\/editor\/#website\",\"url\":\"https:\/\/luchonoticias.com\/editor\/\",\"name\":\"\",\"description\":\"\",\"publisher\":{\"@id\":\"https:\/\/luchonoticias.com\/editor\/#\/schema\/person\/7a7fd911f58561fd056dbac7b55af9cd\"},\"potentialAction\":[{\"@type\":\"SearchAction\",\"target\":{\"@type\":\"EntryPoint\",\"urlTemplate\":\"https:\/\/luchonoticias.com\/editor\/?s={search_term_string}\"},\"query-input\":{\"@type\":\"PropertyValueSpecification\",\"valueRequired\":true,\"valueName\":\"search_term_string\"}}],\"inLanguage\":\"es\"},{\"@type\":[\"Person\",\"Organization\"],\"@id\":\"https:\/\/luchonoticias.com\/editor\/#\/schema\/person\/7a7fd911f58561fd056dbac7b55af9cd\",\"name\":\"admin\",\"image\":{\"@type\":\"ImageObject\",\"inLanguage\":\"es\",\"@id\":\"https:\/\/luchonoticias.com\/editor\/#\/schema\/person\/image\/\",\"url\":\"https:\/\/luchonoticias.com\/editor\/wp-content\/uploads\/2024\/02\/cropped-cropped-logolu.webp\",\"contentUrl\":\"https:\/\/luchonoticias.com\/editor\/wp-content\/uploads\/2024\/02\/cropped-cropped-logolu.webp\",\"width\":382,\"height\":170,\"caption\":\"admin\"},\"logo\":{\"@id\":\"https:\/\/luchonoticias.com\/editor\/#\/schema\/person\/image\/\"},\"sameAs\":[\"https:\/\/www.facebook.com\/luchonoticiasneiva\"]},{\"@type\":\"Person\",\"@id\":\"https:\/\/luchonoticias.com\/editor\/#\/schema\/person\/29217990ddf6f14e35912b2866d591fb\",\"name\":\"Editor General\",\"image\":{\"@type\":\"ImageObject\",\"inLanguage\":\"es\",\"@id\":\"https:\/\/luchonoticias.com\/editor\/#\/schema\/person\/image\/\",\"url\":\"https:\/\/luchonoticias.com\/editor\/wp-content\/uploads\/2024\/02\/cropped-cropped-logolu-150x150.webp\",\"contentUrl\":\"https:\/\/luchonoticias.com\/editor\/wp-content\/uploads\/2024\/02\/cropped-cropped-logolu-150x150.webp\",\"caption\":\"Editor General\"},\"sameAs\":[\"https:\/\/luchonoticias.com\/\"],\"url\":\"https:\/\/luchonoticias.com\/editor\/author\/editor-general\/\"}]}<\/script>\n<!-- \/ Yoast SEO plugin. -->","yoast_head_json":{"title":"Contin\u00faan los debates para determinar la ejecuci\u00f3n de los recursos -","robots":{"index":"index","follow":"follow","max-snippet":"max-snippet:-1","max-image-preview":"max-image-preview:large","max-video-preview":"max-video-preview:-1"},"canonical":"https:\/\/luchonoticias.com\/editor\/continuan-los-debates-para-determinar-la-ejecucion-de-los-recursos\/","og_locale":"es_ES","og_type":"article","og_title":"Contin\u00faan los debates para determinar la ejecuci\u00f3n de los recursos -","og_url":"https:\/\/luchonoticias.com\/editor\/continuan-los-debates-para-determinar-la-ejecucion-de-los-recursos\/","article_publisher":"https:\/\/www.facebook.com\/luchonoticiasneiva","article_published_time":"2023-08-09T20:21:41+00:00","article_modified_time":"2023-08-09T20:21:44+00:00","author":"Editor General","twitter_card":"summary_large_image","twitter_misc":{"Escrito por":"Editor General","Tiempo de lectura":"3 minutos"},"schema":{"@context":"https:\/\/schema.org","@graph":[{"@type":"Article","@id":"https:\/\/luchonoticias.com\/editor\/continuan-los-debates-para-determinar-la-ejecucion-de-los-recursos\/#article","isPartOf":{"@id":"https:\/\/luchonoticias.com\/editor\/continuan-los-debates-para-determinar-la-ejecucion-de-los-recursos\/"},"author":{"name":"Editor General","@id":"https:\/\/luchonoticias.com\/editor\/#\/schema\/person\/29217990ddf6f14e35912b2866d591fb"},"headline":"Contin\u00faan los debates para determinar la ejecuci\u00f3n de los recursos","datePublished":"2023-08-09T20:21:41+00:00","dateModified":"2023-08-09T20:21:44+00:00","mainEntityOfPage":{"@id":"https:\/\/luchonoticias.com\/editor\/continuan-los-debates-para-determinar-la-ejecucion-de-los-recursos\/"},"wordCount":639,"commentCount":0,"publisher":{"@id":"https:\/\/luchonoticias.com\/editor\/#\/schema\/person\/7a7fd911f58561fd056dbac7b55af9cd"},"articleSection":["Destacado","Pol\u00edtica"],"inLanguage":"es","potentialAction":[{"@type":"CommentAction","name":"Comment","target":["https:\/\/luchonoticias.com\/editor\/continuan-los-debates-para-determinar-la-ejecucion-de-los-recursos\/#respond"]}]},{"@type":"WebPage","@id":"https:\/\/luchonoticias.com\/editor\/continuan-los-debates-para-determinar-la-ejecucion-de-los-recursos\/","url":"https:\/\/luchonoticias.com\/editor\/continuan-los-debates-para-determinar-la-ejecucion-de-los-recursos\/","name":"Contin\u00faan los debates para determinar la ejecuci\u00f3n de los recursos -","isPartOf":{"@id":"https:\/\/luchonoticias.com\/editor\/#website"},"datePublished":"2023-08-09T20:21:41+00:00","dateModified":"2023-08-09T20:21:44+00:00","breadcrumb":{"@id":"https:\/\/luchonoticias.com\/editor\/continuan-los-debates-para-determinar-la-ejecucion-de-los-recursos\/#breadcrumb"},"inLanguage":"es","potentialAction":[{"@type":"ReadAction","target":["https:\/\/luchonoticias.com\/editor\/continuan-los-debates-para-determinar-la-ejecucion-de-los-recursos\/"]}]},{"@type":"BreadcrumbList","@id":"https:\/\/luchonoticias.com\/editor\/continuan-los-debates-para-determinar-la-ejecucion-de-los-recursos\/#breadcrumb","itemListElement":[{"@type":"ListItem","position":1,"name":"Portada","item":"https:\/\/luchonoticias.com\/editor\/"},{"@type":"ListItem","position":2,"name":"Contin\u00faan los debates para determinar la ejecuci\u00f3n de los recursos"}]},{"@type":"WebSite","@id":"https:\/\/luchonoticias.com\/editor\/#website","url":"https:\/\/luchonoticias.com\/editor\/","name":"","description":"","publisher":{"@id":"https:\/\/luchonoticias.com\/editor\/#\/schema\/person\/7a7fd911f58561fd056dbac7b55af9cd"},"potentialAction":[{"@type":"SearchAction","target":{"@type":"EntryPoint","urlTemplate":"https:\/\/luchonoticias.com\/editor\/?s={search_term_string}"},"query-input":{"@type":"PropertyValueSpecification","valueRequired":true,"valueName":"search_term_string"}}],"inLanguage":"es"},{"@type":["Person","Organization"],"@id":"https:\/\/luchonoticias.com\/editor\/#\/schema\/person\/7a7fd911f58561fd056dbac7b55af9cd","name":"admin","image":{"@type":"ImageObject","inLanguage":"es","@id":"https:\/\/luchonoticias.com\/editor\/#\/schema\/person\/image\/","url":"https:\/\/luchonoticias.com\/editor\/wp-content\/uploads\/2024\/02\/cropped-cropped-logolu.webp","contentUrl":"https:\/\/luchonoticias.com\/editor\/wp-content\/uploads\/2024\/02\/cropped-cropped-logolu.webp","width":382,"height":170,"caption":"admin"},"logo":{"@id":"https:\/\/luchonoticias.com\/editor\/#\/schema\/person\/image\/"},"sameAs":["https:\/\/www.facebook.com\/luchonoticiasneiva"]},{"@type":"Person","@id":"https:\/\/luchonoticias.com\/editor\/#\/schema\/person\/29217990ddf6f14e35912b2866d591fb","name":"Editor General","image":{"@type":"ImageObject","inLanguage":"es","@id":"https:\/\/luchonoticias.com\/editor\/#\/schema\/person\/image\/","url":"https:\/\/luchonoticias.com\/editor\/wp-content\/uploads\/2024\/02\/cropped-cropped-logolu-150x150.webp","contentUrl":"https:\/\/luchonoticias.com\/editor\/wp-content\/uploads\/2024\/02\/cropped-cropped-logolu-150x150.webp","caption":"Editor General"},"sameAs":["https:\/\/luchonoticias.com\/"],"url":"https:\/\/luchonoticias.com\/editor\/author\/editor-general\/"}]}},"_links":{"self":[{"href":"https:\/\/luchonoticias.com\/editor\/wp-json\/wp\/v2\/posts\/57942","targetHints":{"allow":["GET"]}}],"collection":[{"href":"https:\/\/luchonoticias.com\/editor\/wp-json\/wp\/v2\/posts"}],"about":[{"href":"https:\/\/luchonoticias.com\/editor\/wp-json\/wp\/v2\/types\/post"}],"author":[{"embeddable":true,"href":"https:\/\/luchonoticias.com\/editor\/wp-json\/wp\/v2\/users\/2"}],"replies":[{"embeddable":true,"href":"https:\/\/luchonoticias.com\/editor\/wp-json\/wp\/v2\/comments?post=57942"}],"version-history":[{"count":0,"href":"https:\/\/luchonoticias.com\/editor\/wp-json\/wp\/v2\/posts\/57942\/revisions"}],"wp:attachment":[{"href":"https:\/\/luchonoticias.com\/editor\/wp-json\/wp\/v2\/media?parent=57942"}],"wp:term":[{"taxonomy":"category","embeddable":true,"href":"https:\/\/luchonoticias.com\/editor\/wp-json\/wp\/v2\/categories?post=57942"},{"taxonomy":"post_tag","embeddable":true,"href":"https:\/\/luchonoticias.com\/editor\/wp-json\/wp\/v2\/tags?post=57942"}],"curies":[{"name":"wp","href":"https:\/\/api.w.org\/{rel}","templated":true}]}}