{"id":57971,"date":"2023-08-10T06:29:51","date_gmt":"2023-08-10T11:29:51","guid":{"rendered":"https:\/\/luchonoticias.com\/?p=57971"},"modified":"2023-08-10T06:29:58","modified_gmt":"2023-08-10T11:29:58","slug":"se-levanto-paro-de-taxistas-en-neiva","status":"publish","type":"post","link":"https:\/\/luchonoticias.com\/editor\/se-levanto-paro-de-taxistas-en-neiva\/","title":{"rendered":"Se levant\u00f3 paro de taxistas en Neiva"},"content":{"rendered":"\n<p>Tras di\u00e1logos constructivos y la disposici\u00f3n entre la Alcald\u00eda de Neiva y los l\u00edderes del gremio de taxistas, se logr\u00f3 levantar los bloqueos y la normalizaci\u00f3n de la movilidad tras un acuerdo generado en el que se pactaron algunos compromisos y soluciones al respecto a diversas \u00e1reas de inter\u00e9s.<\/p>\n\n\n\n<p>El secretario de Gobierno, Ra\u00fal Rivera Cort\u00e9s, indic\u00f3 que la Administraci\u00f3n Municipal garantiz\u00f3 el derecho a la protesta pac\u00edfica, sin desconocer que los dem\u00e1s ciudadanos, que no participaron en la movilizaci\u00f3n, tambi\u00e9n tienen derecho a transitar libremente por la ciudad.<\/p>\n\n\n\n<p>\u201cSe logr\u00f3 realizar una reuni\u00f3n con los organizadores de la protesta, se les escucharon sus demandas, se concert\u00f3 sobre las posibilidades de soluci\u00f3n a sus requerimientos y con la intervenci\u00f3n con la Secretar\u00eda de Movilidad y la Direcci\u00f3n de V\u00edas, se logr\u00f3 concentrar un acuerdo en el cual se condensa los acuerdos para el levantamiento de los bloqueos\u201d, afirm\u00f3 el Secretario.<\/p>\n\n\n\n<p>En medio de los consensos, se suscribi\u00f3 un documento que finalmente concluy\u00f3 con el levantamiento de estos bloqueos que se estaban presentando en el d\u00eda de hoy en varios puntos estrat\u00e9gicos de la ciudad.<\/p>\n\n\n\n<p>\u201cEntonces este es un parte de satisfacci\u00f3n en el que facilitamos a los representantes del sector transportador, de los taxistas, que de manera muy elocuente y consecuente accedieron a levantar estos bloqueos, y naturalmente a la administraci\u00f3n que en cabeza de los funcionarios logramos persuadir con el mayor respeto. Propiciamos algunas soluciones que fueron aceptadas, a las que se les va hacer un seguimiento y acompa\u00f1amiento durante los meses siguientes\u201d.<\/p>\n\n\n\n<p>Es as\u00ed como la Alcald\u00eda de Neiva reafirma su compromiso con el di\u00e1logo constructivo y la b\u00fasqueda de soluciones que beneficien a todos los sectores de la comunidad.<\/p>\n","protected":false},"excerpt":{"rendered":"<p>Tras di\u00e1logos constructivos y la disposici\u00f3n entre la Alcald\u00eda de Neiva y los l\u00edderes del gremio de taxistas, se logr\u00f3 levantar los bloqueos y la normalizaci\u00f3n de la movilidad tras un acuerdo generado en el que se pactaron algunos compromisos y soluciones al respecto a diversas \u00e1reas de inter\u00e9s. El secretario de Gobierno, Ra\u00fal Rivera [&hellip;]<\/p>\n","protected":false},"author":2,"featured_media":0,"comment_status":"open","ping_status":"open","sticky":false,"template":"","format":"standard","meta":{"footnotes":""},"categories":[36,31],"tags":[],"class_list":["post-57971","post","type-post","status-publish","format-standard","hentry","category-destacado","category-local"],"yoast_head":"<!-- This site is optimized with the Yoast SEO plugin v26.6 - https:\/\/yoast.com\/wordpress\/plugins\/seo\/ -->\n<title>Se levant\u00f3 paro de taxistas en Neiva -<\/title>\n<meta name=\"robots\" content=\"index, follow, max-snippet:-1, max-image-preview:large, max-video-preview:-1\" \/>\n<link rel=\"canonical\" href=\"https:\/\/luchonoticias.com\/editor\/se-levanto-paro-de-taxistas-en-neiva\/\" \/>\n<meta property=\"og:locale\" content=\"es_ES\" \/>\n<meta property=\"og:type\" content=\"article\" \/>\n<meta property=\"og:title\" content=\"Se levant\u00f3 paro de taxistas en Neiva -\" \/>\n<meta property=\"og:url\" content=\"https:\/\/luchonoticias.com\/editor\/se-levanto-paro-de-taxistas-en-neiva\/\" \/>\n<meta property=\"article:publisher\" content=\"https:\/\/www.facebook.com\/luchonoticiasneiva\" \/>\n<meta property=\"article:published_time\" content=\"2023-08-10T11:29:51+00:00\" \/>\n<meta property=\"article:modified_time\" content=\"2023-08-10T11:29:58+00:00\" \/>\n<meta name=\"author\" content=\"Editor General\" \/>\n<meta name=\"twitter:card\" content=\"summary_large_image\" \/>\n<meta name=\"twitter:label1\" content=\"Escrito por\" \/>\n\t<meta name=\"twitter:data1\" content=\"Editor General\" \/>\n\t<meta name=\"twitter:label2\" content=\"Tiempo de lectura\" \/>\n\t<meta name=\"twitter:data2\" content=\"2 minutos\" \/>\n<script type=\"application\/ld+json\" class=\"yoast-schema-graph\">{\"@context\":\"https:\/\/schema.org\",\"@graph\":[{\"@type\":\"Article\",\"@id\":\"https:\/\/luchonoticias.com\/editor\/se-levanto-paro-de-taxistas-en-neiva\/#article\",\"isPartOf\":{\"@id\":\"https:\/\/luchonoticias.com\/editor\/se-levanto-paro-de-taxistas-en-neiva\/\"},\"author\":{\"name\":\"Editor General\",\"@id\":\"https:\/\/luchonoticias.com\/editor\/#\/schema\/person\/29217990ddf6f14e35912b2866d591fb\"},\"headline\":\"Se levant\u00f3 paro de taxistas en Neiva\",\"datePublished\":\"2023-08-10T11:29:51+00:00\",\"dateModified\":\"2023-08-10T11:29:58+00:00\",\"mainEntityOfPage\":{\"@id\":\"https:\/\/luchonoticias.com\/editor\/se-levanto-paro-de-taxistas-en-neiva\/\"},\"wordCount\":316,\"commentCount\":0,\"publisher\":{\"@id\":\"https:\/\/luchonoticias.com\/editor\/#\/schema\/person\/7a7fd911f58561fd056dbac7b55af9cd\"},\"articleSection\":[\"Destacado\",\"Local\"],\"inLanguage\":\"es\",\"potentialAction\":[{\"@type\":\"CommentAction\",\"name\":\"Comment\",\"target\":[\"https:\/\/luchonoticias.com\/editor\/se-levanto-paro-de-taxistas-en-neiva\/#respond\"]}]},{\"@type\":\"WebPage\",\"@id\":\"https:\/\/luchonoticias.com\/editor\/se-levanto-paro-de-taxistas-en-neiva\/\",\"url\":\"https:\/\/luchonoticias.com\/editor\/se-levanto-paro-de-taxistas-en-neiva\/\",\"name\":\"Se levant\u00f3 paro de taxistas en Neiva -\",\"isPartOf\":{\"@id\":\"https:\/\/luchonoticias.com\/editor\/#website\"},\"datePublished\":\"2023-08-10T11:29:51+00:00\",\"dateModified\":\"2023-08-10T11:29:58+00:00\",\"breadcrumb\":{\"@id\":\"https:\/\/luchonoticias.com\/editor\/se-levanto-paro-de-taxistas-en-neiva\/#breadcrumb\"},\"inLanguage\":\"es\",\"potentialAction\":[{\"@type\":\"ReadAction\",\"target\":[\"https:\/\/luchonoticias.com\/editor\/se-levanto-paro-de-taxistas-en-neiva\/\"]}]},{\"@type\":\"BreadcrumbList\",\"@id\":\"https:\/\/luchonoticias.com\/editor\/se-levanto-paro-de-taxistas-en-neiva\/#breadcrumb\",\"itemListElement\":[{\"@type\":\"ListItem\",\"position\":1,\"name\":\"Portada\",\"item\":\"https:\/\/luchonoticias.com\/editor\/\"},{\"@type\":\"ListItem\",\"position\":2,\"name\":\"Se levant\u00f3 paro de taxistas en Neiva\"}]},{\"@type\":\"WebSite\",\"@id\":\"https:\/\/luchonoticias.com\/editor\/#website\",\"url\":\"https:\/\/luchonoticias.com\/editor\/\",\"name\":\"\",\"description\":\"\",\"publisher\":{\"@id\":\"https:\/\/luchonoticias.com\/editor\/#\/schema\/person\/7a7fd911f58561fd056dbac7b55af9cd\"},\"potentialAction\":[{\"@type\":\"SearchAction\",\"target\":{\"@type\":\"EntryPoint\",\"urlTemplate\":\"https:\/\/luchonoticias.com\/editor\/?s={search_term_string}\"},\"query-input\":{\"@type\":\"PropertyValueSpecification\",\"valueRequired\":true,\"valueName\":\"search_term_string\"}}],\"inLanguage\":\"es\"},{\"@type\":[\"Person\",\"Organization\"],\"@id\":\"https:\/\/luchonoticias.com\/editor\/#\/schema\/person\/7a7fd911f58561fd056dbac7b55af9cd\",\"name\":\"admin\",\"image\":{\"@type\":\"ImageObject\",\"inLanguage\":\"es\",\"@id\":\"https:\/\/luchonoticias.com\/editor\/#\/schema\/person\/image\/\",\"url\":\"https:\/\/luchonoticias.com\/editor\/wp-content\/uploads\/2024\/02\/cropped-cropped-logolu.webp\",\"contentUrl\":\"https:\/\/luchonoticias.com\/editor\/wp-content\/uploads\/2024\/02\/cropped-cropped-logolu.webp\",\"width\":382,\"height\":170,\"caption\":\"admin\"},\"logo\":{\"@id\":\"https:\/\/luchonoticias.com\/editor\/#\/schema\/person\/image\/\"},\"sameAs\":[\"https:\/\/www.facebook.com\/luchonoticiasneiva\"]},{\"@type\":\"Person\",\"@id\":\"https:\/\/luchonoticias.com\/editor\/#\/schema\/person\/29217990ddf6f14e35912b2866d591fb\",\"name\":\"Editor General\",\"image\":{\"@type\":\"ImageObject\",\"inLanguage\":\"es\",\"@id\":\"https:\/\/luchonoticias.com\/editor\/#\/schema\/person\/image\/\",\"url\":\"https:\/\/luchonoticias.com\/editor\/wp-content\/uploads\/2024\/02\/cropped-cropped-logolu-150x150.webp\",\"contentUrl\":\"https:\/\/luchonoticias.com\/editor\/wp-content\/uploads\/2024\/02\/cropped-cropped-logolu-150x150.webp\",\"caption\":\"Editor General\"},\"sameAs\":[\"https:\/\/luchonoticias.com\/\"],\"url\":\"https:\/\/luchonoticias.com\/editor\/author\/editor-general\/\"}]}<\/script>\n<!-- \/ Yoast SEO plugin. -->","yoast_head_json":{"title":"Se levant\u00f3 paro de taxistas en Neiva -","robots":{"index":"index","follow":"follow","max-snippet":"max-snippet:-1","max-image-preview":"max-image-preview:large","max-video-preview":"max-video-preview:-1"},"canonical":"https:\/\/luchonoticias.com\/editor\/se-levanto-paro-de-taxistas-en-neiva\/","og_locale":"es_ES","og_type":"article","og_title":"Se levant\u00f3 paro de taxistas en Neiva -","og_url":"https:\/\/luchonoticias.com\/editor\/se-levanto-paro-de-taxistas-en-neiva\/","article_publisher":"https:\/\/www.facebook.com\/luchonoticiasneiva","article_published_time":"2023-08-10T11:29:51+00:00","article_modified_time":"2023-08-10T11:29:58+00:00","author":"Editor General","twitter_card":"summary_large_image","twitter_misc":{"Escrito por":"Editor General","Tiempo de lectura":"2 minutos"},"schema":{"@context":"https:\/\/schema.org","@graph":[{"@type":"Article","@id":"https:\/\/luchonoticias.com\/editor\/se-levanto-paro-de-taxistas-en-neiva\/#article","isPartOf":{"@id":"https:\/\/luchonoticias.com\/editor\/se-levanto-paro-de-taxistas-en-neiva\/"},"author":{"name":"Editor General","@id":"https:\/\/luchonoticias.com\/editor\/#\/schema\/person\/29217990ddf6f14e35912b2866d591fb"},"headline":"Se levant\u00f3 paro de taxistas en Neiva","datePublished":"2023-08-10T11:29:51+00:00","dateModified":"2023-08-10T11:29:58+00:00","mainEntityOfPage":{"@id":"https:\/\/luchonoticias.com\/editor\/se-levanto-paro-de-taxistas-en-neiva\/"},"wordCount":316,"commentCount":0,"publisher":{"@id":"https:\/\/luchonoticias.com\/editor\/#\/schema\/person\/7a7fd911f58561fd056dbac7b55af9cd"},"articleSection":["Destacado","Local"],"inLanguage":"es","potentialAction":[{"@type":"CommentAction","name":"Comment","target":["https:\/\/luchonoticias.com\/editor\/se-levanto-paro-de-taxistas-en-neiva\/#respond"]}]},{"@type":"WebPage","@id":"https:\/\/luchonoticias.com\/editor\/se-levanto-paro-de-taxistas-en-neiva\/","url":"https:\/\/luchonoticias.com\/editor\/se-levanto-paro-de-taxistas-en-neiva\/","name":"Se levant\u00f3 paro de taxistas en Neiva -","isPartOf":{"@id":"https:\/\/luchonoticias.com\/editor\/#website"},"datePublished":"2023-08-10T11:29:51+00:00","dateModified":"2023-08-10T11:29:58+00:00","breadcrumb":{"@id":"https:\/\/luchonoticias.com\/editor\/se-levanto-paro-de-taxistas-en-neiva\/#breadcrumb"},"inLanguage":"es","potentialAction":[{"@type":"ReadAction","target":["https:\/\/luchonoticias.com\/editor\/se-levanto-paro-de-taxistas-en-neiva\/"]}]},{"@type":"BreadcrumbList","@id":"https:\/\/luchonoticias.com\/editor\/se-levanto-paro-de-taxistas-en-neiva\/#breadcrumb","itemListElement":[{"@type":"ListItem","position":1,"name":"Portada","item":"https:\/\/luchonoticias.com\/editor\/"},{"@type":"ListItem","position":2,"name":"Se levant\u00f3 paro de taxistas en Neiva"}]},{"@type":"WebSite","@id":"https:\/\/luchonoticias.com\/editor\/#website","url":"https:\/\/luchonoticias.com\/editor\/","name":"","description":"","publisher":{"@id":"https:\/\/luchonoticias.com\/editor\/#\/schema\/person\/7a7fd911f58561fd056dbac7b55af9cd"},"potentialAction":[{"@type":"SearchAction","target":{"@type":"EntryPoint","urlTemplate":"https:\/\/luchonoticias.com\/editor\/?s={search_term_string}"},"query-input":{"@type":"PropertyValueSpecification","valueRequired":true,"valueName":"search_term_string"}}],"inLanguage":"es"},{"@type":["Person","Organization"],"@id":"https:\/\/luchonoticias.com\/editor\/#\/schema\/person\/7a7fd911f58561fd056dbac7b55af9cd","name":"admin","image":{"@type":"ImageObject","inLanguage":"es","@id":"https:\/\/luchonoticias.com\/editor\/#\/schema\/person\/image\/","url":"https:\/\/luchonoticias.com\/editor\/wp-content\/uploads\/2024\/02\/cropped-cropped-logolu.webp","contentUrl":"https:\/\/luchonoticias.com\/editor\/wp-content\/uploads\/2024\/02\/cropped-cropped-logolu.webp","width":382,"height":170,"caption":"admin"},"logo":{"@id":"https:\/\/luchonoticias.com\/editor\/#\/schema\/person\/image\/"},"sameAs":["https:\/\/www.facebook.com\/luchonoticiasneiva"]},{"@type":"Person","@id":"https:\/\/luchonoticias.com\/editor\/#\/schema\/person\/29217990ddf6f14e35912b2866d591fb","name":"Editor General","image":{"@type":"ImageObject","inLanguage":"es","@id":"https:\/\/luchonoticias.com\/editor\/#\/schema\/person\/image\/","url":"https:\/\/luchonoticias.com\/editor\/wp-content\/uploads\/2024\/02\/cropped-cropped-logolu-150x150.webp","contentUrl":"https:\/\/luchonoticias.com\/editor\/wp-content\/uploads\/2024\/02\/cropped-cropped-logolu-150x150.webp","caption":"Editor General"},"sameAs":["https:\/\/luchonoticias.com\/"],"url":"https:\/\/luchonoticias.com\/editor\/author\/editor-general\/"}]}},"_links":{"self":[{"href":"https:\/\/luchonoticias.com\/editor\/wp-json\/wp\/v2\/posts\/57971","targetHints":{"allow":["GET"]}}],"collection":[{"href":"https:\/\/luchonoticias.com\/editor\/wp-json\/wp\/v2\/posts"}],"about":[{"href":"https:\/\/luchonoticias.com\/editor\/wp-json\/wp\/v2\/types\/post"}],"author":[{"embeddable":true,"href":"https:\/\/luchonoticias.com\/editor\/wp-json\/wp\/v2\/users\/2"}],"replies":[{"embeddable":true,"href":"https:\/\/luchonoticias.com\/editor\/wp-json\/wp\/v2\/comments?post=57971"}],"version-history":[{"count":0,"href":"https:\/\/luchonoticias.com\/editor\/wp-json\/wp\/v2\/posts\/57971\/revisions"}],"wp:attachment":[{"href":"https:\/\/luchonoticias.com\/editor\/wp-json\/wp\/v2\/media?parent=57971"}],"wp:term":[{"taxonomy":"category","embeddable":true,"href":"https:\/\/luchonoticias.com\/editor\/wp-json\/wp\/v2\/categories?post=57971"},{"taxonomy":"post_tag","embeddable":true,"href":"https:\/\/luchonoticias.com\/editor\/wp-json\/wp\/v2\/tags?post=57971"}],"curies":[{"name":"wp","href":"https:\/\/api.w.org\/{rel}","templated":true}]}}