{"id":57977,"date":"2023-08-10T06:40:21","date_gmt":"2023-08-10T11:40:21","guid":{"rendered":"https:\/\/luchonoticias.com\/?p=57977"},"modified":"2023-08-10T06:40:35","modified_gmt":"2023-08-10T11:40:35","slug":"capturados-sujetos-por-hurto-calificado-y-otra-por-porte-ilegal-de-armas","status":"publish","type":"post","link":"https:\/\/luchonoticias.com\/editor\/capturados-sujetos-por-hurto-calificado-y-otra-por-porte-ilegal-de-armas\/","title":{"rendered":"Capturados sujetos por hurto calificado y otra por porte ilegal de armas"},"content":{"rendered":"\n<p>En el barrio Sim\u00f3n Bol\u00edvar del municipio de Suaza fue capturado un hombre sobre quien reposa una orden de captura por el delito de hurto calificado.<\/p>\n\n\n\n<p>El sujeto oriundo de Florencia Caquet\u00e1 es requerido por el juzgado promiscuo municipal n\u00famero 1 de Curillo, con fecha 22 de noviembre del 2022 para que responda por el delito sobre el cual se le se\u00f1ala.<\/p>\n\n\n\n<p>Entre tanto, en el mismo municipio fue sorprendido un sujeto transportando munici\u00f3n en peque\u00f1as cantidades para pistola 9 mm.<\/p>\n\n\n\n<p>Esto constituye un delito tipificado en el c\u00f3digo penal como fabricaci\u00f3n, tr\u00e1fico o tenencia de armas de fuego, accesorios, partes o municiones, por lo cual fue dejado a disposici\u00f3n de la Fiscal\u00eda General de la Naci\u00f3n.<\/p>\n","protected":false},"excerpt":{"rendered":"<p>En el barrio Sim\u00f3n Bol\u00edvar del municipio de Suaza fue capturado un hombre sobre quien reposa una orden de captura por el delito de hurto calificado. El sujeto oriundo de Florencia Caquet\u00e1 es requerido por el juzgado promiscuo municipal n\u00famero 1 de Curillo, con fecha 22 de noviembre del 2022 para que responda por el [&hellip;]<\/p>\n","protected":false},"author":2,"featured_media":0,"comment_status":"open","ping_status":"open","sticky":false,"template":"","format":"standard","meta":{"footnotes":""},"categories":[36,29],"tags":[],"class_list":["post-57977","post","type-post","status-publish","format-standard","hentry","category-destacado","category-judicial"],"yoast_head":"<!-- This site is optimized with the Yoast SEO plugin v26.6 - https:\/\/yoast.com\/wordpress\/plugins\/seo\/ -->\n<title>Capturados sujetos por hurto calificado y otra por porte ilegal de armas -<\/title>\n<meta name=\"robots\" content=\"index, follow, max-snippet:-1, max-image-preview:large, max-video-preview:-1\" \/>\n<link rel=\"canonical\" href=\"https:\/\/luchonoticias.com\/editor\/capturados-sujetos-por-hurto-calificado-y-otra-por-porte-ilegal-de-armas\/\" \/>\n<meta property=\"og:locale\" content=\"es_ES\" \/>\n<meta property=\"og:type\" content=\"article\" \/>\n<meta property=\"og:title\" content=\"Capturados sujetos por hurto calificado y otra por porte ilegal de armas -\" \/>\n<meta property=\"og:url\" content=\"https:\/\/luchonoticias.com\/editor\/capturados-sujetos-por-hurto-calificado-y-otra-por-porte-ilegal-de-armas\/\" \/>\n<meta property=\"article:publisher\" content=\"https:\/\/www.facebook.com\/luchonoticiasneiva\" \/>\n<meta property=\"article:published_time\" content=\"2023-08-10T11:40:21+00:00\" \/>\n<meta property=\"article:modified_time\" content=\"2023-08-10T11:40:35+00:00\" \/>\n<meta name=\"author\" content=\"Editor General\" \/>\n<meta name=\"twitter:card\" content=\"summary_large_image\" \/>\n<meta name=\"twitter:label1\" content=\"Escrito por\" \/>\n\t<meta name=\"twitter:data1\" content=\"Editor General\" \/>\n\t<meta name=\"twitter:label2\" content=\"Tiempo de lectura\" \/>\n\t<meta name=\"twitter:data2\" content=\"1 minuto\" \/>\n<script type=\"application\/ld+json\" class=\"yoast-schema-graph\">{\"@context\":\"https:\/\/schema.org\",\"@graph\":[{\"@type\":\"Article\",\"@id\":\"https:\/\/luchonoticias.com\/editor\/capturados-sujetos-por-hurto-calificado-y-otra-por-porte-ilegal-de-armas\/#article\",\"isPartOf\":{\"@id\":\"https:\/\/luchonoticias.com\/editor\/capturados-sujetos-por-hurto-calificado-y-otra-por-porte-ilegal-de-armas\/\"},\"author\":{\"name\":\"Editor General\",\"@id\":\"https:\/\/luchonoticias.com\/editor\/#\/schema\/person\/29217990ddf6f14e35912b2866d591fb\"},\"headline\":\"Capturados sujetos por hurto calificado y otra por porte ilegal de armas\",\"datePublished\":\"2023-08-10T11:40:21+00:00\",\"dateModified\":\"2023-08-10T11:40:35+00:00\",\"mainEntityOfPage\":{\"@id\":\"https:\/\/luchonoticias.com\/editor\/capturados-sujetos-por-hurto-calificado-y-otra-por-porte-ilegal-de-armas\/\"},\"wordCount\":137,\"commentCount\":0,\"publisher\":{\"@id\":\"https:\/\/luchonoticias.com\/editor\/#\/schema\/person\/7a7fd911f58561fd056dbac7b55af9cd\"},\"articleSection\":[\"Destacado\",\"Judicial\"],\"inLanguage\":\"es\",\"potentialAction\":[{\"@type\":\"CommentAction\",\"name\":\"Comment\",\"target\":[\"https:\/\/luchonoticias.com\/editor\/capturados-sujetos-por-hurto-calificado-y-otra-por-porte-ilegal-de-armas\/#respond\"]}]},{\"@type\":\"WebPage\",\"@id\":\"https:\/\/luchonoticias.com\/editor\/capturados-sujetos-por-hurto-calificado-y-otra-por-porte-ilegal-de-armas\/\",\"url\":\"https:\/\/luchonoticias.com\/editor\/capturados-sujetos-por-hurto-calificado-y-otra-por-porte-ilegal-de-armas\/\",\"name\":\"Capturados sujetos por hurto calificado y otra por porte ilegal de armas -\",\"isPartOf\":{\"@id\":\"https:\/\/luchonoticias.com\/editor\/#website\"},\"datePublished\":\"2023-08-10T11:40:21+00:00\",\"dateModified\":\"2023-08-10T11:40:35+00:00\",\"breadcrumb\":{\"@id\":\"https:\/\/luchonoticias.com\/editor\/capturados-sujetos-por-hurto-calificado-y-otra-por-porte-ilegal-de-armas\/#breadcrumb\"},\"inLanguage\":\"es\",\"potentialAction\":[{\"@type\":\"ReadAction\",\"target\":[\"https:\/\/luchonoticias.com\/editor\/capturados-sujetos-por-hurto-calificado-y-otra-por-porte-ilegal-de-armas\/\"]}]},{\"@type\":\"BreadcrumbList\",\"@id\":\"https:\/\/luchonoticias.com\/editor\/capturados-sujetos-por-hurto-calificado-y-otra-por-porte-ilegal-de-armas\/#breadcrumb\",\"itemListElement\":[{\"@type\":\"ListItem\",\"position\":1,\"name\":\"Portada\",\"item\":\"https:\/\/luchonoticias.com\/editor\/\"},{\"@type\":\"ListItem\",\"position\":2,\"name\":\"Capturados sujetos por hurto calificado y otra por porte ilegal de armas\"}]},{\"@type\":\"WebSite\",\"@id\":\"https:\/\/luchonoticias.com\/editor\/#website\",\"url\":\"https:\/\/luchonoticias.com\/editor\/\",\"name\":\"\",\"description\":\"\",\"publisher\":{\"@id\":\"https:\/\/luchonoticias.com\/editor\/#\/schema\/person\/7a7fd911f58561fd056dbac7b55af9cd\"},\"potentialAction\":[{\"@type\":\"SearchAction\",\"target\":{\"@type\":\"EntryPoint\",\"urlTemplate\":\"https:\/\/luchonoticias.com\/editor\/?s={search_term_string}\"},\"query-input\":{\"@type\":\"PropertyValueSpecification\",\"valueRequired\":true,\"valueName\":\"search_term_string\"}}],\"inLanguage\":\"es\"},{\"@type\":[\"Person\",\"Organization\"],\"@id\":\"https:\/\/luchonoticias.com\/editor\/#\/schema\/person\/7a7fd911f58561fd056dbac7b55af9cd\",\"name\":\"admin\",\"image\":{\"@type\":\"ImageObject\",\"inLanguage\":\"es\",\"@id\":\"https:\/\/luchonoticias.com\/editor\/#\/schema\/person\/image\/\",\"url\":\"https:\/\/luchonoticias.com\/editor\/wp-content\/uploads\/2024\/02\/cropped-cropped-logolu.webp\",\"contentUrl\":\"https:\/\/luchonoticias.com\/editor\/wp-content\/uploads\/2024\/02\/cropped-cropped-logolu.webp\",\"width\":382,\"height\":170,\"caption\":\"admin\"},\"logo\":{\"@id\":\"https:\/\/luchonoticias.com\/editor\/#\/schema\/person\/image\/\"},\"sameAs\":[\"https:\/\/www.facebook.com\/luchonoticiasneiva\"]},{\"@type\":\"Person\",\"@id\":\"https:\/\/luchonoticias.com\/editor\/#\/schema\/person\/29217990ddf6f14e35912b2866d591fb\",\"name\":\"Editor General\",\"image\":{\"@type\":\"ImageObject\",\"inLanguage\":\"es\",\"@id\":\"https:\/\/luchonoticias.com\/editor\/#\/schema\/person\/image\/\",\"url\":\"https:\/\/luchonoticias.com\/editor\/wp-content\/uploads\/2024\/02\/cropped-cropped-logolu-150x150.webp\",\"contentUrl\":\"https:\/\/luchonoticias.com\/editor\/wp-content\/uploads\/2024\/02\/cropped-cropped-logolu-150x150.webp\",\"caption\":\"Editor General\"},\"sameAs\":[\"https:\/\/luchonoticias.com\/\"],\"url\":\"https:\/\/luchonoticias.com\/editor\/author\/editor-general\/\"}]}<\/script>\n<!-- \/ Yoast SEO plugin. -->","yoast_head_json":{"title":"Capturados sujetos por hurto calificado y otra por porte ilegal de armas -","robots":{"index":"index","follow":"follow","max-snippet":"max-snippet:-1","max-image-preview":"max-image-preview:large","max-video-preview":"max-video-preview:-1"},"canonical":"https:\/\/luchonoticias.com\/editor\/capturados-sujetos-por-hurto-calificado-y-otra-por-porte-ilegal-de-armas\/","og_locale":"es_ES","og_type":"article","og_title":"Capturados sujetos por hurto calificado y otra por porte ilegal de armas -","og_url":"https:\/\/luchonoticias.com\/editor\/capturados-sujetos-por-hurto-calificado-y-otra-por-porte-ilegal-de-armas\/","article_publisher":"https:\/\/www.facebook.com\/luchonoticiasneiva","article_published_time":"2023-08-10T11:40:21+00:00","article_modified_time":"2023-08-10T11:40:35+00:00","author":"Editor General","twitter_card":"summary_large_image","twitter_misc":{"Escrito por":"Editor General","Tiempo de lectura":"1 minuto"},"schema":{"@context":"https:\/\/schema.org","@graph":[{"@type":"Article","@id":"https:\/\/luchonoticias.com\/editor\/capturados-sujetos-por-hurto-calificado-y-otra-por-porte-ilegal-de-armas\/#article","isPartOf":{"@id":"https:\/\/luchonoticias.com\/editor\/capturados-sujetos-por-hurto-calificado-y-otra-por-porte-ilegal-de-armas\/"},"author":{"name":"Editor General","@id":"https:\/\/luchonoticias.com\/editor\/#\/schema\/person\/29217990ddf6f14e35912b2866d591fb"},"headline":"Capturados sujetos por hurto calificado y otra por porte ilegal de armas","datePublished":"2023-08-10T11:40:21+00:00","dateModified":"2023-08-10T11:40:35+00:00","mainEntityOfPage":{"@id":"https:\/\/luchonoticias.com\/editor\/capturados-sujetos-por-hurto-calificado-y-otra-por-porte-ilegal-de-armas\/"},"wordCount":137,"commentCount":0,"publisher":{"@id":"https:\/\/luchonoticias.com\/editor\/#\/schema\/person\/7a7fd911f58561fd056dbac7b55af9cd"},"articleSection":["Destacado","Judicial"],"inLanguage":"es","potentialAction":[{"@type":"CommentAction","name":"Comment","target":["https:\/\/luchonoticias.com\/editor\/capturados-sujetos-por-hurto-calificado-y-otra-por-porte-ilegal-de-armas\/#respond"]}]},{"@type":"WebPage","@id":"https:\/\/luchonoticias.com\/editor\/capturados-sujetos-por-hurto-calificado-y-otra-por-porte-ilegal-de-armas\/","url":"https:\/\/luchonoticias.com\/editor\/capturados-sujetos-por-hurto-calificado-y-otra-por-porte-ilegal-de-armas\/","name":"Capturados sujetos por hurto calificado y otra por porte ilegal de armas -","isPartOf":{"@id":"https:\/\/luchonoticias.com\/editor\/#website"},"datePublished":"2023-08-10T11:40:21+00:00","dateModified":"2023-08-10T11:40:35+00:00","breadcrumb":{"@id":"https:\/\/luchonoticias.com\/editor\/capturados-sujetos-por-hurto-calificado-y-otra-por-porte-ilegal-de-armas\/#breadcrumb"},"inLanguage":"es","potentialAction":[{"@type":"ReadAction","target":["https:\/\/luchonoticias.com\/editor\/capturados-sujetos-por-hurto-calificado-y-otra-por-porte-ilegal-de-armas\/"]}]},{"@type":"BreadcrumbList","@id":"https:\/\/luchonoticias.com\/editor\/capturados-sujetos-por-hurto-calificado-y-otra-por-porte-ilegal-de-armas\/#breadcrumb","itemListElement":[{"@type":"ListItem","position":1,"name":"Portada","item":"https:\/\/luchonoticias.com\/editor\/"},{"@type":"ListItem","position":2,"name":"Capturados sujetos por hurto calificado y otra por porte ilegal de armas"}]},{"@type":"WebSite","@id":"https:\/\/luchonoticias.com\/editor\/#website","url":"https:\/\/luchonoticias.com\/editor\/","name":"","description":"","publisher":{"@id":"https:\/\/luchonoticias.com\/editor\/#\/schema\/person\/7a7fd911f58561fd056dbac7b55af9cd"},"potentialAction":[{"@type":"SearchAction","target":{"@type":"EntryPoint","urlTemplate":"https:\/\/luchonoticias.com\/editor\/?s={search_term_string}"},"query-input":{"@type":"PropertyValueSpecification","valueRequired":true,"valueName":"search_term_string"}}],"inLanguage":"es"},{"@type":["Person","Organization"],"@id":"https:\/\/luchonoticias.com\/editor\/#\/schema\/person\/7a7fd911f58561fd056dbac7b55af9cd","name":"admin","image":{"@type":"ImageObject","inLanguage":"es","@id":"https:\/\/luchonoticias.com\/editor\/#\/schema\/person\/image\/","url":"https:\/\/luchonoticias.com\/editor\/wp-content\/uploads\/2024\/02\/cropped-cropped-logolu.webp","contentUrl":"https:\/\/luchonoticias.com\/editor\/wp-content\/uploads\/2024\/02\/cropped-cropped-logolu.webp","width":382,"height":170,"caption":"admin"},"logo":{"@id":"https:\/\/luchonoticias.com\/editor\/#\/schema\/person\/image\/"},"sameAs":["https:\/\/www.facebook.com\/luchonoticiasneiva"]},{"@type":"Person","@id":"https:\/\/luchonoticias.com\/editor\/#\/schema\/person\/29217990ddf6f14e35912b2866d591fb","name":"Editor General","image":{"@type":"ImageObject","inLanguage":"es","@id":"https:\/\/luchonoticias.com\/editor\/#\/schema\/person\/image\/","url":"https:\/\/luchonoticias.com\/editor\/wp-content\/uploads\/2024\/02\/cropped-cropped-logolu-150x150.webp","contentUrl":"https:\/\/luchonoticias.com\/editor\/wp-content\/uploads\/2024\/02\/cropped-cropped-logolu-150x150.webp","caption":"Editor General"},"sameAs":["https:\/\/luchonoticias.com\/"],"url":"https:\/\/luchonoticias.com\/editor\/author\/editor-general\/"}]}},"_links":{"self":[{"href":"https:\/\/luchonoticias.com\/editor\/wp-json\/wp\/v2\/posts\/57977","targetHints":{"allow":["GET"]}}],"collection":[{"href":"https:\/\/luchonoticias.com\/editor\/wp-json\/wp\/v2\/posts"}],"about":[{"href":"https:\/\/luchonoticias.com\/editor\/wp-json\/wp\/v2\/types\/post"}],"author":[{"embeddable":true,"href":"https:\/\/luchonoticias.com\/editor\/wp-json\/wp\/v2\/users\/2"}],"replies":[{"embeddable":true,"href":"https:\/\/luchonoticias.com\/editor\/wp-json\/wp\/v2\/comments?post=57977"}],"version-history":[{"count":0,"href":"https:\/\/luchonoticias.com\/editor\/wp-json\/wp\/v2\/posts\/57977\/revisions"}],"wp:attachment":[{"href":"https:\/\/luchonoticias.com\/editor\/wp-json\/wp\/v2\/media?parent=57977"}],"wp:term":[{"taxonomy":"category","embeddable":true,"href":"https:\/\/luchonoticias.com\/editor\/wp-json\/wp\/v2\/categories?post=57977"},{"taxonomy":"post_tag","embeddable":true,"href":"https:\/\/luchonoticias.com\/editor\/wp-json\/wp\/v2\/tags?post=57977"}],"curies":[{"name":"wp","href":"https:\/\/api.w.org\/{rel}","templated":true}]}}