{"id":57980,"date":"2023-08-10T06:43:41","date_gmt":"2023-08-10T11:43:41","guid":{"rendered":"https:\/\/luchonoticias.com\/?p=57980"},"modified":"2023-08-10T06:43:49","modified_gmt":"2023-08-10T11:43:49","slug":"senador-gonzalez-villa-promueve-audiencia-publica-sobre-salud-mental-para-jovenes","status":"publish","type":"post","link":"https:\/\/luchonoticias.com\/editor\/senador-gonzalez-villa-promueve-audiencia-publica-sobre-salud-mental-para-jovenes\/","title":{"rendered":"Senador Gonz\u00e1lez Villa promueve audiencia p\u00fablica sobre salud mental para j\u00f3venes"},"content":{"rendered":"\n<p>El psic\u00f3logo cl\u00ednico y senador Carlos Julio Gonz\u00e1lez Villa lidera la audiencia p\u00fablica para j\u00f3venes sobre la salud mental en el modelo educativo colombiano. En esta oportunidad, la palabra la tendr\u00e1n los invitados especiales para dialogar sobre sustancias psicoactivas, la convivencia escolar, el bullying, el suicidio, la depresi\u00f3n, entre otros temas.<\/p>\n\n\n\n<p>La audiencia se cumplir\u00e1 este jueves, 10 de agosto a partir de las 9:00 a.m. en el recinto de sesiones de la Comisi\u00f3n III del Senado. \u201cEs un espacio especial que hemos dise\u00f1ado para escuchar a los j\u00f3venes, sus intereses, preocupaciones, c\u00f3mo afrontan estas problem\u00e1ticas que los acechan diariamente\u201d, manifest\u00f3 el psic\u00f3logo cl\u00ednico. Dentro de las entidades invitadas a la jornada, se destacan el Ministerio de Educaci\u00f3n, Ministerio de Salud, Colegio Colombiano de Psic\u00f3logos, Confenalpadres, Consejer\u00eda Presidencial para la Juventud, Defensor\u00eda del Pueblo, Asociaci\u00f3n Colombiana de Salud, Icbf, Procuradur\u00eda delegada para la Salud, la Protecci\u00f3n social y el Trabajo, Comit\u00e9 Humanitario EMDR.<\/p>\n\n\n\n<p>&nbsp;Esta iniciativa hace parte del proyecto de Ley Competencias afectivas que el Senador promueve como una respuesta a las graves dificultades que se presentan en ni\u00f1os y j\u00f3venes, lo que requiere una respuesta desde la educaci\u00f3n.&nbsp;\u201cEste es un proyecto de ley que busca actualizar el pa\u00eds en materia educativa con los hallazgos y con los avances que tiene la psicolog\u00eda, el comportamiento humano y las ciencias asociadas al desarrollo de la conducta humana. Proponemos es una estrategia que visibiliza las competencias afectivas y socioemocionales y permite que se establezca una transversalidad curricular en Colombia, incluso modificando la evaluaci\u00f3n\u201d, indic\u00f3 el senador.<\/p>\n\n\n\n<p><strong>Contexto\u00a0<\/strong><\/p>\n\n\n\n<p>El pasado 25 de mayo se cumpli\u00f3 la audiencia p\u00fablica: La salud mental en Colombia que cont\u00f3 con la participaci\u00f3n de expertos acad\u00e9micos entre otros Miguel de Zubir\u00eda, psic\u00f3logo e investigador colombiano, creador del enfoque pedag\u00f3gico y el m\u00e9dico psicoanalista, Guillermo Carvajal.<\/p>\n","protected":false},"excerpt":{"rendered":"<p>El psic\u00f3logo cl\u00ednico y senador Carlos Julio Gonz\u00e1lez Villa lidera la audiencia p\u00fablica para j\u00f3venes sobre la salud mental en el modelo educativo colombiano. En esta oportunidad, la palabra la tendr\u00e1n los invitados especiales para dialogar sobre sustancias psicoactivas, la convivencia escolar, el bullying, el suicidio, la depresi\u00f3n, entre otros temas. La audiencia se cumplir\u00e1 [&hellip;]<\/p>\n","protected":false},"author":2,"featured_media":0,"comment_status":"open","ping_status":"open","sticky":false,"template":"","format":"standard","meta":{"footnotes":""},"categories":[36,617],"tags":[],"class_list":["post-57980","post","type-post","status-publish","format-standard","hentry","category-destacado","category-politica"],"yoast_head":"<!-- This site is optimized with the Yoast SEO plugin v26.6 - https:\/\/yoast.com\/wordpress\/plugins\/seo\/ -->\n<title>Senador Gonz\u00e1lez Villa promueve audiencia p\u00fablica sobre salud mental para j\u00f3venes -<\/title>\n<meta name=\"robots\" content=\"index, follow, max-snippet:-1, max-image-preview:large, max-video-preview:-1\" \/>\n<link rel=\"canonical\" href=\"https:\/\/luchonoticias.com\/editor\/senador-gonzalez-villa-promueve-audiencia-publica-sobre-salud-mental-para-jovenes\/\" \/>\n<meta property=\"og:locale\" content=\"es_ES\" \/>\n<meta property=\"og:type\" content=\"article\" \/>\n<meta property=\"og:title\" content=\"Senador Gonz\u00e1lez Villa promueve audiencia p\u00fablica sobre salud mental para j\u00f3venes -\" \/>\n<meta property=\"og:url\" content=\"https:\/\/luchonoticias.com\/editor\/senador-gonzalez-villa-promueve-audiencia-publica-sobre-salud-mental-para-jovenes\/\" \/>\n<meta property=\"article:publisher\" content=\"https:\/\/www.facebook.com\/luchonoticiasneiva\" \/>\n<meta property=\"article:published_time\" content=\"2023-08-10T11:43:41+00:00\" \/>\n<meta property=\"article:modified_time\" content=\"2023-08-10T11:43:49+00:00\" \/>\n<meta name=\"author\" content=\"Editor General\" \/>\n<meta name=\"twitter:card\" content=\"summary_large_image\" \/>\n<meta name=\"twitter:label1\" content=\"Escrito por\" \/>\n\t<meta name=\"twitter:data1\" content=\"Editor General\" \/>\n\t<meta name=\"twitter:label2\" content=\"Tiempo de lectura\" \/>\n\t<meta name=\"twitter:data2\" content=\"2 minutos\" \/>\n<script type=\"application\/ld+json\" class=\"yoast-schema-graph\">{\"@context\":\"https:\/\/schema.org\",\"@graph\":[{\"@type\":\"Article\",\"@id\":\"https:\/\/luchonoticias.com\/editor\/senador-gonzalez-villa-promueve-audiencia-publica-sobre-salud-mental-para-jovenes\/#article\",\"isPartOf\":{\"@id\":\"https:\/\/luchonoticias.com\/editor\/senador-gonzalez-villa-promueve-audiencia-publica-sobre-salud-mental-para-jovenes\/\"},\"author\":{\"name\":\"Editor General\",\"@id\":\"https:\/\/luchonoticias.com\/editor\/#\/schema\/person\/29217990ddf6f14e35912b2866d591fb\"},\"headline\":\"Senador Gonz\u00e1lez Villa promueve audiencia p\u00fablica sobre salud mental para j\u00f3venes\",\"datePublished\":\"2023-08-10T11:43:41+00:00\",\"dateModified\":\"2023-08-10T11:43:49+00:00\",\"mainEntityOfPage\":{\"@id\":\"https:\/\/luchonoticias.com\/editor\/senador-gonzalez-villa-promueve-audiencia-publica-sobre-salud-mental-para-jovenes\/\"},\"wordCount\":346,\"commentCount\":0,\"publisher\":{\"@id\":\"https:\/\/luchonoticias.com\/editor\/#\/schema\/person\/7a7fd911f58561fd056dbac7b55af9cd\"},\"articleSection\":[\"Destacado\",\"Pol\u00edtica\"],\"inLanguage\":\"es\",\"potentialAction\":[{\"@type\":\"CommentAction\",\"name\":\"Comment\",\"target\":[\"https:\/\/luchonoticias.com\/editor\/senador-gonzalez-villa-promueve-audiencia-publica-sobre-salud-mental-para-jovenes\/#respond\"]}]},{\"@type\":\"WebPage\",\"@id\":\"https:\/\/luchonoticias.com\/editor\/senador-gonzalez-villa-promueve-audiencia-publica-sobre-salud-mental-para-jovenes\/\",\"url\":\"https:\/\/luchonoticias.com\/editor\/senador-gonzalez-villa-promueve-audiencia-publica-sobre-salud-mental-para-jovenes\/\",\"name\":\"Senador Gonz\u00e1lez Villa promueve audiencia p\u00fablica sobre salud mental para j\u00f3venes -\",\"isPartOf\":{\"@id\":\"https:\/\/luchonoticias.com\/editor\/#website\"},\"datePublished\":\"2023-08-10T11:43:41+00:00\",\"dateModified\":\"2023-08-10T11:43:49+00:00\",\"breadcrumb\":{\"@id\":\"https:\/\/luchonoticias.com\/editor\/senador-gonzalez-villa-promueve-audiencia-publica-sobre-salud-mental-para-jovenes\/#breadcrumb\"},\"inLanguage\":\"es\",\"potentialAction\":[{\"@type\":\"ReadAction\",\"target\":[\"https:\/\/luchonoticias.com\/editor\/senador-gonzalez-villa-promueve-audiencia-publica-sobre-salud-mental-para-jovenes\/\"]}]},{\"@type\":\"BreadcrumbList\",\"@id\":\"https:\/\/luchonoticias.com\/editor\/senador-gonzalez-villa-promueve-audiencia-publica-sobre-salud-mental-para-jovenes\/#breadcrumb\",\"itemListElement\":[{\"@type\":\"ListItem\",\"position\":1,\"name\":\"Portada\",\"item\":\"https:\/\/luchonoticias.com\/editor\/\"},{\"@type\":\"ListItem\",\"position\":2,\"name\":\"Senador Gonz\u00e1lez Villa promueve audiencia p\u00fablica sobre salud mental para j\u00f3venes\"}]},{\"@type\":\"WebSite\",\"@id\":\"https:\/\/luchonoticias.com\/editor\/#website\",\"url\":\"https:\/\/luchonoticias.com\/editor\/\",\"name\":\"\",\"description\":\"\",\"publisher\":{\"@id\":\"https:\/\/luchonoticias.com\/editor\/#\/schema\/person\/7a7fd911f58561fd056dbac7b55af9cd\"},\"potentialAction\":[{\"@type\":\"SearchAction\",\"target\":{\"@type\":\"EntryPoint\",\"urlTemplate\":\"https:\/\/luchonoticias.com\/editor\/?s={search_term_string}\"},\"query-input\":{\"@type\":\"PropertyValueSpecification\",\"valueRequired\":true,\"valueName\":\"search_term_string\"}}],\"inLanguage\":\"es\"},{\"@type\":[\"Person\",\"Organization\"],\"@id\":\"https:\/\/luchonoticias.com\/editor\/#\/schema\/person\/7a7fd911f58561fd056dbac7b55af9cd\",\"name\":\"admin\",\"image\":{\"@type\":\"ImageObject\",\"inLanguage\":\"es\",\"@id\":\"https:\/\/luchonoticias.com\/editor\/#\/schema\/person\/image\/\",\"url\":\"https:\/\/luchonoticias.com\/editor\/wp-content\/uploads\/2024\/02\/cropped-cropped-logolu.webp\",\"contentUrl\":\"https:\/\/luchonoticias.com\/editor\/wp-content\/uploads\/2024\/02\/cropped-cropped-logolu.webp\",\"width\":382,\"height\":170,\"caption\":\"admin\"},\"logo\":{\"@id\":\"https:\/\/luchonoticias.com\/editor\/#\/schema\/person\/image\/\"},\"sameAs\":[\"https:\/\/www.facebook.com\/luchonoticiasneiva\"]},{\"@type\":\"Person\",\"@id\":\"https:\/\/luchonoticias.com\/editor\/#\/schema\/person\/29217990ddf6f14e35912b2866d591fb\",\"name\":\"Editor General\",\"image\":{\"@type\":\"ImageObject\",\"inLanguage\":\"es\",\"@id\":\"https:\/\/luchonoticias.com\/editor\/#\/schema\/person\/image\/\",\"url\":\"https:\/\/luchonoticias.com\/editor\/wp-content\/uploads\/2024\/02\/cropped-cropped-logolu-150x150.webp\",\"contentUrl\":\"https:\/\/luchonoticias.com\/editor\/wp-content\/uploads\/2024\/02\/cropped-cropped-logolu-150x150.webp\",\"caption\":\"Editor General\"},\"sameAs\":[\"https:\/\/luchonoticias.com\/\"],\"url\":\"https:\/\/luchonoticias.com\/editor\/author\/editor-general\/\"}]}<\/script>\n<!-- \/ Yoast SEO plugin. -->","yoast_head_json":{"title":"Senador Gonz\u00e1lez Villa promueve audiencia p\u00fablica sobre salud mental para j\u00f3venes -","robots":{"index":"index","follow":"follow","max-snippet":"max-snippet:-1","max-image-preview":"max-image-preview:large","max-video-preview":"max-video-preview:-1"},"canonical":"https:\/\/luchonoticias.com\/editor\/senador-gonzalez-villa-promueve-audiencia-publica-sobre-salud-mental-para-jovenes\/","og_locale":"es_ES","og_type":"article","og_title":"Senador Gonz\u00e1lez Villa promueve audiencia p\u00fablica sobre salud mental para j\u00f3venes -","og_url":"https:\/\/luchonoticias.com\/editor\/senador-gonzalez-villa-promueve-audiencia-publica-sobre-salud-mental-para-jovenes\/","article_publisher":"https:\/\/www.facebook.com\/luchonoticiasneiva","article_published_time":"2023-08-10T11:43:41+00:00","article_modified_time":"2023-08-10T11:43:49+00:00","author":"Editor General","twitter_card":"summary_large_image","twitter_misc":{"Escrito por":"Editor General","Tiempo de lectura":"2 minutos"},"schema":{"@context":"https:\/\/schema.org","@graph":[{"@type":"Article","@id":"https:\/\/luchonoticias.com\/editor\/senador-gonzalez-villa-promueve-audiencia-publica-sobre-salud-mental-para-jovenes\/#article","isPartOf":{"@id":"https:\/\/luchonoticias.com\/editor\/senador-gonzalez-villa-promueve-audiencia-publica-sobre-salud-mental-para-jovenes\/"},"author":{"name":"Editor General","@id":"https:\/\/luchonoticias.com\/editor\/#\/schema\/person\/29217990ddf6f14e35912b2866d591fb"},"headline":"Senador Gonz\u00e1lez Villa promueve audiencia p\u00fablica sobre salud mental para j\u00f3venes","datePublished":"2023-08-10T11:43:41+00:00","dateModified":"2023-08-10T11:43:49+00:00","mainEntityOfPage":{"@id":"https:\/\/luchonoticias.com\/editor\/senador-gonzalez-villa-promueve-audiencia-publica-sobre-salud-mental-para-jovenes\/"},"wordCount":346,"commentCount":0,"publisher":{"@id":"https:\/\/luchonoticias.com\/editor\/#\/schema\/person\/7a7fd911f58561fd056dbac7b55af9cd"},"articleSection":["Destacado","Pol\u00edtica"],"inLanguage":"es","potentialAction":[{"@type":"CommentAction","name":"Comment","target":["https:\/\/luchonoticias.com\/editor\/senador-gonzalez-villa-promueve-audiencia-publica-sobre-salud-mental-para-jovenes\/#respond"]}]},{"@type":"WebPage","@id":"https:\/\/luchonoticias.com\/editor\/senador-gonzalez-villa-promueve-audiencia-publica-sobre-salud-mental-para-jovenes\/","url":"https:\/\/luchonoticias.com\/editor\/senador-gonzalez-villa-promueve-audiencia-publica-sobre-salud-mental-para-jovenes\/","name":"Senador Gonz\u00e1lez Villa promueve audiencia p\u00fablica sobre salud mental para j\u00f3venes -","isPartOf":{"@id":"https:\/\/luchonoticias.com\/editor\/#website"},"datePublished":"2023-08-10T11:43:41+00:00","dateModified":"2023-08-10T11:43:49+00:00","breadcrumb":{"@id":"https:\/\/luchonoticias.com\/editor\/senador-gonzalez-villa-promueve-audiencia-publica-sobre-salud-mental-para-jovenes\/#breadcrumb"},"inLanguage":"es","potentialAction":[{"@type":"ReadAction","target":["https:\/\/luchonoticias.com\/editor\/senador-gonzalez-villa-promueve-audiencia-publica-sobre-salud-mental-para-jovenes\/"]}]},{"@type":"BreadcrumbList","@id":"https:\/\/luchonoticias.com\/editor\/senador-gonzalez-villa-promueve-audiencia-publica-sobre-salud-mental-para-jovenes\/#breadcrumb","itemListElement":[{"@type":"ListItem","position":1,"name":"Portada","item":"https:\/\/luchonoticias.com\/editor\/"},{"@type":"ListItem","position":2,"name":"Senador Gonz\u00e1lez Villa promueve audiencia p\u00fablica sobre salud mental para j\u00f3venes"}]},{"@type":"WebSite","@id":"https:\/\/luchonoticias.com\/editor\/#website","url":"https:\/\/luchonoticias.com\/editor\/","name":"","description":"","publisher":{"@id":"https:\/\/luchonoticias.com\/editor\/#\/schema\/person\/7a7fd911f58561fd056dbac7b55af9cd"},"potentialAction":[{"@type":"SearchAction","target":{"@type":"EntryPoint","urlTemplate":"https:\/\/luchonoticias.com\/editor\/?s={search_term_string}"},"query-input":{"@type":"PropertyValueSpecification","valueRequired":true,"valueName":"search_term_string"}}],"inLanguage":"es"},{"@type":["Person","Organization"],"@id":"https:\/\/luchonoticias.com\/editor\/#\/schema\/person\/7a7fd911f58561fd056dbac7b55af9cd","name":"admin","image":{"@type":"ImageObject","inLanguage":"es","@id":"https:\/\/luchonoticias.com\/editor\/#\/schema\/person\/image\/","url":"https:\/\/luchonoticias.com\/editor\/wp-content\/uploads\/2024\/02\/cropped-cropped-logolu.webp","contentUrl":"https:\/\/luchonoticias.com\/editor\/wp-content\/uploads\/2024\/02\/cropped-cropped-logolu.webp","width":382,"height":170,"caption":"admin"},"logo":{"@id":"https:\/\/luchonoticias.com\/editor\/#\/schema\/person\/image\/"},"sameAs":["https:\/\/www.facebook.com\/luchonoticiasneiva"]},{"@type":"Person","@id":"https:\/\/luchonoticias.com\/editor\/#\/schema\/person\/29217990ddf6f14e35912b2866d591fb","name":"Editor General","image":{"@type":"ImageObject","inLanguage":"es","@id":"https:\/\/luchonoticias.com\/editor\/#\/schema\/person\/image\/","url":"https:\/\/luchonoticias.com\/editor\/wp-content\/uploads\/2024\/02\/cropped-cropped-logolu-150x150.webp","contentUrl":"https:\/\/luchonoticias.com\/editor\/wp-content\/uploads\/2024\/02\/cropped-cropped-logolu-150x150.webp","caption":"Editor General"},"sameAs":["https:\/\/luchonoticias.com\/"],"url":"https:\/\/luchonoticias.com\/editor\/author\/editor-general\/"}]}},"_links":{"self":[{"href":"https:\/\/luchonoticias.com\/editor\/wp-json\/wp\/v2\/posts\/57980","targetHints":{"allow":["GET"]}}],"collection":[{"href":"https:\/\/luchonoticias.com\/editor\/wp-json\/wp\/v2\/posts"}],"about":[{"href":"https:\/\/luchonoticias.com\/editor\/wp-json\/wp\/v2\/types\/post"}],"author":[{"embeddable":true,"href":"https:\/\/luchonoticias.com\/editor\/wp-json\/wp\/v2\/users\/2"}],"replies":[{"embeddable":true,"href":"https:\/\/luchonoticias.com\/editor\/wp-json\/wp\/v2\/comments?post=57980"}],"version-history":[{"count":0,"href":"https:\/\/luchonoticias.com\/editor\/wp-json\/wp\/v2\/posts\/57980\/revisions"}],"wp:attachment":[{"href":"https:\/\/luchonoticias.com\/editor\/wp-json\/wp\/v2\/media?parent=57980"}],"wp:term":[{"taxonomy":"category","embeddable":true,"href":"https:\/\/luchonoticias.com\/editor\/wp-json\/wp\/v2\/categories?post=57980"},{"taxonomy":"post_tag","embeddable":true,"href":"https:\/\/luchonoticias.com\/editor\/wp-json\/wp\/v2\/tags?post=57980"}],"curies":[{"name":"wp","href":"https:\/\/api.w.org\/{rel}","templated":true}]}}