{"id":57985,"date":"2023-08-10T15:09:36","date_gmt":"2023-08-10T20:09:36","guid":{"rendered":"https:\/\/luchonoticias.com\/?p=57985"},"modified":"2023-08-10T15:09:45","modified_gmt":"2023-08-10T20:09:45","slug":"delegacion-de-la-secretaria-de-educacion-en-la-plata","status":"publish","type":"post","link":"https:\/\/luchonoticias.com\/editor\/delegacion-de-la-secretaria-de-educacion-en-la-plata\/","title":{"rendered":"Delegaci\u00f3n de la Secretar\u00eda de Educaci\u00f3n, en La Plata"},"content":{"rendered":"\n<p>Un&nbsp;<strong>equipo de la Secretar\u00eda de Educaci\u00f3n,<\/strong>&nbsp;dirigido por la jefe de esta cartera departamental, Tania Beatriz Pe\u00f1afiel Espa\u00f1a, y en compa\u00f1\u00eda de la directora de calidad educativa, Martha Obreg\u00f3n,&nbsp;<strong>se desplaz\u00f3 hasta el municipio de La Plata&nbsp;<\/strong>y se reuni\u00f3 con los rectores de las Instituciones Educativas San Sebasti\u00e1n, San Miguel, T\u00e9cnico Agr\u00edcola, Luis Carlos Trujillo Polanco, Misael Pastrana Borrero y Marillac as\u00ed como las autoridades de la localidad.<\/p>\n\n\n\n<p>El prop\u00f3sito fue&nbsp;<strong>dialogar sobre el retorno de la comunidad a sus veredas<\/strong>&nbsp;luego de salir desplazadas hacia casco urbano del municipio, debido a la confrontaci\u00f3n armada que se registr\u00f3 entre el Ej\u00e9rcito y disidencias de grupos ilegales hace unas semanas. De igual manera,&nbsp;<strong>constatar que no se est\u00e9 afectando el derecho a la Educaci\u00f3n&nbsp;<\/strong>de los estudiantes de esos establecimientos educativos. Se estima que, de 700 personas en los albergues dispuestos, ya s\u00f3lo quedan 150.<\/p>\n\n\n\n<p>\u201cEscuchamos a nuestros rectores en el municipio de La Plata,&nbsp;<strong>sus dificultades en esta situaci\u00f3n de orden p\u00fablico, pero que poco a poco se ha venido normalizando<\/strong>. Nos enfocamos en la Instituci\u00f3n Educativa San Miguel donde definimos<strong>&nbsp;tareas para movilizar docentes<\/strong>, administrativos, Municipio y Gobernaci\u00f3n, en pro de retornar a las actividades acad\u00e9micas de manera normal\u201d, se\u00f1al\u00f3 Pe\u00f1afiel.<\/p>\n\n\n\n<p>Entre tanto, el alcalde encargado del Municipio de La Plata, David Paredes, destac\u00f3 la visita de la Secretaria de Educaci\u00f3n Departamental, y el&nbsp;<strong>an\u00e1lisis de la situaci\u00f3n social para volver a la normalidad.<\/strong><\/p>\n\n\n\n<p>\u201cEstamos trabajando en conjunto, Administraci\u00f3n Municipal y Gobernaci\u00f3n del Huila, procurando la normalizaci\u00f3n acad\u00e9mica mientras se espera el consejo de seguridad, que determine las condiciones para que los estudiantes afectados en San Miguel, que son cerca de 600, retornen a la presencialidad en sus sedes educativas. El total de desplazados inicialmente fue de cerca de 1.100 personas, la mayor\u00eda de la cual, ha vuelto a sus veredas\u201d, indic\u00f3 el alcalde (e).<\/p>\n","protected":false},"excerpt":{"rendered":"<p>Un&nbsp;equipo de la Secretar\u00eda de Educaci\u00f3n,&nbsp;dirigido por la jefe de esta cartera departamental, Tania Beatriz Pe\u00f1afiel Espa\u00f1a, y en compa\u00f1\u00eda de la directora de calidad educativa, Martha Obreg\u00f3n,&nbsp;se desplaz\u00f3 hasta el municipio de La Plata&nbsp;y se reuni\u00f3 con los rectores de las Instituciones Educativas San Sebasti\u00e1n, San Miguel, T\u00e9cnico Agr\u00edcola, Luis Carlos Trujillo Polanco, Misael [&hellip;]<\/p>\n","protected":false},"author":2,"featured_media":0,"comment_status":"open","ping_status":"open","sticky":false,"template":"","format":"standard","meta":{"footnotes":""},"categories":[33],"tags":[],"class_list":["post-57985","post","type-post","status-publish","format-standard","hentry","category-huila"],"yoast_head":"<!-- This site is optimized with the Yoast SEO plugin v26.6 - https:\/\/yoast.com\/wordpress\/plugins\/seo\/ -->\n<title>Delegaci\u00f3n de la Secretar\u00eda de Educaci\u00f3n, en La Plata -<\/title>\n<meta name=\"robots\" content=\"index, follow, max-snippet:-1, max-image-preview:large, max-video-preview:-1\" \/>\n<link rel=\"canonical\" href=\"https:\/\/luchonoticias.com\/editor\/delegacion-de-la-secretaria-de-educacion-en-la-plata\/\" \/>\n<meta property=\"og:locale\" content=\"es_ES\" \/>\n<meta property=\"og:type\" content=\"article\" \/>\n<meta property=\"og:title\" content=\"Delegaci\u00f3n de la Secretar\u00eda de Educaci\u00f3n, en La Plata -\" \/>\n<meta property=\"og:url\" content=\"https:\/\/luchonoticias.com\/editor\/delegacion-de-la-secretaria-de-educacion-en-la-plata\/\" \/>\n<meta property=\"article:publisher\" content=\"https:\/\/www.facebook.com\/luchonoticiasneiva\" \/>\n<meta property=\"article:published_time\" content=\"2023-08-10T20:09:36+00:00\" \/>\n<meta property=\"article:modified_time\" content=\"2023-08-10T20:09:45+00:00\" \/>\n<meta name=\"author\" content=\"Editor General\" \/>\n<meta name=\"twitter:card\" content=\"summary_large_image\" \/>\n<meta name=\"twitter:label1\" content=\"Escrito por\" \/>\n\t<meta name=\"twitter:data1\" content=\"Editor General\" \/>\n\t<meta name=\"twitter:label2\" content=\"Tiempo de lectura\" \/>\n\t<meta name=\"twitter:data2\" content=\"2 minutos\" \/>\n<script type=\"application\/ld+json\" class=\"yoast-schema-graph\">{\"@context\":\"https:\/\/schema.org\",\"@graph\":[{\"@type\":\"Article\",\"@id\":\"https:\/\/luchonoticias.com\/editor\/delegacion-de-la-secretaria-de-educacion-en-la-plata\/#article\",\"isPartOf\":{\"@id\":\"https:\/\/luchonoticias.com\/editor\/delegacion-de-la-secretaria-de-educacion-en-la-plata\/\"},\"author\":{\"name\":\"Editor General\",\"@id\":\"https:\/\/luchonoticias.com\/editor\/#\/schema\/person\/29217990ddf6f14e35912b2866d591fb\"},\"headline\":\"Delegaci\u00f3n de la Secretar\u00eda de Educaci\u00f3n, en La Plata\",\"datePublished\":\"2023-08-10T20:09:36+00:00\",\"dateModified\":\"2023-08-10T20:09:45+00:00\",\"mainEntityOfPage\":{\"@id\":\"https:\/\/luchonoticias.com\/editor\/delegacion-de-la-secretaria-de-educacion-en-la-plata\/\"},\"wordCount\":356,\"commentCount\":0,\"publisher\":{\"@id\":\"https:\/\/luchonoticias.com\/editor\/#\/schema\/person\/7a7fd911f58561fd056dbac7b55af9cd\"},\"articleSection\":[\"Huila\"],\"inLanguage\":\"es\",\"potentialAction\":[{\"@type\":\"CommentAction\",\"name\":\"Comment\",\"target\":[\"https:\/\/luchonoticias.com\/editor\/delegacion-de-la-secretaria-de-educacion-en-la-plata\/#respond\"]}]},{\"@type\":\"WebPage\",\"@id\":\"https:\/\/luchonoticias.com\/editor\/delegacion-de-la-secretaria-de-educacion-en-la-plata\/\",\"url\":\"https:\/\/luchonoticias.com\/editor\/delegacion-de-la-secretaria-de-educacion-en-la-plata\/\",\"name\":\"Delegaci\u00f3n de la Secretar\u00eda de Educaci\u00f3n, en La Plata -\",\"isPartOf\":{\"@id\":\"https:\/\/luchonoticias.com\/editor\/#website\"},\"datePublished\":\"2023-08-10T20:09:36+00:00\",\"dateModified\":\"2023-08-10T20:09:45+00:00\",\"breadcrumb\":{\"@id\":\"https:\/\/luchonoticias.com\/editor\/delegacion-de-la-secretaria-de-educacion-en-la-plata\/#breadcrumb\"},\"inLanguage\":\"es\",\"potentialAction\":[{\"@type\":\"ReadAction\",\"target\":[\"https:\/\/luchonoticias.com\/editor\/delegacion-de-la-secretaria-de-educacion-en-la-plata\/\"]}]},{\"@type\":\"BreadcrumbList\",\"@id\":\"https:\/\/luchonoticias.com\/editor\/delegacion-de-la-secretaria-de-educacion-en-la-plata\/#breadcrumb\",\"itemListElement\":[{\"@type\":\"ListItem\",\"position\":1,\"name\":\"Portada\",\"item\":\"https:\/\/luchonoticias.com\/editor\/\"},{\"@type\":\"ListItem\",\"position\":2,\"name\":\"Delegaci\u00f3n de la Secretar\u00eda de Educaci\u00f3n, en La Plata\"}]},{\"@type\":\"WebSite\",\"@id\":\"https:\/\/luchonoticias.com\/editor\/#website\",\"url\":\"https:\/\/luchonoticias.com\/editor\/\",\"name\":\"\",\"description\":\"\",\"publisher\":{\"@id\":\"https:\/\/luchonoticias.com\/editor\/#\/schema\/person\/7a7fd911f58561fd056dbac7b55af9cd\"},\"potentialAction\":[{\"@type\":\"SearchAction\",\"target\":{\"@type\":\"EntryPoint\",\"urlTemplate\":\"https:\/\/luchonoticias.com\/editor\/?s={search_term_string}\"},\"query-input\":{\"@type\":\"PropertyValueSpecification\",\"valueRequired\":true,\"valueName\":\"search_term_string\"}}],\"inLanguage\":\"es\"},{\"@type\":[\"Person\",\"Organization\"],\"@id\":\"https:\/\/luchonoticias.com\/editor\/#\/schema\/person\/7a7fd911f58561fd056dbac7b55af9cd\",\"name\":\"admin\",\"image\":{\"@type\":\"ImageObject\",\"inLanguage\":\"es\",\"@id\":\"https:\/\/luchonoticias.com\/editor\/#\/schema\/person\/image\/\",\"url\":\"https:\/\/luchonoticias.com\/editor\/wp-content\/uploads\/2024\/02\/cropped-cropped-logolu.webp\",\"contentUrl\":\"https:\/\/luchonoticias.com\/editor\/wp-content\/uploads\/2024\/02\/cropped-cropped-logolu.webp\",\"width\":382,\"height\":170,\"caption\":\"admin\"},\"logo\":{\"@id\":\"https:\/\/luchonoticias.com\/editor\/#\/schema\/person\/image\/\"},\"sameAs\":[\"https:\/\/www.facebook.com\/luchonoticiasneiva\"]},{\"@type\":\"Person\",\"@id\":\"https:\/\/luchonoticias.com\/editor\/#\/schema\/person\/29217990ddf6f14e35912b2866d591fb\",\"name\":\"Editor General\",\"image\":{\"@type\":\"ImageObject\",\"inLanguage\":\"es\",\"@id\":\"https:\/\/luchonoticias.com\/editor\/#\/schema\/person\/image\/\",\"url\":\"https:\/\/luchonoticias.com\/editor\/wp-content\/uploads\/2024\/02\/cropped-cropped-logolu-150x150.webp\",\"contentUrl\":\"https:\/\/luchonoticias.com\/editor\/wp-content\/uploads\/2024\/02\/cropped-cropped-logolu-150x150.webp\",\"caption\":\"Editor General\"},\"sameAs\":[\"https:\/\/luchonoticias.com\/\"],\"url\":\"https:\/\/luchonoticias.com\/editor\/author\/editor-general\/\"}]}<\/script>\n<!-- \/ Yoast SEO plugin. -->","yoast_head_json":{"title":"Delegaci\u00f3n de la Secretar\u00eda de Educaci\u00f3n, en La Plata -","robots":{"index":"index","follow":"follow","max-snippet":"max-snippet:-1","max-image-preview":"max-image-preview:large","max-video-preview":"max-video-preview:-1"},"canonical":"https:\/\/luchonoticias.com\/editor\/delegacion-de-la-secretaria-de-educacion-en-la-plata\/","og_locale":"es_ES","og_type":"article","og_title":"Delegaci\u00f3n de la Secretar\u00eda de Educaci\u00f3n, en La Plata -","og_url":"https:\/\/luchonoticias.com\/editor\/delegacion-de-la-secretaria-de-educacion-en-la-plata\/","article_publisher":"https:\/\/www.facebook.com\/luchonoticiasneiva","article_published_time":"2023-08-10T20:09:36+00:00","article_modified_time":"2023-08-10T20:09:45+00:00","author":"Editor General","twitter_card":"summary_large_image","twitter_misc":{"Escrito por":"Editor General","Tiempo de lectura":"2 minutos"},"schema":{"@context":"https:\/\/schema.org","@graph":[{"@type":"Article","@id":"https:\/\/luchonoticias.com\/editor\/delegacion-de-la-secretaria-de-educacion-en-la-plata\/#article","isPartOf":{"@id":"https:\/\/luchonoticias.com\/editor\/delegacion-de-la-secretaria-de-educacion-en-la-plata\/"},"author":{"name":"Editor General","@id":"https:\/\/luchonoticias.com\/editor\/#\/schema\/person\/29217990ddf6f14e35912b2866d591fb"},"headline":"Delegaci\u00f3n de la Secretar\u00eda de Educaci\u00f3n, en La Plata","datePublished":"2023-08-10T20:09:36+00:00","dateModified":"2023-08-10T20:09:45+00:00","mainEntityOfPage":{"@id":"https:\/\/luchonoticias.com\/editor\/delegacion-de-la-secretaria-de-educacion-en-la-plata\/"},"wordCount":356,"commentCount":0,"publisher":{"@id":"https:\/\/luchonoticias.com\/editor\/#\/schema\/person\/7a7fd911f58561fd056dbac7b55af9cd"},"articleSection":["Huila"],"inLanguage":"es","potentialAction":[{"@type":"CommentAction","name":"Comment","target":["https:\/\/luchonoticias.com\/editor\/delegacion-de-la-secretaria-de-educacion-en-la-plata\/#respond"]}]},{"@type":"WebPage","@id":"https:\/\/luchonoticias.com\/editor\/delegacion-de-la-secretaria-de-educacion-en-la-plata\/","url":"https:\/\/luchonoticias.com\/editor\/delegacion-de-la-secretaria-de-educacion-en-la-plata\/","name":"Delegaci\u00f3n de la Secretar\u00eda de Educaci\u00f3n, en La Plata -","isPartOf":{"@id":"https:\/\/luchonoticias.com\/editor\/#website"},"datePublished":"2023-08-10T20:09:36+00:00","dateModified":"2023-08-10T20:09:45+00:00","breadcrumb":{"@id":"https:\/\/luchonoticias.com\/editor\/delegacion-de-la-secretaria-de-educacion-en-la-plata\/#breadcrumb"},"inLanguage":"es","potentialAction":[{"@type":"ReadAction","target":["https:\/\/luchonoticias.com\/editor\/delegacion-de-la-secretaria-de-educacion-en-la-plata\/"]}]},{"@type":"BreadcrumbList","@id":"https:\/\/luchonoticias.com\/editor\/delegacion-de-la-secretaria-de-educacion-en-la-plata\/#breadcrumb","itemListElement":[{"@type":"ListItem","position":1,"name":"Portada","item":"https:\/\/luchonoticias.com\/editor\/"},{"@type":"ListItem","position":2,"name":"Delegaci\u00f3n de la Secretar\u00eda de Educaci\u00f3n, en La Plata"}]},{"@type":"WebSite","@id":"https:\/\/luchonoticias.com\/editor\/#website","url":"https:\/\/luchonoticias.com\/editor\/","name":"","description":"","publisher":{"@id":"https:\/\/luchonoticias.com\/editor\/#\/schema\/person\/7a7fd911f58561fd056dbac7b55af9cd"},"potentialAction":[{"@type":"SearchAction","target":{"@type":"EntryPoint","urlTemplate":"https:\/\/luchonoticias.com\/editor\/?s={search_term_string}"},"query-input":{"@type":"PropertyValueSpecification","valueRequired":true,"valueName":"search_term_string"}}],"inLanguage":"es"},{"@type":["Person","Organization"],"@id":"https:\/\/luchonoticias.com\/editor\/#\/schema\/person\/7a7fd911f58561fd056dbac7b55af9cd","name":"admin","image":{"@type":"ImageObject","inLanguage":"es","@id":"https:\/\/luchonoticias.com\/editor\/#\/schema\/person\/image\/","url":"https:\/\/luchonoticias.com\/editor\/wp-content\/uploads\/2024\/02\/cropped-cropped-logolu.webp","contentUrl":"https:\/\/luchonoticias.com\/editor\/wp-content\/uploads\/2024\/02\/cropped-cropped-logolu.webp","width":382,"height":170,"caption":"admin"},"logo":{"@id":"https:\/\/luchonoticias.com\/editor\/#\/schema\/person\/image\/"},"sameAs":["https:\/\/www.facebook.com\/luchonoticiasneiva"]},{"@type":"Person","@id":"https:\/\/luchonoticias.com\/editor\/#\/schema\/person\/29217990ddf6f14e35912b2866d591fb","name":"Editor General","image":{"@type":"ImageObject","inLanguage":"es","@id":"https:\/\/luchonoticias.com\/editor\/#\/schema\/person\/image\/","url":"https:\/\/luchonoticias.com\/editor\/wp-content\/uploads\/2024\/02\/cropped-cropped-logolu-150x150.webp","contentUrl":"https:\/\/luchonoticias.com\/editor\/wp-content\/uploads\/2024\/02\/cropped-cropped-logolu-150x150.webp","caption":"Editor General"},"sameAs":["https:\/\/luchonoticias.com\/"],"url":"https:\/\/luchonoticias.com\/editor\/author\/editor-general\/"}]}},"_links":{"self":[{"href":"https:\/\/luchonoticias.com\/editor\/wp-json\/wp\/v2\/posts\/57985","targetHints":{"allow":["GET"]}}],"collection":[{"href":"https:\/\/luchonoticias.com\/editor\/wp-json\/wp\/v2\/posts"}],"about":[{"href":"https:\/\/luchonoticias.com\/editor\/wp-json\/wp\/v2\/types\/post"}],"author":[{"embeddable":true,"href":"https:\/\/luchonoticias.com\/editor\/wp-json\/wp\/v2\/users\/2"}],"replies":[{"embeddable":true,"href":"https:\/\/luchonoticias.com\/editor\/wp-json\/wp\/v2\/comments?post=57985"}],"version-history":[{"count":0,"href":"https:\/\/luchonoticias.com\/editor\/wp-json\/wp\/v2\/posts\/57985\/revisions"}],"wp:attachment":[{"href":"https:\/\/luchonoticias.com\/editor\/wp-json\/wp\/v2\/media?parent=57985"}],"wp:term":[{"taxonomy":"category","embeddable":true,"href":"https:\/\/luchonoticias.com\/editor\/wp-json\/wp\/v2\/categories?post=57985"},{"taxonomy":"post_tag","embeddable":true,"href":"https:\/\/luchonoticias.com\/editor\/wp-json\/wp\/v2\/tags?post=57985"}],"curies":[{"name":"wp","href":"https:\/\/api.w.org\/{rel}","templated":true}]}}