{"id":57992,"date":"2023-08-10T15:22:39","date_gmt":"2023-08-10T20:22:39","guid":{"rendered":"https:\/\/luchonoticias.com\/?p=57992"},"modified":"2023-08-10T15:22:46","modified_gmt":"2023-08-10T20:22:46","slug":"cinco-capturas-en-el-huila-en-lucha-contra-el-microtrafico","status":"publish","type":"post","link":"https:\/\/luchonoticias.com\/editor\/cinco-capturas-en-el-huila-en-lucha-contra-el-microtrafico\/","title":{"rendered":"Cinco capturas en el Huila en lucha contra el microtr\u00e1fico"},"content":{"rendered":"\n<p>En las acciones adelantadas por los soldados de la Novena Brigada contra el microtr\u00e1fico, se lograron importantes resultados que neutralizan la distribuci\u00f3n al menudeo de sustancias alucin\u00f3genas.&nbsp;<\/p>\n\n\n\n<p>En una primera acci\u00f3n adelantada en el municipio de Pitalito por unidades del Batall\u00f3n Magdalena, fue capturado un hombre que se movilizaba en motocicleta, llevando consigo 5,76 kilogramos de pasta base de coca.<\/p>\n\n\n\n<p>En la misma poblaci\u00f3n fue capturado un segundo hombre, a quien le fueron hallados en su poder dos paquetes, uno de ellos con aproximadamente 5 kilogramos de clorhidrato de coca\u00edna y el otro con 3,64 kilogramos de pasta base de coca.<\/p>\n\n\n\n<p>Las operaciones continuaron, y se dio una tercera captura. Nuevamente bajo la modalidad de transporte en motocicleta. En este caso, el hombre se movilizaba con una bolsa en la que fueron hallados 2,66 kilogramos de pasta base de coca.<\/p>\n\n\n\n<p>En el barrio Madelena, esta vez tropas del Batall\u00f3n Especial Energ\u00e9tico y Vial N.\u00b0 12 capturaron a un cuarto hombre con 14 dosis de marihuana.<\/p>\n\n\n\n<p>En la capital huilense las acciones del Batall\u00f3n de Artiller\u00eda de Campa\u00f1a permitieron la captura en flagrancia de un hombre con 1,14 kilogramos de coca\u00edna.<\/p>\n","protected":false},"excerpt":{"rendered":"<p>En las acciones adelantadas por los soldados de la Novena Brigada contra el microtr\u00e1fico, se lograron importantes resultados que neutralizan la distribuci\u00f3n al menudeo de sustancias alucin\u00f3genas.&nbsp; En una primera acci\u00f3n adelantada en el municipio de Pitalito por unidades del Batall\u00f3n Magdalena, fue capturado un hombre que se movilizaba en motocicleta, llevando consigo 5,76 kilogramos [&hellip;]<\/p>\n","protected":false},"author":2,"featured_media":0,"comment_status":"open","ping_status":"open","sticky":false,"template":"","format":"standard","meta":{"footnotes":""},"categories":[36,29],"tags":[],"class_list":["post-57992","post","type-post","status-publish","format-standard","hentry","category-destacado","category-judicial"],"yoast_head":"<!-- This site is optimized with the Yoast SEO plugin v26.6 - https:\/\/yoast.com\/wordpress\/plugins\/seo\/ -->\n<title>Cinco capturas en el Huila en lucha contra el microtr\u00e1fico -<\/title>\n<meta name=\"robots\" content=\"index, follow, max-snippet:-1, max-image-preview:large, max-video-preview:-1\" \/>\n<link rel=\"canonical\" href=\"https:\/\/luchonoticias.com\/editor\/cinco-capturas-en-el-huila-en-lucha-contra-el-microtrafico\/\" \/>\n<meta property=\"og:locale\" content=\"es_ES\" \/>\n<meta property=\"og:type\" content=\"article\" \/>\n<meta property=\"og:title\" content=\"Cinco capturas en el Huila en lucha contra el microtr\u00e1fico -\" \/>\n<meta property=\"og:url\" content=\"https:\/\/luchonoticias.com\/editor\/cinco-capturas-en-el-huila-en-lucha-contra-el-microtrafico\/\" \/>\n<meta property=\"article:publisher\" content=\"https:\/\/www.facebook.com\/luchonoticiasneiva\" \/>\n<meta property=\"article:published_time\" content=\"2023-08-10T20:22:39+00:00\" \/>\n<meta property=\"article:modified_time\" content=\"2023-08-10T20:22:46+00:00\" \/>\n<meta name=\"author\" content=\"Editor General\" \/>\n<meta name=\"twitter:card\" content=\"summary_large_image\" \/>\n<meta name=\"twitter:label1\" content=\"Escrito por\" \/>\n\t<meta name=\"twitter:data1\" content=\"Editor General\" \/>\n\t<meta name=\"twitter:label2\" content=\"Tiempo de lectura\" \/>\n\t<meta name=\"twitter:data2\" content=\"1 minuto\" \/>\n<script type=\"application\/ld+json\" class=\"yoast-schema-graph\">{\"@context\":\"https:\/\/schema.org\",\"@graph\":[{\"@type\":\"Article\",\"@id\":\"https:\/\/luchonoticias.com\/editor\/cinco-capturas-en-el-huila-en-lucha-contra-el-microtrafico\/#article\",\"isPartOf\":{\"@id\":\"https:\/\/luchonoticias.com\/editor\/cinco-capturas-en-el-huila-en-lucha-contra-el-microtrafico\/\"},\"author\":{\"name\":\"Editor General\",\"@id\":\"https:\/\/luchonoticias.com\/editor\/#\/schema\/person\/29217990ddf6f14e35912b2866d591fb\"},\"headline\":\"Cinco capturas en el Huila en lucha contra el microtr\u00e1fico\",\"datePublished\":\"2023-08-10T20:22:39+00:00\",\"dateModified\":\"2023-08-10T20:22:46+00:00\",\"mainEntityOfPage\":{\"@id\":\"https:\/\/luchonoticias.com\/editor\/cinco-capturas-en-el-huila-en-lucha-contra-el-microtrafico\/\"},\"wordCount\":208,\"commentCount\":0,\"publisher\":{\"@id\":\"https:\/\/luchonoticias.com\/editor\/#\/schema\/person\/7a7fd911f58561fd056dbac7b55af9cd\"},\"articleSection\":[\"Destacado\",\"Judicial\"],\"inLanguage\":\"es\",\"potentialAction\":[{\"@type\":\"CommentAction\",\"name\":\"Comment\",\"target\":[\"https:\/\/luchonoticias.com\/editor\/cinco-capturas-en-el-huila-en-lucha-contra-el-microtrafico\/#respond\"]}]},{\"@type\":\"WebPage\",\"@id\":\"https:\/\/luchonoticias.com\/editor\/cinco-capturas-en-el-huila-en-lucha-contra-el-microtrafico\/\",\"url\":\"https:\/\/luchonoticias.com\/editor\/cinco-capturas-en-el-huila-en-lucha-contra-el-microtrafico\/\",\"name\":\"Cinco capturas en el Huila en lucha contra el microtr\u00e1fico -\",\"isPartOf\":{\"@id\":\"https:\/\/luchonoticias.com\/editor\/#website\"},\"datePublished\":\"2023-08-10T20:22:39+00:00\",\"dateModified\":\"2023-08-10T20:22:46+00:00\",\"breadcrumb\":{\"@id\":\"https:\/\/luchonoticias.com\/editor\/cinco-capturas-en-el-huila-en-lucha-contra-el-microtrafico\/#breadcrumb\"},\"inLanguage\":\"es\",\"potentialAction\":[{\"@type\":\"ReadAction\",\"target\":[\"https:\/\/luchonoticias.com\/editor\/cinco-capturas-en-el-huila-en-lucha-contra-el-microtrafico\/\"]}]},{\"@type\":\"BreadcrumbList\",\"@id\":\"https:\/\/luchonoticias.com\/editor\/cinco-capturas-en-el-huila-en-lucha-contra-el-microtrafico\/#breadcrumb\",\"itemListElement\":[{\"@type\":\"ListItem\",\"position\":1,\"name\":\"Portada\",\"item\":\"https:\/\/luchonoticias.com\/editor\/\"},{\"@type\":\"ListItem\",\"position\":2,\"name\":\"Cinco capturas en el Huila en lucha contra el microtr\u00e1fico\"}]},{\"@type\":\"WebSite\",\"@id\":\"https:\/\/luchonoticias.com\/editor\/#website\",\"url\":\"https:\/\/luchonoticias.com\/editor\/\",\"name\":\"\",\"description\":\"\",\"publisher\":{\"@id\":\"https:\/\/luchonoticias.com\/editor\/#\/schema\/person\/7a7fd911f58561fd056dbac7b55af9cd\"},\"potentialAction\":[{\"@type\":\"SearchAction\",\"target\":{\"@type\":\"EntryPoint\",\"urlTemplate\":\"https:\/\/luchonoticias.com\/editor\/?s={search_term_string}\"},\"query-input\":{\"@type\":\"PropertyValueSpecification\",\"valueRequired\":true,\"valueName\":\"search_term_string\"}}],\"inLanguage\":\"es\"},{\"@type\":[\"Person\",\"Organization\"],\"@id\":\"https:\/\/luchonoticias.com\/editor\/#\/schema\/person\/7a7fd911f58561fd056dbac7b55af9cd\",\"name\":\"admin\",\"image\":{\"@type\":\"ImageObject\",\"inLanguage\":\"es\",\"@id\":\"https:\/\/luchonoticias.com\/editor\/#\/schema\/person\/image\/\",\"url\":\"https:\/\/luchonoticias.com\/editor\/wp-content\/uploads\/2024\/02\/cropped-cropped-logolu.webp\",\"contentUrl\":\"https:\/\/luchonoticias.com\/editor\/wp-content\/uploads\/2024\/02\/cropped-cropped-logolu.webp\",\"width\":382,\"height\":170,\"caption\":\"admin\"},\"logo\":{\"@id\":\"https:\/\/luchonoticias.com\/editor\/#\/schema\/person\/image\/\"},\"sameAs\":[\"https:\/\/www.facebook.com\/luchonoticiasneiva\"]},{\"@type\":\"Person\",\"@id\":\"https:\/\/luchonoticias.com\/editor\/#\/schema\/person\/29217990ddf6f14e35912b2866d591fb\",\"name\":\"Editor General\",\"image\":{\"@type\":\"ImageObject\",\"inLanguage\":\"es\",\"@id\":\"https:\/\/luchonoticias.com\/editor\/#\/schema\/person\/image\/\",\"url\":\"https:\/\/luchonoticias.com\/editor\/wp-content\/uploads\/2024\/02\/cropped-cropped-logolu-150x150.webp\",\"contentUrl\":\"https:\/\/luchonoticias.com\/editor\/wp-content\/uploads\/2024\/02\/cropped-cropped-logolu-150x150.webp\",\"caption\":\"Editor General\"},\"sameAs\":[\"https:\/\/luchonoticias.com\/\"],\"url\":\"https:\/\/luchonoticias.com\/editor\/author\/editor-general\/\"}]}<\/script>\n<!-- \/ Yoast SEO plugin. -->","yoast_head_json":{"title":"Cinco capturas en el Huila en lucha contra el microtr\u00e1fico -","robots":{"index":"index","follow":"follow","max-snippet":"max-snippet:-1","max-image-preview":"max-image-preview:large","max-video-preview":"max-video-preview:-1"},"canonical":"https:\/\/luchonoticias.com\/editor\/cinco-capturas-en-el-huila-en-lucha-contra-el-microtrafico\/","og_locale":"es_ES","og_type":"article","og_title":"Cinco capturas en el Huila en lucha contra el microtr\u00e1fico -","og_url":"https:\/\/luchonoticias.com\/editor\/cinco-capturas-en-el-huila-en-lucha-contra-el-microtrafico\/","article_publisher":"https:\/\/www.facebook.com\/luchonoticiasneiva","article_published_time":"2023-08-10T20:22:39+00:00","article_modified_time":"2023-08-10T20:22:46+00:00","author":"Editor General","twitter_card":"summary_large_image","twitter_misc":{"Escrito por":"Editor General","Tiempo de lectura":"1 minuto"},"schema":{"@context":"https:\/\/schema.org","@graph":[{"@type":"Article","@id":"https:\/\/luchonoticias.com\/editor\/cinco-capturas-en-el-huila-en-lucha-contra-el-microtrafico\/#article","isPartOf":{"@id":"https:\/\/luchonoticias.com\/editor\/cinco-capturas-en-el-huila-en-lucha-contra-el-microtrafico\/"},"author":{"name":"Editor General","@id":"https:\/\/luchonoticias.com\/editor\/#\/schema\/person\/29217990ddf6f14e35912b2866d591fb"},"headline":"Cinco capturas en el Huila en lucha contra el microtr\u00e1fico","datePublished":"2023-08-10T20:22:39+00:00","dateModified":"2023-08-10T20:22:46+00:00","mainEntityOfPage":{"@id":"https:\/\/luchonoticias.com\/editor\/cinco-capturas-en-el-huila-en-lucha-contra-el-microtrafico\/"},"wordCount":208,"commentCount":0,"publisher":{"@id":"https:\/\/luchonoticias.com\/editor\/#\/schema\/person\/7a7fd911f58561fd056dbac7b55af9cd"},"articleSection":["Destacado","Judicial"],"inLanguage":"es","potentialAction":[{"@type":"CommentAction","name":"Comment","target":["https:\/\/luchonoticias.com\/editor\/cinco-capturas-en-el-huila-en-lucha-contra-el-microtrafico\/#respond"]}]},{"@type":"WebPage","@id":"https:\/\/luchonoticias.com\/editor\/cinco-capturas-en-el-huila-en-lucha-contra-el-microtrafico\/","url":"https:\/\/luchonoticias.com\/editor\/cinco-capturas-en-el-huila-en-lucha-contra-el-microtrafico\/","name":"Cinco capturas en el Huila en lucha contra el microtr\u00e1fico -","isPartOf":{"@id":"https:\/\/luchonoticias.com\/editor\/#website"},"datePublished":"2023-08-10T20:22:39+00:00","dateModified":"2023-08-10T20:22:46+00:00","breadcrumb":{"@id":"https:\/\/luchonoticias.com\/editor\/cinco-capturas-en-el-huila-en-lucha-contra-el-microtrafico\/#breadcrumb"},"inLanguage":"es","potentialAction":[{"@type":"ReadAction","target":["https:\/\/luchonoticias.com\/editor\/cinco-capturas-en-el-huila-en-lucha-contra-el-microtrafico\/"]}]},{"@type":"BreadcrumbList","@id":"https:\/\/luchonoticias.com\/editor\/cinco-capturas-en-el-huila-en-lucha-contra-el-microtrafico\/#breadcrumb","itemListElement":[{"@type":"ListItem","position":1,"name":"Portada","item":"https:\/\/luchonoticias.com\/editor\/"},{"@type":"ListItem","position":2,"name":"Cinco capturas en el Huila en lucha contra el microtr\u00e1fico"}]},{"@type":"WebSite","@id":"https:\/\/luchonoticias.com\/editor\/#website","url":"https:\/\/luchonoticias.com\/editor\/","name":"","description":"","publisher":{"@id":"https:\/\/luchonoticias.com\/editor\/#\/schema\/person\/7a7fd911f58561fd056dbac7b55af9cd"},"potentialAction":[{"@type":"SearchAction","target":{"@type":"EntryPoint","urlTemplate":"https:\/\/luchonoticias.com\/editor\/?s={search_term_string}"},"query-input":{"@type":"PropertyValueSpecification","valueRequired":true,"valueName":"search_term_string"}}],"inLanguage":"es"},{"@type":["Person","Organization"],"@id":"https:\/\/luchonoticias.com\/editor\/#\/schema\/person\/7a7fd911f58561fd056dbac7b55af9cd","name":"admin","image":{"@type":"ImageObject","inLanguage":"es","@id":"https:\/\/luchonoticias.com\/editor\/#\/schema\/person\/image\/","url":"https:\/\/luchonoticias.com\/editor\/wp-content\/uploads\/2024\/02\/cropped-cropped-logolu.webp","contentUrl":"https:\/\/luchonoticias.com\/editor\/wp-content\/uploads\/2024\/02\/cropped-cropped-logolu.webp","width":382,"height":170,"caption":"admin"},"logo":{"@id":"https:\/\/luchonoticias.com\/editor\/#\/schema\/person\/image\/"},"sameAs":["https:\/\/www.facebook.com\/luchonoticiasneiva"]},{"@type":"Person","@id":"https:\/\/luchonoticias.com\/editor\/#\/schema\/person\/29217990ddf6f14e35912b2866d591fb","name":"Editor General","image":{"@type":"ImageObject","inLanguage":"es","@id":"https:\/\/luchonoticias.com\/editor\/#\/schema\/person\/image\/","url":"https:\/\/luchonoticias.com\/editor\/wp-content\/uploads\/2024\/02\/cropped-cropped-logolu-150x150.webp","contentUrl":"https:\/\/luchonoticias.com\/editor\/wp-content\/uploads\/2024\/02\/cropped-cropped-logolu-150x150.webp","caption":"Editor General"},"sameAs":["https:\/\/luchonoticias.com\/"],"url":"https:\/\/luchonoticias.com\/editor\/author\/editor-general\/"}]}},"_links":{"self":[{"href":"https:\/\/luchonoticias.com\/editor\/wp-json\/wp\/v2\/posts\/57992","targetHints":{"allow":["GET"]}}],"collection":[{"href":"https:\/\/luchonoticias.com\/editor\/wp-json\/wp\/v2\/posts"}],"about":[{"href":"https:\/\/luchonoticias.com\/editor\/wp-json\/wp\/v2\/types\/post"}],"author":[{"embeddable":true,"href":"https:\/\/luchonoticias.com\/editor\/wp-json\/wp\/v2\/users\/2"}],"replies":[{"embeddable":true,"href":"https:\/\/luchonoticias.com\/editor\/wp-json\/wp\/v2\/comments?post=57992"}],"version-history":[{"count":0,"href":"https:\/\/luchonoticias.com\/editor\/wp-json\/wp\/v2\/posts\/57992\/revisions"}],"wp:attachment":[{"href":"https:\/\/luchonoticias.com\/editor\/wp-json\/wp\/v2\/media?parent=57992"}],"wp:term":[{"taxonomy":"category","embeddable":true,"href":"https:\/\/luchonoticias.com\/editor\/wp-json\/wp\/v2\/categories?post=57992"},{"taxonomy":"post_tag","embeddable":true,"href":"https:\/\/luchonoticias.com\/editor\/wp-json\/wp\/v2\/tags?post=57992"}],"curies":[{"name":"wp","href":"https:\/\/api.w.org\/{rel}","templated":true}]}}