{"id":58002,"date":"2023-08-10T15:32:19","date_gmt":"2023-08-10T20:32:19","guid":{"rendered":"https:\/\/luchonoticias.com\/?p=58002"},"modified":"2023-08-10T15:32:20","modified_gmt":"2023-08-10T20:32:20","slug":"ningun-servidor-publico-incluyendo-a-los-de-eleccion-popular-podra-estar-por-encima-de-la-constitucion-y-la-ley-procuradora","status":"publish","type":"post","link":"https:\/\/luchonoticias.com\/editor\/ningun-servidor-publico-incluyendo-a-los-de-eleccion-popular-podra-estar-por-encima-de-la-constitucion-y-la-ley-procuradora\/","title":{"rendered":"Ning\u00fan servidor p\u00fablico, incluyendo a los de elecci\u00f3n popular, podr\u00e1 estar por encima de la Constituci\u00f3n y la ley: Procuradora"},"content":{"rendered":"\n<p>La Procuradora Margarita Cabello Blanco enfatiz\u00f3 en su visita a la ciudad de Santa Marta que, en Colombia, como Estado de Derecho, existe el \u00ab<em>sistema de frenos y contra pesos, por lo que las&nbsp;<strong>actuaciones disciplinarias a cargo de la entidad seguir\u00e1n su curso con todas las garant\u00edas, pero tambi\u00e9n hasta sus \u00faltimas consecuencias<\/strong><\/em>\u00ab.<\/p>\n\n\n\n<p>En el marco del seminario Regional de Derecho Disciplinario, la Jefe del Ministerio P\u00fablico asever\u00f3 que \u00ab<em><strong>ning\u00fan servidor p\u00fablico puede exonerarse&nbsp;<\/strong>por medio de un fuero insoslayable que signifique impunidad, ni siquiera, por solo citar el ejemplo m\u00e1s extremo, el Presidente de la Rep\u00fablica<\/em>\u00ab.<\/p>\n\n\n\n<p>En su intervenci\u00f3n, destac\u00f3 que&nbsp;<strong>la sanci\u00f3n disciplinaria tiene como objetivo reafirmar la vigencia del ordenamiento jur\u00eddico<\/strong>&nbsp;en el pa\u00eds, \u00ab<em>pues ning\u00fan servidor p\u00fablico (incluidos los de elecci\u00f3n popular) podr\u00e1 estar por encima de la Constituci\u00f3n Pol\u00edtica y el imperio de la ley, pues esa particular forma de pensar solo puede tener sentido en reg\u00edmenes totalitarios o absolutistas<\/em>\u00ab.<\/p>\n\n\n\n<p>Sotuvo que Colombia es una democracia; es un Estado de Derecho y al mismo tiempo un Estado Social. \u00ab<em>Para mantener a salvo estos tres elementos, debe&nbsp;<strong>respetarse y respaldarse la funci\u00f3n de los jueces y de los organismos de control<\/strong><\/em>\u00ab.<\/p>\n\n\n\n<p>Adem\u00e1s, llam\u00f3 la atenci\u00f3n a quienes critican la funci\u00f3n disciplinaria de la entidad: \u00ab<em>no puede seguir pasando que, cada vez que aparezca una situaci\u00f3n digna de ser investigada, de forma autom\u00e1tica e irreflexiva,&nbsp;<strong>se descalifique a quienes constitucional y legalmente est\u00e1n autorizados para ejercer dicha funci\u00f3n<\/strong><\/em>\u00ab.<\/p>\n\n\n\n<p>Como jefe del \u00f3rgano de control resalt\u00f3 que la en funci\u00f3n p\u00fablica, hay dos males que afectan los deberes del Estado: \u00ab<em><strong>la corrupci\u00f3n y la ineficiencia administrativa<\/strong>; males que deben ser combatidos por ese instrumento general con que cuenta el pa\u00eds como es el derecho sancionador<\/em>\u00ab.<\/p>\n\n\n\n<p>Finalmente, la Procuradora Margarita Cabello Blanco a\u00f1adi\u00f3 qu\u00e9 \u00ab<em>cuando se tienen una serie de reformas legales que inciden en la vida de los ciudadanos, en los mecanismos y el acceso a derechos fundamentales,&nbsp;<strong>es deber de la entidad hacer los pronunciamientos necesarios, participar y alertar<\/strong>&nbsp;en nombre de la sociedad que representa y en garant\u00eda de la defensa del ordenamiento jur\u00eddico, de los derechos fundamentales y humanos<\/em>\u00ab.<\/p>\n","protected":false},"excerpt":{"rendered":"<p>La Procuradora Margarita Cabello Blanco enfatiz\u00f3 en su visita a la ciudad de Santa Marta que, en Colombia, como Estado de Derecho, existe el \u00absistema de frenos y contra pesos, por lo que las&nbsp;actuaciones disciplinarias a cargo de la entidad seguir\u00e1n su curso con todas las garant\u00edas, pero tambi\u00e9n hasta sus \u00faltimas consecuencias\u00ab. En el [&hellip;]<\/p>\n","protected":false},"author":2,"featured_media":0,"comment_status":"open","ping_status":"open","sticky":false,"template":"","format":"standard","meta":{"footnotes":""},"categories":[28,36],"tags":[],"class_list":["post-58002","post","type-post","status-publish","format-standard","hentry","category-actualidad","category-destacado"],"yoast_head":"<!-- This site is optimized with the Yoast SEO plugin v26.6 - https:\/\/yoast.com\/wordpress\/plugins\/seo\/ -->\n<title>Ning\u00fan servidor p\u00fablico, incluyendo a los de elecci\u00f3n popular, podr\u00e1 estar por encima de la Constituci\u00f3n y la ley: Procuradora -<\/title>\n<meta name=\"robots\" content=\"index, follow, max-snippet:-1, max-image-preview:large, max-video-preview:-1\" \/>\n<link rel=\"canonical\" href=\"https:\/\/luchonoticias.com\/editor\/ningun-servidor-publico-incluyendo-a-los-de-eleccion-popular-podra-estar-por-encima-de-la-constitucion-y-la-ley-procuradora\/\" \/>\n<meta property=\"og:locale\" content=\"es_ES\" \/>\n<meta property=\"og:type\" content=\"article\" \/>\n<meta property=\"og:title\" content=\"Ning\u00fan servidor p\u00fablico, incluyendo a los de elecci\u00f3n popular, podr\u00e1 estar por encima de la Constituci\u00f3n y la ley: Procuradora -\" \/>\n<meta property=\"og:url\" content=\"https:\/\/luchonoticias.com\/editor\/ningun-servidor-publico-incluyendo-a-los-de-eleccion-popular-podra-estar-por-encima-de-la-constitucion-y-la-ley-procuradora\/\" \/>\n<meta property=\"article:publisher\" content=\"https:\/\/www.facebook.com\/luchonoticiasneiva\" \/>\n<meta property=\"article:published_time\" content=\"2023-08-10T20:32:19+00:00\" \/>\n<meta property=\"article:modified_time\" content=\"2023-08-10T20:32:20+00:00\" \/>\n<meta name=\"author\" content=\"Editor General\" \/>\n<meta name=\"twitter:card\" content=\"summary_large_image\" \/>\n<meta name=\"twitter:label1\" content=\"Escrito por\" \/>\n\t<meta name=\"twitter:data1\" content=\"Editor General\" \/>\n\t<meta name=\"twitter:label2\" content=\"Tiempo de lectura\" \/>\n\t<meta name=\"twitter:data2\" content=\"2 minutos\" \/>\n<script type=\"application\/ld+json\" class=\"yoast-schema-graph\">{\"@context\":\"https:\/\/schema.org\",\"@graph\":[{\"@type\":\"Article\",\"@id\":\"https:\/\/luchonoticias.com\/editor\/ningun-servidor-publico-incluyendo-a-los-de-eleccion-popular-podra-estar-por-encima-de-la-constitucion-y-la-ley-procuradora\/#article\",\"isPartOf\":{\"@id\":\"https:\/\/luchonoticias.com\/editor\/ningun-servidor-publico-incluyendo-a-los-de-eleccion-popular-podra-estar-por-encima-de-la-constitucion-y-la-ley-procuradora\/\"},\"author\":{\"name\":\"Editor General\",\"@id\":\"https:\/\/luchonoticias.com\/editor\/#\/schema\/person\/29217990ddf6f14e35912b2866d591fb\"},\"headline\":\"Ning\u00fan servidor p\u00fablico, incluyendo a los de elecci\u00f3n popular, podr\u00e1 estar por encima de la Constituci\u00f3n y la ley: Procuradora\",\"datePublished\":\"2023-08-10T20:32:19+00:00\",\"dateModified\":\"2023-08-10T20:32:20+00:00\",\"mainEntityOfPage\":{\"@id\":\"https:\/\/luchonoticias.com\/editor\/ningun-servidor-publico-incluyendo-a-los-de-eleccion-popular-podra-estar-por-encima-de-la-constitucion-y-la-ley-procuradora\/\"},\"wordCount\":420,\"commentCount\":0,\"publisher\":{\"@id\":\"https:\/\/luchonoticias.com\/editor\/#\/schema\/person\/7a7fd911f58561fd056dbac7b55af9cd\"},\"articleSection\":[\"Actualidad\",\"Destacado\"],\"inLanguage\":\"es\",\"potentialAction\":[{\"@type\":\"CommentAction\",\"name\":\"Comment\",\"target\":[\"https:\/\/luchonoticias.com\/editor\/ningun-servidor-publico-incluyendo-a-los-de-eleccion-popular-podra-estar-por-encima-de-la-constitucion-y-la-ley-procuradora\/#respond\"]}]},{\"@type\":\"WebPage\",\"@id\":\"https:\/\/luchonoticias.com\/editor\/ningun-servidor-publico-incluyendo-a-los-de-eleccion-popular-podra-estar-por-encima-de-la-constitucion-y-la-ley-procuradora\/\",\"url\":\"https:\/\/luchonoticias.com\/editor\/ningun-servidor-publico-incluyendo-a-los-de-eleccion-popular-podra-estar-por-encima-de-la-constitucion-y-la-ley-procuradora\/\",\"name\":\"Ning\u00fan servidor p\u00fablico, incluyendo a los de elecci\u00f3n popular, podr\u00e1 estar por encima de la Constituci\u00f3n y la ley: Procuradora -\",\"isPartOf\":{\"@id\":\"https:\/\/luchonoticias.com\/editor\/#website\"},\"datePublished\":\"2023-08-10T20:32:19+00:00\",\"dateModified\":\"2023-08-10T20:32:20+00:00\",\"breadcrumb\":{\"@id\":\"https:\/\/luchonoticias.com\/editor\/ningun-servidor-publico-incluyendo-a-los-de-eleccion-popular-podra-estar-por-encima-de-la-constitucion-y-la-ley-procuradora\/#breadcrumb\"},\"inLanguage\":\"es\",\"potentialAction\":[{\"@type\":\"ReadAction\",\"target\":[\"https:\/\/luchonoticias.com\/editor\/ningun-servidor-publico-incluyendo-a-los-de-eleccion-popular-podra-estar-por-encima-de-la-constitucion-y-la-ley-procuradora\/\"]}]},{\"@type\":\"BreadcrumbList\",\"@id\":\"https:\/\/luchonoticias.com\/editor\/ningun-servidor-publico-incluyendo-a-los-de-eleccion-popular-podra-estar-por-encima-de-la-constitucion-y-la-ley-procuradora\/#breadcrumb\",\"itemListElement\":[{\"@type\":\"ListItem\",\"position\":1,\"name\":\"Portada\",\"item\":\"https:\/\/luchonoticias.com\/editor\/\"},{\"@type\":\"ListItem\",\"position\":2,\"name\":\"Ning\u00fan servidor p\u00fablico, incluyendo a los de elecci\u00f3n popular, podr\u00e1 estar por encima de la Constituci\u00f3n y la ley: Procuradora\"}]},{\"@type\":\"WebSite\",\"@id\":\"https:\/\/luchonoticias.com\/editor\/#website\",\"url\":\"https:\/\/luchonoticias.com\/editor\/\",\"name\":\"\",\"description\":\"\",\"publisher\":{\"@id\":\"https:\/\/luchonoticias.com\/editor\/#\/schema\/person\/7a7fd911f58561fd056dbac7b55af9cd\"},\"potentialAction\":[{\"@type\":\"SearchAction\",\"target\":{\"@type\":\"EntryPoint\",\"urlTemplate\":\"https:\/\/luchonoticias.com\/editor\/?s={search_term_string}\"},\"query-input\":{\"@type\":\"PropertyValueSpecification\",\"valueRequired\":true,\"valueName\":\"search_term_string\"}}],\"inLanguage\":\"es\"},{\"@type\":[\"Person\",\"Organization\"],\"@id\":\"https:\/\/luchonoticias.com\/editor\/#\/schema\/person\/7a7fd911f58561fd056dbac7b55af9cd\",\"name\":\"admin\",\"image\":{\"@type\":\"ImageObject\",\"inLanguage\":\"es\",\"@id\":\"https:\/\/luchonoticias.com\/editor\/#\/schema\/person\/image\/\",\"url\":\"https:\/\/luchonoticias.com\/editor\/wp-content\/uploads\/2024\/02\/cropped-cropped-logolu.webp\",\"contentUrl\":\"https:\/\/luchonoticias.com\/editor\/wp-content\/uploads\/2024\/02\/cropped-cropped-logolu.webp\",\"width\":382,\"height\":170,\"caption\":\"admin\"},\"logo\":{\"@id\":\"https:\/\/luchonoticias.com\/editor\/#\/schema\/person\/image\/\"},\"sameAs\":[\"https:\/\/www.facebook.com\/luchonoticiasneiva\"]},{\"@type\":\"Person\",\"@id\":\"https:\/\/luchonoticias.com\/editor\/#\/schema\/person\/29217990ddf6f14e35912b2866d591fb\",\"name\":\"Editor General\",\"image\":{\"@type\":\"ImageObject\",\"inLanguage\":\"es\",\"@id\":\"https:\/\/luchonoticias.com\/editor\/#\/schema\/person\/image\/\",\"url\":\"https:\/\/luchonoticias.com\/editor\/wp-content\/uploads\/2024\/02\/cropped-cropped-logolu-150x150.webp\",\"contentUrl\":\"https:\/\/luchonoticias.com\/editor\/wp-content\/uploads\/2024\/02\/cropped-cropped-logolu-150x150.webp\",\"caption\":\"Editor General\"},\"sameAs\":[\"https:\/\/luchonoticias.com\/\"],\"url\":\"https:\/\/luchonoticias.com\/editor\/author\/editor-general\/\"}]}<\/script>\n<!-- \/ Yoast SEO plugin. -->","yoast_head_json":{"title":"Ning\u00fan servidor p\u00fablico, incluyendo a los de elecci\u00f3n popular, podr\u00e1 estar por encima de la Constituci\u00f3n y la ley: Procuradora -","robots":{"index":"index","follow":"follow","max-snippet":"max-snippet:-1","max-image-preview":"max-image-preview:large","max-video-preview":"max-video-preview:-1"},"canonical":"https:\/\/luchonoticias.com\/editor\/ningun-servidor-publico-incluyendo-a-los-de-eleccion-popular-podra-estar-por-encima-de-la-constitucion-y-la-ley-procuradora\/","og_locale":"es_ES","og_type":"article","og_title":"Ning\u00fan servidor p\u00fablico, incluyendo a los de elecci\u00f3n popular, podr\u00e1 estar por encima de la Constituci\u00f3n y la ley: Procuradora -","og_url":"https:\/\/luchonoticias.com\/editor\/ningun-servidor-publico-incluyendo-a-los-de-eleccion-popular-podra-estar-por-encima-de-la-constitucion-y-la-ley-procuradora\/","article_publisher":"https:\/\/www.facebook.com\/luchonoticiasneiva","article_published_time":"2023-08-10T20:32:19+00:00","article_modified_time":"2023-08-10T20:32:20+00:00","author":"Editor General","twitter_card":"summary_large_image","twitter_misc":{"Escrito por":"Editor General","Tiempo de lectura":"2 minutos"},"schema":{"@context":"https:\/\/schema.org","@graph":[{"@type":"Article","@id":"https:\/\/luchonoticias.com\/editor\/ningun-servidor-publico-incluyendo-a-los-de-eleccion-popular-podra-estar-por-encima-de-la-constitucion-y-la-ley-procuradora\/#article","isPartOf":{"@id":"https:\/\/luchonoticias.com\/editor\/ningun-servidor-publico-incluyendo-a-los-de-eleccion-popular-podra-estar-por-encima-de-la-constitucion-y-la-ley-procuradora\/"},"author":{"name":"Editor General","@id":"https:\/\/luchonoticias.com\/editor\/#\/schema\/person\/29217990ddf6f14e35912b2866d591fb"},"headline":"Ning\u00fan servidor p\u00fablico, incluyendo a los de elecci\u00f3n popular, podr\u00e1 estar por encima de la Constituci\u00f3n y la ley: Procuradora","datePublished":"2023-08-10T20:32:19+00:00","dateModified":"2023-08-10T20:32:20+00:00","mainEntityOfPage":{"@id":"https:\/\/luchonoticias.com\/editor\/ningun-servidor-publico-incluyendo-a-los-de-eleccion-popular-podra-estar-por-encima-de-la-constitucion-y-la-ley-procuradora\/"},"wordCount":420,"commentCount":0,"publisher":{"@id":"https:\/\/luchonoticias.com\/editor\/#\/schema\/person\/7a7fd911f58561fd056dbac7b55af9cd"},"articleSection":["Actualidad","Destacado"],"inLanguage":"es","potentialAction":[{"@type":"CommentAction","name":"Comment","target":["https:\/\/luchonoticias.com\/editor\/ningun-servidor-publico-incluyendo-a-los-de-eleccion-popular-podra-estar-por-encima-de-la-constitucion-y-la-ley-procuradora\/#respond"]}]},{"@type":"WebPage","@id":"https:\/\/luchonoticias.com\/editor\/ningun-servidor-publico-incluyendo-a-los-de-eleccion-popular-podra-estar-por-encima-de-la-constitucion-y-la-ley-procuradora\/","url":"https:\/\/luchonoticias.com\/editor\/ningun-servidor-publico-incluyendo-a-los-de-eleccion-popular-podra-estar-por-encima-de-la-constitucion-y-la-ley-procuradora\/","name":"Ning\u00fan servidor p\u00fablico, incluyendo a los de elecci\u00f3n popular, podr\u00e1 estar por encima de la Constituci\u00f3n y la ley: Procuradora -","isPartOf":{"@id":"https:\/\/luchonoticias.com\/editor\/#website"},"datePublished":"2023-08-10T20:32:19+00:00","dateModified":"2023-08-10T20:32:20+00:00","breadcrumb":{"@id":"https:\/\/luchonoticias.com\/editor\/ningun-servidor-publico-incluyendo-a-los-de-eleccion-popular-podra-estar-por-encima-de-la-constitucion-y-la-ley-procuradora\/#breadcrumb"},"inLanguage":"es","potentialAction":[{"@type":"ReadAction","target":["https:\/\/luchonoticias.com\/editor\/ningun-servidor-publico-incluyendo-a-los-de-eleccion-popular-podra-estar-por-encima-de-la-constitucion-y-la-ley-procuradora\/"]}]},{"@type":"BreadcrumbList","@id":"https:\/\/luchonoticias.com\/editor\/ningun-servidor-publico-incluyendo-a-los-de-eleccion-popular-podra-estar-por-encima-de-la-constitucion-y-la-ley-procuradora\/#breadcrumb","itemListElement":[{"@type":"ListItem","position":1,"name":"Portada","item":"https:\/\/luchonoticias.com\/editor\/"},{"@type":"ListItem","position":2,"name":"Ning\u00fan servidor p\u00fablico, incluyendo a los de elecci\u00f3n popular, podr\u00e1 estar por encima de la Constituci\u00f3n y la ley: Procuradora"}]},{"@type":"WebSite","@id":"https:\/\/luchonoticias.com\/editor\/#website","url":"https:\/\/luchonoticias.com\/editor\/","name":"","description":"","publisher":{"@id":"https:\/\/luchonoticias.com\/editor\/#\/schema\/person\/7a7fd911f58561fd056dbac7b55af9cd"},"potentialAction":[{"@type":"SearchAction","target":{"@type":"EntryPoint","urlTemplate":"https:\/\/luchonoticias.com\/editor\/?s={search_term_string}"},"query-input":{"@type":"PropertyValueSpecification","valueRequired":true,"valueName":"search_term_string"}}],"inLanguage":"es"},{"@type":["Person","Organization"],"@id":"https:\/\/luchonoticias.com\/editor\/#\/schema\/person\/7a7fd911f58561fd056dbac7b55af9cd","name":"admin","image":{"@type":"ImageObject","inLanguage":"es","@id":"https:\/\/luchonoticias.com\/editor\/#\/schema\/person\/image\/","url":"https:\/\/luchonoticias.com\/editor\/wp-content\/uploads\/2024\/02\/cropped-cropped-logolu.webp","contentUrl":"https:\/\/luchonoticias.com\/editor\/wp-content\/uploads\/2024\/02\/cropped-cropped-logolu.webp","width":382,"height":170,"caption":"admin"},"logo":{"@id":"https:\/\/luchonoticias.com\/editor\/#\/schema\/person\/image\/"},"sameAs":["https:\/\/www.facebook.com\/luchonoticiasneiva"]},{"@type":"Person","@id":"https:\/\/luchonoticias.com\/editor\/#\/schema\/person\/29217990ddf6f14e35912b2866d591fb","name":"Editor General","image":{"@type":"ImageObject","inLanguage":"es","@id":"https:\/\/luchonoticias.com\/editor\/#\/schema\/person\/image\/","url":"https:\/\/luchonoticias.com\/editor\/wp-content\/uploads\/2024\/02\/cropped-cropped-logolu-150x150.webp","contentUrl":"https:\/\/luchonoticias.com\/editor\/wp-content\/uploads\/2024\/02\/cropped-cropped-logolu-150x150.webp","caption":"Editor General"},"sameAs":["https:\/\/luchonoticias.com\/"],"url":"https:\/\/luchonoticias.com\/editor\/author\/editor-general\/"}]}},"_links":{"self":[{"href":"https:\/\/luchonoticias.com\/editor\/wp-json\/wp\/v2\/posts\/58002","targetHints":{"allow":["GET"]}}],"collection":[{"href":"https:\/\/luchonoticias.com\/editor\/wp-json\/wp\/v2\/posts"}],"about":[{"href":"https:\/\/luchonoticias.com\/editor\/wp-json\/wp\/v2\/types\/post"}],"author":[{"embeddable":true,"href":"https:\/\/luchonoticias.com\/editor\/wp-json\/wp\/v2\/users\/2"}],"replies":[{"embeddable":true,"href":"https:\/\/luchonoticias.com\/editor\/wp-json\/wp\/v2\/comments?post=58002"}],"version-history":[{"count":0,"href":"https:\/\/luchonoticias.com\/editor\/wp-json\/wp\/v2\/posts\/58002\/revisions"}],"wp:attachment":[{"href":"https:\/\/luchonoticias.com\/editor\/wp-json\/wp\/v2\/media?parent=58002"}],"wp:term":[{"taxonomy":"category","embeddable":true,"href":"https:\/\/luchonoticias.com\/editor\/wp-json\/wp\/v2\/categories?post=58002"},{"taxonomy":"post_tag","embeddable":true,"href":"https:\/\/luchonoticias.com\/editor\/wp-json\/wp\/v2\/tags?post=58002"}],"curies":[{"name":"wp","href":"https:\/\/api.w.org\/{rel}","templated":true}]}}