{"id":58008,"date":"2023-08-11T05:01:29","date_gmt":"2023-08-11T10:01:29","guid":{"rendered":"https:\/\/luchonoticias.com\/?p=58008"},"modified":"2023-08-11T05:01:30","modified_gmt":"2023-08-11T10:01:30","slug":"huila-enfrentara-por-la-liga-al-tolima","status":"publish","type":"post","link":"https:\/\/luchonoticias.com\/editor\/huila-enfrentara-por-la-liga-al-tolima\/","title":{"rendered":"Huila enfrentar\u00e1 por la liga al Tolima"},"content":{"rendered":"\n<p>Esta noche por la\u00a0<strong>quinta fecha\u00a0<\/strong>del campeonato de liga del segundo semestre, el\u00a0<strong>Atl\u00e9tico Huila visitar\u00e1 al Deportes Tolima<\/strong>, en lo que ser\u00e1 el tercer compromiso de la jornada.\u00a0<\/p>\n\n\n\n<p>Los dirigidos por N\u00e9stor Craviotto llegan a este compromiso\u00a0<strong>en medio de un ambiente enrarecido<\/strong>: si bien son terceros en la clasificaci\u00f3n, el l\u00e1nguido empate como local ante Alianza Petrolera ha dejado un sabor amargado dentro de la afici\u00f3n sobre la fiabilidad de la escuadra de cara a fechas posteriores.\u00a0<\/p>\n\n\n\n<p>Un poco m\u00e1s&nbsp;<strong>dubitativa&nbsp;<\/strong>es la<strong>&nbsp;situaci\u00f3n del Deportes Tolima<\/strong>: casilla 13 con solo cuatro puntos y su \u00faltimo juego fue una derrota a domicilio ante Millonarios.<\/p>\n\n\n\n<p>Pensando en este juego tan&nbsp;<strong>solo se ha confirmado un alta m\u00e9dica:<\/strong>&nbsp;la del paraguayo<strong>&nbsp;Blas D\u00edaz,&nbsp;<\/strong>en el caso de Sebasti\u00e1n Hern\u00e1ndez han habido algunas mejoras pero de momento no hay nada confirmado; de otro lado Andr\u00e9s Ariza cumpli\u00f3 su sanci\u00f3n y podr\u00eda, al menos, entrar en la convocatoria.<\/p>\n","protected":false},"excerpt":{"rendered":"<p>Esta noche por la\u00a0quinta fecha\u00a0del campeonato de liga del segundo semestre, el\u00a0Atl\u00e9tico Huila visitar\u00e1 al Deportes Tolima, en lo que ser\u00e1 el tercer compromiso de la jornada.\u00a0 Los dirigidos por N\u00e9stor Craviotto llegan a este compromiso\u00a0en medio de un ambiente enrarecido: si bien son terceros en la clasificaci\u00f3n, el l\u00e1nguido empate como local ante Alianza [&hellip;]<\/p>\n","protected":false},"author":2,"featured_media":0,"comment_status":"open","ping_status":"open","sticky":false,"template":"","format":"standard","meta":{"footnotes":""},"categories":[34],"tags":[],"class_list":["post-58008","post","type-post","status-publish","format-standard","hentry","category-deportes"],"yoast_head":"<!-- This site is optimized with the Yoast SEO plugin v26.6 - https:\/\/yoast.com\/wordpress\/plugins\/seo\/ -->\n<title>Huila enfrentar\u00e1 por la liga al Tolima -<\/title>\n<meta name=\"robots\" content=\"index, follow, max-snippet:-1, max-image-preview:large, max-video-preview:-1\" \/>\n<link rel=\"canonical\" href=\"https:\/\/luchonoticias.com\/editor\/huila-enfrentara-por-la-liga-al-tolima\/\" \/>\n<meta property=\"og:locale\" content=\"es_ES\" \/>\n<meta property=\"og:type\" content=\"article\" \/>\n<meta property=\"og:title\" content=\"Huila enfrentar\u00e1 por la liga al Tolima -\" \/>\n<meta property=\"og:url\" content=\"https:\/\/luchonoticias.com\/editor\/huila-enfrentara-por-la-liga-al-tolima\/\" \/>\n<meta property=\"article:publisher\" content=\"https:\/\/www.facebook.com\/luchonoticiasneiva\" \/>\n<meta property=\"article:published_time\" content=\"2023-08-11T10:01:29+00:00\" \/>\n<meta property=\"article:modified_time\" content=\"2023-08-11T10:01:30+00:00\" \/>\n<meta name=\"author\" content=\"Editor General\" \/>\n<meta name=\"twitter:card\" content=\"summary_large_image\" \/>\n<meta name=\"twitter:label1\" content=\"Escrito por\" \/>\n\t<meta name=\"twitter:data1\" content=\"Editor General\" \/>\n\t<meta name=\"twitter:label2\" content=\"Tiempo de lectura\" \/>\n\t<meta name=\"twitter:data2\" content=\"1 minuto\" \/>\n<script type=\"application\/ld+json\" class=\"yoast-schema-graph\">{\"@context\":\"https:\/\/schema.org\",\"@graph\":[{\"@type\":\"Article\",\"@id\":\"https:\/\/luchonoticias.com\/editor\/huila-enfrentara-por-la-liga-al-tolima\/#article\",\"isPartOf\":{\"@id\":\"https:\/\/luchonoticias.com\/editor\/huila-enfrentara-por-la-liga-al-tolima\/\"},\"author\":{\"name\":\"Editor General\",\"@id\":\"https:\/\/luchonoticias.com\/editor\/#\/schema\/person\/29217990ddf6f14e35912b2866d591fb\"},\"headline\":\"Huila enfrentar\u00e1 por la liga al Tolima\",\"datePublished\":\"2023-08-11T10:01:29+00:00\",\"dateModified\":\"2023-08-11T10:01:30+00:00\",\"mainEntityOfPage\":{\"@id\":\"https:\/\/luchonoticias.com\/editor\/huila-enfrentara-por-la-liga-al-tolima\/\"},\"wordCount\":184,\"commentCount\":0,\"publisher\":{\"@id\":\"https:\/\/luchonoticias.com\/editor\/#\/schema\/person\/7a7fd911f58561fd056dbac7b55af9cd\"},\"articleSection\":[\"Deportes\"],\"inLanguage\":\"es\",\"potentialAction\":[{\"@type\":\"CommentAction\",\"name\":\"Comment\",\"target\":[\"https:\/\/luchonoticias.com\/editor\/huila-enfrentara-por-la-liga-al-tolima\/#respond\"]}]},{\"@type\":\"WebPage\",\"@id\":\"https:\/\/luchonoticias.com\/editor\/huila-enfrentara-por-la-liga-al-tolima\/\",\"url\":\"https:\/\/luchonoticias.com\/editor\/huila-enfrentara-por-la-liga-al-tolima\/\",\"name\":\"Huila enfrentar\u00e1 por la liga al Tolima -\",\"isPartOf\":{\"@id\":\"https:\/\/luchonoticias.com\/editor\/#website\"},\"datePublished\":\"2023-08-11T10:01:29+00:00\",\"dateModified\":\"2023-08-11T10:01:30+00:00\",\"breadcrumb\":{\"@id\":\"https:\/\/luchonoticias.com\/editor\/huila-enfrentara-por-la-liga-al-tolima\/#breadcrumb\"},\"inLanguage\":\"es\",\"potentialAction\":[{\"@type\":\"ReadAction\",\"target\":[\"https:\/\/luchonoticias.com\/editor\/huila-enfrentara-por-la-liga-al-tolima\/\"]}]},{\"@type\":\"BreadcrumbList\",\"@id\":\"https:\/\/luchonoticias.com\/editor\/huila-enfrentara-por-la-liga-al-tolima\/#breadcrumb\",\"itemListElement\":[{\"@type\":\"ListItem\",\"position\":1,\"name\":\"Portada\",\"item\":\"https:\/\/luchonoticias.com\/editor\/\"},{\"@type\":\"ListItem\",\"position\":2,\"name\":\"Huila enfrentar\u00e1 por la liga al Tolima\"}]},{\"@type\":\"WebSite\",\"@id\":\"https:\/\/luchonoticias.com\/editor\/#website\",\"url\":\"https:\/\/luchonoticias.com\/editor\/\",\"name\":\"\",\"description\":\"\",\"publisher\":{\"@id\":\"https:\/\/luchonoticias.com\/editor\/#\/schema\/person\/7a7fd911f58561fd056dbac7b55af9cd\"},\"potentialAction\":[{\"@type\":\"SearchAction\",\"target\":{\"@type\":\"EntryPoint\",\"urlTemplate\":\"https:\/\/luchonoticias.com\/editor\/?s={search_term_string}\"},\"query-input\":{\"@type\":\"PropertyValueSpecification\",\"valueRequired\":true,\"valueName\":\"search_term_string\"}}],\"inLanguage\":\"es\"},{\"@type\":[\"Person\",\"Organization\"],\"@id\":\"https:\/\/luchonoticias.com\/editor\/#\/schema\/person\/7a7fd911f58561fd056dbac7b55af9cd\",\"name\":\"admin\",\"image\":{\"@type\":\"ImageObject\",\"inLanguage\":\"es\",\"@id\":\"https:\/\/luchonoticias.com\/editor\/#\/schema\/person\/image\/\",\"url\":\"https:\/\/luchonoticias.com\/editor\/wp-content\/uploads\/2024\/02\/cropped-cropped-logolu.webp\",\"contentUrl\":\"https:\/\/luchonoticias.com\/editor\/wp-content\/uploads\/2024\/02\/cropped-cropped-logolu.webp\",\"width\":382,\"height\":170,\"caption\":\"admin\"},\"logo\":{\"@id\":\"https:\/\/luchonoticias.com\/editor\/#\/schema\/person\/image\/\"},\"sameAs\":[\"https:\/\/www.facebook.com\/luchonoticiasneiva\"]},{\"@type\":\"Person\",\"@id\":\"https:\/\/luchonoticias.com\/editor\/#\/schema\/person\/29217990ddf6f14e35912b2866d591fb\",\"name\":\"Editor General\",\"image\":{\"@type\":\"ImageObject\",\"inLanguage\":\"es\",\"@id\":\"https:\/\/luchonoticias.com\/editor\/#\/schema\/person\/image\/\",\"url\":\"https:\/\/luchonoticias.com\/editor\/wp-content\/uploads\/2024\/02\/cropped-cropped-logolu-150x150.webp\",\"contentUrl\":\"https:\/\/luchonoticias.com\/editor\/wp-content\/uploads\/2024\/02\/cropped-cropped-logolu-150x150.webp\",\"caption\":\"Editor General\"},\"sameAs\":[\"https:\/\/luchonoticias.com\/\"],\"url\":\"https:\/\/luchonoticias.com\/editor\/author\/editor-general\/\"}]}<\/script>\n<!-- \/ Yoast SEO plugin. -->","yoast_head_json":{"title":"Huila enfrentar\u00e1 por la liga al Tolima -","robots":{"index":"index","follow":"follow","max-snippet":"max-snippet:-1","max-image-preview":"max-image-preview:large","max-video-preview":"max-video-preview:-1"},"canonical":"https:\/\/luchonoticias.com\/editor\/huila-enfrentara-por-la-liga-al-tolima\/","og_locale":"es_ES","og_type":"article","og_title":"Huila enfrentar\u00e1 por la liga al Tolima -","og_url":"https:\/\/luchonoticias.com\/editor\/huila-enfrentara-por-la-liga-al-tolima\/","article_publisher":"https:\/\/www.facebook.com\/luchonoticiasneiva","article_published_time":"2023-08-11T10:01:29+00:00","article_modified_time":"2023-08-11T10:01:30+00:00","author":"Editor General","twitter_card":"summary_large_image","twitter_misc":{"Escrito por":"Editor General","Tiempo de lectura":"1 minuto"},"schema":{"@context":"https:\/\/schema.org","@graph":[{"@type":"Article","@id":"https:\/\/luchonoticias.com\/editor\/huila-enfrentara-por-la-liga-al-tolima\/#article","isPartOf":{"@id":"https:\/\/luchonoticias.com\/editor\/huila-enfrentara-por-la-liga-al-tolima\/"},"author":{"name":"Editor General","@id":"https:\/\/luchonoticias.com\/editor\/#\/schema\/person\/29217990ddf6f14e35912b2866d591fb"},"headline":"Huila enfrentar\u00e1 por la liga al Tolima","datePublished":"2023-08-11T10:01:29+00:00","dateModified":"2023-08-11T10:01:30+00:00","mainEntityOfPage":{"@id":"https:\/\/luchonoticias.com\/editor\/huila-enfrentara-por-la-liga-al-tolima\/"},"wordCount":184,"commentCount":0,"publisher":{"@id":"https:\/\/luchonoticias.com\/editor\/#\/schema\/person\/7a7fd911f58561fd056dbac7b55af9cd"},"articleSection":["Deportes"],"inLanguage":"es","potentialAction":[{"@type":"CommentAction","name":"Comment","target":["https:\/\/luchonoticias.com\/editor\/huila-enfrentara-por-la-liga-al-tolima\/#respond"]}]},{"@type":"WebPage","@id":"https:\/\/luchonoticias.com\/editor\/huila-enfrentara-por-la-liga-al-tolima\/","url":"https:\/\/luchonoticias.com\/editor\/huila-enfrentara-por-la-liga-al-tolima\/","name":"Huila enfrentar\u00e1 por la liga al Tolima -","isPartOf":{"@id":"https:\/\/luchonoticias.com\/editor\/#website"},"datePublished":"2023-08-11T10:01:29+00:00","dateModified":"2023-08-11T10:01:30+00:00","breadcrumb":{"@id":"https:\/\/luchonoticias.com\/editor\/huila-enfrentara-por-la-liga-al-tolima\/#breadcrumb"},"inLanguage":"es","potentialAction":[{"@type":"ReadAction","target":["https:\/\/luchonoticias.com\/editor\/huila-enfrentara-por-la-liga-al-tolima\/"]}]},{"@type":"BreadcrumbList","@id":"https:\/\/luchonoticias.com\/editor\/huila-enfrentara-por-la-liga-al-tolima\/#breadcrumb","itemListElement":[{"@type":"ListItem","position":1,"name":"Portada","item":"https:\/\/luchonoticias.com\/editor\/"},{"@type":"ListItem","position":2,"name":"Huila enfrentar\u00e1 por la liga al Tolima"}]},{"@type":"WebSite","@id":"https:\/\/luchonoticias.com\/editor\/#website","url":"https:\/\/luchonoticias.com\/editor\/","name":"","description":"","publisher":{"@id":"https:\/\/luchonoticias.com\/editor\/#\/schema\/person\/7a7fd911f58561fd056dbac7b55af9cd"},"potentialAction":[{"@type":"SearchAction","target":{"@type":"EntryPoint","urlTemplate":"https:\/\/luchonoticias.com\/editor\/?s={search_term_string}"},"query-input":{"@type":"PropertyValueSpecification","valueRequired":true,"valueName":"search_term_string"}}],"inLanguage":"es"},{"@type":["Person","Organization"],"@id":"https:\/\/luchonoticias.com\/editor\/#\/schema\/person\/7a7fd911f58561fd056dbac7b55af9cd","name":"admin","image":{"@type":"ImageObject","inLanguage":"es","@id":"https:\/\/luchonoticias.com\/editor\/#\/schema\/person\/image\/","url":"https:\/\/luchonoticias.com\/editor\/wp-content\/uploads\/2024\/02\/cropped-cropped-logolu.webp","contentUrl":"https:\/\/luchonoticias.com\/editor\/wp-content\/uploads\/2024\/02\/cropped-cropped-logolu.webp","width":382,"height":170,"caption":"admin"},"logo":{"@id":"https:\/\/luchonoticias.com\/editor\/#\/schema\/person\/image\/"},"sameAs":["https:\/\/www.facebook.com\/luchonoticiasneiva"]},{"@type":"Person","@id":"https:\/\/luchonoticias.com\/editor\/#\/schema\/person\/29217990ddf6f14e35912b2866d591fb","name":"Editor General","image":{"@type":"ImageObject","inLanguage":"es","@id":"https:\/\/luchonoticias.com\/editor\/#\/schema\/person\/image\/","url":"https:\/\/luchonoticias.com\/editor\/wp-content\/uploads\/2024\/02\/cropped-cropped-logolu-150x150.webp","contentUrl":"https:\/\/luchonoticias.com\/editor\/wp-content\/uploads\/2024\/02\/cropped-cropped-logolu-150x150.webp","caption":"Editor General"},"sameAs":["https:\/\/luchonoticias.com\/"],"url":"https:\/\/luchonoticias.com\/editor\/author\/editor-general\/"}]}},"_links":{"self":[{"href":"https:\/\/luchonoticias.com\/editor\/wp-json\/wp\/v2\/posts\/58008","targetHints":{"allow":["GET"]}}],"collection":[{"href":"https:\/\/luchonoticias.com\/editor\/wp-json\/wp\/v2\/posts"}],"about":[{"href":"https:\/\/luchonoticias.com\/editor\/wp-json\/wp\/v2\/types\/post"}],"author":[{"embeddable":true,"href":"https:\/\/luchonoticias.com\/editor\/wp-json\/wp\/v2\/users\/2"}],"replies":[{"embeddable":true,"href":"https:\/\/luchonoticias.com\/editor\/wp-json\/wp\/v2\/comments?post=58008"}],"version-history":[{"count":0,"href":"https:\/\/luchonoticias.com\/editor\/wp-json\/wp\/v2\/posts\/58008\/revisions"}],"wp:attachment":[{"href":"https:\/\/luchonoticias.com\/editor\/wp-json\/wp\/v2\/media?parent=58008"}],"wp:term":[{"taxonomy":"category","embeddable":true,"href":"https:\/\/luchonoticias.com\/editor\/wp-json\/wp\/v2\/categories?post=58008"},{"taxonomy":"post_tag","embeddable":true,"href":"https:\/\/luchonoticias.com\/editor\/wp-json\/wp\/v2\/tags?post=58008"}],"curies":[{"name":"wp","href":"https:\/\/api.w.org\/{rel}","templated":true}]}}