{"id":58011,"date":"2023-08-11T05:04:10","date_gmt":"2023-08-11T10:04:10","guid":{"rendered":"https:\/\/luchonoticias.com\/?p=58011"},"modified":"2023-08-11T05:04:11","modified_gmt":"2023-08-11T10:04:11","slug":"el-departamento-se-organiza-en-materia-apicola","status":"publish","type":"post","link":"https:\/\/luchonoticias.com\/editor\/el-departamento-se-organiza-en-materia-apicola\/","title":{"rendered":"El departamento se organiza en materia ap\u00edcola"},"content":{"rendered":"\n<p>A instancias de la Secretar\u00eda de Agricultura y Miner\u00eda del Departamento, se adelant\u00f3 una mesa de trabajo en las instalaciones de Huila E de la C\u00e1mara de Comercio del Huila, de la que participaron representantes de asociaciones de apicultores, as\u00ed como entidades p\u00fablicas, donde fueron\u00a0<strong>escogidos los integrantes del Comit\u00e9 Regional Ap\u00edcola.<\/strong><\/p>\n\n\n\n<p>En adelante este equipo conformado por representantes de los eslabones de producci\u00f3n, acopio y comercializaci\u00f3n, transformaci\u00f3n, y exportaci\u00f3n, tendr\u00e1n la tarea de\u00a0<strong>adelantar un permanente di\u00e1logo\u00a0<\/strong>con los apicultores, el gobierno departamental y nacional, instituciones p\u00fablicas, y dem\u00e1s actores, para avanzar en la\u00a0<strong>constituci\u00f3n legal de la cadena ap\u00edcola del departamento.<\/strong><\/p>\n\n\n\n<p>A su vez, este trabajo articulado debe&nbsp;<strong>conducir a la construcci\u00f3n del acuerdo de productividad y competitividad del sector,<\/strong>&nbsp;que traza la l\u00ednea base para su crecimiento, y la visi\u00f3n para las siguientes d\u00e9cadas; todo esto encaminado en hacer de la apicultura un rengl\u00f3n m\u00e1s productivo, sostenible, y competitivo.<\/p>\n\n\n\n<p>Para Clara Isabel Moyano, apoyo t\u00e9cnico de la Secretar\u00eda de Agricultura y Miner\u00eda al sector ap\u00edcola del departamento, la conformaci\u00f3n del comit\u00e9 regional de la cadena ap\u00edcola es&nbsp;<strong>crucial para avanzar en nuevas acciones a favor de este sector.<\/strong><\/p>\n\n\n\n<p>\u201cNos reunimos a instancias de la Secretar\u00eda de Agricultura y Miner\u00eda de la Gobernaci\u00f3n del Huila, para conformar el comit\u00e9 regional de la cadena ap\u00edcola, eligiendo a los representantes de los eslabones de producci\u00f3n, acopio y comercializaci\u00f3n, transformaci\u00f3n, y exportaci\u00f3n, en una mesa de trabajo que tuvo gran acogida por parte de los apicultores, que permitir\u00e1 sin duda avanzar en la constituci\u00f3n legal de la Cadena Ap\u00edcola, y<strong>&nbsp;construir el acuerdo de productividad y competitividad del sector<\/strong>\u201d, indic\u00f3 la profesional.<\/p>\n","protected":false},"excerpt":{"rendered":"<p>A instancias de la Secretar\u00eda de Agricultura y Miner\u00eda del Departamento, se adelant\u00f3 una mesa de trabajo en las instalaciones de Huila E de la C\u00e1mara de Comercio del Huila, de la que participaron representantes de asociaciones de apicultores, as\u00ed como entidades p\u00fablicas, donde fueron\u00a0escogidos los integrantes del Comit\u00e9 Regional Ap\u00edcola. En adelante este equipo [&hellip;]<\/p>\n","protected":false},"author":2,"featured_media":0,"comment_status":"open","ping_status":"open","sticky":false,"template":"","format":"standard","meta":{"footnotes":""},"categories":[33],"tags":[],"class_list":["post-58011","post","type-post","status-publish","format-standard","hentry","category-huila"],"yoast_head":"<!-- This site is optimized with the Yoast SEO plugin v26.6 - https:\/\/yoast.com\/wordpress\/plugins\/seo\/ -->\n<title>El departamento se organiza en materia ap\u00edcola -<\/title>\n<meta name=\"robots\" content=\"index, follow, max-snippet:-1, max-image-preview:large, max-video-preview:-1\" \/>\n<link rel=\"canonical\" href=\"https:\/\/luchonoticias.com\/editor\/el-departamento-se-organiza-en-materia-apicola\/\" \/>\n<meta property=\"og:locale\" content=\"es_ES\" \/>\n<meta property=\"og:type\" content=\"article\" \/>\n<meta property=\"og:title\" content=\"El departamento se organiza en materia ap\u00edcola -\" \/>\n<meta property=\"og:url\" content=\"https:\/\/luchonoticias.com\/editor\/el-departamento-se-organiza-en-materia-apicola\/\" \/>\n<meta property=\"article:publisher\" content=\"https:\/\/www.facebook.com\/luchonoticiasneiva\" \/>\n<meta property=\"article:published_time\" content=\"2023-08-11T10:04:10+00:00\" \/>\n<meta property=\"article:modified_time\" content=\"2023-08-11T10:04:11+00:00\" \/>\n<meta name=\"author\" content=\"Editor General\" \/>\n<meta name=\"twitter:card\" content=\"summary_large_image\" \/>\n<meta name=\"twitter:label1\" content=\"Escrito por\" \/>\n\t<meta name=\"twitter:data1\" content=\"Editor General\" \/>\n\t<meta name=\"twitter:label2\" content=\"Tiempo de lectura\" \/>\n\t<meta name=\"twitter:data2\" content=\"2 minutos\" \/>\n<script type=\"application\/ld+json\" class=\"yoast-schema-graph\">{\"@context\":\"https:\/\/schema.org\",\"@graph\":[{\"@type\":\"Article\",\"@id\":\"https:\/\/luchonoticias.com\/editor\/el-departamento-se-organiza-en-materia-apicola\/#article\",\"isPartOf\":{\"@id\":\"https:\/\/luchonoticias.com\/editor\/el-departamento-se-organiza-en-materia-apicola\/\"},\"author\":{\"name\":\"Editor General\",\"@id\":\"https:\/\/luchonoticias.com\/editor\/#\/schema\/person\/29217990ddf6f14e35912b2866d591fb\"},\"headline\":\"El departamento se organiza en materia ap\u00edcola\",\"datePublished\":\"2023-08-11T10:04:10+00:00\",\"dateModified\":\"2023-08-11T10:04:11+00:00\",\"mainEntityOfPage\":{\"@id\":\"https:\/\/luchonoticias.com\/editor\/el-departamento-se-organiza-en-materia-apicola\/\"},\"wordCount\":320,\"commentCount\":0,\"publisher\":{\"@id\":\"https:\/\/luchonoticias.com\/editor\/#\/schema\/person\/7a7fd911f58561fd056dbac7b55af9cd\"},\"articleSection\":[\"Huila\"],\"inLanguage\":\"es\",\"potentialAction\":[{\"@type\":\"CommentAction\",\"name\":\"Comment\",\"target\":[\"https:\/\/luchonoticias.com\/editor\/el-departamento-se-organiza-en-materia-apicola\/#respond\"]}]},{\"@type\":\"WebPage\",\"@id\":\"https:\/\/luchonoticias.com\/editor\/el-departamento-se-organiza-en-materia-apicola\/\",\"url\":\"https:\/\/luchonoticias.com\/editor\/el-departamento-se-organiza-en-materia-apicola\/\",\"name\":\"El departamento se organiza en materia ap\u00edcola -\",\"isPartOf\":{\"@id\":\"https:\/\/luchonoticias.com\/editor\/#website\"},\"datePublished\":\"2023-08-11T10:04:10+00:00\",\"dateModified\":\"2023-08-11T10:04:11+00:00\",\"breadcrumb\":{\"@id\":\"https:\/\/luchonoticias.com\/editor\/el-departamento-se-organiza-en-materia-apicola\/#breadcrumb\"},\"inLanguage\":\"es\",\"potentialAction\":[{\"@type\":\"ReadAction\",\"target\":[\"https:\/\/luchonoticias.com\/editor\/el-departamento-se-organiza-en-materia-apicola\/\"]}]},{\"@type\":\"BreadcrumbList\",\"@id\":\"https:\/\/luchonoticias.com\/editor\/el-departamento-se-organiza-en-materia-apicola\/#breadcrumb\",\"itemListElement\":[{\"@type\":\"ListItem\",\"position\":1,\"name\":\"Portada\",\"item\":\"https:\/\/luchonoticias.com\/editor\/\"},{\"@type\":\"ListItem\",\"position\":2,\"name\":\"El departamento se organiza en materia ap\u00edcola\"}]},{\"@type\":\"WebSite\",\"@id\":\"https:\/\/luchonoticias.com\/editor\/#website\",\"url\":\"https:\/\/luchonoticias.com\/editor\/\",\"name\":\"\",\"description\":\"\",\"publisher\":{\"@id\":\"https:\/\/luchonoticias.com\/editor\/#\/schema\/person\/7a7fd911f58561fd056dbac7b55af9cd\"},\"potentialAction\":[{\"@type\":\"SearchAction\",\"target\":{\"@type\":\"EntryPoint\",\"urlTemplate\":\"https:\/\/luchonoticias.com\/editor\/?s={search_term_string}\"},\"query-input\":{\"@type\":\"PropertyValueSpecification\",\"valueRequired\":true,\"valueName\":\"search_term_string\"}}],\"inLanguage\":\"es\"},{\"@type\":[\"Person\",\"Organization\"],\"@id\":\"https:\/\/luchonoticias.com\/editor\/#\/schema\/person\/7a7fd911f58561fd056dbac7b55af9cd\",\"name\":\"admin\",\"image\":{\"@type\":\"ImageObject\",\"inLanguage\":\"es\",\"@id\":\"https:\/\/luchonoticias.com\/editor\/#\/schema\/person\/image\/\",\"url\":\"https:\/\/luchonoticias.com\/editor\/wp-content\/uploads\/2024\/02\/cropped-cropped-logolu.webp\",\"contentUrl\":\"https:\/\/luchonoticias.com\/editor\/wp-content\/uploads\/2024\/02\/cropped-cropped-logolu.webp\",\"width\":382,\"height\":170,\"caption\":\"admin\"},\"logo\":{\"@id\":\"https:\/\/luchonoticias.com\/editor\/#\/schema\/person\/image\/\"},\"sameAs\":[\"https:\/\/www.facebook.com\/luchonoticiasneiva\"]},{\"@type\":\"Person\",\"@id\":\"https:\/\/luchonoticias.com\/editor\/#\/schema\/person\/29217990ddf6f14e35912b2866d591fb\",\"name\":\"Editor General\",\"image\":{\"@type\":\"ImageObject\",\"inLanguage\":\"es\",\"@id\":\"https:\/\/luchonoticias.com\/editor\/#\/schema\/person\/image\/\",\"url\":\"https:\/\/luchonoticias.com\/editor\/wp-content\/uploads\/2024\/02\/cropped-cropped-logolu-150x150.webp\",\"contentUrl\":\"https:\/\/luchonoticias.com\/editor\/wp-content\/uploads\/2024\/02\/cropped-cropped-logolu-150x150.webp\",\"caption\":\"Editor General\"},\"sameAs\":[\"https:\/\/luchonoticias.com\/\"],\"url\":\"https:\/\/luchonoticias.com\/editor\/author\/editor-general\/\"}]}<\/script>\n<!-- \/ Yoast SEO plugin. -->","yoast_head_json":{"title":"El departamento se organiza en materia ap\u00edcola -","robots":{"index":"index","follow":"follow","max-snippet":"max-snippet:-1","max-image-preview":"max-image-preview:large","max-video-preview":"max-video-preview:-1"},"canonical":"https:\/\/luchonoticias.com\/editor\/el-departamento-se-organiza-en-materia-apicola\/","og_locale":"es_ES","og_type":"article","og_title":"El departamento se organiza en materia ap\u00edcola -","og_url":"https:\/\/luchonoticias.com\/editor\/el-departamento-se-organiza-en-materia-apicola\/","article_publisher":"https:\/\/www.facebook.com\/luchonoticiasneiva","article_published_time":"2023-08-11T10:04:10+00:00","article_modified_time":"2023-08-11T10:04:11+00:00","author":"Editor General","twitter_card":"summary_large_image","twitter_misc":{"Escrito por":"Editor General","Tiempo de lectura":"2 minutos"},"schema":{"@context":"https:\/\/schema.org","@graph":[{"@type":"Article","@id":"https:\/\/luchonoticias.com\/editor\/el-departamento-se-organiza-en-materia-apicola\/#article","isPartOf":{"@id":"https:\/\/luchonoticias.com\/editor\/el-departamento-se-organiza-en-materia-apicola\/"},"author":{"name":"Editor General","@id":"https:\/\/luchonoticias.com\/editor\/#\/schema\/person\/29217990ddf6f14e35912b2866d591fb"},"headline":"El departamento se organiza en materia ap\u00edcola","datePublished":"2023-08-11T10:04:10+00:00","dateModified":"2023-08-11T10:04:11+00:00","mainEntityOfPage":{"@id":"https:\/\/luchonoticias.com\/editor\/el-departamento-se-organiza-en-materia-apicola\/"},"wordCount":320,"commentCount":0,"publisher":{"@id":"https:\/\/luchonoticias.com\/editor\/#\/schema\/person\/7a7fd911f58561fd056dbac7b55af9cd"},"articleSection":["Huila"],"inLanguage":"es","potentialAction":[{"@type":"CommentAction","name":"Comment","target":["https:\/\/luchonoticias.com\/editor\/el-departamento-se-organiza-en-materia-apicola\/#respond"]}]},{"@type":"WebPage","@id":"https:\/\/luchonoticias.com\/editor\/el-departamento-se-organiza-en-materia-apicola\/","url":"https:\/\/luchonoticias.com\/editor\/el-departamento-se-organiza-en-materia-apicola\/","name":"El departamento se organiza en materia ap\u00edcola -","isPartOf":{"@id":"https:\/\/luchonoticias.com\/editor\/#website"},"datePublished":"2023-08-11T10:04:10+00:00","dateModified":"2023-08-11T10:04:11+00:00","breadcrumb":{"@id":"https:\/\/luchonoticias.com\/editor\/el-departamento-se-organiza-en-materia-apicola\/#breadcrumb"},"inLanguage":"es","potentialAction":[{"@type":"ReadAction","target":["https:\/\/luchonoticias.com\/editor\/el-departamento-se-organiza-en-materia-apicola\/"]}]},{"@type":"BreadcrumbList","@id":"https:\/\/luchonoticias.com\/editor\/el-departamento-se-organiza-en-materia-apicola\/#breadcrumb","itemListElement":[{"@type":"ListItem","position":1,"name":"Portada","item":"https:\/\/luchonoticias.com\/editor\/"},{"@type":"ListItem","position":2,"name":"El departamento se organiza en materia ap\u00edcola"}]},{"@type":"WebSite","@id":"https:\/\/luchonoticias.com\/editor\/#website","url":"https:\/\/luchonoticias.com\/editor\/","name":"","description":"","publisher":{"@id":"https:\/\/luchonoticias.com\/editor\/#\/schema\/person\/7a7fd911f58561fd056dbac7b55af9cd"},"potentialAction":[{"@type":"SearchAction","target":{"@type":"EntryPoint","urlTemplate":"https:\/\/luchonoticias.com\/editor\/?s={search_term_string}"},"query-input":{"@type":"PropertyValueSpecification","valueRequired":true,"valueName":"search_term_string"}}],"inLanguage":"es"},{"@type":["Person","Organization"],"@id":"https:\/\/luchonoticias.com\/editor\/#\/schema\/person\/7a7fd911f58561fd056dbac7b55af9cd","name":"admin","image":{"@type":"ImageObject","inLanguage":"es","@id":"https:\/\/luchonoticias.com\/editor\/#\/schema\/person\/image\/","url":"https:\/\/luchonoticias.com\/editor\/wp-content\/uploads\/2024\/02\/cropped-cropped-logolu.webp","contentUrl":"https:\/\/luchonoticias.com\/editor\/wp-content\/uploads\/2024\/02\/cropped-cropped-logolu.webp","width":382,"height":170,"caption":"admin"},"logo":{"@id":"https:\/\/luchonoticias.com\/editor\/#\/schema\/person\/image\/"},"sameAs":["https:\/\/www.facebook.com\/luchonoticiasneiva"]},{"@type":"Person","@id":"https:\/\/luchonoticias.com\/editor\/#\/schema\/person\/29217990ddf6f14e35912b2866d591fb","name":"Editor General","image":{"@type":"ImageObject","inLanguage":"es","@id":"https:\/\/luchonoticias.com\/editor\/#\/schema\/person\/image\/","url":"https:\/\/luchonoticias.com\/editor\/wp-content\/uploads\/2024\/02\/cropped-cropped-logolu-150x150.webp","contentUrl":"https:\/\/luchonoticias.com\/editor\/wp-content\/uploads\/2024\/02\/cropped-cropped-logolu-150x150.webp","caption":"Editor General"},"sameAs":["https:\/\/luchonoticias.com\/"],"url":"https:\/\/luchonoticias.com\/editor\/author\/editor-general\/"}]}},"_links":{"self":[{"href":"https:\/\/luchonoticias.com\/editor\/wp-json\/wp\/v2\/posts\/58011","targetHints":{"allow":["GET"]}}],"collection":[{"href":"https:\/\/luchonoticias.com\/editor\/wp-json\/wp\/v2\/posts"}],"about":[{"href":"https:\/\/luchonoticias.com\/editor\/wp-json\/wp\/v2\/types\/post"}],"author":[{"embeddable":true,"href":"https:\/\/luchonoticias.com\/editor\/wp-json\/wp\/v2\/users\/2"}],"replies":[{"embeddable":true,"href":"https:\/\/luchonoticias.com\/editor\/wp-json\/wp\/v2\/comments?post=58011"}],"version-history":[{"count":0,"href":"https:\/\/luchonoticias.com\/editor\/wp-json\/wp\/v2\/posts\/58011\/revisions"}],"wp:attachment":[{"href":"https:\/\/luchonoticias.com\/editor\/wp-json\/wp\/v2\/media?parent=58011"}],"wp:term":[{"taxonomy":"category","embeddable":true,"href":"https:\/\/luchonoticias.com\/editor\/wp-json\/wp\/v2\/categories?post=58011"},{"taxonomy":"post_tag","embeddable":true,"href":"https:\/\/luchonoticias.com\/editor\/wp-json\/wp\/v2\/tags?post=58011"}],"curies":[{"name":"wp","href":"https:\/\/api.w.org\/{rel}","templated":true}]}}