{"id":58017,"date":"2023-08-11T05:54:56","date_gmt":"2023-08-11T10:54:56","guid":{"rendered":"https:\/\/luchonoticias.com\/?p=58017"},"modified":"2023-08-11T05:54:57","modified_gmt":"2023-08-11T10:54:57","slug":"preocupante-situacion-de-accidentes-viales-en-neiva","status":"publish","type":"post","link":"https:\/\/luchonoticias.com\/editor\/preocupante-situacion-de-accidentes-viales-en-neiva\/","title":{"rendered":"Preocupante situaci\u00f3n de accidentes viales en Neiva"},"content":{"rendered":"\n<p>La <strong>Agencia Nacional de Seguridad Vial, <\/strong>a trav\u00e9s del Observatorio Nacional de Seguridad Vial (ONSV) identific\u00f3 <strong>diez ciudades capitales<\/strong> en las que, en lo corrido del primer semestre de 2023, presentan un <strong>aumento significativo de fallecimientos a causa de siniestros viales<\/strong>, entre ellas Neiva.\u00a0<\/p>\n\n\n\n<p>De acuerdo con el ente nacional, entre enero y diciembre 2022 se registraron en Neiva 66 fallecidos. <strong>Entre enero y junio de 2023 se registraron 36 muertes,<\/strong> lo que representa un aumento de 9 personas, en comparaci\u00f3n con el mismo periodo en 2022.\u00a0<\/p>\n\n\n\n<p>Seg\u00fan el an\u00e1lisis de proyecciones de muertes elaboradas por el ONSV, <strong>los tres escenarios en los que podr\u00eda terminar el a\u00f1o en la capital del departamento de Huila <\/strong>ser\u00edan: si se intensifican acciones efectivas de control para reducir los siniestros viales cerrar\u00eda el a\u00f1o con 51 fallecidos, si se continua con las actividades actuales de seguridad vial finalizar\u00eda 2023 con 77 o por el contrario reduce los esfuerzo para salvar vidas podr\u00eda llegar a tener 102 fallecidos al cierre del a\u00f1o.\u00a0<\/p>\n\n\n\n<p>Por su parte, en cuanto a la tasa de fallecidos,<strong> Neiva cerr\u00f3 el 2022 con una tasa de 17,8 por cada 100.000 habitantes.<\/strong> Si se intensifican acciones efectivas de control para reducir los siniestros viales cerrar\u00eda con 13,4, si mantienen las acciones de seguridad vial finalizar\u00eda 2023 con 20,2 o si disminuye las acciones para salvar vidas podr\u00eda llegar a una tasa de 27 al cerrar el a\u00f1o, por encima de la media nacional en 2022 que fue de 16 fallecidos por cada 100 mil habitantes.\u00a0<\/p>\n","protected":false},"excerpt":{"rendered":"<p>La Agencia Nacional de Seguridad Vial, a trav\u00e9s del Observatorio Nacional de Seguridad Vial (ONSV) identific\u00f3 diez ciudades capitales en las que, en lo corrido del primer semestre de 2023, presentan un aumento significativo de fallecimientos a causa de siniestros viales, entre ellas Neiva.\u00a0 De acuerdo con el ente nacional, entre enero y diciembre 2022 [&hellip;]<\/p>\n","protected":false},"author":2,"featured_media":0,"comment_status":"open","ping_status":"open","sticky":false,"template":"","format":"standard","meta":{"footnotes":""},"categories":[33],"tags":[],"class_list":["post-58017","post","type-post","status-publish","format-standard","hentry","category-huila"],"yoast_head":"<!-- This site is optimized with the Yoast SEO plugin v26.6 - https:\/\/yoast.com\/wordpress\/plugins\/seo\/ -->\n<title>Preocupante situaci\u00f3n de accidentes viales en Neiva -<\/title>\n<meta name=\"robots\" content=\"index, follow, max-snippet:-1, max-image-preview:large, max-video-preview:-1\" \/>\n<link rel=\"canonical\" href=\"https:\/\/luchonoticias.com\/editor\/preocupante-situacion-de-accidentes-viales-en-neiva\/\" \/>\n<meta property=\"og:locale\" content=\"es_ES\" \/>\n<meta property=\"og:type\" content=\"article\" \/>\n<meta property=\"og:title\" content=\"Preocupante situaci\u00f3n de accidentes viales en Neiva -\" \/>\n<meta property=\"og:url\" content=\"https:\/\/luchonoticias.com\/editor\/preocupante-situacion-de-accidentes-viales-en-neiva\/\" \/>\n<meta property=\"article:publisher\" content=\"https:\/\/www.facebook.com\/luchonoticiasneiva\" \/>\n<meta property=\"article:published_time\" content=\"2023-08-11T10:54:56+00:00\" \/>\n<meta property=\"article:modified_time\" content=\"2023-08-11T10:54:57+00:00\" \/>\n<meta name=\"author\" content=\"Editor General\" \/>\n<meta name=\"twitter:card\" content=\"summary_large_image\" \/>\n<meta name=\"twitter:label1\" content=\"Escrito por\" \/>\n\t<meta name=\"twitter:data1\" content=\"Editor General\" \/>\n\t<meta name=\"twitter:label2\" content=\"Tiempo de lectura\" \/>\n\t<meta name=\"twitter:data2\" content=\"1 minuto\" \/>\n<script type=\"application\/ld+json\" class=\"yoast-schema-graph\">{\"@context\":\"https:\/\/schema.org\",\"@graph\":[{\"@type\":\"Article\",\"@id\":\"https:\/\/luchonoticias.com\/editor\/preocupante-situacion-de-accidentes-viales-en-neiva\/#article\",\"isPartOf\":{\"@id\":\"https:\/\/luchonoticias.com\/editor\/preocupante-situacion-de-accidentes-viales-en-neiva\/\"},\"author\":{\"name\":\"Editor General\",\"@id\":\"https:\/\/luchonoticias.com\/editor\/#\/schema\/person\/29217990ddf6f14e35912b2866d591fb\"},\"headline\":\"Preocupante situaci\u00f3n de accidentes viales en Neiva\",\"datePublished\":\"2023-08-11T10:54:56+00:00\",\"dateModified\":\"2023-08-11T10:54:57+00:00\",\"mainEntityOfPage\":{\"@id\":\"https:\/\/luchonoticias.com\/editor\/preocupante-situacion-de-accidentes-viales-en-neiva\/\"},\"wordCount\":257,\"commentCount\":0,\"publisher\":{\"@id\":\"https:\/\/luchonoticias.com\/editor\/#\/schema\/person\/7a7fd911f58561fd056dbac7b55af9cd\"},\"articleSection\":[\"Huila\"],\"inLanguage\":\"es\",\"potentialAction\":[{\"@type\":\"CommentAction\",\"name\":\"Comment\",\"target\":[\"https:\/\/luchonoticias.com\/editor\/preocupante-situacion-de-accidentes-viales-en-neiva\/#respond\"]}]},{\"@type\":\"WebPage\",\"@id\":\"https:\/\/luchonoticias.com\/editor\/preocupante-situacion-de-accidentes-viales-en-neiva\/\",\"url\":\"https:\/\/luchonoticias.com\/editor\/preocupante-situacion-de-accidentes-viales-en-neiva\/\",\"name\":\"Preocupante situaci\u00f3n de accidentes viales en Neiva -\",\"isPartOf\":{\"@id\":\"https:\/\/luchonoticias.com\/editor\/#website\"},\"datePublished\":\"2023-08-11T10:54:56+00:00\",\"dateModified\":\"2023-08-11T10:54:57+00:00\",\"breadcrumb\":{\"@id\":\"https:\/\/luchonoticias.com\/editor\/preocupante-situacion-de-accidentes-viales-en-neiva\/#breadcrumb\"},\"inLanguage\":\"es\",\"potentialAction\":[{\"@type\":\"ReadAction\",\"target\":[\"https:\/\/luchonoticias.com\/editor\/preocupante-situacion-de-accidentes-viales-en-neiva\/\"]}]},{\"@type\":\"BreadcrumbList\",\"@id\":\"https:\/\/luchonoticias.com\/editor\/preocupante-situacion-de-accidentes-viales-en-neiva\/#breadcrumb\",\"itemListElement\":[{\"@type\":\"ListItem\",\"position\":1,\"name\":\"Portada\",\"item\":\"https:\/\/luchonoticias.com\/editor\/\"},{\"@type\":\"ListItem\",\"position\":2,\"name\":\"Preocupante situaci\u00f3n de accidentes viales en Neiva\"}]},{\"@type\":\"WebSite\",\"@id\":\"https:\/\/luchonoticias.com\/editor\/#website\",\"url\":\"https:\/\/luchonoticias.com\/editor\/\",\"name\":\"\",\"description\":\"\",\"publisher\":{\"@id\":\"https:\/\/luchonoticias.com\/editor\/#\/schema\/person\/7a7fd911f58561fd056dbac7b55af9cd\"},\"potentialAction\":[{\"@type\":\"SearchAction\",\"target\":{\"@type\":\"EntryPoint\",\"urlTemplate\":\"https:\/\/luchonoticias.com\/editor\/?s={search_term_string}\"},\"query-input\":{\"@type\":\"PropertyValueSpecification\",\"valueRequired\":true,\"valueName\":\"search_term_string\"}}],\"inLanguage\":\"es\"},{\"@type\":[\"Person\",\"Organization\"],\"@id\":\"https:\/\/luchonoticias.com\/editor\/#\/schema\/person\/7a7fd911f58561fd056dbac7b55af9cd\",\"name\":\"admin\",\"image\":{\"@type\":\"ImageObject\",\"inLanguage\":\"es\",\"@id\":\"https:\/\/luchonoticias.com\/editor\/#\/schema\/person\/image\/\",\"url\":\"https:\/\/luchonoticias.com\/editor\/wp-content\/uploads\/2024\/02\/cropped-cropped-logolu.webp\",\"contentUrl\":\"https:\/\/luchonoticias.com\/editor\/wp-content\/uploads\/2024\/02\/cropped-cropped-logolu.webp\",\"width\":382,\"height\":170,\"caption\":\"admin\"},\"logo\":{\"@id\":\"https:\/\/luchonoticias.com\/editor\/#\/schema\/person\/image\/\"},\"sameAs\":[\"https:\/\/www.facebook.com\/luchonoticiasneiva\"]},{\"@type\":\"Person\",\"@id\":\"https:\/\/luchonoticias.com\/editor\/#\/schema\/person\/29217990ddf6f14e35912b2866d591fb\",\"name\":\"Editor General\",\"image\":{\"@type\":\"ImageObject\",\"inLanguage\":\"es\",\"@id\":\"https:\/\/luchonoticias.com\/editor\/#\/schema\/person\/image\/\",\"url\":\"https:\/\/luchonoticias.com\/editor\/wp-content\/uploads\/2024\/02\/cropped-cropped-logolu-150x150.webp\",\"contentUrl\":\"https:\/\/luchonoticias.com\/editor\/wp-content\/uploads\/2024\/02\/cropped-cropped-logolu-150x150.webp\",\"caption\":\"Editor General\"},\"sameAs\":[\"https:\/\/luchonoticias.com\/\"],\"url\":\"https:\/\/luchonoticias.com\/editor\/author\/editor-general\/\"}]}<\/script>\n<!-- \/ Yoast SEO plugin. -->","yoast_head_json":{"title":"Preocupante situaci\u00f3n de accidentes viales en Neiva -","robots":{"index":"index","follow":"follow","max-snippet":"max-snippet:-1","max-image-preview":"max-image-preview:large","max-video-preview":"max-video-preview:-1"},"canonical":"https:\/\/luchonoticias.com\/editor\/preocupante-situacion-de-accidentes-viales-en-neiva\/","og_locale":"es_ES","og_type":"article","og_title":"Preocupante situaci\u00f3n de accidentes viales en Neiva -","og_url":"https:\/\/luchonoticias.com\/editor\/preocupante-situacion-de-accidentes-viales-en-neiva\/","article_publisher":"https:\/\/www.facebook.com\/luchonoticiasneiva","article_published_time":"2023-08-11T10:54:56+00:00","article_modified_time":"2023-08-11T10:54:57+00:00","author":"Editor General","twitter_card":"summary_large_image","twitter_misc":{"Escrito por":"Editor General","Tiempo de lectura":"1 minuto"},"schema":{"@context":"https:\/\/schema.org","@graph":[{"@type":"Article","@id":"https:\/\/luchonoticias.com\/editor\/preocupante-situacion-de-accidentes-viales-en-neiva\/#article","isPartOf":{"@id":"https:\/\/luchonoticias.com\/editor\/preocupante-situacion-de-accidentes-viales-en-neiva\/"},"author":{"name":"Editor General","@id":"https:\/\/luchonoticias.com\/editor\/#\/schema\/person\/29217990ddf6f14e35912b2866d591fb"},"headline":"Preocupante situaci\u00f3n de accidentes viales en Neiva","datePublished":"2023-08-11T10:54:56+00:00","dateModified":"2023-08-11T10:54:57+00:00","mainEntityOfPage":{"@id":"https:\/\/luchonoticias.com\/editor\/preocupante-situacion-de-accidentes-viales-en-neiva\/"},"wordCount":257,"commentCount":0,"publisher":{"@id":"https:\/\/luchonoticias.com\/editor\/#\/schema\/person\/7a7fd911f58561fd056dbac7b55af9cd"},"articleSection":["Huila"],"inLanguage":"es","potentialAction":[{"@type":"CommentAction","name":"Comment","target":["https:\/\/luchonoticias.com\/editor\/preocupante-situacion-de-accidentes-viales-en-neiva\/#respond"]}]},{"@type":"WebPage","@id":"https:\/\/luchonoticias.com\/editor\/preocupante-situacion-de-accidentes-viales-en-neiva\/","url":"https:\/\/luchonoticias.com\/editor\/preocupante-situacion-de-accidentes-viales-en-neiva\/","name":"Preocupante situaci\u00f3n de accidentes viales en Neiva -","isPartOf":{"@id":"https:\/\/luchonoticias.com\/editor\/#website"},"datePublished":"2023-08-11T10:54:56+00:00","dateModified":"2023-08-11T10:54:57+00:00","breadcrumb":{"@id":"https:\/\/luchonoticias.com\/editor\/preocupante-situacion-de-accidentes-viales-en-neiva\/#breadcrumb"},"inLanguage":"es","potentialAction":[{"@type":"ReadAction","target":["https:\/\/luchonoticias.com\/editor\/preocupante-situacion-de-accidentes-viales-en-neiva\/"]}]},{"@type":"BreadcrumbList","@id":"https:\/\/luchonoticias.com\/editor\/preocupante-situacion-de-accidentes-viales-en-neiva\/#breadcrumb","itemListElement":[{"@type":"ListItem","position":1,"name":"Portada","item":"https:\/\/luchonoticias.com\/editor\/"},{"@type":"ListItem","position":2,"name":"Preocupante situaci\u00f3n de accidentes viales en Neiva"}]},{"@type":"WebSite","@id":"https:\/\/luchonoticias.com\/editor\/#website","url":"https:\/\/luchonoticias.com\/editor\/","name":"","description":"","publisher":{"@id":"https:\/\/luchonoticias.com\/editor\/#\/schema\/person\/7a7fd911f58561fd056dbac7b55af9cd"},"potentialAction":[{"@type":"SearchAction","target":{"@type":"EntryPoint","urlTemplate":"https:\/\/luchonoticias.com\/editor\/?s={search_term_string}"},"query-input":{"@type":"PropertyValueSpecification","valueRequired":true,"valueName":"search_term_string"}}],"inLanguage":"es"},{"@type":["Person","Organization"],"@id":"https:\/\/luchonoticias.com\/editor\/#\/schema\/person\/7a7fd911f58561fd056dbac7b55af9cd","name":"admin","image":{"@type":"ImageObject","inLanguage":"es","@id":"https:\/\/luchonoticias.com\/editor\/#\/schema\/person\/image\/","url":"https:\/\/luchonoticias.com\/editor\/wp-content\/uploads\/2024\/02\/cropped-cropped-logolu.webp","contentUrl":"https:\/\/luchonoticias.com\/editor\/wp-content\/uploads\/2024\/02\/cropped-cropped-logolu.webp","width":382,"height":170,"caption":"admin"},"logo":{"@id":"https:\/\/luchonoticias.com\/editor\/#\/schema\/person\/image\/"},"sameAs":["https:\/\/www.facebook.com\/luchonoticiasneiva"]},{"@type":"Person","@id":"https:\/\/luchonoticias.com\/editor\/#\/schema\/person\/29217990ddf6f14e35912b2866d591fb","name":"Editor General","image":{"@type":"ImageObject","inLanguage":"es","@id":"https:\/\/luchonoticias.com\/editor\/#\/schema\/person\/image\/","url":"https:\/\/luchonoticias.com\/editor\/wp-content\/uploads\/2024\/02\/cropped-cropped-logolu-150x150.webp","contentUrl":"https:\/\/luchonoticias.com\/editor\/wp-content\/uploads\/2024\/02\/cropped-cropped-logolu-150x150.webp","caption":"Editor General"},"sameAs":["https:\/\/luchonoticias.com\/"],"url":"https:\/\/luchonoticias.com\/editor\/author\/editor-general\/"}]}},"_links":{"self":[{"href":"https:\/\/luchonoticias.com\/editor\/wp-json\/wp\/v2\/posts\/58017","targetHints":{"allow":["GET"]}}],"collection":[{"href":"https:\/\/luchonoticias.com\/editor\/wp-json\/wp\/v2\/posts"}],"about":[{"href":"https:\/\/luchonoticias.com\/editor\/wp-json\/wp\/v2\/types\/post"}],"author":[{"embeddable":true,"href":"https:\/\/luchonoticias.com\/editor\/wp-json\/wp\/v2\/users\/2"}],"replies":[{"embeddable":true,"href":"https:\/\/luchonoticias.com\/editor\/wp-json\/wp\/v2\/comments?post=58017"}],"version-history":[{"count":0,"href":"https:\/\/luchonoticias.com\/editor\/wp-json\/wp\/v2\/posts\/58017\/revisions"}],"wp:attachment":[{"href":"https:\/\/luchonoticias.com\/editor\/wp-json\/wp\/v2\/media?parent=58017"}],"wp:term":[{"taxonomy":"category","embeddable":true,"href":"https:\/\/luchonoticias.com\/editor\/wp-json\/wp\/v2\/categories?post=58017"},{"taxonomy":"post_tag","embeddable":true,"href":"https:\/\/luchonoticias.com\/editor\/wp-json\/wp\/v2\/tags?post=58017"}],"curies":[{"name":"wp","href":"https:\/\/api.w.org\/{rel}","templated":true}]}}