{"id":58050,"date":"2023-08-11T13:16:51","date_gmt":"2023-08-11T18:16:51","guid":{"rendered":"https:\/\/luchonoticias.com\/?p=58050"},"modified":"2023-08-11T13:16:52","modified_gmt":"2023-08-11T18:16:52","slug":"soldados-y-policias-en-la-politica","status":"publish","type":"post","link":"https:\/\/luchonoticias.com\/editor\/soldados-y-policias-en-la-politica\/","title":{"rendered":"\u00bfSoldados y polic\u00edas en la pol\u00edtica?"},"content":{"rendered":"\n<p>Por: Nicolas Ord\u00f3\u00f1ez \/\/ Columnista<\/p>\n\n\n\n<p>Sin lugar a duda, las cifras de inseguridad en Colombia son alarmantes. En la \u00faltima declaraci\u00f3n p\u00fablica del ministro de Defensa se dijo sin aspavientos y sin rubor qu\u00e9 el secuestro viene aumentando en un 90%, esto al d\u00eda siguiente qu\u00e9 se conociera en la opini\u00f3n p\u00fablica qu\u00e9 existe un presunto atentado por parte del ELN al fiscal general de la Naci\u00f3n.<\/p>\n\n\n\n<p>Lo anterior ha despertado un sentimiento de indignaci\u00f3n, pero sobre todo de preocupaci\u00f3n en todo el pa\u00eds. La inseguridad est\u00e1 causando impactos negativos en la econ\u00f3mica, en el entorno social, en la reducci\u00f3n del comercio e incluso en la educaci\u00f3n.<\/p>\n\n\n\n<p>Hoy a los padres de familia les da miedo llevar a sus hijos al colegio, y las cifras lo respaldan, casi 450.000 ni\u00f1os y ni\u00f1as han dejado de ir a los centros educativos en el \u00faltimo a\u00f1o. Tambi\u00e9n lo dicen los informes, una de las principales preocupaciones de los padres es la inseguridad vista como la proliferaci\u00f3n de bandas criminales alrededor de los colegios y el expendio de drogas.<\/p>\n\n\n\n<p>Es por ello que hoy se evidencia una tendencia en las elecciones regionales, m\u00e1s visible y destacada qu\u00e9 antes, soldados y polic\u00edas retirados en la pol\u00edtica, en candidaturas para las elecciones regionales, incluso varios Generales en la contienda.<\/p>\n\n\n\n<p>Tenemos en Santander un general del Ej\u00e9rcito candidato a la Gobernaci\u00f3n del departamento, en Ibagu\u00e9 un general candidato a la alcald\u00eda, incluso hay Generales como candidatos a alcald\u00eda de municipios del territorio nacional, otros generales en las listas \u2013 hasta encabez\u00e1ndolas &#8211; en concejos distritales y municipales pero sobre todo la mayor sorpresa un ex director de la Polic\u00eda como candidato a la alcald\u00eda de Bogot\u00e1, y digo sorpresa porque nadie se lo esperaba y adem\u00e1s, las encuestas ya indican que se acerca a candidatos de larga trayectoria.<\/p>\n\n\n\n<p>\u00bfSer\u00e1 qu\u00e9 es tal el nivel de inseguridad qu\u00e9 sentimos los colombianos hoy qu\u00e9 ello se traduzca en votar por quienes en otrora cuidaron de la democracia desde las filas de la Fuerza P\u00fablica? La intuici\u00f3n me dice qu\u00e9 s\u00ed, depender\u00e1 del nivel de astucia de los ahora candidatos.<\/p>\n","protected":false},"excerpt":{"rendered":"<p>Por: Nicolas Ord\u00f3\u00f1ez \/\/ Columnista Sin lugar a duda, las cifras de inseguridad en Colombia son alarmantes. En la \u00faltima declaraci\u00f3n p\u00fablica del ministro de Defensa se dijo sin aspavientos y sin rubor qu\u00e9 el secuestro viene aumentando en un 90%, esto al d\u00eda siguiente qu\u00e9 se conociera en la opini\u00f3n p\u00fablica qu\u00e9 existe un [&hellip;]<\/p>\n","protected":false},"author":2,"featured_media":0,"comment_status":"open","ping_status":"open","sticky":false,"template":"","format":"standard","meta":{"footnotes":""},"categories":[3961,36,2454],"tags":[],"class_list":["post-58050","post","type-post","status-publish","format-standard","hentry","category-comunidad","category-destacado","category-opinion"],"yoast_head":"<!-- This site is optimized with the Yoast SEO plugin v26.6 - https:\/\/yoast.com\/wordpress\/plugins\/seo\/ -->\n<title>\u00bfSoldados y polic\u00edas en la pol\u00edtica? -<\/title>\n<meta name=\"robots\" content=\"index, follow, max-snippet:-1, max-image-preview:large, max-video-preview:-1\" \/>\n<link rel=\"canonical\" href=\"https:\/\/luchonoticias.com\/editor\/soldados-y-policias-en-la-politica\/\" \/>\n<meta property=\"og:locale\" content=\"es_ES\" \/>\n<meta property=\"og:type\" content=\"article\" \/>\n<meta property=\"og:title\" content=\"\u00bfSoldados y polic\u00edas en la pol\u00edtica? -\" \/>\n<meta property=\"og:url\" content=\"https:\/\/luchonoticias.com\/editor\/soldados-y-policias-en-la-politica\/\" \/>\n<meta property=\"article:publisher\" content=\"https:\/\/www.facebook.com\/luchonoticiasneiva\" \/>\n<meta property=\"article:published_time\" content=\"2023-08-11T18:16:51+00:00\" \/>\n<meta property=\"article:modified_time\" content=\"2023-08-11T18:16:52+00:00\" \/>\n<meta name=\"author\" content=\"Editor General\" \/>\n<meta name=\"twitter:card\" content=\"summary_large_image\" \/>\n<meta name=\"twitter:label1\" content=\"Escrito por\" \/>\n\t<meta name=\"twitter:data1\" content=\"Editor General\" \/>\n\t<meta name=\"twitter:label2\" content=\"Tiempo de lectura\" \/>\n\t<meta name=\"twitter:data2\" content=\"2 minutos\" \/>\n<script type=\"application\/ld+json\" class=\"yoast-schema-graph\">{\"@context\":\"https:\/\/schema.org\",\"@graph\":[{\"@type\":\"Article\",\"@id\":\"https:\/\/luchonoticias.com\/editor\/soldados-y-policias-en-la-politica\/#article\",\"isPartOf\":{\"@id\":\"https:\/\/luchonoticias.com\/editor\/soldados-y-policias-en-la-politica\/\"},\"author\":{\"name\":\"Editor General\",\"@id\":\"https:\/\/luchonoticias.com\/editor\/#\/schema\/person\/29217990ddf6f14e35912b2866d591fb\"},\"headline\":\"\u00bfSoldados y polic\u00edas en la pol\u00edtica?\",\"datePublished\":\"2023-08-11T18:16:51+00:00\",\"dateModified\":\"2023-08-11T18:16:52+00:00\",\"mainEntityOfPage\":{\"@id\":\"https:\/\/luchonoticias.com\/editor\/soldados-y-policias-en-la-politica\/\"},\"wordCount\":386,\"commentCount\":0,\"publisher\":{\"@id\":\"https:\/\/luchonoticias.com\/editor\/#\/schema\/person\/7a7fd911f58561fd056dbac7b55af9cd\"},\"articleSection\":[\"Comunidad\",\"Destacado\",\"Opini\u00f3n\"],\"inLanguage\":\"es\",\"potentialAction\":[{\"@type\":\"CommentAction\",\"name\":\"Comment\",\"target\":[\"https:\/\/luchonoticias.com\/editor\/soldados-y-policias-en-la-politica\/#respond\"]}]},{\"@type\":\"WebPage\",\"@id\":\"https:\/\/luchonoticias.com\/editor\/soldados-y-policias-en-la-politica\/\",\"url\":\"https:\/\/luchonoticias.com\/editor\/soldados-y-policias-en-la-politica\/\",\"name\":\"\u00bfSoldados y polic\u00edas en la pol\u00edtica? -\",\"isPartOf\":{\"@id\":\"https:\/\/luchonoticias.com\/editor\/#website\"},\"datePublished\":\"2023-08-11T18:16:51+00:00\",\"dateModified\":\"2023-08-11T18:16:52+00:00\",\"breadcrumb\":{\"@id\":\"https:\/\/luchonoticias.com\/editor\/soldados-y-policias-en-la-politica\/#breadcrumb\"},\"inLanguage\":\"es\",\"potentialAction\":[{\"@type\":\"ReadAction\",\"target\":[\"https:\/\/luchonoticias.com\/editor\/soldados-y-policias-en-la-politica\/\"]}]},{\"@type\":\"BreadcrumbList\",\"@id\":\"https:\/\/luchonoticias.com\/editor\/soldados-y-policias-en-la-politica\/#breadcrumb\",\"itemListElement\":[{\"@type\":\"ListItem\",\"position\":1,\"name\":\"Portada\",\"item\":\"https:\/\/luchonoticias.com\/editor\/\"},{\"@type\":\"ListItem\",\"position\":2,\"name\":\"\u00bfSoldados y polic\u00edas en la pol\u00edtica?\"}]},{\"@type\":\"WebSite\",\"@id\":\"https:\/\/luchonoticias.com\/editor\/#website\",\"url\":\"https:\/\/luchonoticias.com\/editor\/\",\"name\":\"\",\"description\":\"\",\"publisher\":{\"@id\":\"https:\/\/luchonoticias.com\/editor\/#\/schema\/person\/7a7fd911f58561fd056dbac7b55af9cd\"},\"potentialAction\":[{\"@type\":\"SearchAction\",\"target\":{\"@type\":\"EntryPoint\",\"urlTemplate\":\"https:\/\/luchonoticias.com\/editor\/?s={search_term_string}\"},\"query-input\":{\"@type\":\"PropertyValueSpecification\",\"valueRequired\":true,\"valueName\":\"search_term_string\"}}],\"inLanguage\":\"es\"},{\"@type\":[\"Person\",\"Organization\"],\"@id\":\"https:\/\/luchonoticias.com\/editor\/#\/schema\/person\/7a7fd911f58561fd056dbac7b55af9cd\",\"name\":\"admin\",\"image\":{\"@type\":\"ImageObject\",\"inLanguage\":\"es\",\"@id\":\"https:\/\/luchonoticias.com\/editor\/#\/schema\/person\/image\/\",\"url\":\"https:\/\/luchonoticias.com\/editor\/wp-content\/uploads\/2024\/02\/cropped-cropped-logolu.webp\",\"contentUrl\":\"https:\/\/luchonoticias.com\/editor\/wp-content\/uploads\/2024\/02\/cropped-cropped-logolu.webp\",\"width\":382,\"height\":170,\"caption\":\"admin\"},\"logo\":{\"@id\":\"https:\/\/luchonoticias.com\/editor\/#\/schema\/person\/image\/\"},\"sameAs\":[\"https:\/\/www.facebook.com\/luchonoticiasneiva\"]},{\"@type\":\"Person\",\"@id\":\"https:\/\/luchonoticias.com\/editor\/#\/schema\/person\/29217990ddf6f14e35912b2866d591fb\",\"name\":\"Editor General\",\"image\":{\"@type\":\"ImageObject\",\"inLanguage\":\"es\",\"@id\":\"https:\/\/luchonoticias.com\/editor\/#\/schema\/person\/image\/\",\"url\":\"https:\/\/luchonoticias.com\/editor\/wp-content\/uploads\/2024\/02\/cropped-cropped-logolu-150x150.webp\",\"contentUrl\":\"https:\/\/luchonoticias.com\/editor\/wp-content\/uploads\/2024\/02\/cropped-cropped-logolu-150x150.webp\",\"caption\":\"Editor General\"},\"sameAs\":[\"https:\/\/luchonoticias.com\/\"],\"url\":\"https:\/\/luchonoticias.com\/editor\/author\/editor-general\/\"}]}<\/script>\n<!-- \/ Yoast SEO plugin. -->","yoast_head_json":{"title":"\u00bfSoldados y polic\u00edas en la pol\u00edtica? -","robots":{"index":"index","follow":"follow","max-snippet":"max-snippet:-1","max-image-preview":"max-image-preview:large","max-video-preview":"max-video-preview:-1"},"canonical":"https:\/\/luchonoticias.com\/editor\/soldados-y-policias-en-la-politica\/","og_locale":"es_ES","og_type":"article","og_title":"\u00bfSoldados y polic\u00edas en la pol\u00edtica? -","og_url":"https:\/\/luchonoticias.com\/editor\/soldados-y-policias-en-la-politica\/","article_publisher":"https:\/\/www.facebook.com\/luchonoticiasneiva","article_published_time":"2023-08-11T18:16:51+00:00","article_modified_time":"2023-08-11T18:16:52+00:00","author":"Editor General","twitter_card":"summary_large_image","twitter_misc":{"Escrito por":"Editor General","Tiempo de lectura":"2 minutos"},"schema":{"@context":"https:\/\/schema.org","@graph":[{"@type":"Article","@id":"https:\/\/luchonoticias.com\/editor\/soldados-y-policias-en-la-politica\/#article","isPartOf":{"@id":"https:\/\/luchonoticias.com\/editor\/soldados-y-policias-en-la-politica\/"},"author":{"name":"Editor General","@id":"https:\/\/luchonoticias.com\/editor\/#\/schema\/person\/29217990ddf6f14e35912b2866d591fb"},"headline":"\u00bfSoldados y polic\u00edas en la pol\u00edtica?","datePublished":"2023-08-11T18:16:51+00:00","dateModified":"2023-08-11T18:16:52+00:00","mainEntityOfPage":{"@id":"https:\/\/luchonoticias.com\/editor\/soldados-y-policias-en-la-politica\/"},"wordCount":386,"commentCount":0,"publisher":{"@id":"https:\/\/luchonoticias.com\/editor\/#\/schema\/person\/7a7fd911f58561fd056dbac7b55af9cd"},"articleSection":["Comunidad","Destacado","Opini\u00f3n"],"inLanguage":"es","potentialAction":[{"@type":"CommentAction","name":"Comment","target":["https:\/\/luchonoticias.com\/editor\/soldados-y-policias-en-la-politica\/#respond"]}]},{"@type":"WebPage","@id":"https:\/\/luchonoticias.com\/editor\/soldados-y-policias-en-la-politica\/","url":"https:\/\/luchonoticias.com\/editor\/soldados-y-policias-en-la-politica\/","name":"\u00bfSoldados y polic\u00edas en la pol\u00edtica? -","isPartOf":{"@id":"https:\/\/luchonoticias.com\/editor\/#website"},"datePublished":"2023-08-11T18:16:51+00:00","dateModified":"2023-08-11T18:16:52+00:00","breadcrumb":{"@id":"https:\/\/luchonoticias.com\/editor\/soldados-y-policias-en-la-politica\/#breadcrumb"},"inLanguage":"es","potentialAction":[{"@type":"ReadAction","target":["https:\/\/luchonoticias.com\/editor\/soldados-y-policias-en-la-politica\/"]}]},{"@type":"BreadcrumbList","@id":"https:\/\/luchonoticias.com\/editor\/soldados-y-policias-en-la-politica\/#breadcrumb","itemListElement":[{"@type":"ListItem","position":1,"name":"Portada","item":"https:\/\/luchonoticias.com\/editor\/"},{"@type":"ListItem","position":2,"name":"\u00bfSoldados y polic\u00edas en la pol\u00edtica?"}]},{"@type":"WebSite","@id":"https:\/\/luchonoticias.com\/editor\/#website","url":"https:\/\/luchonoticias.com\/editor\/","name":"","description":"","publisher":{"@id":"https:\/\/luchonoticias.com\/editor\/#\/schema\/person\/7a7fd911f58561fd056dbac7b55af9cd"},"potentialAction":[{"@type":"SearchAction","target":{"@type":"EntryPoint","urlTemplate":"https:\/\/luchonoticias.com\/editor\/?s={search_term_string}"},"query-input":{"@type":"PropertyValueSpecification","valueRequired":true,"valueName":"search_term_string"}}],"inLanguage":"es"},{"@type":["Person","Organization"],"@id":"https:\/\/luchonoticias.com\/editor\/#\/schema\/person\/7a7fd911f58561fd056dbac7b55af9cd","name":"admin","image":{"@type":"ImageObject","inLanguage":"es","@id":"https:\/\/luchonoticias.com\/editor\/#\/schema\/person\/image\/","url":"https:\/\/luchonoticias.com\/editor\/wp-content\/uploads\/2024\/02\/cropped-cropped-logolu.webp","contentUrl":"https:\/\/luchonoticias.com\/editor\/wp-content\/uploads\/2024\/02\/cropped-cropped-logolu.webp","width":382,"height":170,"caption":"admin"},"logo":{"@id":"https:\/\/luchonoticias.com\/editor\/#\/schema\/person\/image\/"},"sameAs":["https:\/\/www.facebook.com\/luchonoticiasneiva"]},{"@type":"Person","@id":"https:\/\/luchonoticias.com\/editor\/#\/schema\/person\/29217990ddf6f14e35912b2866d591fb","name":"Editor General","image":{"@type":"ImageObject","inLanguage":"es","@id":"https:\/\/luchonoticias.com\/editor\/#\/schema\/person\/image\/","url":"https:\/\/luchonoticias.com\/editor\/wp-content\/uploads\/2024\/02\/cropped-cropped-logolu-150x150.webp","contentUrl":"https:\/\/luchonoticias.com\/editor\/wp-content\/uploads\/2024\/02\/cropped-cropped-logolu-150x150.webp","caption":"Editor General"},"sameAs":["https:\/\/luchonoticias.com\/"],"url":"https:\/\/luchonoticias.com\/editor\/author\/editor-general\/"}]}},"_links":{"self":[{"href":"https:\/\/luchonoticias.com\/editor\/wp-json\/wp\/v2\/posts\/58050","targetHints":{"allow":["GET"]}}],"collection":[{"href":"https:\/\/luchonoticias.com\/editor\/wp-json\/wp\/v2\/posts"}],"about":[{"href":"https:\/\/luchonoticias.com\/editor\/wp-json\/wp\/v2\/types\/post"}],"author":[{"embeddable":true,"href":"https:\/\/luchonoticias.com\/editor\/wp-json\/wp\/v2\/users\/2"}],"replies":[{"embeddable":true,"href":"https:\/\/luchonoticias.com\/editor\/wp-json\/wp\/v2\/comments?post=58050"}],"version-history":[{"count":0,"href":"https:\/\/luchonoticias.com\/editor\/wp-json\/wp\/v2\/posts\/58050\/revisions"}],"wp:attachment":[{"href":"https:\/\/luchonoticias.com\/editor\/wp-json\/wp\/v2\/media?parent=58050"}],"wp:term":[{"taxonomy":"category","embeddable":true,"href":"https:\/\/luchonoticias.com\/editor\/wp-json\/wp\/v2\/categories?post=58050"},{"taxonomy":"post_tag","embeddable":true,"href":"https:\/\/luchonoticias.com\/editor\/wp-json\/wp\/v2\/tags?post=58050"}],"curies":[{"name":"wp","href":"https:\/\/api.w.org\/{rel}","templated":true}]}}