{"id":58052,"date":"2023-08-11T13:19:30","date_gmt":"2023-08-11T18:19:30","guid":{"rendered":"https:\/\/luchonoticias.com\/?p=58052"},"modified":"2023-08-11T13:19:30","modified_gmt":"2023-08-11T18:19:30","slug":"jovenes-diagnostica-crisis-de-salud-mental-en-colombia","status":"publish","type":"post","link":"https:\/\/luchonoticias.com\/editor\/jovenes-diagnostica-crisis-de-salud-mental-en-colombia\/","title":{"rendered":"J\u00f3venes diagnostica crisis de salud mental en Colombia"},"content":{"rendered":"\n<p>Una problem\u00e1tica preocupante relacionada con la salud mental en Colombia ha sido identificada por la juventud. Este fue el resultado de la Audiencia P\u00fablica para J\u00f3venes sobre Salud Mental, una iniciativa promovida por el psic\u00f3logo cl\u00ednico y senador, Carlos Julio Gonz\u00e1lez Villa.<\/p>\n\n\n\n<p>Durante el evento, los participantes presentaron sus propuestas y coincidieron en la necesidad de incluir en el modelo educativo del pa\u00eds, un componente afectivo sumado al fortalecimiento de las habilidades afectivas para contribuir a enfrentar el bullying, el consumo de sustancias psicoactivas, la depresi\u00f3n, el suicidio, entre otros, como lo propone el senador Huilense.<\/p>\n\n\n\n<p>Es as\u00ed que avanza con paso firme en la presentaci\u00f3n del proyecto de ley Competencias Afectivas que lidera el senador Gonz\u00e1lez Villa, queincluyen estrategias espec\u00edficas de intervenci\u00f3n, tales como una nueva visi\u00f3n trasversal sobre el desarrollo socioemocional y afectivo en todos los niveles de la educaci\u00f3n colombiana, as\u00ed como el fortalecimiento de las Escuelas de Padres de Familia y docentes, en esta misma direcci\u00f3n.<\/p>\n\n\n\n<p>\u201cEsperamos contribuir a trav\u00e9s de herramientas a mejorar el desarrollo humano en nuestro pa\u00eds. Solo se puede lograr desde la educaci\u00f3n y por supuesto, desde los criterios de salud, desarrollo y bienestar humano. A eso es a lo que fundamentalmente le estamos apuntando\u201d, indic\u00f3 el psic\u00f3logo cl\u00ednico.<\/p>\n\n\n\n<p><strong>Participantes<\/strong><\/p>\n\n\n\n<p>En la jornada en la que participaron j\u00f3venes y entidades como Ministerio de Educaci\u00f3n, Ministerio de Salud, Icbf, Consejer\u00eda Presidencial para la Juventud, Defensora del Pueblo, Procuradur\u00eda, Programa Colombia Joven, Comit\u00e9 Humanitario EMDR, el Colegio Colombiano de Psic\u00f3logos, Confenalpadres, se destac\u00f3 la importancia de la iniciativa legislativa que promueve el senador.<\/p>\n\n\n\n<p>\u201cLa participaci\u00f3n de los j\u00f3venes es de suma importancia porque no somos \u00fanicamente el pasado sino el presente del pa\u00eds\u2026si bien hist\u00f3ricamente no se le han prestado la suficiente atenci\u00f3n hoy s\u00ed est\u00e1n haciendo parte de la legislaci\u00f3n colombiana\u201d, manifest\u00f3 Laura Sof\u00eda Casallas, una de las asistentes.<\/p>\n\n\n\n<p>Entre tanto, Oscar Fernando Serrano, indic\u00f3 \u201cnuestra participaci\u00f3n como j\u00f3venes en escenarios pol\u00edticos, es fundamental, tenemos una responsabilidad muy grande en responderle al pa\u00eds\u201d.<\/p>\n\n\n\n<p><strong>Proyecto de ley<\/strong><\/p>\n\n\n\n<p>En el proyecto se incluyen estrategias puntuales de intervenci\u00f3n, se trata de un componente que har\u00e1 parte del curr\u00edculum con una frecuencia secuencia regular. El senador aclar\u00f3 que no es una c\u00e1tedra sino una nueva visi\u00f3n transversal sobre el desarrollo socioemocional y afectivo en la educaci\u00f3n colombiana.<\/p>\n\n\n\n<p>La segunda estrategia est\u00e1 relacionada con la creaci\u00f3n del componente de desarrollo afectivo en los niveles preescolar, de b\u00e1sica, primaria y secundaria y media.<\/p>\n","protected":false},"excerpt":{"rendered":"<p>Una problem\u00e1tica preocupante relacionada con la salud mental en Colombia ha sido identificada por la juventud. Este fue el resultado de la Audiencia P\u00fablica para J\u00f3venes sobre Salud Mental, una iniciativa promovida por el psic\u00f3logo cl\u00ednico y senador, Carlos Julio Gonz\u00e1lez Villa. Durante el evento, los participantes presentaron sus propuestas y coincidieron en la necesidad [&hellip;]<\/p>\n","protected":false},"author":2,"featured_media":0,"comment_status":"open","ping_status":"open","sticky":false,"template":"","format":"standard","meta":{"footnotes":""},"categories":[36,617],"tags":[],"class_list":["post-58052","post","type-post","status-publish","format-standard","hentry","category-destacado","category-politica"],"yoast_head":"<!-- This site is optimized with the Yoast SEO plugin v26.6 - https:\/\/yoast.com\/wordpress\/plugins\/seo\/ -->\n<title>J\u00f3venes diagnostica crisis de salud mental en Colombia -<\/title>\n<meta name=\"robots\" content=\"index, follow, max-snippet:-1, max-image-preview:large, max-video-preview:-1\" \/>\n<link rel=\"canonical\" href=\"https:\/\/luchonoticias.com\/editor\/jovenes-diagnostica-crisis-de-salud-mental-en-colombia\/\" \/>\n<meta property=\"og:locale\" content=\"es_ES\" \/>\n<meta property=\"og:type\" content=\"article\" \/>\n<meta property=\"og:title\" content=\"J\u00f3venes diagnostica crisis de salud mental en Colombia -\" \/>\n<meta property=\"og:url\" content=\"https:\/\/luchonoticias.com\/editor\/jovenes-diagnostica-crisis-de-salud-mental-en-colombia\/\" \/>\n<meta property=\"article:publisher\" content=\"https:\/\/www.facebook.com\/luchonoticiasneiva\" \/>\n<meta property=\"article:published_time\" content=\"2023-08-11T18:19:30+00:00\" \/>\n<meta name=\"author\" content=\"Editor General\" \/>\n<meta name=\"twitter:card\" content=\"summary_large_image\" \/>\n<meta name=\"twitter:label1\" content=\"Escrito por\" \/>\n\t<meta name=\"twitter:data1\" content=\"Editor General\" \/>\n\t<meta name=\"twitter:label2\" content=\"Tiempo de lectura\" \/>\n\t<meta name=\"twitter:data2\" content=\"2 minutos\" \/>\n<script type=\"application\/ld+json\" class=\"yoast-schema-graph\">{\"@context\":\"https:\/\/schema.org\",\"@graph\":[{\"@type\":\"Article\",\"@id\":\"https:\/\/luchonoticias.com\/editor\/jovenes-diagnostica-crisis-de-salud-mental-en-colombia\/#article\",\"isPartOf\":{\"@id\":\"https:\/\/luchonoticias.com\/editor\/jovenes-diagnostica-crisis-de-salud-mental-en-colombia\/\"},\"author\":{\"name\":\"Editor General\",\"@id\":\"https:\/\/luchonoticias.com\/editor\/#\/schema\/person\/29217990ddf6f14e35912b2866d591fb\"},\"headline\":\"J\u00f3venes diagnostica crisis de salud mental en Colombia\",\"datePublished\":\"2023-08-11T18:19:30+00:00\",\"mainEntityOfPage\":{\"@id\":\"https:\/\/luchonoticias.com\/editor\/jovenes-diagnostica-crisis-de-salud-mental-en-colombia\/\"},\"wordCount\":458,\"commentCount\":0,\"publisher\":{\"@id\":\"https:\/\/luchonoticias.com\/editor\/#\/schema\/person\/7a7fd911f58561fd056dbac7b55af9cd\"},\"articleSection\":[\"Destacado\",\"Pol\u00edtica\"],\"inLanguage\":\"es\",\"potentialAction\":[{\"@type\":\"CommentAction\",\"name\":\"Comment\",\"target\":[\"https:\/\/luchonoticias.com\/editor\/jovenes-diagnostica-crisis-de-salud-mental-en-colombia\/#respond\"]}]},{\"@type\":\"WebPage\",\"@id\":\"https:\/\/luchonoticias.com\/editor\/jovenes-diagnostica-crisis-de-salud-mental-en-colombia\/\",\"url\":\"https:\/\/luchonoticias.com\/editor\/jovenes-diagnostica-crisis-de-salud-mental-en-colombia\/\",\"name\":\"J\u00f3venes diagnostica crisis de salud mental en Colombia -\",\"isPartOf\":{\"@id\":\"https:\/\/luchonoticias.com\/editor\/#website\"},\"datePublished\":\"2023-08-11T18:19:30+00:00\",\"breadcrumb\":{\"@id\":\"https:\/\/luchonoticias.com\/editor\/jovenes-diagnostica-crisis-de-salud-mental-en-colombia\/#breadcrumb\"},\"inLanguage\":\"es\",\"potentialAction\":[{\"@type\":\"ReadAction\",\"target\":[\"https:\/\/luchonoticias.com\/editor\/jovenes-diagnostica-crisis-de-salud-mental-en-colombia\/\"]}]},{\"@type\":\"BreadcrumbList\",\"@id\":\"https:\/\/luchonoticias.com\/editor\/jovenes-diagnostica-crisis-de-salud-mental-en-colombia\/#breadcrumb\",\"itemListElement\":[{\"@type\":\"ListItem\",\"position\":1,\"name\":\"Portada\",\"item\":\"https:\/\/luchonoticias.com\/editor\/\"},{\"@type\":\"ListItem\",\"position\":2,\"name\":\"J\u00f3venes diagnostica crisis de salud mental en Colombia\"}]},{\"@type\":\"WebSite\",\"@id\":\"https:\/\/luchonoticias.com\/editor\/#website\",\"url\":\"https:\/\/luchonoticias.com\/editor\/\",\"name\":\"\",\"description\":\"\",\"publisher\":{\"@id\":\"https:\/\/luchonoticias.com\/editor\/#\/schema\/person\/7a7fd911f58561fd056dbac7b55af9cd\"},\"potentialAction\":[{\"@type\":\"SearchAction\",\"target\":{\"@type\":\"EntryPoint\",\"urlTemplate\":\"https:\/\/luchonoticias.com\/editor\/?s={search_term_string}\"},\"query-input\":{\"@type\":\"PropertyValueSpecification\",\"valueRequired\":true,\"valueName\":\"search_term_string\"}}],\"inLanguage\":\"es\"},{\"@type\":[\"Person\",\"Organization\"],\"@id\":\"https:\/\/luchonoticias.com\/editor\/#\/schema\/person\/7a7fd911f58561fd056dbac7b55af9cd\",\"name\":\"admin\",\"image\":{\"@type\":\"ImageObject\",\"inLanguage\":\"es\",\"@id\":\"https:\/\/luchonoticias.com\/editor\/#\/schema\/person\/image\/\",\"url\":\"https:\/\/luchonoticias.com\/editor\/wp-content\/uploads\/2024\/02\/cropped-cropped-logolu.webp\",\"contentUrl\":\"https:\/\/luchonoticias.com\/editor\/wp-content\/uploads\/2024\/02\/cropped-cropped-logolu.webp\",\"width\":382,\"height\":170,\"caption\":\"admin\"},\"logo\":{\"@id\":\"https:\/\/luchonoticias.com\/editor\/#\/schema\/person\/image\/\"},\"sameAs\":[\"https:\/\/www.facebook.com\/luchonoticiasneiva\"]},{\"@type\":\"Person\",\"@id\":\"https:\/\/luchonoticias.com\/editor\/#\/schema\/person\/29217990ddf6f14e35912b2866d591fb\",\"name\":\"Editor General\",\"image\":{\"@type\":\"ImageObject\",\"inLanguage\":\"es\",\"@id\":\"https:\/\/luchonoticias.com\/editor\/#\/schema\/person\/image\/\",\"url\":\"https:\/\/luchonoticias.com\/editor\/wp-content\/uploads\/2024\/02\/cropped-cropped-logolu-150x150.webp\",\"contentUrl\":\"https:\/\/luchonoticias.com\/editor\/wp-content\/uploads\/2024\/02\/cropped-cropped-logolu-150x150.webp\",\"caption\":\"Editor General\"},\"sameAs\":[\"https:\/\/luchonoticias.com\/\"],\"url\":\"https:\/\/luchonoticias.com\/editor\/author\/editor-general\/\"}]}<\/script>\n<!-- \/ Yoast SEO plugin. -->","yoast_head_json":{"title":"J\u00f3venes diagnostica crisis de salud mental en Colombia -","robots":{"index":"index","follow":"follow","max-snippet":"max-snippet:-1","max-image-preview":"max-image-preview:large","max-video-preview":"max-video-preview:-1"},"canonical":"https:\/\/luchonoticias.com\/editor\/jovenes-diagnostica-crisis-de-salud-mental-en-colombia\/","og_locale":"es_ES","og_type":"article","og_title":"J\u00f3venes diagnostica crisis de salud mental en Colombia -","og_url":"https:\/\/luchonoticias.com\/editor\/jovenes-diagnostica-crisis-de-salud-mental-en-colombia\/","article_publisher":"https:\/\/www.facebook.com\/luchonoticiasneiva","article_published_time":"2023-08-11T18:19:30+00:00","author":"Editor General","twitter_card":"summary_large_image","twitter_misc":{"Escrito por":"Editor General","Tiempo de lectura":"2 minutos"},"schema":{"@context":"https:\/\/schema.org","@graph":[{"@type":"Article","@id":"https:\/\/luchonoticias.com\/editor\/jovenes-diagnostica-crisis-de-salud-mental-en-colombia\/#article","isPartOf":{"@id":"https:\/\/luchonoticias.com\/editor\/jovenes-diagnostica-crisis-de-salud-mental-en-colombia\/"},"author":{"name":"Editor General","@id":"https:\/\/luchonoticias.com\/editor\/#\/schema\/person\/29217990ddf6f14e35912b2866d591fb"},"headline":"J\u00f3venes diagnostica crisis de salud mental en Colombia","datePublished":"2023-08-11T18:19:30+00:00","mainEntityOfPage":{"@id":"https:\/\/luchonoticias.com\/editor\/jovenes-diagnostica-crisis-de-salud-mental-en-colombia\/"},"wordCount":458,"commentCount":0,"publisher":{"@id":"https:\/\/luchonoticias.com\/editor\/#\/schema\/person\/7a7fd911f58561fd056dbac7b55af9cd"},"articleSection":["Destacado","Pol\u00edtica"],"inLanguage":"es","potentialAction":[{"@type":"CommentAction","name":"Comment","target":["https:\/\/luchonoticias.com\/editor\/jovenes-diagnostica-crisis-de-salud-mental-en-colombia\/#respond"]}]},{"@type":"WebPage","@id":"https:\/\/luchonoticias.com\/editor\/jovenes-diagnostica-crisis-de-salud-mental-en-colombia\/","url":"https:\/\/luchonoticias.com\/editor\/jovenes-diagnostica-crisis-de-salud-mental-en-colombia\/","name":"J\u00f3venes diagnostica crisis de salud mental en Colombia -","isPartOf":{"@id":"https:\/\/luchonoticias.com\/editor\/#website"},"datePublished":"2023-08-11T18:19:30+00:00","breadcrumb":{"@id":"https:\/\/luchonoticias.com\/editor\/jovenes-diagnostica-crisis-de-salud-mental-en-colombia\/#breadcrumb"},"inLanguage":"es","potentialAction":[{"@type":"ReadAction","target":["https:\/\/luchonoticias.com\/editor\/jovenes-diagnostica-crisis-de-salud-mental-en-colombia\/"]}]},{"@type":"BreadcrumbList","@id":"https:\/\/luchonoticias.com\/editor\/jovenes-diagnostica-crisis-de-salud-mental-en-colombia\/#breadcrumb","itemListElement":[{"@type":"ListItem","position":1,"name":"Portada","item":"https:\/\/luchonoticias.com\/editor\/"},{"@type":"ListItem","position":2,"name":"J\u00f3venes diagnostica crisis de salud mental en Colombia"}]},{"@type":"WebSite","@id":"https:\/\/luchonoticias.com\/editor\/#website","url":"https:\/\/luchonoticias.com\/editor\/","name":"","description":"","publisher":{"@id":"https:\/\/luchonoticias.com\/editor\/#\/schema\/person\/7a7fd911f58561fd056dbac7b55af9cd"},"potentialAction":[{"@type":"SearchAction","target":{"@type":"EntryPoint","urlTemplate":"https:\/\/luchonoticias.com\/editor\/?s={search_term_string}"},"query-input":{"@type":"PropertyValueSpecification","valueRequired":true,"valueName":"search_term_string"}}],"inLanguage":"es"},{"@type":["Person","Organization"],"@id":"https:\/\/luchonoticias.com\/editor\/#\/schema\/person\/7a7fd911f58561fd056dbac7b55af9cd","name":"admin","image":{"@type":"ImageObject","inLanguage":"es","@id":"https:\/\/luchonoticias.com\/editor\/#\/schema\/person\/image\/","url":"https:\/\/luchonoticias.com\/editor\/wp-content\/uploads\/2024\/02\/cropped-cropped-logolu.webp","contentUrl":"https:\/\/luchonoticias.com\/editor\/wp-content\/uploads\/2024\/02\/cropped-cropped-logolu.webp","width":382,"height":170,"caption":"admin"},"logo":{"@id":"https:\/\/luchonoticias.com\/editor\/#\/schema\/person\/image\/"},"sameAs":["https:\/\/www.facebook.com\/luchonoticiasneiva"]},{"@type":"Person","@id":"https:\/\/luchonoticias.com\/editor\/#\/schema\/person\/29217990ddf6f14e35912b2866d591fb","name":"Editor General","image":{"@type":"ImageObject","inLanguage":"es","@id":"https:\/\/luchonoticias.com\/editor\/#\/schema\/person\/image\/","url":"https:\/\/luchonoticias.com\/editor\/wp-content\/uploads\/2024\/02\/cropped-cropped-logolu-150x150.webp","contentUrl":"https:\/\/luchonoticias.com\/editor\/wp-content\/uploads\/2024\/02\/cropped-cropped-logolu-150x150.webp","caption":"Editor General"},"sameAs":["https:\/\/luchonoticias.com\/"],"url":"https:\/\/luchonoticias.com\/editor\/author\/editor-general\/"}]}},"_links":{"self":[{"href":"https:\/\/luchonoticias.com\/editor\/wp-json\/wp\/v2\/posts\/58052","targetHints":{"allow":["GET"]}}],"collection":[{"href":"https:\/\/luchonoticias.com\/editor\/wp-json\/wp\/v2\/posts"}],"about":[{"href":"https:\/\/luchonoticias.com\/editor\/wp-json\/wp\/v2\/types\/post"}],"author":[{"embeddable":true,"href":"https:\/\/luchonoticias.com\/editor\/wp-json\/wp\/v2\/users\/2"}],"replies":[{"embeddable":true,"href":"https:\/\/luchonoticias.com\/editor\/wp-json\/wp\/v2\/comments?post=58052"}],"version-history":[{"count":0,"href":"https:\/\/luchonoticias.com\/editor\/wp-json\/wp\/v2\/posts\/58052\/revisions"}],"wp:attachment":[{"href":"https:\/\/luchonoticias.com\/editor\/wp-json\/wp\/v2\/media?parent=58052"}],"wp:term":[{"taxonomy":"category","embeddable":true,"href":"https:\/\/luchonoticias.com\/editor\/wp-json\/wp\/v2\/categories?post=58052"},{"taxonomy":"post_tag","embeddable":true,"href":"https:\/\/luchonoticias.com\/editor\/wp-json\/wp\/v2\/tags?post=58052"}],"curies":[{"name":"wp","href":"https:\/\/api.w.org\/{rel}","templated":true}]}}