{"id":58058,"date":"2023-08-11T22:29:07","date_gmt":"2023-08-12T03:29:07","guid":{"rendered":"https:\/\/luchonoticias.com\/?p=58058"},"modified":"2023-08-11T22:29:08","modified_gmt":"2023-08-12T03:29:08","slug":"atletico-huila-retorna-a-la-derrota-esta-vez-ante-el-tolima","status":"publish","type":"post","link":"https:\/\/luchonoticias.com\/editor\/atletico-huila-retorna-a-la-derrota-esta-vez-ante-el-tolima\/","title":{"rendered":"Atl\u00e9tico Huila retorna a la derrota, esta vez ante el Tolima"},"content":{"rendered":"\n<p><strong>Atl\u00e9tico Huila perdi\u00f3<\/strong>&nbsp;de visitante&nbsp;<strong>1:0 ante el Deportes Tolima&nbsp;<\/strong>en juego por la quinta fecha del campeonato de primera divisi\u00f3n colombiana.<\/p>\n\n\n\n<p>Pese a algunas opciones (sobre todo sobre el final) y trabajos de presi\u00f3n en el \u00e1rea rival,&nbsp;<strong>el onceno huilense poco pudo hacer ante un Tolima<\/strong>&nbsp;que&nbsp;<strong>super\u00f3 en todos los renglones a los opitas<\/strong>&nbsp;y que tuvieron opciones para, por lo menos, anotar el segundo gol.<\/p>\n\n\n\n<p>En lo que fue el primer tiempo&nbsp;<strong>el cuadro regional se vio superado por un Tolima<\/strong>&nbsp;que tuvo en el argentino Lucas Gonz\u00e1lez a su mejor elemento en busca del gol, no obstante con el paso de los minutos los dirigidos por N\u00e9stor Craviotto&nbsp;<strong>se las arreglaron para algunas opciones<\/strong>&nbsp;de la mano de hombres como Ronaldo Tavera, Didier Delgado o Bryan Medina, eso s\u00ed, sin mayor riesgo.<\/p>\n\n\n\n<p>Principalmente los huilenses vieron en la presi\u00f3n en campo visitante un arma para inquietar a&nbsp;<strong>los tolimenses&nbsp;<\/strong>que&nbsp;<strong>aun as\u00ed abrieron el marcador<\/strong>&nbsp;al minuto 28 con&nbsp;<strong>Jason Guzm\u00e1n<\/strong>&nbsp;que a pase de Facundo Bon\u00e9 y sin poca resistencia defensiva, anot\u00f3 el primero para el local.<\/p>\n\n\n\n<p>Tras el gol el\u00a0<strong>Huila intenta llegar<\/strong>\u00a0con un Marcus Vinicius generado acciones desaprovechadas por sus compa\u00f1eros mientras que el Tolima tuvo a Juan Nieto, C\u00e9sar Haydar y Marlon Torres generando opciones aunque el marcador no se movi\u00f3.<\/p>\n\n\n\n<h5 class=\"wp-block-heading\">Acci\u00f3n del segundo tiempo<\/h5>\n\n\n\n<p>De cara al segundo tiempo el<strong>&nbsp;Huila tuvo su primer cambio:<\/strong>&nbsp;Carlos Lucum\u00ed en detrimento de Faber Gil (problema m\u00e9dico) pero las cosas siguieron siendo las mismas con un Tolima iniciando con la batuta del partido de la mano de Bon\u00e9.<\/p>\n\n\n\n<p>Sobre los 49 minutos&nbsp;<strong>Carlos Robles tuvo una opci\u00f3n clara para el Huila<\/strong>&nbsp;pero fue neutralizada por el portero del onceno \u2018pijao\u2019, al poco tiempo Tolima genera una jugada por izquierda que fue salvada \u2018in extremis\u2019 por la defensa huilense que estuvo incluso cerca del autogol.<\/p>\n\n\n\n<p>Huila sigue con los cambios: entran Exneyder Guerrero y Sebasti\u00e1n Hern\u00e1ndez pero&nbsp;<strong>sigue la t\u00f3nica de todo el partido<\/strong>: Tolima dominando y quedando cerca del segundo gol mientras que el Huila se aventura en rematar el arco local con opciones que, no obstante, su portero, el brasile\u00f1o Neto Volpi, logra contener sin mayor exigencia.<\/p>\n\n\n\n<p>Sobre el minuto 88&nbsp;<strong>Carlos Lucum\u00ed tiene otra opci\u00f3n clara de cabeza<\/strong>&nbsp;pero desviado y al siguiente Junior Hern\u00e1ndez por poco hace el segundo ante la porter\u00eda descubierta del Huila pero termin\u00f3 demasiado alto; ya en tiempo a\u00f1adido por derecha el Atl\u00e9tico Huila intent\u00f3 generar desequilibrio, algo que intent\u00f3 aprovechar sin \u00e9xito&nbsp;<strong>Sebasti\u00e1n Hern\u00e1ndez<\/strong>&nbsp;cuyo remate acab\u00f3 desviado.<\/p>\n","protected":false},"excerpt":{"rendered":"<p>Atl\u00e9tico Huila perdi\u00f3&nbsp;de visitante&nbsp;1:0 ante el Deportes Tolima&nbsp;en juego por la quinta fecha del campeonato de primera divisi\u00f3n colombiana. Pese a algunas opciones (sobre todo sobre el final) y trabajos de presi\u00f3n en el \u00e1rea rival,&nbsp;el onceno huilense poco pudo hacer ante un Tolima&nbsp;que&nbsp;super\u00f3 en todos los renglones a los opitas&nbsp;y que tuvieron opciones para, [&hellip;]<\/p>\n","protected":false},"author":2,"featured_media":0,"comment_status":"open","ping_status":"open","sticky":false,"template":"","format":"standard","meta":{"footnotes":""},"categories":[34],"tags":[],"class_list":["post-58058","post","type-post","status-publish","format-standard","hentry","category-deportes"],"yoast_head":"<!-- This site is optimized with the Yoast SEO plugin v26.6 - https:\/\/yoast.com\/wordpress\/plugins\/seo\/ -->\n<title>Atl\u00e9tico Huila retorna a la derrota, esta vez ante el Tolima -<\/title>\n<meta name=\"robots\" content=\"index, follow, max-snippet:-1, max-image-preview:large, max-video-preview:-1\" \/>\n<link rel=\"canonical\" href=\"https:\/\/luchonoticias.com\/editor\/atletico-huila-retorna-a-la-derrota-esta-vez-ante-el-tolima\/\" \/>\n<meta property=\"og:locale\" content=\"es_ES\" \/>\n<meta property=\"og:type\" content=\"article\" \/>\n<meta property=\"og:title\" content=\"Atl\u00e9tico Huila retorna a la derrota, esta vez ante el Tolima -\" \/>\n<meta property=\"og:url\" content=\"https:\/\/luchonoticias.com\/editor\/atletico-huila-retorna-a-la-derrota-esta-vez-ante-el-tolima\/\" \/>\n<meta property=\"article:publisher\" content=\"https:\/\/www.facebook.com\/luchonoticiasneiva\" \/>\n<meta property=\"article:published_time\" content=\"2023-08-12T03:29:07+00:00\" \/>\n<meta property=\"article:modified_time\" content=\"2023-08-12T03:29:08+00:00\" \/>\n<meta name=\"author\" content=\"Editor General\" \/>\n<meta name=\"twitter:card\" content=\"summary_large_image\" \/>\n<meta name=\"twitter:label1\" content=\"Escrito por\" \/>\n\t<meta name=\"twitter:data1\" content=\"Editor General\" \/>\n\t<meta name=\"twitter:label2\" content=\"Tiempo de lectura\" \/>\n\t<meta name=\"twitter:data2\" content=\"2 minutos\" \/>\n<script type=\"application\/ld+json\" class=\"yoast-schema-graph\">{\"@context\":\"https:\/\/schema.org\",\"@graph\":[{\"@type\":\"Article\",\"@id\":\"https:\/\/luchonoticias.com\/editor\/atletico-huila-retorna-a-la-derrota-esta-vez-ante-el-tolima\/#article\",\"isPartOf\":{\"@id\":\"https:\/\/luchonoticias.com\/editor\/atletico-huila-retorna-a-la-derrota-esta-vez-ante-el-tolima\/\"},\"author\":{\"name\":\"Editor General\",\"@id\":\"https:\/\/luchonoticias.com\/editor\/#\/schema\/person\/29217990ddf6f14e35912b2866d591fb\"},\"headline\":\"Atl\u00e9tico Huila retorna a la derrota, esta vez ante el Tolima\",\"datePublished\":\"2023-08-12T03:29:07+00:00\",\"dateModified\":\"2023-08-12T03:29:08+00:00\",\"mainEntityOfPage\":{\"@id\":\"https:\/\/luchonoticias.com\/editor\/atletico-huila-retorna-a-la-derrota-esta-vez-ante-el-tolima\/\"},\"wordCount\":481,\"commentCount\":0,\"publisher\":{\"@id\":\"https:\/\/luchonoticias.com\/editor\/#\/schema\/person\/7a7fd911f58561fd056dbac7b55af9cd\"},\"articleSection\":[\"Deportes\"],\"inLanguage\":\"es\",\"potentialAction\":[{\"@type\":\"CommentAction\",\"name\":\"Comment\",\"target\":[\"https:\/\/luchonoticias.com\/editor\/atletico-huila-retorna-a-la-derrota-esta-vez-ante-el-tolima\/#respond\"]}]},{\"@type\":\"WebPage\",\"@id\":\"https:\/\/luchonoticias.com\/editor\/atletico-huila-retorna-a-la-derrota-esta-vez-ante-el-tolima\/\",\"url\":\"https:\/\/luchonoticias.com\/editor\/atletico-huila-retorna-a-la-derrota-esta-vez-ante-el-tolima\/\",\"name\":\"Atl\u00e9tico Huila retorna a la derrota, esta vez ante el Tolima -\",\"isPartOf\":{\"@id\":\"https:\/\/luchonoticias.com\/editor\/#website\"},\"datePublished\":\"2023-08-12T03:29:07+00:00\",\"dateModified\":\"2023-08-12T03:29:08+00:00\",\"breadcrumb\":{\"@id\":\"https:\/\/luchonoticias.com\/editor\/atletico-huila-retorna-a-la-derrota-esta-vez-ante-el-tolima\/#breadcrumb\"},\"inLanguage\":\"es\",\"potentialAction\":[{\"@type\":\"ReadAction\",\"target\":[\"https:\/\/luchonoticias.com\/editor\/atletico-huila-retorna-a-la-derrota-esta-vez-ante-el-tolima\/\"]}]},{\"@type\":\"BreadcrumbList\",\"@id\":\"https:\/\/luchonoticias.com\/editor\/atletico-huila-retorna-a-la-derrota-esta-vez-ante-el-tolima\/#breadcrumb\",\"itemListElement\":[{\"@type\":\"ListItem\",\"position\":1,\"name\":\"Portada\",\"item\":\"https:\/\/luchonoticias.com\/editor\/\"},{\"@type\":\"ListItem\",\"position\":2,\"name\":\"Atl\u00e9tico Huila retorna a la derrota, esta vez ante el Tolima\"}]},{\"@type\":\"WebSite\",\"@id\":\"https:\/\/luchonoticias.com\/editor\/#website\",\"url\":\"https:\/\/luchonoticias.com\/editor\/\",\"name\":\"\",\"description\":\"\",\"publisher\":{\"@id\":\"https:\/\/luchonoticias.com\/editor\/#\/schema\/person\/7a7fd911f58561fd056dbac7b55af9cd\"},\"potentialAction\":[{\"@type\":\"SearchAction\",\"target\":{\"@type\":\"EntryPoint\",\"urlTemplate\":\"https:\/\/luchonoticias.com\/editor\/?s={search_term_string}\"},\"query-input\":{\"@type\":\"PropertyValueSpecification\",\"valueRequired\":true,\"valueName\":\"search_term_string\"}}],\"inLanguage\":\"es\"},{\"@type\":[\"Person\",\"Organization\"],\"@id\":\"https:\/\/luchonoticias.com\/editor\/#\/schema\/person\/7a7fd911f58561fd056dbac7b55af9cd\",\"name\":\"admin\",\"image\":{\"@type\":\"ImageObject\",\"inLanguage\":\"es\",\"@id\":\"https:\/\/luchonoticias.com\/editor\/#\/schema\/person\/image\/\",\"url\":\"https:\/\/luchonoticias.com\/editor\/wp-content\/uploads\/2024\/02\/cropped-cropped-logolu.webp\",\"contentUrl\":\"https:\/\/luchonoticias.com\/editor\/wp-content\/uploads\/2024\/02\/cropped-cropped-logolu.webp\",\"width\":382,\"height\":170,\"caption\":\"admin\"},\"logo\":{\"@id\":\"https:\/\/luchonoticias.com\/editor\/#\/schema\/person\/image\/\"},\"sameAs\":[\"https:\/\/www.facebook.com\/luchonoticiasneiva\"]},{\"@type\":\"Person\",\"@id\":\"https:\/\/luchonoticias.com\/editor\/#\/schema\/person\/29217990ddf6f14e35912b2866d591fb\",\"name\":\"Editor General\",\"image\":{\"@type\":\"ImageObject\",\"inLanguage\":\"es\",\"@id\":\"https:\/\/luchonoticias.com\/editor\/#\/schema\/person\/image\/\",\"url\":\"https:\/\/luchonoticias.com\/editor\/wp-content\/uploads\/2024\/02\/cropped-cropped-logolu-150x150.webp\",\"contentUrl\":\"https:\/\/luchonoticias.com\/editor\/wp-content\/uploads\/2024\/02\/cropped-cropped-logolu-150x150.webp\",\"caption\":\"Editor General\"},\"sameAs\":[\"https:\/\/luchonoticias.com\/\"],\"url\":\"https:\/\/luchonoticias.com\/editor\/author\/editor-general\/\"}]}<\/script>\n<!-- \/ Yoast SEO plugin. -->","yoast_head_json":{"title":"Atl\u00e9tico Huila retorna a la derrota, esta vez ante el Tolima -","robots":{"index":"index","follow":"follow","max-snippet":"max-snippet:-1","max-image-preview":"max-image-preview:large","max-video-preview":"max-video-preview:-1"},"canonical":"https:\/\/luchonoticias.com\/editor\/atletico-huila-retorna-a-la-derrota-esta-vez-ante-el-tolima\/","og_locale":"es_ES","og_type":"article","og_title":"Atl\u00e9tico Huila retorna a la derrota, esta vez ante el Tolima -","og_url":"https:\/\/luchonoticias.com\/editor\/atletico-huila-retorna-a-la-derrota-esta-vez-ante-el-tolima\/","article_publisher":"https:\/\/www.facebook.com\/luchonoticiasneiva","article_published_time":"2023-08-12T03:29:07+00:00","article_modified_time":"2023-08-12T03:29:08+00:00","author":"Editor General","twitter_card":"summary_large_image","twitter_misc":{"Escrito por":"Editor General","Tiempo de lectura":"2 minutos"},"schema":{"@context":"https:\/\/schema.org","@graph":[{"@type":"Article","@id":"https:\/\/luchonoticias.com\/editor\/atletico-huila-retorna-a-la-derrota-esta-vez-ante-el-tolima\/#article","isPartOf":{"@id":"https:\/\/luchonoticias.com\/editor\/atletico-huila-retorna-a-la-derrota-esta-vez-ante-el-tolima\/"},"author":{"name":"Editor General","@id":"https:\/\/luchonoticias.com\/editor\/#\/schema\/person\/29217990ddf6f14e35912b2866d591fb"},"headline":"Atl\u00e9tico Huila retorna a la derrota, esta vez ante el Tolima","datePublished":"2023-08-12T03:29:07+00:00","dateModified":"2023-08-12T03:29:08+00:00","mainEntityOfPage":{"@id":"https:\/\/luchonoticias.com\/editor\/atletico-huila-retorna-a-la-derrota-esta-vez-ante-el-tolima\/"},"wordCount":481,"commentCount":0,"publisher":{"@id":"https:\/\/luchonoticias.com\/editor\/#\/schema\/person\/7a7fd911f58561fd056dbac7b55af9cd"},"articleSection":["Deportes"],"inLanguage":"es","potentialAction":[{"@type":"CommentAction","name":"Comment","target":["https:\/\/luchonoticias.com\/editor\/atletico-huila-retorna-a-la-derrota-esta-vez-ante-el-tolima\/#respond"]}]},{"@type":"WebPage","@id":"https:\/\/luchonoticias.com\/editor\/atletico-huila-retorna-a-la-derrota-esta-vez-ante-el-tolima\/","url":"https:\/\/luchonoticias.com\/editor\/atletico-huila-retorna-a-la-derrota-esta-vez-ante-el-tolima\/","name":"Atl\u00e9tico Huila retorna a la derrota, esta vez ante el Tolima -","isPartOf":{"@id":"https:\/\/luchonoticias.com\/editor\/#website"},"datePublished":"2023-08-12T03:29:07+00:00","dateModified":"2023-08-12T03:29:08+00:00","breadcrumb":{"@id":"https:\/\/luchonoticias.com\/editor\/atletico-huila-retorna-a-la-derrota-esta-vez-ante-el-tolima\/#breadcrumb"},"inLanguage":"es","potentialAction":[{"@type":"ReadAction","target":["https:\/\/luchonoticias.com\/editor\/atletico-huila-retorna-a-la-derrota-esta-vez-ante-el-tolima\/"]}]},{"@type":"BreadcrumbList","@id":"https:\/\/luchonoticias.com\/editor\/atletico-huila-retorna-a-la-derrota-esta-vez-ante-el-tolima\/#breadcrumb","itemListElement":[{"@type":"ListItem","position":1,"name":"Portada","item":"https:\/\/luchonoticias.com\/editor\/"},{"@type":"ListItem","position":2,"name":"Atl\u00e9tico Huila retorna a la derrota, esta vez ante el Tolima"}]},{"@type":"WebSite","@id":"https:\/\/luchonoticias.com\/editor\/#website","url":"https:\/\/luchonoticias.com\/editor\/","name":"","description":"","publisher":{"@id":"https:\/\/luchonoticias.com\/editor\/#\/schema\/person\/7a7fd911f58561fd056dbac7b55af9cd"},"potentialAction":[{"@type":"SearchAction","target":{"@type":"EntryPoint","urlTemplate":"https:\/\/luchonoticias.com\/editor\/?s={search_term_string}"},"query-input":{"@type":"PropertyValueSpecification","valueRequired":true,"valueName":"search_term_string"}}],"inLanguage":"es"},{"@type":["Person","Organization"],"@id":"https:\/\/luchonoticias.com\/editor\/#\/schema\/person\/7a7fd911f58561fd056dbac7b55af9cd","name":"admin","image":{"@type":"ImageObject","inLanguage":"es","@id":"https:\/\/luchonoticias.com\/editor\/#\/schema\/person\/image\/","url":"https:\/\/luchonoticias.com\/editor\/wp-content\/uploads\/2024\/02\/cropped-cropped-logolu.webp","contentUrl":"https:\/\/luchonoticias.com\/editor\/wp-content\/uploads\/2024\/02\/cropped-cropped-logolu.webp","width":382,"height":170,"caption":"admin"},"logo":{"@id":"https:\/\/luchonoticias.com\/editor\/#\/schema\/person\/image\/"},"sameAs":["https:\/\/www.facebook.com\/luchonoticiasneiva"]},{"@type":"Person","@id":"https:\/\/luchonoticias.com\/editor\/#\/schema\/person\/29217990ddf6f14e35912b2866d591fb","name":"Editor General","image":{"@type":"ImageObject","inLanguage":"es","@id":"https:\/\/luchonoticias.com\/editor\/#\/schema\/person\/image\/","url":"https:\/\/luchonoticias.com\/editor\/wp-content\/uploads\/2024\/02\/cropped-cropped-logolu-150x150.webp","contentUrl":"https:\/\/luchonoticias.com\/editor\/wp-content\/uploads\/2024\/02\/cropped-cropped-logolu-150x150.webp","caption":"Editor General"},"sameAs":["https:\/\/luchonoticias.com\/"],"url":"https:\/\/luchonoticias.com\/editor\/author\/editor-general\/"}]}},"_links":{"self":[{"href":"https:\/\/luchonoticias.com\/editor\/wp-json\/wp\/v2\/posts\/58058","targetHints":{"allow":["GET"]}}],"collection":[{"href":"https:\/\/luchonoticias.com\/editor\/wp-json\/wp\/v2\/posts"}],"about":[{"href":"https:\/\/luchonoticias.com\/editor\/wp-json\/wp\/v2\/types\/post"}],"author":[{"embeddable":true,"href":"https:\/\/luchonoticias.com\/editor\/wp-json\/wp\/v2\/users\/2"}],"replies":[{"embeddable":true,"href":"https:\/\/luchonoticias.com\/editor\/wp-json\/wp\/v2\/comments?post=58058"}],"version-history":[{"count":0,"href":"https:\/\/luchonoticias.com\/editor\/wp-json\/wp\/v2\/posts\/58058\/revisions"}],"wp:attachment":[{"href":"https:\/\/luchonoticias.com\/editor\/wp-json\/wp\/v2\/media?parent=58058"}],"wp:term":[{"taxonomy":"category","embeddable":true,"href":"https:\/\/luchonoticias.com\/editor\/wp-json\/wp\/v2\/categories?post=58058"},{"taxonomy":"post_tag","embeddable":true,"href":"https:\/\/luchonoticias.com\/editor\/wp-json\/wp\/v2\/tags?post=58058"}],"curies":[{"name":"wp","href":"https:\/\/api.w.org\/{rel}","templated":true}]}}