{"id":58126,"date":"2023-08-13T04:55:43","date_gmt":"2023-08-13T09:55:43","guid":{"rendered":"https:\/\/luchonoticias.com\/?p=58126"},"modified":"2023-08-13T04:55:44","modified_gmt":"2023-08-13T09:55:44","slug":"comenzo-interclubes-sub-15-femenino-con-victoria-para-el-medina-fc","status":"publish","type":"post","link":"https:\/\/luchonoticias.com\/editor\/comenzo-interclubes-sub-15-femenino-con-victoria-para-el-medina-fc\/","title":{"rendered":"Comenz\u00f3 Interclubes sub &#8211; 15 femenino con victoria para el Medina FC"},"content":{"rendered":"\n<p>Otro campeonato que comenz\u00f3 a nivel nacional fue el\u00a0<strong>Interclubes femenino sub \u2013 15<\/strong>\u00a0y en donde el\u00a0<strong>Medina FC\u00a0<\/strong>es la \u00fanica representaci\u00f3n departamental.<\/p>\n\n\n\n<p>De hecho la escuadra dirigida por Libardo Medina comenz\u00f3 el torneo con el pie derecho,\u00a0<strong>derrotando 4:1 a Fever Soccer Club de Zipaquir\u00e1<\/strong>, los goles fueron obra de Andrea Rojas (triplete) y Mariana Cruz.<\/p>\n\n\n\n<p>Para la&nbsp;<strong>segunda fecha&nbsp;<\/strong>el onceno femenil neivano<strong>&nbsp;visitar\u00e1 a Talento Tolimense&nbsp;<\/strong>en Ibagu\u00e9.<\/p>\n","protected":false},"excerpt":{"rendered":"<p>Otro campeonato que comenz\u00f3 a nivel nacional fue el\u00a0Interclubes femenino sub \u2013 15\u00a0y en donde el\u00a0Medina FC\u00a0es la \u00fanica representaci\u00f3n departamental. De hecho la escuadra dirigida por Libardo Medina comenz\u00f3 el torneo con el pie derecho,\u00a0derrotando 4:1 a Fever Soccer Club de Zipaquir\u00e1, los goles fueron obra de Andrea Rojas (triplete) y Mariana Cruz. Para [&hellip;]<\/p>\n","protected":false},"author":2,"featured_media":0,"comment_status":"open","ping_status":"open","sticky":false,"template":"","format":"standard","meta":{"footnotes":""},"categories":[34],"tags":[],"class_list":["post-58126","post","type-post","status-publish","format-standard","hentry","category-deportes"],"yoast_head":"<!-- This site is optimized with the Yoast SEO plugin v26.6 - https:\/\/yoast.com\/wordpress\/plugins\/seo\/ -->\n<title>Comenz\u00f3 Interclubes sub - 15 femenino con victoria para el Medina FC -<\/title>\n<meta name=\"robots\" content=\"index, follow, max-snippet:-1, max-image-preview:large, max-video-preview:-1\" \/>\n<link rel=\"canonical\" href=\"https:\/\/luchonoticias.com\/editor\/comenzo-interclubes-sub-15-femenino-con-victoria-para-el-medina-fc\/\" \/>\n<meta property=\"og:locale\" content=\"es_ES\" \/>\n<meta property=\"og:type\" content=\"article\" \/>\n<meta property=\"og:title\" content=\"Comenz\u00f3 Interclubes sub - 15 femenino con victoria para el Medina FC -\" \/>\n<meta property=\"og:url\" content=\"https:\/\/luchonoticias.com\/editor\/comenzo-interclubes-sub-15-femenino-con-victoria-para-el-medina-fc\/\" \/>\n<meta property=\"article:publisher\" content=\"https:\/\/www.facebook.com\/luchonoticiasneiva\" \/>\n<meta property=\"article:published_time\" content=\"2023-08-13T09:55:43+00:00\" \/>\n<meta property=\"article:modified_time\" content=\"2023-08-13T09:55:44+00:00\" \/>\n<meta name=\"author\" content=\"Editor General\" \/>\n<meta name=\"twitter:card\" content=\"summary_large_image\" \/>\n<meta name=\"twitter:label1\" content=\"Escrito por\" \/>\n\t<meta name=\"twitter:data1\" content=\"Editor General\" \/>\n<script type=\"application\/ld+json\" class=\"yoast-schema-graph\">{\"@context\":\"https:\/\/schema.org\",\"@graph\":[{\"@type\":\"Article\",\"@id\":\"https:\/\/luchonoticias.com\/editor\/comenzo-interclubes-sub-15-femenino-con-victoria-para-el-medina-fc\/#article\",\"isPartOf\":{\"@id\":\"https:\/\/luchonoticias.com\/editor\/comenzo-interclubes-sub-15-femenino-con-victoria-para-el-medina-fc\/\"},\"author\":{\"name\":\"Editor General\",\"@id\":\"https:\/\/luchonoticias.com\/editor\/#\/schema\/person\/29217990ddf6f14e35912b2866d591fb\"},\"headline\":\"Comenz\u00f3 Interclubes sub &#8211; 15 femenino con victoria para el Medina FC\",\"datePublished\":\"2023-08-13T09:55:43+00:00\",\"dateModified\":\"2023-08-13T09:55:44+00:00\",\"mainEntityOfPage\":{\"@id\":\"https:\/\/luchonoticias.com\/editor\/comenzo-interclubes-sub-15-femenino-con-victoria-para-el-medina-fc\/\"},\"wordCount\":86,\"commentCount\":0,\"publisher\":{\"@id\":\"https:\/\/luchonoticias.com\/editor\/#\/schema\/person\/7a7fd911f58561fd056dbac7b55af9cd\"},\"articleSection\":[\"Deportes\"],\"inLanguage\":\"es\",\"potentialAction\":[{\"@type\":\"CommentAction\",\"name\":\"Comment\",\"target\":[\"https:\/\/luchonoticias.com\/editor\/comenzo-interclubes-sub-15-femenino-con-victoria-para-el-medina-fc\/#respond\"]}]},{\"@type\":\"WebPage\",\"@id\":\"https:\/\/luchonoticias.com\/editor\/comenzo-interclubes-sub-15-femenino-con-victoria-para-el-medina-fc\/\",\"url\":\"https:\/\/luchonoticias.com\/editor\/comenzo-interclubes-sub-15-femenino-con-victoria-para-el-medina-fc\/\",\"name\":\"Comenz\u00f3 Interclubes sub - 15 femenino con victoria para el Medina FC -\",\"isPartOf\":{\"@id\":\"https:\/\/luchonoticias.com\/editor\/#website\"},\"datePublished\":\"2023-08-13T09:55:43+00:00\",\"dateModified\":\"2023-08-13T09:55:44+00:00\",\"breadcrumb\":{\"@id\":\"https:\/\/luchonoticias.com\/editor\/comenzo-interclubes-sub-15-femenino-con-victoria-para-el-medina-fc\/#breadcrumb\"},\"inLanguage\":\"es\",\"potentialAction\":[{\"@type\":\"ReadAction\",\"target\":[\"https:\/\/luchonoticias.com\/editor\/comenzo-interclubes-sub-15-femenino-con-victoria-para-el-medina-fc\/\"]}]},{\"@type\":\"BreadcrumbList\",\"@id\":\"https:\/\/luchonoticias.com\/editor\/comenzo-interclubes-sub-15-femenino-con-victoria-para-el-medina-fc\/#breadcrumb\",\"itemListElement\":[{\"@type\":\"ListItem\",\"position\":1,\"name\":\"Portada\",\"item\":\"https:\/\/luchonoticias.com\/editor\/\"},{\"@type\":\"ListItem\",\"position\":2,\"name\":\"Comenz\u00f3 Interclubes sub &#8211; 15 femenino con victoria para el Medina FC\"}]},{\"@type\":\"WebSite\",\"@id\":\"https:\/\/luchonoticias.com\/editor\/#website\",\"url\":\"https:\/\/luchonoticias.com\/editor\/\",\"name\":\"\",\"description\":\"\",\"publisher\":{\"@id\":\"https:\/\/luchonoticias.com\/editor\/#\/schema\/person\/7a7fd911f58561fd056dbac7b55af9cd\"},\"potentialAction\":[{\"@type\":\"SearchAction\",\"target\":{\"@type\":\"EntryPoint\",\"urlTemplate\":\"https:\/\/luchonoticias.com\/editor\/?s={search_term_string}\"},\"query-input\":{\"@type\":\"PropertyValueSpecification\",\"valueRequired\":true,\"valueName\":\"search_term_string\"}}],\"inLanguage\":\"es\"},{\"@type\":[\"Person\",\"Organization\"],\"@id\":\"https:\/\/luchonoticias.com\/editor\/#\/schema\/person\/7a7fd911f58561fd056dbac7b55af9cd\",\"name\":\"admin\",\"image\":{\"@type\":\"ImageObject\",\"inLanguage\":\"es\",\"@id\":\"https:\/\/luchonoticias.com\/editor\/#\/schema\/person\/image\/\",\"url\":\"https:\/\/luchonoticias.com\/editor\/wp-content\/uploads\/2024\/02\/cropped-cropped-logolu.webp\",\"contentUrl\":\"https:\/\/luchonoticias.com\/editor\/wp-content\/uploads\/2024\/02\/cropped-cropped-logolu.webp\",\"width\":382,\"height\":170,\"caption\":\"admin\"},\"logo\":{\"@id\":\"https:\/\/luchonoticias.com\/editor\/#\/schema\/person\/image\/\"},\"sameAs\":[\"https:\/\/www.facebook.com\/luchonoticiasneiva\"]},{\"@type\":\"Person\",\"@id\":\"https:\/\/luchonoticias.com\/editor\/#\/schema\/person\/29217990ddf6f14e35912b2866d591fb\",\"name\":\"Editor General\",\"image\":{\"@type\":\"ImageObject\",\"inLanguage\":\"es\",\"@id\":\"https:\/\/luchonoticias.com\/editor\/#\/schema\/person\/image\/\",\"url\":\"https:\/\/luchonoticias.com\/editor\/wp-content\/uploads\/2024\/02\/cropped-cropped-logolu-150x150.webp\",\"contentUrl\":\"https:\/\/luchonoticias.com\/editor\/wp-content\/uploads\/2024\/02\/cropped-cropped-logolu-150x150.webp\",\"caption\":\"Editor General\"},\"sameAs\":[\"https:\/\/luchonoticias.com\/\"],\"url\":\"https:\/\/luchonoticias.com\/editor\/author\/editor-general\/\"}]}<\/script>\n<!-- \/ Yoast SEO plugin. -->","yoast_head_json":{"title":"Comenz\u00f3 Interclubes sub - 15 femenino con victoria para el Medina FC -","robots":{"index":"index","follow":"follow","max-snippet":"max-snippet:-1","max-image-preview":"max-image-preview:large","max-video-preview":"max-video-preview:-1"},"canonical":"https:\/\/luchonoticias.com\/editor\/comenzo-interclubes-sub-15-femenino-con-victoria-para-el-medina-fc\/","og_locale":"es_ES","og_type":"article","og_title":"Comenz\u00f3 Interclubes sub - 15 femenino con victoria para el Medina FC -","og_url":"https:\/\/luchonoticias.com\/editor\/comenzo-interclubes-sub-15-femenino-con-victoria-para-el-medina-fc\/","article_publisher":"https:\/\/www.facebook.com\/luchonoticiasneiva","article_published_time":"2023-08-13T09:55:43+00:00","article_modified_time":"2023-08-13T09:55:44+00:00","author":"Editor General","twitter_card":"summary_large_image","twitter_misc":{"Escrito por":"Editor General"},"schema":{"@context":"https:\/\/schema.org","@graph":[{"@type":"Article","@id":"https:\/\/luchonoticias.com\/editor\/comenzo-interclubes-sub-15-femenino-con-victoria-para-el-medina-fc\/#article","isPartOf":{"@id":"https:\/\/luchonoticias.com\/editor\/comenzo-interclubes-sub-15-femenino-con-victoria-para-el-medina-fc\/"},"author":{"name":"Editor General","@id":"https:\/\/luchonoticias.com\/editor\/#\/schema\/person\/29217990ddf6f14e35912b2866d591fb"},"headline":"Comenz\u00f3 Interclubes sub &#8211; 15 femenino con victoria para el Medina FC","datePublished":"2023-08-13T09:55:43+00:00","dateModified":"2023-08-13T09:55:44+00:00","mainEntityOfPage":{"@id":"https:\/\/luchonoticias.com\/editor\/comenzo-interclubes-sub-15-femenino-con-victoria-para-el-medina-fc\/"},"wordCount":86,"commentCount":0,"publisher":{"@id":"https:\/\/luchonoticias.com\/editor\/#\/schema\/person\/7a7fd911f58561fd056dbac7b55af9cd"},"articleSection":["Deportes"],"inLanguage":"es","potentialAction":[{"@type":"CommentAction","name":"Comment","target":["https:\/\/luchonoticias.com\/editor\/comenzo-interclubes-sub-15-femenino-con-victoria-para-el-medina-fc\/#respond"]}]},{"@type":"WebPage","@id":"https:\/\/luchonoticias.com\/editor\/comenzo-interclubes-sub-15-femenino-con-victoria-para-el-medina-fc\/","url":"https:\/\/luchonoticias.com\/editor\/comenzo-interclubes-sub-15-femenino-con-victoria-para-el-medina-fc\/","name":"Comenz\u00f3 Interclubes sub - 15 femenino con victoria para el Medina FC -","isPartOf":{"@id":"https:\/\/luchonoticias.com\/editor\/#website"},"datePublished":"2023-08-13T09:55:43+00:00","dateModified":"2023-08-13T09:55:44+00:00","breadcrumb":{"@id":"https:\/\/luchonoticias.com\/editor\/comenzo-interclubes-sub-15-femenino-con-victoria-para-el-medina-fc\/#breadcrumb"},"inLanguage":"es","potentialAction":[{"@type":"ReadAction","target":["https:\/\/luchonoticias.com\/editor\/comenzo-interclubes-sub-15-femenino-con-victoria-para-el-medina-fc\/"]}]},{"@type":"BreadcrumbList","@id":"https:\/\/luchonoticias.com\/editor\/comenzo-interclubes-sub-15-femenino-con-victoria-para-el-medina-fc\/#breadcrumb","itemListElement":[{"@type":"ListItem","position":1,"name":"Portada","item":"https:\/\/luchonoticias.com\/editor\/"},{"@type":"ListItem","position":2,"name":"Comenz\u00f3 Interclubes sub &#8211; 15 femenino con victoria para el Medina FC"}]},{"@type":"WebSite","@id":"https:\/\/luchonoticias.com\/editor\/#website","url":"https:\/\/luchonoticias.com\/editor\/","name":"","description":"","publisher":{"@id":"https:\/\/luchonoticias.com\/editor\/#\/schema\/person\/7a7fd911f58561fd056dbac7b55af9cd"},"potentialAction":[{"@type":"SearchAction","target":{"@type":"EntryPoint","urlTemplate":"https:\/\/luchonoticias.com\/editor\/?s={search_term_string}"},"query-input":{"@type":"PropertyValueSpecification","valueRequired":true,"valueName":"search_term_string"}}],"inLanguage":"es"},{"@type":["Person","Organization"],"@id":"https:\/\/luchonoticias.com\/editor\/#\/schema\/person\/7a7fd911f58561fd056dbac7b55af9cd","name":"admin","image":{"@type":"ImageObject","inLanguage":"es","@id":"https:\/\/luchonoticias.com\/editor\/#\/schema\/person\/image\/","url":"https:\/\/luchonoticias.com\/editor\/wp-content\/uploads\/2024\/02\/cropped-cropped-logolu.webp","contentUrl":"https:\/\/luchonoticias.com\/editor\/wp-content\/uploads\/2024\/02\/cropped-cropped-logolu.webp","width":382,"height":170,"caption":"admin"},"logo":{"@id":"https:\/\/luchonoticias.com\/editor\/#\/schema\/person\/image\/"},"sameAs":["https:\/\/www.facebook.com\/luchonoticiasneiva"]},{"@type":"Person","@id":"https:\/\/luchonoticias.com\/editor\/#\/schema\/person\/29217990ddf6f14e35912b2866d591fb","name":"Editor General","image":{"@type":"ImageObject","inLanguage":"es","@id":"https:\/\/luchonoticias.com\/editor\/#\/schema\/person\/image\/","url":"https:\/\/luchonoticias.com\/editor\/wp-content\/uploads\/2024\/02\/cropped-cropped-logolu-150x150.webp","contentUrl":"https:\/\/luchonoticias.com\/editor\/wp-content\/uploads\/2024\/02\/cropped-cropped-logolu-150x150.webp","caption":"Editor General"},"sameAs":["https:\/\/luchonoticias.com\/"],"url":"https:\/\/luchonoticias.com\/editor\/author\/editor-general\/"}]}},"_links":{"self":[{"href":"https:\/\/luchonoticias.com\/editor\/wp-json\/wp\/v2\/posts\/58126","targetHints":{"allow":["GET"]}}],"collection":[{"href":"https:\/\/luchonoticias.com\/editor\/wp-json\/wp\/v2\/posts"}],"about":[{"href":"https:\/\/luchonoticias.com\/editor\/wp-json\/wp\/v2\/types\/post"}],"author":[{"embeddable":true,"href":"https:\/\/luchonoticias.com\/editor\/wp-json\/wp\/v2\/users\/2"}],"replies":[{"embeddable":true,"href":"https:\/\/luchonoticias.com\/editor\/wp-json\/wp\/v2\/comments?post=58126"}],"version-history":[{"count":0,"href":"https:\/\/luchonoticias.com\/editor\/wp-json\/wp\/v2\/posts\/58126\/revisions"}],"wp:attachment":[{"href":"https:\/\/luchonoticias.com\/editor\/wp-json\/wp\/v2\/media?parent=58126"}],"wp:term":[{"taxonomy":"category","embeddable":true,"href":"https:\/\/luchonoticias.com\/editor\/wp-json\/wp\/v2\/categories?post=58126"},{"taxonomy":"post_tag","embeddable":true,"href":"https:\/\/luchonoticias.com\/editor\/wp-json\/wp\/v2\/tags?post=58126"}],"curies":[{"name":"wp","href":"https:\/\/api.w.org\/{rel}","templated":true}]}}