{"id":58134,"date":"2023-08-13T08:36:42","date_gmt":"2023-08-13T13:36:42","guid":{"rendered":"https:\/\/luchonoticias.com\/?p=58134"},"modified":"2023-08-13T08:39:36","modified_gmt":"2023-08-13T13:39:36","slug":"asegurado-manuel-ranoque-papa-de-los-ninos-rescatados-en-la-selva-por-presunto-abuso-de-su-hijastra","status":"publish","type":"post","link":"https:\/\/luchonoticias.com\/editor\/asegurado-manuel-ranoque-papa-de-los-ninos-rescatados-en-la-selva-por-presunto-abuso-de-su-hijastra\/","title":{"rendered":"Asegurado  Manuel Ranoque, pap\u00e1 de los ni\u00f1os rescatados en la selva, por presunto abuso de su hijastra"},"content":{"rendered":"\n<p>La Fiscal\u00eda General de la Naci\u00f3n present\u00f3 ante un juez de control de garant\u00edas el suficiente material probatorio que permiti\u00f3 la judicializaci\u00f3n de un hombre que al parecer habr\u00eda abusado sexualmente de su hijastra de 13 a\u00f1os.<\/p>\n\n\n\n<p>La investigaci\u00f3n estuvo a cargo de un fiscal de la Unidad del Centro de Atenci\u00f3n a V\u00edctimas de Abuso Sexual (Caivas) de la Seccional Caquet\u00e1; investigadores del Cuerpo T\u00e9cnico de Investigaci\u00f3n CTI, y fiscales especializados del Grupo de Trabajo Nacional de Violencia de G\u00e9nero para la Atenci\u00f3n de Delitos que Afecten a Mujeres Ni\u00f1os, Ni\u00f1as y Adolescentes de la Delegada para la Seguridad Territorial.<\/p>\n\n\n\n<p>El imputado es el padre de dos de los cuatro ni\u00f1os que fueron rescatados en junio pasado, luego de que sufrieran un accidente en la selva del Guaviare y estuvieran extraviados por varios d\u00edas. El hombre es se\u00f1alado de abusar de su hijastra desde que ella ten\u00eda 10 a\u00f1os. Los hechos habr\u00edan ocurrido en un resguardo ind\u00edgena de Solano (Caquet\u00e1).<\/p>\n\n\n\n<p>Servidores de polic\u00eda judicial, adscritos al grupo CTI de la Delegada para la Seguridad Territorial de la Fiscal\u00eda, lo detuvieron este viernes 11 de agosto en el Parque de Los Periodistas, en Bogot\u00e1, en cumplimiento a la orden judicial que ten\u00eda en su contra.<\/p>\n\n\n\n<p>La Fiscal\u00eda lo imput\u00f3 por los delitos de acceso carnal violento agravado y actos sexuales abusivos con menor de 14 a\u00f1os agravado.<\/p>\n\n\n\n<p><strong>El proceso<\/strong><\/p>\n\n\n\n<p>La investigaci\u00f3n inici\u00f3 luego de que los menores de edad fueran rescatados y un equipo interdisciplinario se encargara de la atenci\u00f3n m\u00e9dica y sicol\u00f3gica de los peque\u00f1os.<\/p>\n\n\n\n<p>Durante el procedimiento el Instituto Colombiano de Bienestar Familiar (ICBF) detect\u00f3 el posible abuso sexual y ofici\u00f3 a la Fiscal\u00eda para que se abriera la respectiva investigaci\u00f3n.<\/p>\n\n\n\n<p>Ante la solicitud de la Fiscal\u00eda, el juez de control de garant\u00edas que lleva el caso impuso al hombre medida de aseguramiento privativa de la libertad en centro carcelario. El procesado no acept\u00f3 los cargos.<\/p>\n","protected":false},"excerpt":{"rendered":"<p>La Fiscal\u00eda General de la Naci\u00f3n present\u00f3 ante un juez de control de garant\u00edas el suficiente material probatorio que permiti\u00f3 la judicializaci\u00f3n de un hombre que al parecer habr\u00eda abusado sexualmente de su hijastra de 13 a\u00f1os. La investigaci\u00f3n estuvo a cargo de un fiscal de la Unidad del Centro de Atenci\u00f3n a V\u00edctimas de [&hellip;]<\/p>\n","protected":false},"author":2,"featured_media":0,"comment_status":"open","ping_status":"open","sticky":false,"template":"","format":"standard","meta":{"footnotes":""},"categories":[36,29],"tags":[],"class_list":["post-58134","post","type-post","status-publish","format-standard","hentry","category-destacado","category-judicial"],"yoast_head":"<!-- This site is optimized with the Yoast SEO plugin v26.6 - https:\/\/yoast.com\/wordpress\/plugins\/seo\/ -->\n<title>Asegurado Manuel Ranoque, pap\u00e1 de los ni\u00f1os rescatados en la selva, por presunto abuso de su hijastra -<\/title>\n<meta name=\"robots\" content=\"index, follow, max-snippet:-1, max-image-preview:large, max-video-preview:-1\" \/>\n<link rel=\"canonical\" href=\"https:\/\/luchonoticias.com\/editor\/asegurado-manuel-ranoque-papa-de-los-ninos-rescatados-en-la-selva-por-presunto-abuso-de-su-hijastra\/\" \/>\n<meta property=\"og:locale\" content=\"es_ES\" \/>\n<meta property=\"og:type\" content=\"article\" \/>\n<meta property=\"og:title\" content=\"Asegurado Manuel Ranoque, pap\u00e1 de los ni\u00f1os rescatados en la selva, por presunto abuso de su hijastra -\" \/>\n<meta property=\"og:url\" content=\"https:\/\/luchonoticias.com\/editor\/asegurado-manuel-ranoque-papa-de-los-ninos-rescatados-en-la-selva-por-presunto-abuso-de-su-hijastra\/\" \/>\n<meta property=\"article:publisher\" content=\"https:\/\/www.facebook.com\/luchonoticiasneiva\" \/>\n<meta property=\"article:published_time\" content=\"2023-08-13T13:36:42+00:00\" \/>\n<meta property=\"article:modified_time\" content=\"2023-08-13T13:39:36+00:00\" \/>\n<meta name=\"author\" content=\"Editor General\" \/>\n<meta name=\"twitter:card\" content=\"summary_large_image\" \/>\n<meta name=\"twitter:label1\" content=\"Escrito por\" \/>\n\t<meta name=\"twitter:data1\" content=\"Editor General\" \/>\n\t<meta name=\"twitter:label2\" content=\"Tiempo de lectura\" \/>\n\t<meta name=\"twitter:data2\" content=\"2 minutos\" \/>\n<script type=\"application\/ld+json\" class=\"yoast-schema-graph\">{\"@context\":\"https:\/\/schema.org\",\"@graph\":[{\"@type\":\"Article\",\"@id\":\"https:\/\/luchonoticias.com\/editor\/asegurado-manuel-ranoque-papa-de-los-ninos-rescatados-en-la-selva-por-presunto-abuso-de-su-hijastra\/#article\",\"isPartOf\":{\"@id\":\"https:\/\/luchonoticias.com\/editor\/asegurado-manuel-ranoque-papa-de-los-ninos-rescatados-en-la-selva-por-presunto-abuso-de-su-hijastra\/\"},\"author\":{\"name\":\"Editor General\",\"@id\":\"https:\/\/luchonoticias.com\/editor\/#\/schema\/person\/29217990ddf6f14e35912b2866d591fb\"},\"headline\":\"Asegurado Manuel Ranoque, pap\u00e1 de los ni\u00f1os rescatados en la selva, por presunto abuso de su hijastra\",\"datePublished\":\"2023-08-13T13:36:42+00:00\",\"dateModified\":\"2023-08-13T13:39:36+00:00\",\"mainEntityOfPage\":{\"@id\":\"https:\/\/luchonoticias.com\/editor\/asegurado-manuel-ranoque-papa-de-los-ninos-rescatados-en-la-selva-por-presunto-abuso-de-su-hijastra\/\"},\"wordCount\":368,\"commentCount\":0,\"publisher\":{\"@id\":\"https:\/\/luchonoticias.com\/editor\/#\/schema\/person\/7a7fd911f58561fd056dbac7b55af9cd\"},\"articleSection\":[\"Destacado\",\"Judicial\"],\"inLanguage\":\"es\",\"potentialAction\":[{\"@type\":\"CommentAction\",\"name\":\"Comment\",\"target\":[\"https:\/\/luchonoticias.com\/editor\/asegurado-manuel-ranoque-papa-de-los-ninos-rescatados-en-la-selva-por-presunto-abuso-de-su-hijastra\/#respond\"]}]},{\"@type\":\"WebPage\",\"@id\":\"https:\/\/luchonoticias.com\/editor\/asegurado-manuel-ranoque-papa-de-los-ninos-rescatados-en-la-selva-por-presunto-abuso-de-su-hijastra\/\",\"url\":\"https:\/\/luchonoticias.com\/editor\/asegurado-manuel-ranoque-papa-de-los-ninos-rescatados-en-la-selva-por-presunto-abuso-de-su-hijastra\/\",\"name\":\"Asegurado Manuel Ranoque, pap\u00e1 de los ni\u00f1os rescatados en la selva, por presunto abuso de su hijastra -\",\"isPartOf\":{\"@id\":\"https:\/\/luchonoticias.com\/editor\/#website\"},\"datePublished\":\"2023-08-13T13:36:42+00:00\",\"dateModified\":\"2023-08-13T13:39:36+00:00\",\"breadcrumb\":{\"@id\":\"https:\/\/luchonoticias.com\/editor\/asegurado-manuel-ranoque-papa-de-los-ninos-rescatados-en-la-selva-por-presunto-abuso-de-su-hijastra\/#breadcrumb\"},\"inLanguage\":\"es\",\"potentialAction\":[{\"@type\":\"ReadAction\",\"target\":[\"https:\/\/luchonoticias.com\/editor\/asegurado-manuel-ranoque-papa-de-los-ninos-rescatados-en-la-selva-por-presunto-abuso-de-su-hijastra\/\"]}]},{\"@type\":\"BreadcrumbList\",\"@id\":\"https:\/\/luchonoticias.com\/editor\/asegurado-manuel-ranoque-papa-de-los-ninos-rescatados-en-la-selva-por-presunto-abuso-de-su-hijastra\/#breadcrumb\",\"itemListElement\":[{\"@type\":\"ListItem\",\"position\":1,\"name\":\"Portada\",\"item\":\"https:\/\/luchonoticias.com\/editor\/\"},{\"@type\":\"ListItem\",\"position\":2,\"name\":\"Asegurado Manuel Ranoque, pap\u00e1 de los ni\u00f1os rescatados en la selva, por presunto abuso de su hijastra\"}]},{\"@type\":\"WebSite\",\"@id\":\"https:\/\/luchonoticias.com\/editor\/#website\",\"url\":\"https:\/\/luchonoticias.com\/editor\/\",\"name\":\"\",\"description\":\"\",\"publisher\":{\"@id\":\"https:\/\/luchonoticias.com\/editor\/#\/schema\/person\/7a7fd911f58561fd056dbac7b55af9cd\"},\"potentialAction\":[{\"@type\":\"SearchAction\",\"target\":{\"@type\":\"EntryPoint\",\"urlTemplate\":\"https:\/\/luchonoticias.com\/editor\/?s={search_term_string}\"},\"query-input\":{\"@type\":\"PropertyValueSpecification\",\"valueRequired\":true,\"valueName\":\"search_term_string\"}}],\"inLanguage\":\"es\"},{\"@type\":[\"Person\",\"Organization\"],\"@id\":\"https:\/\/luchonoticias.com\/editor\/#\/schema\/person\/7a7fd911f58561fd056dbac7b55af9cd\",\"name\":\"admin\",\"image\":{\"@type\":\"ImageObject\",\"inLanguage\":\"es\",\"@id\":\"https:\/\/luchonoticias.com\/editor\/#\/schema\/person\/image\/\",\"url\":\"https:\/\/luchonoticias.com\/editor\/wp-content\/uploads\/2024\/02\/cropped-cropped-logolu.webp\",\"contentUrl\":\"https:\/\/luchonoticias.com\/editor\/wp-content\/uploads\/2024\/02\/cropped-cropped-logolu.webp\",\"width\":382,\"height\":170,\"caption\":\"admin\"},\"logo\":{\"@id\":\"https:\/\/luchonoticias.com\/editor\/#\/schema\/person\/image\/\"},\"sameAs\":[\"https:\/\/www.facebook.com\/luchonoticiasneiva\"]},{\"@type\":\"Person\",\"@id\":\"https:\/\/luchonoticias.com\/editor\/#\/schema\/person\/29217990ddf6f14e35912b2866d591fb\",\"name\":\"Editor General\",\"image\":{\"@type\":\"ImageObject\",\"inLanguage\":\"es\",\"@id\":\"https:\/\/luchonoticias.com\/editor\/#\/schema\/person\/image\/\",\"url\":\"https:\/\/luchonoticias.com\/editor\/wp-content\/uploads\/2024\/02\/cropped-cropped-logolu-150x150.webp\",\"contentUrl\":\"https:\/\/luchonoticias.com\/editor\/wp-content\/uploads\/2024\/02\/cropped-cropped-logolu-150x150.webp\",\"caption\":\"Editor General\"},\"sameAs\":[\"https:\/\/luchonoticias.com\/\"],\"url\":\"https:\/\/luchonoticias.com\/editor\/author\/editor-general\/\"}]}<\/script>\n<!-- \/ Yoast SEO plugin. -->","yoast_head_json":{"title":"Asegurado Manuel Ranoque, pap\u00e1 de los ni\u00f1os rescatados en la selva, por presunto abuso de su hijastra -","robots":{"index":"index","follow":"follow","max-snippet":"max-snippet:-1","max-image-preview":"max-image-preview:large","max-video-preview":"max-video-preview:-1"},"canonical":"https:\/\/luchonoticias.com\/editor\/asegurado-manuel-ranoque-papa-de-los-ninos-rescatados-en-la-selva-por-presunto-abuso-de-su-hijastra\/","og_locale":"es_ES","og_type":"article","og_title":"Asegurado Manuel Ranoque, pap\u00e1 de los ni\u00f1os rescatados en la selva, por presunto abuso de su hijastra -","og_url":"https:\/\/luchonoticias.com\/editor\/asegurado-manuel-ranoque-papa-de-los-ninos-rescatados-en-la-selva-por-presunto-abuso-de-su-hijastra\/","article_publisher":"https:\/\/www.facebook.com\/luchonoticiasneiva","article_published_time":"2023-08-13T13:36:42+00:00","article_modified_time":"2023-08-13T13:39:36+00:00","author":"Editor General","twitter_card":"summary_large_image","twitter_misc":{"Escrito por":"Editor General","Tiempo de lectura":"2 minutos"},"schema":{"@context":"https:\/\/schema.org","@graph":[{"@type":"Article","@id":"https:\/\/luchonoticias.com\/editor\/asegurado-manuel-ranoque-papa-de-los-ninos-rescatados-en-la-selva-por-presunto-abuso-de-su-hijastra\/#article","isPartOf":{"@id":"https:\/\/luchonoticias.com\/editor\/asegurado-manuel-ranoque-papa-de-los-ninos-rescatados-en-la-selva-por-presunto-abuso-de-su-hijastra\/"},"author":{"name":"Editor General","@id":"https:\/\/luchonoticias.com\/editor\/#\/schema\/person\/29217990ddf6f14e35912b2866d591fb"},"headline":"Asegurado Manuel Ranoque, pap\u00e1 de los ni\u00f1os rescatados en la selva, por presunto abuso de su hijastra","datePublished":"2023-08-13T13:36:42+00:00","dateModified":"2023-08-13T13:39:36+00:00","mainEntityOfPage":{"@id":"https:\/\/luchonoticias.com\/editor\/asegurado-manuel-ranoque-papa-de-los-ninos-rescatados-en-la-selva-por-presunto-abuso-de-su-hijastra\/"},"wordCount":368,"commentCount":0,"publisher":{"@id":"https:\/\/luchonoticias.com\/editor\/#\/schema\/person\/7a7fd911f58561fd056dbac7b55af9cd"},"articleSection":["Destacado","Judicial"],"inLanguage":"es","potentialAction":[{"@type":"CommentAction","name":"Comment","target":["https:\/\/luchonoticias.com\/editor\/asegurado-manuel-ranoque-papa-de-los-ninos-rescatados-en-la-selva-por-presunto-abuso-de-su-hijastra\/#respond"]}]},{"@type":"WebPage","@id":"https:\/\/luchonoticias.com\/editor\/asegurado-manuel-ranoque-papa-de-los-ninos-rescatados-en-la-selva-por-presunto-abuso-de-su-hijastra\/","url":"https:\/\/luchonoticias.com\/editor\/asegurado-manuel-ranoque-papa-de-los-ninos-rescatados-en-la-selva-por-presunto-abuso-de-su-hijastra\/","name":"Asegurado Manuel Ranoque, pap\u00e1 de los ni\u00f1os rescatados en la selva, por presunto abuso de su hijastra -","isPartOf":{"@id":"https:\/\/luchonoticias.com\/editor\/#website"},"datePublished":"2023-08-13T13:36:42+00:00","dateModified":"2023-08-13T13:39:36+00:00","breadcrumb":{"@id":"https:\/\/luchonoticias.com\/editor\/asegurado-manuel-ranoque-papa-de-los-ninos-rescatados-en-la-selva-por-presunto-abuso-de-su-hijastra\/#breadcrumb"},"inLanguage":"es","potentialAction":[{"@type":"ReadAction","target":["https:\/\/luchonoticias.com\/editor\/asegurado-manuel-ranoque-papa-de-los-ninos-rescatados-en-la-selva-por-presunto-abuso-de-su-hijastra\/"]}]},{"@type":"BreadcrumbList","@id":"https:\/\/luchonoticias.com\/editor\/asegurado-manuel-ranoque-papa-de-los-ninos-rescatados-en-la-selva-por-presunto-abuso-de-su-hijastra\/#breadcrumb","itemListElement":[{"@type":"ListItem","position":1,"name":"Portada","item":"https:\/\/luchonoticias.com\/editor\/"},{"@type":"ListItem","position":2,"name":"Asegurado Manuel Ranoque, pap\u00e1 de los ni\u00f1os rescatados en la selva, por presunto abuso de su hijastra"}]},{"@type":"WebSite","@id":"https:\/\/luchonoticias.com\/editor\/#website","url":"https:\/\/luchonoticias.com\/editor\/","name":"","description":"","publisher":{"@id":"https:\/\/luchonoticias.com\/editor\/#\/schema\/person\/7a7fd911f58561fd056dbac7b55af9cd"},"potentialAction":[{"@type":"SearchAction","target":{"@type":"EntryPoint","urlTemplate":"https:\/\/luchonoticias.com\/editor\/?s={search_term_string}"},"query-input":{"@type":"PropertyValueSpecification","valueRequired":true,"valueName":"search_term_string"}}],"inLanguage":"es"},{"@type":["Person","Organization"],"@id":"https:\/\/luchonoticias.com\/editor\/#\/schema\/person\/7a7fd911f58561fd056dbac7b55af9cd","name":"admin","image":{"@type":"ImageObject","inLanguage":"es","@id":"https:\/\/luchonoticias.com\/editor\/#\/schema\/person\/image\/","url":"https:\/\/luchonoticias.com\/editor\/wp-content\/uploads\/2024\/02\/cropped-cropped-logolu.webp","contentUrl":"https:\/\/luchonoticias.com\/editor\/wp-content\/uploads\/2024\/02\/cropped-cropped-logolu.webp","width":382,"height":170,"caption":"admin"},"logo":{"@id":"https:\/\/luchonoticias.com\/editor\/#\/schema\/person\/image\/"},"sameAs":["https:\/\/www.facebook.com\/luchonoticiasneiva"]},{"@type":"Person","@id":"https:\/\/luchonoticias.com\/editor\/#\/schema\/person\/29217990ddf6f14e35912b2866d591fb","name":"Editor General","image":{"@type":"ImageObject","inLanguage":"es","@id":"https:\/\/luchonoticias.com\/editor\/#\/schema\/person\/image\/","url":"https:\/\/luchonoticias.com\/editor\/wp-content\/uploads\/2024\/02\/cropped-cropped-logolu-150x150.webp","contentUrl":"https:\/\/luchonoticias.com\/editor\/wp-content\/uploads\/2024\/02\/cropped-cropped-logolu-150x150.webp","caption":"Editor General"},"sameAs":["https:\/\/luchonoticias.com\/"],"url":"https:\/\/luchonoticias.com\/editor\/author\/editor-general\/"}]}},"_links":{"self":[{"href":"https:\/\/luchonoticias.com\/editor\/wp-json\/wp\/v2\/posts\/58134","targetHints":{"allow":["GET"]}}],"collection":[{"href":"https:\/\/luchonoticias.com\/editor\/wp-json\/wp\/v2\/posts"}],"about":[{"href":"https:\/\/luchonoticias.com\/editor\/wp-json\/wp\/v2\/types\/post"}],"author":[{"embeddable":true,"href":"https:\/\/luchonoticias.com\/editor\/wp-json\/wp\/v2\/users\/2"}],"replies":[{"embeddable":true,"href":"https:\/\/luchonoticias.com\/editor\/wp-json\/wp\/v2\/comments?post=58134"}],"version-history":[{"count":0,"href":"https:\/\/luchonoticias.com\/editor\/wp-json\/wp\/v2\/posts\/58134\/revisions"}],"wp:attachment":[{"href":"https:\/\/luchonoticias.com\/editor\/wp-json\/wp\/v2\/media?parent=58134"}],"wp:term":[{"taxonomy":"category","embeddable":true,"href":"https:\/\/luchonoticias.com\/editor\/wp-json\/wp\/v2\/categories?post=58134"},{"taxonomy":"post_tag","embeddable":true,"href":"https:\/\/luchonoticias.com\/editor\/wp-json\/wp\/v2\/tags?post=58134"}],"curies":[{"name":"wp","href":"https:\/\/api.w.org\/{rel}","templated":true}]}}