{"id":58140,"date":"2023-08-13T08:42:52","date_gmt":"2023-08-13T13:42:52","guid":{"rendered":"https:\/\/luchonoticias.com\/?p=58140"},"modified":"2023-08-13T08:42:54","modified_gmt":"2023-08-13T13:42:54","slug":"carcel-a-alias-guajiro-cabecilla-del-frente-ismael-ruiz-de-las-disidencias-de-las-farc","status":"publish","type":"post","link":"https:\/\/luchonoticias.com\/editor\/carcel-a-alias-guajiro-cabecilla-del-frente-ismael-ruiz-de-las-disidencias-de-las-farc\/","title":{"rendered":"C\u00e1rcel a alias \u2018Guajiro\u2019, cabecilla del frente Ismael Ru\u00edz de las disidencias de Las Farc"},"content":{"rendered":"\n<p>La Fiscal\u00eda General de la Naci\u00f3n, a trav\u00e9s de la Direcci\u00f3n Especializada contra las Organizaciones Criminales, logr\u00f3 que un juez con funci\u00f3n de control de garant\u00edas impusiera medida de aseguramiento en establecimiento carcelario en contra de Edwin Collo Dagua, alias Guajiro, presunto cabecilla del frente Ismael Ru\u00edz de las disidencias de las Farc.<\/p>\n\n\n\n<p>En trabajo articulado con la Polic\u00eda y el Ej\u00e9rcito Nacional, se estableci\u00f3 que \u2018Guajiro\u2019 habr\u00eda participado en un doble homicidio ocurrido en la vereda Santa Rita de Aipe (Huila), el 9 de mayo de 2021, en el cual a las v\u00edctimas les dispararon en m\u00e1s de 30 ocasiones.<\/p>\n\n\n\n<p>Tambi\u00e9n es presuntamente responsable de un homicidio ocurrido el 15 de julio de 2021, en la vereda C\u00famina de Anzo\u00e1tegui (Tolima), donde le habr\u00eda disparado a otro hombre.<\/p>\n\n\n\n<p>Se cree que el investigado estuvo involucrado en la quema de un veh\u00edculo de servicio p\u00fablico en la vereda China alta de Ibagu\u00e9 (Tolima) en hechos ocurridos el 1 de julio de 2021. El material probatorio da cuenta que \u2018Guajiro\u2019, junto a otros dos hombres al parecer salieron en la madrugada a la carretera y le hicieron el pare a un veh\u00edculo, obligaron a las personas a bajar la carga y luego incineraron el carro por una exigencia econ\u00f3mica de 100 millones de pesos que le estaban haciendo al propietario.<\/p>\n\n\n\n<p>Por estos hechos la Fiscal\u00eda le formul\u00f3 imputaci\u00f3n por los delitos de concierto para delinquir agravado con fines de homicidio y por ser cabecilla, y homicidio agravado. Los cargos no fueron aceptados por el procesado.<\/p>\n\n\n\n<p>Adem\u00e1s, se tiene conocimiento que alias Guajiro habr\u00eda participado en el atentado ocurrido el 2 de septiembre de 2022 en el corregimiento de San Luis en Neiva (Huila), donde siete polic\u00edas perdieron la vida.<\/p>\n\n\n\n<p>Al parecer, integrantes del frente Ismael Ru\u00edz instalaron artefactos explosivos al lado de la carretera, los cuales fueron activando al paso del veh\u00edculo donde se movilizaban los uniformados, a quienes posteriormente les dispararon con fusil para garantizar su muerte. Dicho proceso es llevado por un fiscal de la Unidad Especial de Investigaci\u00f3n.<\/p>\n","protected":false},"excerpt":{"rendered":"<p>La Fiscal\u00eda General de la Naci\u00f3n, a trav\u00e9s de la Direcci\u00f3n Especializada contra las Organizaciones Criminales, logr\u00f3 que un juez con funci\u00f3n de control de garant\u00edas impusiera medida de aseguramiento en establecimiento carcelario en contra de Edwin Collo Dagua, alias Guajiro, presunto cabecilla del frente Ismael Ru\u00edz de las disidencias de las Farc. En trabajo [&hellip;]<\/p>\n","protected":false},"author":2,"featured_media":0,"comment_status":"open","ping_status":"open","sticky":false,"template":"","format":"standard","meta":{"footnotes":""},"categories":[36,29],"tags":[],"class_list":["post-58140","post","type-post","status-publish","format-standard","hentry","category-destacado","category-judicial"],"yoast_head":"<!-- This site is optimized with the Yoast SEO plugin v26.6 - https:\/\/yoast.com\/wordpress\/plugins\/seo\/ -->\n<title>C\u00e1rcel a alias \u2018Guajiro\u2019, cabecilla del frente Ismael Ru\u00edz de las disidencias de Las Farc -<\/title>\n<meta name=\"robots\" content=\"index, follow, max-snippet:-1, max-image-preview:large, max-video-preview:-1\" \/>\n<link rel=\"canonical\" href=\"https:\/\/luchonoticias.com\/editor\/carcel-a-alias-guajiro-cabecilla-del-frente-ismael-ruiz-de-las-disidencias-de-las-farc\/\" \/>\n<meta property=\"og:locale\" content=\"es_ES\" \/>\n<meta property=\"og:type\" content=\"article\" \/>\n<meta property=\"og:title\" content=\"C\u00e1rcel a alias \u2018Guajiro\u2019, cabecilla del frente Ismael Ru\u00edz de las disidencias de Las Farc -\" \/>\n<meta property=\"og:url\" content=\"https:\/\/luchonoticias.com\/editor\/carcel-a-alias-guajiro-cabecilla-del-frente-ismael-ruiz-de-las-disidencias-de-las-farc\/\" \/>\n<meta property=\"article:publisher\" content=\"https:\/\/www.facebook.com\/luchonoticiasneiva\" \/>\n<meta property=\"article:published_time\" content=\"2023-08-13T13:42:52+00:00\" \/>\n<meta property=\"article:modified_time\" content=\"2023-08-13T13:42:54+00:00\" \/>\n<meta name=\"author\" content=\"Editor General\" \/>\n<meta name=\"twitter:card\" content=\"summary_large_image\" \/>\n<meta name=\"twitter:label1\" content=\"Escrito por\" \/>\n\t<meta name=\"twitter:data1\" content=\"Editor General\" \/>\n\t<meta name=\"twitter:label2\" content=\"Tiempo de lectura\" \/>\n\t<meta name=\"twitter:data2\" content=\"2 minutos\" \/>\n<script type=\"application\/ld+json\" class=\"yoast-schema-graph\">{\"@context\":\"https:\/\/schema.org\",\"@graph\":[{\"@type\":\"Article\",\"@id\":\"https:\/\/luchonoticias.com\/editor\/carcel-a-alias-guajiro-cabecilla-del-frente-ismael-ruiz-de-las-disidencias-de-las-farc\/#article\",\"isPartOf\":{\"@id\":\"https:\/\/luchonoticias.com\/editor\/carcel-a-alias-guajiro-cabecilla-del-frente-ismael-ruiz-de-las-disidencias-de-las-farc\/\"},\"author\":{\"name\":\"Editor General\",\"@id\":\"https:\/\/luchonoticias.com\/editor\/#\/schema\/person\/29217990ddf6f14e35912b2866d591fb\"},\"headline\":\"C\u00e1rcel a alias \u2018Guajiro\u2019, cabecilla del frente Ismael Ru\u00edz de las disidencias de Las Farc\",\"datePublished\":\"2023-08-13T13:42:52+00:00\",\"dateModified\":\"2023-08-13T13:42:54+00:00\",\"mainEntityOfPage\":{\"@id\":\"https:\/\/luchonoticias.com\/editor\/carcel-a-alias-guajiro-cabecilla-del-frente-ismael-ruiz-de-las-disidencias-de-las-farc\/\"},\"wordCount\":375,\"commentCount\":0,\"publisher\":{\"@id\":\"https:\/\/luchonoticias.com\/editor\/#\/schema\/person\/7a7fd911f58561fd056dbac7b55af9cd\"},\"articleSection\":[\"Destacado\",\"Judicial\"],\"inLanguage\":\"es\",\"potentialAction\":[{\"@type\":\"CommentAction\",\"name\":\"Comment\",\"target\":[\"https:\/\/luchonoticias.com\/editor\/carcel-a-alias-guajiro-cabecilla-del-frente-ismael-ruiz-de-las-disidencias-de-las-farc\/#respond\"]}]},{\"@type\":\"WebPage\",\"@id\":\"https:\/\/luchonoticias.com\/editor\/carcel-a-alias-guajiro-cabecilla-del-frente-ismael-ruiz-de-las-disidencias-de-las-farc\/\",\"url\":\"https:\/\/luchonoticias.com\/editor\/carcel-a-alias-guajiro-cabecilla-del-frente-ismael-ruiz-de-las-disidencias-de-las-farc\/\",\"name\":\"C\u00e1rcel a alias \u2018Guajiro\u2019, cabecilla del frente Ismael Ru\u00edz de las disidencias de Las Farc -\",\"isPartOf\":{\"@id\":\"https:\/\/luchonoticias.com\/editor\/#website\"},\"datePublished\":\"2023-08-13T13:42:52+00:00\",\"dateModified\":\"2023-08-13T13:42:54+00:00\",\"breadcrumb\":{\"@id\":\"https:\/\/luchonoticias.com\/editor\/carcel-a-alias-guajiro-cabecilla-del-frente-ismael-ruiz-de-las-disidencias-de-las-farc\/#breadcrumb\"},\"inLanguage\":\"es\",\"potentialAction\":[{\"@type\":\"ReadAction\",\"target\":[\"https:\/\/luchonoticias.com\/editor\/carcel-a-alias-guajiro-cabecilla-del-frente-ismael-ruiz-de-las-disidencias-de-las-farc\/\"]}]},{\"@type\":\"BreadcrumbList\",\"@id\":\"https:\/\/luchonoticias.com\/editor\/carcel-a-alias-guajiro-cabecilla-del-frente-ismael-ruiz-de-las-disidencias-de-las-farc\/#breadcrumb\",\"itemListElement\":[{\"@type\":\"ListItem\",\"position\":1,\"name\":\"Portada\",\"item\":\"https:\/\/luchonoticias.com\/editor\/\"},{\"@type\":\"ListItem\",\"position\":2,\"name\":\"C\u00e1rcel a alias \u2018Guajiro\u2019, cabecilla del frente Ismael Ru\u00edz de las disidencias de Las Farc\"}]},{\"@type\":\"WebSite\",\"@id\":\"https:\/\/luchonoticias.com\/editor\/#website\",\"url\":\"https:\/\/luchonoticias.com\/editor\/\",\"name\":\"\",\"description\":\"\",\"publisher\":{\"@id\":\"https:\/\/luchonoticias.com\/editor\/#\/schema\/person\/7a7fd911f58561fd056dbac7b55af9cd\"},\"potentialAction\":[{\"@type\":\"SearchAction\",\"target\":{\"@type\":\"EntryPoint\",\"urlTemplate\":\"https:\/\/luchonoticias.com\/editor\/?s={search_term_string}\"},\"query-input\":{\"@type\":\"PropertyValueSpecification\",\"valueRequired\":true,\"valueName\":\"search_term_string\"}}],\"inLanguage\":\"es\"},{\"@type\":[\"Person\",\"Organization\"],\"@id\":\"https:\/\/luchonoticias.com\/editor\/#\/schema\/person\/7a7fd911f58561fd056dbac7b55af9cd\",\"name\":\"admin\",\"image\":{\"@type\":\"ImageObject\",\"inLanguage\":\"es\",\"@id\":\"https:\/\/luchonoticias.com\/editor\/#\/schema\/person\/image\/\",\"url\":\"https:\/\/luchonoticias.com\/editor\/wp-content\/uploads\/2024\/02\/cropped-cropped-logolu.webp\",\"contentUrl\":\"https:\/\/luchonoticias.com\/editor\/wp-content\/uploads\/2024\/02\/cropped-cropped-logolu.webp\",\"width\":382,\"height\":170,\"caption\":\"admin\"},\"logo\":{\"@id\":\"https:\/\/luchonoticias.com\/editor\/#\/schema\/person\/image\/\"},\"sameAs\":[\"https:\/\/www.facebook.com\/luchonoticiasneiva\"]},{\"@type\":\"Person\",\"@id\":\"https:\/\/luchonoticias.com\/editor\/#\/schema\/person\/29217990ddf6f14e35912b2866d591fb\",\"name\":\"Editor General\",\"image\":{\"@type\":\"ImageObject\",\"inLanguage\":\"es\",\"@id\":\"https:\/\/luchonoticias.com\/editor\/#\/schema\/person\/image\/\",\"url\":\"https:\/\/luchonoticias.com\/editor\/wp-content\/uploads\/2024\/02\/cropped-cropped-logolu-150x150.webp\",\"contentUrl\":\"https:\/\/luchonoticias.com\/editor\/wp-content\/uploads\/2024\/02\/cropped-cropped-logolu-150x150.webp\",\"caption\":\"Editor General\"},\"sameAs\":[\"https:\/\/luchonoticias.com\/\"],\"url\":\"https:\/\/luchonoticias.com\/editor\/author\/editor-general\/\"}]}<\/script>\n<!-- \/ Yoast SEO plugin. -->","yoast_head_json":{"title":"C\u00e1rcel a alias \u2018Guajiro\u2019, cabecilla del frente Ismael Ru\u00edz de las disidencias de Las Farc -","robots":{"index":"index","follow":"follow","max-snippet":"max-snippet:-1","max-image-preview":"max-image-preview:large","max-video-preview":"max-video-preview:-1"},"canonical":"https:\/\/luchonoticias.com\/editor\/carcel-a-alias-guajiro-cabecilla-del-frente-ismael-ruiz-de-las-disidencias-de-las-farc\/","og_locale":"es_ES","og_type":"article","og_title":"C\u00e1rcel a alias \u2018Guajiro\u2019, cabecilla del frente Ismael Ru\u00edz de las disidencias de Las Farc -","og_url":"https:\/\/luchonoticias.com\/editor\/carcel-a-alias-guajiro-cabecilla-del-frente-ismael-ruiz-de-las-disidencias-de-las-farc\/","article_publisher":"https:\/\/www.facebook.com\/luchonoticiasneiva","article_published_time":"2023-08-13T13:42:52+00:00","article_modified_time":"2023-08-13T13:42:54+00:00","author":"Editor General","twitter_card":"summary_large_image","twitter_misc":{"Escrito por":"Editor General","Tiempo de lectura":"2 minutos"},"schema":{"@context":"https:\/\/schema.org","@graph":[{"@type":"Article","@id":"https:\/\/luchonoticias.com\/editor\/carcel-a-alias-guajiro-cabecilla-del-frente-ismael-ruiz-de-las-disidencias-de-las-farc\/#article","isPartOf":{"@id":"https:\/\/luchonoticias.com\/editor\/carcel-a-alias-guajiro-cabecilla-del-frente-ismael-ruiz-de-las-disidencias-de-las-farc\/"},"author":{"name":"Editor General","@id":"https:\/\/luchonoticias.com\/editor\/#\/schema\/person\/29217990ddf6f14e35912b2866d591fb"},"headline":"C\u00e1rcel a alias \u2018Guajiro\u2019, cabecilla del frente Ismael Ru\u00edz de las disidencias de Las Farc","datePublished":"2023-08-13T13:42:52+00:00","dateModified":"2023-08-13T13:42:54+00:00","mainEntityOfPage":{"@id":"https:\/\/luchonoticias.com\/editor\/carcel-a-alias-guajiro-cabecilla-del-frente-ismael-ruiz-de-las-disidencias-de-las-farc\/"},"wordCount":375,"commentCount":0,"publisher":{"@id":"https:\/\/luchonoticias.com\/editor\/#\/schema\/person\/7a7fd911f58561fd056dbac7b55af9cd"},"articleSection":["Destacado","Judicial"],"inLanguage":"es","potentialAction":[{"@type":"CommentAction","name":"Comment","target":["https:\/\/luchonoticias.com\/editor\/carcel-a-alias-guajiro-cabecilla-del-frente-ismael-ruiz-de-las-disidencias-de-las-farc\/#respond"]}]},{"@type":"WebPage","@id":"https:\/\/luchonoticias.com\/editor\/carcel-a-alias-guajiro-cabecilla-del-frente-ismael-ruiz-de-las-disidencias-de-las-farc\/","url":"https:\/\/luchonoticias.com\/editor\/carcel-a-alias-guajiro-cabecilla-del-frente-ismael-ruiz-de-las-disidencias-de-las-farc\/","name":"C\u00e1rcel a alias \u2018Guajiro\u2019, cabecilla del frente Ismael Ru\u00edz de las disidencias de Las Farc -","isPartOf":{"@id":"https:\/\/luchonoticias.com\/editor\/#website"},"datePublished":"2023-08-13T13:42:52+00:00","dateModified":"2023-08-13T13:42:54+00:00","breadcrumb":{"@id":"https:\/\/luchonoticias.com\/editor\/carcel-a-alias-guajiro-cabecilla-del-frente-ismael-ruiz-de-las-disidencias-de-las-farc\/#breadcrumb"},"inLanguage":"es","potentialAction":[{"@type":"ReadAction","target":["https:\/\/luchonoticias.com\/editor\/carcel-a-alias-guajiro-cabecilla-del-frente-ismael-ruiz-de-las-disidencias-de-las-farc\/"]}]},{"@type":"BreadcrumbList","@id":"https:\/\/luchonoticias.com\/editor\/carcel-a-alias-guajiro-cabecilla-del-frente-ismael-ruiz-de-las-disidencias-de-las-farc\/#breadcrumb","itemListElement":[{"@type":"ListItem","position":1,"name":"Portada","item":"https:\/\/luchonoticias.com\/editor\/"},{"@type":"ListItem","position":2,"name":"C\u00e1rcel a alias \u2018Guajiro\u2019, cabecilla del frente Ismael Ru\u00edz de las disidencias de Las Farc"}]},{"@type":"WebSite","@id":"https:\/\/luchonoticias.com\/editor\/#website","url":"https:\/\/luchonoticias.com\/editor\/","name":"","description":"","publisher":{"@id":"https:\/\/luchonoticias.com\/editor\/#\/schema\/person\/7a7fd911f58561fd056dbac7b55af9cd"},"potentialAction":[{"@type":"SearchAction","target":{"@type":"EntryPoint","urlTemplate":"https:\/\/luchonoticias.com\/editor\/?s={search_term_string}"},"query-input":{"@type":"PropertyValueSpecification","valueRequired":true,"valueName":"search_term_string"}}],"inLanguage":"es"},{"@type":["Person","Organization"],"@id":"https:\/\/luchonoticias.com\/editor\/#\/schema\/person\/7a7fd911f58561fd056dbac7b55af9cd","name":"admin","image":{"@type":"ImageObject","inLanguage":"es","@id":"https:\/\/luchonoticias.com\/editor\/#\/schema\/person\/image\/","url":"https:\/\/luchonoticias.com\/editor\/wp-content\/uploads\/2024\/02\/cropped-cropped-logolu.webp","contentUrl":"https:\/\/luchonoticias.com\/editor\/wp-content\/uploads\/2024\/02\/cropped-cropped-logolu.webp","width":382,"height":170,"caption":"admin"},"logo":{"@id":"https:\/\/luchonoticias.com\/editor\/#\/schema\/person\/image\/"},"sameAs":["https:\/\/www.facebook.com\/luchonoticiasneiva"]},{"@type":"Person","@id":"https:\/\/luchonoticias.com\/editor\/#\/schema\/person\/29217990ddf6f14e35912b2866d591fb","name":"Editor General","image":{"@type":"ImageObject","inLanguage":"es","@id":"https:\/\/luchonoticias.com\/editor\/#\/schema\/person\/image\/","url":"https:\/\/luchonoticias.com\/editor\/wp-content\/uploads\/2024\/02\/cropped-cropped-logolu-150x150.webp","contentUrl":"https:\/\/luchonoticias.com\/editor\/wp-content\/uploads\/2024\/02\/cropped-cropped-logolu-150x150.webp","caption":"Editor General"},"sameAs":["https:\/\/luchonoticias.com\/"],"url":"https:\/\/luchonoticias.com\/editor\/author\/editor-general\/"}]}},"_links":{"self":[{"href":"https:\/\/luchonoticias.com\/editor\/wp-json\/wp\/v2\/posts\/58140","targetHints":{"allow":["GET"]}}],"collection":[{"href":"https:\/\/luchonoticias.com\/editor\/wp-json\/wp\/v2\/posts"}],"about":[{"href":"https:\/\/luchonoticias.com\/editor\/wp-json\/wp\/v2\/types\/post"}],"author":[{"embeddable":true,"href":"https:\/\/luchonoticias.com\/editor\/wp-json\/wp\/v2\/users\/2"}],"replies":[{"embeddable":true,"href":"https:\/\/luchonoticias.com\/editor\/wp-json\/wp\/v2\/comments?post=58140"}],"version-history":[{"count":0,"href":"https:\/\/luchonoticias.com\/editor\/wp-json\/wp\/v2\/posts\/58140\/revisions"}],"wp:attachment":[{"href":"https:\/\/luchonoticias.com\/editor\/wp-json\/wp\/v2\/media?parent=58140"}],"wp:term":[{"taxonomy":"category","embeddable":true,"href":"https:\/\/luchonoticias.com\/editor\/wp-json\/wp\/v2\/categories?post=58140"},{"taxonomy":"post_tag","embeddable":true,"href":"https:\/\/luchonoticias.com\/editor\/wp-json\/wp\/v2\/tags?post=58140"}],"curies":[{"name":"wp","href":"https:\/\/api.w.org\/{rel}","templated":true}]}}