{"id":58143,"date":"2023-08-13T08:49:30","date_gmt":"2023-08-13T13:49:30","guid":{"rendered":"https:\/\/luchonoticias.com\/?p=58143"},"modified":"2023-08-13T08:49:31","modified_gmt":"2023-08-13T13:49:31","slug":"a-la-carcel-presunto-responsable-de-torturar-y-asesinar-a-un-teniente-de-la-policia","status":"publish","type":"post","link":"https:\/\/luchonoticias.com\/editor\/a-la-carcel-presunto-responsable-de-torturar-y-asesinar-a-un-teniente-de-la-policia\/","title":{"rendered":"A la c\u00e1rcel presunto responsable de torturar y asesinar a un teniente de la polic\u00eda"},"content":{"rendered":"\n<p>La contundencia del material probatorio aportado por un fiscal especializado, de la Direcci\u00f3n Seccional Bogot\u00e1, permiti\u00f3 que un Juez con funci\u00f3n de control de garant\u00edas impusiera medida de aseguramiento en centro carcelario contra Jorge Ortega Contreras.<\/p>\n\n\n\n<p>El procesado har\u00eda parte de la organizaci\u00f3n ilegal que el 8 de abril de 2018 drog\u00f3 al teniente de la Polic\u00eda Nacional Esteban Camilo Ojeda Erazo quien, de civil, depart\u00eda en una discoteca ubicada en el centro de la capital.<\/p>\n\n\n\n<p>Seg\u00fan la investigaci\u00f3n, la v\u00edctima fue abordada por la hoy condenada Lidia Andrea Moncada Matuk y al parecer por John Edison Segura Vargas, que le suministraron sustancias benzodiacepinas, para poder hurtarle sus pertenencias, en especial las tarjetas bancarias con las que hicieron compras de un valor superior a los cinco millones de pesos.<\/p>\n\n\n\n<p>El oficial, en estado de inconciencia, fue sacado del establecimiento comercial y llevado en un carro al barrio El Parejo de Bogot\u00e1. &nbsp;En el lugar los victimarios se percataron que su v\u00edctima era polic\u00eda, as\u00ed que lo mantuvieron secuestrado y lo torturaron hasta causarle la muerte.<\/p>\n\n\n\n<p>Servidores de la Fiscal\u00eda General de la Naci\u00f3n y la Polic\u00eda Nacional encontraron el cuerpo del oficial sepultado en el mismo inmueble. Sus manos y pies estaban atados con un cable, se encontraba amordazado y una bolsa cubr\u00eda su cabeza.<\/p>\n\n\n\n<p>Tras cometer el crimen Ortega Contreras huy\u00f3 hacia Venezuela de donde fue extraditado el pasado 3 de agosto. A su llegada al Aeropuerto El Dorado fue dejado a disposici\u00f3n de funcionarios de Migraci\u00f3n Colombia quienes lo pusieron a disposici\u00f3n del Gaula de la Polic\u00eda Nacional.<\/p>\n\n\n\n<p>La Fiscal\u00eda imput\u00f3 al procesado los delitos de secuestro extorsivo, tortura, homicidio y hurto calificado, todas las conductas agravadas. Los cargos fueron aceptados por Ortega Contreras.<\/p>\n\n\n\n<p>Por este hecho han sido condenados: Winston Orozco Montero, alias Pizza a 53 a\u00f1os de prisi\u00f3n; Lidia Andrea Moncada Matuk a 43 a\u00f1os de prisi\u00f3n; y Sergio Esteban Zamora Bello a 40 a\u00f1os de prisi\u00f3n.<\/p>\n","protected":false},"excerpt":{"rendered":"<p>La contundencia del material probatorio aportado por un fiscal especializado, de la Direcci\u00f3n Seccional Bogot\u00e1, permiti\u00f3 que un Juez con funci\u00f3n de control de garant\u00edas impusiera medida de aseguramiento en centro carcelario contra Jorge Ortega Contreras. El procesado har\u00eda parte de la organizaci\u00f3n ilegal que el 8 de abril de 2018 drog\u00f3 al teniente de [&hellip;]<\/p>\n","protected":false},"author":2,"featured_media":0,"comment_status":"open","ping_status":"open","sticky":false,"template":"","format":"standard","meta":{"footnotes":""},"categories":[36,29],"tags":[],"class_list":["post-58143","post","type-post","status-publish","format-standard","hentry","category-destacado","category-judicial"],"yoast_head":"<!-- This site is optimized with the Yoast SEO plugin v26.6 - https:\/\/yoast.com\/wordpress\/plugins\/seo\/ -->\n<title>A la c\u00e1rcel presunto responsable de torturar y asesinar a un teniente de la polic\u00eda -<\/title>\n<meta name=\"robots\" content=\"index, follow, max-snippet:-1, max-image-preview:large, max-video-preview:-1\" \/>\n<link rel=\"canonical\" href=\"https:\/\/luchonoticias.com\/editor\/a-la-carcel-presunto-responsable-de-torturar-y-asesinar-a-un-teniente-de-la-policia\/\" \/>\n<meta property=\"og:locale\" content=\"es_ES\" \/>\n<meta property=\"og:type\" content=\"article\" \/>\n<meta property=\"og:title\" content=\"A la c\u00e1rcel presunto responsable de torturar y asesinar a un teniente de la polic\u00eda -\" \/>\n<meta property=\"og:url\" content=\"https:\/\/luchonoticias.com\/editor\/a-la-carcel-presunto-responsable-de-torturar-y-asesinar-a-un-teniente-de-la-policia\/\" \/>\n<meta property=\"article:publisher\" content=\"https:\/\/www.facebook.com\/luchonoticiasneiva\" \/>\n<meta property=\"article:published_time\" content=\"2023-08-13T13:49:30+00:00\" \/>\n<meta property=\"article:modified_time\" content=\"2023-08-13T13:49:31+00:00\" \/>\n<meta name=\"author\" content=\"Editor General\" \/>\n<meta name=\"twitter:card\" content=\"summary_large_image\" \/>\n<meta name=\"twitter:label1\" content=\"Escrito por\" \/>\n\t<meta name=\"twitter:data1\" content=\"Editor General\" \/>\n\t<meta name=\"twitter:label2\" content=\"Tiempo de lectura\" \/>\n\t<meta name=\"twitter:data2\" content=\"2 minutos\" \/>\n<script type=\"application\/ld+json\" class=\"yoast-schema-graph\">{\"@context\":\"https:\/\/schema.org\",\"@graph\":[{\"@type\":\"Article\",\"@id\":\"https:\/\/luchonoticias.com\/editor\/a-la-carcel-presunto-responsable-de-torturar-y-asesinar-a-un-teniente-de-la-policia\/#article\",\"isPartOf\":{\"@id\":\"https:\/\/luchonoticias.com\/editor\/a-la-carcel-presunto-responsable-de-torturar-y-asesinar-a-un-teniente-de-la-policia\/\"},\"author\":{\"name\":\"Editor General\",\"@id\":\"https:\/\/luchonoticias.com\/editor\/#\/schema\/person\/29217990ddf6f14e35912b2866d591fb\"},\"headline\":\"A la c\u00e1rcel presunto responsable de torturar y asesinar a un teniente de la polic\u00eda\",\"datePublished\":\"2023-08-13T13:49:30+00:00\",\"dateModified\":\"2023-08-13T13:49:31+00:00\",\"mainEntityOfPage\":{\"@id\":\"https:\/\/luchonoticias.com\/editor\/a-la-carcel-presunto-responsable-de-torturar-y-asesinar-a-un-teniente-de-la-policia\/\"},\"wordCount\":360,\"commentCount\":0,\"publisher\":{\"@id\":\"https:\/\/luchonoticias.com\/editor\/#\/schema\/person\/7a7fd911f58561fd056dbac7b55af9cd\"},\"articleSection\":[\"Destacado\",\"Judicial\"],\"inLanguage\":\"es\",\"potentialAction\":[{\"@type\":\"CommentAction\",\"name\":\"Comment\",\"target\":[\"https:\/\/luchonoticias.com\/editor\/a-la-carcel-presunto-responsable-de-torturar-y-asesinar-a-un-teniente-de-la-policia\/#respond\"]}]},{\"@type\":\"WebPage\",\"@id\":\"https:\/\/luchonoticias.com\/editor\/a-la-carcel-presunto-responsable-de-torturar-y-asesinar-a-un-teniente-de-la-policia\/\",\"url\":\"https:\/\/luchonoticias.com\/editor\/a-la-carcel-presunto-responsable-de-torturar-y-asesinar-a-un-teniente-de-la-policia\/\",\"name\":\"A la c\u00e1rcel presunto responsable de torturar y asesinar a un teniente de la polic\u00eda -\",\"isPartOf\":{\"@id\":\"https:\/\/luchonoticias.com\/editor\/#website\"},\"datePublished\":\"2023-08-13T13:49:30+00:00\",\"dateModified\":\"2023-08-13T13:49:31+00:00\",\"breadcrumb\":{\"@id\":\"https:\/\/luchonoticias.com\/editor\/a-la-carcel-presunto-responsable-de-torturar-y-asesinar-a-un-teniente-de-la-policia\/#breadcrumb\"},\"inLanguage\":\"es\",\"potentialAction\":[{\"@type\":\"ReadAction\",\"target\":[\"https:\/\/luchonoticias.com\/editor\/a-la-carcel-presunto-responsable-de-torturar-y-asesinar-a-un-teniente-de-la-policia\/\"]}]},{\"@type\":\"BreadcrumbList\",\"@id\":\"https:\/\/luchonoticias.com\/editor\/a-la-carcel-presunto-responsable-de-torturar-y-asesinar-a-un-teniente-de-la-policia\/#breadcrumb\",\"itemListElement\":[{\"@type\":\"ListItem\",\"position\":1,\"name\":\"Portada\",\"item\":\"https:\/\/luchonoticias.com\/editor\/\"},{\"@type\":\"ListItem\",\"position\":2,\"name\":\"A la c\u00e1rcel presunto responsable de torturar y asesinar a un teniente de la polic\u00eda\"}]},{\"@type\":\"WebSite\",\"@id\":\"https:\/\/luchonoticias.com\/editor\/#website\",\"url\":\"https:\/\/luchonoticias.com\/editor\/\",\"name\":\"\",\"description\":\"\",\"publisher\":{\"@id\":\"https:\/\/luchonoticias.com\/editor\/#\/schema\/person\/7a7fd911f58561fd056dbac7b55af9cd\"},\"potentialAction\":[{\"@type\":\"SearchAction\",\"target\":{\"@type\":\"EntryPoint\",\"urlTemplate\":\"https:\/\/luchonoticias.com\/editor\/?s={search_term_string}\"},\"query-input\":{\"@type\":\"PropertyValueSpecification\",\"valueRequired\":true,\"valueName\":\"search_term_string\"}}],\"inLanguage\":\"es\"},{\"@type\":[\"Person\",\"Organization\"],\"@id\":\"https:\/\/luchonoticias.com\/editor\/#\/schema\/person\/7a7fd911f58561fd056dbac7b55af9cd\",\"name\":\"admin\",\"image\":{\"@type\":\"ImageObject\",\"inLanguage\":\"es\",\"@id\":\"https:\/\/luchonoticias.com\/editor\/#\/schema\/person\/image\/\",\"url\":\"https:\/\/luchonoticias.com\/editor\/wp-content\/uploads\/2024\/02\/cropped-cropped-logolu.webp\",\"contentUrl\":\"https:\/\/luchonoticias.com\/editor\/wp-content\/uploads\/2024\/02\/cropped-cropped-logolu.webp\",\"width\":382,\"height\":170,\"caption\":\"admin\"},\"logo\":{\"@id\":\"https:\/\/luchonoticias.com\/editor\/#\/schema\/person\/image\/\"},\"sameAs\":[\"https:\/\/www.facebook.com\/luchonoticiasneiva\"]},{\"@type\":\"Person\",\"@id\":\"https:\/\/luchonoticias.com\/editor\/#\/schema\/person\/29217990ddf6f14e35912b2866d591fb\",\"name\":\"Editor General\",\"image\":{\"@type\":\"ImageObject\",\"inLanguage\":\"es\",\"@id\":\"https:\/\/luchonoticias.com\/editor\/#\/schema\/person\/image\/\",\"url\":\"https:\/\/luchonoticias.com\/editor\/wp-content\/uploads\/2024\/02\/cropped-cropped-logolu-150x150.webp\",\"contentUrl\":\"https:\/\/luchonoticias.com\/editor\/wp-content\/uploads\/2024\/02\/cropped-cropped-logolu-150x150.webp\",\"caption\":\"Editor General\"},\"sameAs\":[\"https:\/\/luchonoticias.com\/\"],\"url\":\"https:\/\/luchonoticias.com\/editor\/author\/editor-general\/\"}]}<\/script>\n<!-- \/ Yoast SEO plugin. -->","yoast_head_json":{"title":"A la c\u00e1rcel presunto responsable de torturar y asesinar a un teniente de la polic\u00eda -","robots":{"index":"index","follow":"follow","max-snippet":"max-snippet:-1","max-image-preview":"max-image-preview:large","max-video-preview":"max-video-preview:-1"},"canonical":"https:\/\/luchonoticias.com\/editor\/a-la-carcel-presunto-responsable-de-torturar-y-asesinar-a-un-teniente-de-la-policia\/","og_locale":"es_ES","og_type":"article","og_title":"A la c\u00e1rcel presunto responsable de torturar y asesinar a un teniente de la polic\u00eda -","og_url":"https:\/\/luchonoticias.com\/editor\/a-la-carcel-presunto-responsable-de-torturar-y-asesinar-a-un-teniente-de-la-policia\/","article_publisher":"https:\/\/www.facebook.com\/luchonoticiasneiva","article_published_time":"2023-08-13T13:49:30+00:00","article_modified_time":"2023-08-13T13:49:31+00:00","author":"Editor General","twitter_card":"summary_large_image","twitter_misc":{"Escrito por":"Editor General","Tiempo de lectura":"2 minutos"},"schema":{"@context":"https:\/\/schema.org","@graph":[{"@type":"Article","@id":"https:\/\/luchonoticias.com\/editor\/a-la-carcel-presunto-responsable-de-torturar-y-asesinar-a-un-teniente-de-la-policia\/#article","isPartOf":{"@id":"https:\/\/luchonoticias.com\/editor\/a-la-carcel-presunto-responsable-de-torturar-y-asesinar-a-un-teniente-de-la-policia\/"},"author":{"name":"Editor General","@id":"https:\/\/luchonoticias.com\/editor\/#\/schema\/person\/29217990ddf6f14e35912b2866d591fb"},"headline":"A la c\u00e1rcel presunto responsable de torturar y asesinar a un teniente de la polic\u00eda","datePublished":"2023-08-13T13:49:30+00:00","dateModified":"2023-08-13T13:49:31+00:00","mainEntityOfPage":{"@id":"https:\/\/luchonoticias.com\/editor\/a-la-carcel-presunto-responsable-de-torturar-y-asesinar-a-un-teniente-de-la-policia\/"},"wordCount":360,"commentCount":0,"publisher":{"@id":"https:\/\/luchonoticias.com\/editor\/#\/schema\/person\/7a7fd911f58561fd056dbac7b55af9cd"},"articleSection":["Destacado","Judicial"],"inLanguage":"es","potentialAction":[{"@type":"CommentAction","name":"Comment","target":["https:\/\/luchonoticias.com\/editor\/a-la-carcel-presunto-responsable-de-torturar-y-asesinar-a-un-teniente-de-la-policia\/#respond"]}]},{"@type":"WebPage","@id":"https:\/\/luchonoticias.com\/editor\/a-la-carcel-presunto-responsable-de-torturar-y-asesinar-a-un-teniente-de-la-policia\/","url":"https:\/\/luchonoticias.com\/editor\/a-la-carcel-presunto-responsable-de-torturar-y-asesinar-a-un-teniente-de-la-policia\/","name":"A la c\u00e1rcel presunto responsable de torturar y asesinar a un teniente de la polic\u00eda -","isPartOf":{"@id":"https:\/\/luchonoticias.com\/editor\/#website"},"datePublished":"2023-08-13T13:49:30+00:00","dateModified":"2023-08-13T13:49:31+00:00","breadcrumb":{"@id":"https:\/\/luchonoticias.com\/editor\/a-la-carcel-presunto-responsable-de-torturar-y-asesinar-a-un-teniente-de-la-policia\/#breadcrumb"},"inLanguage":"es","potentialAction":[{"@type":"ReadAction","target":["https:\/\/luchonoticias.com\/editor\/a-la-carcel-presunto-responsable-de-torturar-y-asesinar-a-un-teniente-de-la-policia\/"]}]},{"@type":"BreadcrumbList","@id":"https:\/\/luchonoticias.com\/editor\/a-la-carcel-presunto-responsable-de-torturar-y-asesinar-a-un-teniente-de-la-policia\/#breadcrumb","itemListElement":[{"@type":"ListItem","position":1,"name":"Portada","item":"https:\/\/luchonoticias.com\/editor\/"},{"@type":"ListItem","position":2,"name":"A la c\u00e1rcel presunto responsable de torturar y asesinar a un teniente de la polic\u00eda"}]},{"@type":"WebSite","@id":"https:\/\/luchonoticias.com\/editor\/#website","url":"https:\/\/luchonoticias.com\/editor\/","name":"","description":"","publisher":{"@id":"https:\/\/luchonoticias.com\/editor\/#\/schema\/person\/7a7fd911f58561fd056dbac7b55af9cd"},"potentialAction":[{"@type":"SearchAction","target":{"@type":"EntryPoint","urlTemplate":"https:\/\/luchonoticias.com\/editor\/?s={search_term_string}"},"query-input":{"@type":"PropertyValueSpecification","valueRequired":true,"valueName":"search_term_string"}}],"inLanguage":"es"},{"@type":["Person","Organization"],"@id":"https:\/\/luchonoticias.com\/editor\/#\/schema\/person\/7a7fd911f58561fd056dbac7b55af9cd","name":"admin","image":{"@type":"ImageObject","inLanguage":"es","@id":"https:\/\/luchonoticias.com\/editor\/#\/schema\/person\/image\/","url":"https:\/\/luchonoticias.com\/editor\/wp-content\/uploads\/2024\/02\/cropped-cropped-logolu.webp","contentUrl":"https:\/\/luchonoticias.com\/editor\/wp-content\/uploads\/2024\/02\/cropped-cropped-logolu.webp","width":382,"height":170,"caption":"admin"},"logo":{"@id":"https:\/\/luchonoticias.com\/editor\/#\/schema\/person\/image\/"},"sameAs":["https:\/\/www.facebook.com\/luchonoticiasneiva"]},{"@type":"Person","@id":"https:\/\/luchonoticias.com\/editor\/#\/schema\/person\/29217990ddf6f14e35912b2866d591fb","name":"Editor General","image":{"@type":"ImageObject","inLanguage":"es","@id":"https:\/\/luchonoticias.com\/editor\/#\/schema\/person\/image\/","url":"https:\/\/luchonoticias.com\/editor\/wp-content\/uploads\/2024\/02\/cropped-cropped-logolu-150x150.webp","contentUrl":"https:\/\/luchonoticias.com\/editor\/wp-content\/uploads\/2024\/02\/cropped-cropped-logolu-150x150.webp","caption":"Editor General"},"sameAs":["https:\/\/luchonoticias.com\/"],"url":"https:\/\/luchonoticias.com\/editor\/author\/editor-general\/"}]}},"_links":{"self":[{"href":"https:\/\/luchonoticias.com\/editor\/wp-json\/wp\/v2\/posts\/58143","targetHints":{"allow":["GET"]}}],"collection":[{"href":"https:\/\/luchonoticias.com\/editor\/wp-json\/wp\/v2\/posts"}],"about":[{"href":"https:\/\/luchonoticias.com\/editor\/wp-json\/wp\/v2\/types\/post"}],"author":[{"embeddable":true,"href":"https:\/\/luchonoticias.com\/editor\/wp-json\/wp\/v2\/users\/2"}],"replies":[{"embeddable":true,"href":"https:\/\/luchonoticias.com\/editor\/wp-json\/wp\/v2\/comments?post=58143"}],"version-history":[{"count":0,"href":"https:\/\/luchonoticias.com\/editor\/wp-json\/wp\/v2\/posts\/58143\/revisions"}],"wp:attachment":[{"href":"https:\/\/luchonoticias.com\/editor\/wp-json\/wp\/v2\/media?parent=58143"}],"wp:term":[{"taxonomy":"category","embeddable":true,"href":"https:\/\/luchonoticias.com\/editor\/wp-json\/wp\/v2\/categories?post=58143"},{"taxonomy":"post_tag","embeddable":true,"href":"https:\/\/luchonoticias.com\/editor\/wp-json\/wp\/v2\/tags?post=58143"}],"curies":[{"name":"wp","href":"https:\/\/api.w.org\/{rel}","templated":true}]}}