{"id":58196,"date":"2023-08-14T14:11:26","date_gmt":"2023-08-14T19:11:26","guid":{"rendered":"https:\/\/luchonoticias.com\/?p=58196"},"modified":"2023-08-14T14:11:28","modified_gmt":"2023-08-14T19:11:28","slug":"petro-anuncia-la-creacion-de-una-comision-de-alto-nivel-para-elaborar-proyecto-de-reforma-a-la-justicia-que-se-presentara-al-congreso","status":"publish","type":"post","link":"https:\/\/luchonoticias.com\/editor\/petro-anuncia-la-creacion-de-una-comision-de-alto-nivel-para-elaborar-proyecto-de-reforma-a-la-justicia-que-se-presentara-al-congreso\/","title":{"rendered":"Petro anuncia la creaci\u00f3n de una comisi\u00f3n de alto nivel para elaborar proyecto de reforma a la justicia que se presentar\u00e1 al Congreso"},"content":{"rendered":"\n<p>\u201cEl Gobierno crear\u00e1 una comisi\u00f3n para la reforma judicial compuesta por las personas que se hayan distinguido por su pulcritud en la administraci\u00f3n de la justicia, con el fin de redactar la reforma que se presentar\u00e1 al Congreso de la Rep\u00fablica\u201d.<\/p>\n\n\n\n<p>As\u00ed lo anunci\u00f3 el Presidente Gustavo Petro a trav\u00e9s de su cuenta de Twitter, al referirse al caso de la red de corrupci\u00f3n en el proyecto de infraestructura la Ruta del Sol II. &nbsp;<\/p>\n\n\n\n<p>Al respecto, el Presidente Petro indic\u00f3: \u201cLa red de corrupci\u00f3n en la Ruta del Sol tiene un agravante: un Fiscal General de la Naci\u00f3n fue el abogado de la red previamente y recibi\u00f3 una comisi\u00f3n de \u00e9xito por una decisi\u00f3n oficial que se logr\u00f3 a trav\u00e9s de un soborno a funcionario p\u00fablico de varios millones de d\u00f3lares, tal como lo denunci\u00e9 en mi debate en el Senado de la Rep\u00fablica\u201d.<\/p>\n\n\n\n<p>De acuerdo con el Mandatario, \u201cesa relaci\u00f3n incestuosa entre el Fiscal General N\u00e9stor Humberto Mart\u00ednez y el grupo Aval impidi\u00f3 un juicio transparente en el caso y el descubrimiento de los sobornados que hoy por hoy son altos dirigentes pol\u00edticos\u201d.<\/p>\n\n\n\n<p>\u201cEsta impunidad pesa sobre la presi\u00f3n que hoy se ejerce para impedir que la actual Corte Suprema de Justicia designe nuevo Fiscal de la terna enviada por el Presidente, tal como ordena la Constituci\u00f3n Nacional. Se ha intentado hasta impedir al Presidente presentar la terna con este prop\u00f3sito, sin pensar siquiera en la Constituci\u00f3n\u201d, afirm\u00f3.<\/p>\n\n\n\n<p>\u201cUna justicia poderosa, como propuse en mi campa\u00f1a, es m\u00e1s importante que el dinero porque es la base de la Paz\u201d, sostuvo.<\/p>\n\n\n\n<p>En su mensaje de Twitter, el Jefe de Estado dijo que \u201ceste gobierno desea blindar de hechos de corrupci\u00f3n judicial la Fiscal\u00eda General de la Naci\u00f3n en el futuro\u201d.<\/p>\n\n\n\n<p>Record\u00f3 que \u201ctanto la sentencia de la Corte Constitucional que ordena reformar la Procuradur\u00eda, de acuerdo a la Convenci\u00f3n Americana sobre los DD.HH, como el hecho de que el principal grupo econ\u00f3mico del pa\u00eds haya confesado ante la justicia extranjera estar incurso en la red de corrupci\u00f3n y sobornos a pol\u00edticos y funcionarios del Estado colombiano son causa suficiente para presentar una reforma a la justicia que debe tener como prioridad su fortalecimiento e independencia, la cercan\u00eda a la ciudadan\u00eda y la lucha contra la corrupci\u00f3n\u201d.<\/p>\n\n\n\n<p>Por \u00faltimo, el Presidente Petro solicit\u00f3 a los partidos pol\u00edticos \u201cdevolver los dineros donados por el grupo econ\u00f3mico que ha confesado el otorgamiento de sobornos. Es importante que los partidos pol\u00edticos examinen cu\u00e1les de sus altos dirigentes participaron tanto en los actos administrativos que ampliaron la Ruta del Sol II como en la Fiscal\u00eda que los encubri\u00f3 y tomen las medidas que la decencia determina\u201d.<\/p>\n","protected":false},"excerpt":{"rendered":"<p>\u201cEl Gobierno crear\u00e1 una comisi\u00f3n para la reforma judicial compuesta por las personas que se hayan distinguido por su pulcritud en la administraci\u00f3n de la justicia, con el fin de redactar la reforma que se presentar\u00e1 al Congreso de la Rep\u00fablica\u201d. As\u00ed lo anunci\u00f3 el Presidente Gustavo Petro a trav\u00e9s de su cuenta de Twitter, [&hellip;]<\/p>\n","protected":false},"author":2,"featured_media":0,"comment_status":"open","ping_status":"open","sticky":false,"template":"","format":"standard","meta":{"footnotes":""},"categories":[36,32],"tags":[],"class_list":["post-58196","post","type-post","status-publish","format-standard","hentry","category-destacado","category-nacional"],"yoast_head":"<!-- This site is optimized with the Yoast SEO plugin v26.6 - https:\/\/yoast.com\/wordpress\/plugins\/seo\/ -->\n<title>Petro anuncia la creaci\u00f3n de una comisi\u00f3n de alto nivel para elaborar proyecto de reforma a la justicia que se presentar\u00e1 al Congreso -<\/title>\n<meta name=\"robots\" content=\"index, follow, max-snippet:-1, max-image-preview:large, max-video-preview:-1\" \/>\n<link rel=\"canonical\" href=\"https:\/\/luchonoticias.com\/editor\/petro-anuncia-la-creacion-de-una-comision-de-alto-nivel-para-elaborar-proyecto-de-reforma-a-la-justicia-que-se-presentara-al-congreso\/\" \/>\n<meta property=\"og:locale\" content=\"es_ES\" \/>\n<meta property=\"og:type\" content=\"article\" \/>\n<meta property=\"og:title\" content=\"Petro anuncia la creaci\u00f3n de una comisi\u00f3n de alto nivel para elaborar proyecto de reforma a la justicia que se presentar\u00e1 al Congreso -\" \/>\n<meta property=\"og:url\" content=\"https:\/\/luchonoticias.com\/editor\/petro-anuncia-la-creacion-de-una-comision-de-alto-nivel-para-elaborar-proyecto-de-reforma-a-la-justicia-que-se-presentara-al-congreso\/\" \/>\n<meta property=\"article:publisher\" content=\"https:\/\/www.facebook.com\/luchonoticiasneiva\" \/>\n<meta property=\"article:published_time\" content=\"2023-08-14T19:11:26+00:00\" \/>\n<meta property=\"article:modified_time\" content=\"2023-08-14T19:11:28+00:00\" \/>\n<meta name=\"author\" content=\"Editor General\" \/>\n<meta name=\"twitter:card\" content=\"summary_large_image\" \/>\n<meta name=\"twitter:label1\" content=\"Escrito por\" \/>\n\t<meta name=\"twitter:data1\" content=\"Editor General\" \/>\n\t<meta name=\"twitter:label2\" content=\"Tiempo de lectura\" \/>\n\t<meta name=\"twitter:data2\" content=\"2 minutos\" \/>\n<script type=\"application\/ld+json\" class=\"yoast-schema-graph\">{\"@context\":\"https:\/\/schema.org\",\"@graph\":[{\"@type\":\"Article\",\"@id\":\"https:\/\/luchonoticias.com\/editor\/petro-anuncia-la-creacion-de-una-comision-de-alto-nivel-para-elaborar-proyecto-de-reforma-a-la-justicia-que-se-presentara-al-congreso\/#article\",\"isPartOf\":{\"@id\":\"https:\/\/luchonoticias.com\/editor\/petro-anuncia-la-creacion-de-una-comision-de-alto-nivel-para-elaborar-proyecto-de-reforma-a-la-justicia-que-se-presentara-al-congreso\/\"},\"author\":{\"name\":\"Editor General\",\"@id\":\"https:\/\/luchonoticias.com\/editor\/#\/schema\/person\/29217990ddf6f14e35912b2866d591fb\"},\"headline\":\"Petro anuncia la creaci\u00f3n de una comisi\u00f3n de alto nivel para elaborar proyecto de reforma a la justicia que se presentar\u00e1 al Congreso\",\"datePublished\":\"2023-08-14T19:11:26+00:00\",\"dateModified\":\"2023-08-14T19:11:28+00:00\",\"mainEntityOfPage\":{\"@id\":\"https:\/\/luchonoticias.com\/editor\/petro-anuncia-la-creacion-de-una-comision-de-alto-nivel-para-elaborar-proyecto-de-reforma-a-la-justicia-que-se-presentara-al-congreso\/\"},\"wordCount\":508,\"commentCount\":0,\"publisher\":{\"@id\":\"https:\/\/luchonoticias.com\/editor\/#\/schema\/person\/7a7fd911f58561fd056dbac7b55af9cd\"},\"articleSection\":[\"Destacado\",\"Nacional\"],\"inLanguage\":\"es\",\"potentialAction\":[{\"@type\":\"CommentAction\",\"name\":\"Comment\",\"target\":[\"https:\/\/luchonoticias.com\/editor\/petro-anuncia-la-creacion-de-una-comision-de-alto-nivel-para-elaborar-proyecto-de-reforma-a-la-justicia-que-se-presentara-al-congreso\/#respond\"]}]},{\"@type\":\"WebPage\",\"@id\":\"https:\/\/luchonoticias.com\/editor\/petro-anuncia-la-creacion-de-una-comision-de-alto-nivel-para-elaborar-proyecto-de-reforma-a-la-justicia-que-se-presentara-al-congreso\/\",\"url\":\"https:\/\/luchonoticias.com\/editor\/petro-anuncia-la-creacion-de-una-comision-de-alto-nivel-para-elaborar-proyecto-de-reforma-a-la-justicia-que-se-presentara-al-congreso\/\",\"name\":\"Petro anuncia la creaci\u00f3n de una comisi\u00f3n de alto nivel para elaborar proyecto de reforma a la justicia que se presentar\u00e1 al Congreso -\",\"isPartOf\":{\"@id\":\"https:\/\/luchonoticias.com\/editor\/#website\"},\"datePublished\":\"2023-08-14T19:11:26+00:00\",\"dateModified\":\"2023-08-14T19:11:28+00:00\",\"breadcrumb\":{\"@id\":\"https:\/\/luchonoticias.com\/editor\/petro-anuncia-la-creacion-de-una-comision-de-alto-nivel-para-elaborar-proyecto-de-reforma-a-la-justicia-que-se-presentara-al-congreso\/#breadcrumb\"},\"inLanguage\":\"es\",\"potentialAction\":[{\"@type\":\"ReadAction\",\"target\":[\"https:\/\/luchonoticias.com\/editor\/petro-anuncia-la-creacion-de-una-comision-de-alto-nivel-para-elaborar-proyecto-de-reforma-a-la-justicia-que-se-presentara-al-congreso\/\"]}]},{\"@type\":\"BreadcrumbList\",\"@id\":\"https:\/\/luchonoticias.com\/editor\/petro-anuncia-la-creacion-de-una-comision-de-alto-nivel-para-elaborar-proyecto-de-reforma-a-la-justicia-que-se-presentara-al-congreso\/#breadcrumb\",\"itemListElement\":[{\"@type\":\"ListItem\",\"position\":1,\"name\":\"Portada\",\"item\":\"https:\/\/luchonoticias.com\/editor\/\"},{\"@type\":\"ListItem\",\"position\":2,\"name\":\"Petro anuncia la creaci\u00f3n de una comisi\u00f3n de alto nivel para elaborar proyecto de reforma a la justicia que se presentar\u00e1 al Congreso\"}]},{\"@type\":\"WebSite\",\"@id\":\"https:\/\/luchonoticias.com\/editor\/#website\",\"url\":\"https:\/\/luchonoticias.com\/editor\/\",\"name\":\"\",\"description\":\"\",\"publisher\":{\"@id\":\"https:\/\/luchonoticias.com\/editor\/#\/schema\/person\/7a7fd911f58561fd056dbac7b55af9cd\"},\"potentialAction\":[{\"@type\":\"SearchAction\",\"target\":{\"@type\":\"EntryPoint\",\"urlTemplate\":\"https:\/\/luchonoticias.com\/editor\/?s={search_term_string}\"},\"query-input\":{\"@type\":\"PropertyValueSpecification\",\"valueRequired\":true,\"valueName\":\"search_term_string\"}}],\"inLanguage\":\"es\"},{\"@type\":[\"Person\",\"Organization\"],\"@id\":\"https:\/\/luchonoticias.com\/editor\/#\/schema\/person\/7a7fd911f58561fd056dbac7b55af9cd\",\"name\":\"admin\",\"image\":{\"@type\":\"ImageObject\",\"inLanguage\":\"es\",\"@id\":\"https:\/\/luchonoticias.com\/editor\/#\/schema\/person\/image\/\",\"url\":\"https:\/\/luchonoticias.com\/editor\/wp-content\/uploads\/2024\/02\/cropped-cropped-logolu.webp\",\"contentUrl\":\"https:\/\/luchonoticias.com\/editor\/wp-content\/uploads\/2024\/02\/cropped-cropped-logolu.webp\",\"width\":382,\"height\":170,\"caption\":\"admin\"},\"logo\":{\"@id\":\"https:\/\/luchonoticias.com\/editor\/#\/schema\/person\/image\/\"},\"sameAs\":[\"https:\/\/www.facebook.com\/luchonoticiasneiva\"]},{\"@type\":\"Person\",\"@id\":\"https:\/\/luchonoticias.com\/editor\/#\/schema\/person\/29217990ddf6f14e35912b2866d591fb\",\"name\":\"Editor General\",\"image\":{\"@type\":\"ImageObject\",\"inLanguage\":\"es\",\"@id\":\"https:\/\/luchonoticias.com\/editor\/#\/schema\/person\/image\/\",\"url\":\"https:\/\/luchonoticias.com\/editor\/wp-content\/uploads\/2024\/02\/cropped-cropped-logolu-150x150.webp\",\"contentUrl\":\"https:\/\/luchonoticias.com\/editor\/wp-content\/uploads\/2024\/02\/cropped-cropped-logolu-150x150.webp\",\"caption\":\"Editor General\"},\"sameAs\":[\"https:\/\/luchonoticias.com\/\"],\"url\":\"https:\/\/luchonoticias.com\/editor\/author\/editor-general\/\"}]}<\/script>\n<!-- \/ Yoast SEO plugin. -->","yoast_head_json":{"title":"Petro anuncia la creaci\u00f3n de una comisi\u00f3n de alto nivel para elaborar proyecto de reforma a la justicia que se presentar\u00e1 al Congreso -","robots":{"index":"index","follow":"follow","max-snippet":"max-snippet:-1","max-image-preview":"max-image-preview:large","max-video-preview":"max-video-preview:-1"},"canonical":"https:\/\/luchonoticias.com\/editor\/petro-anuncia-la-creacion-de-una-comision-de-alto-nivel-para-elaborar-proyecto-de-reforma-a-la-justicia-que-se-presentara-al-congreso\/","og_locale":"es_ES","og_type":"article","og_title":"Petro anuncia la creaci\u00f3n de una comisi\u00f3n de alto nivel para elaborar proyecto de reforma a la justicia que se presentar\u00e1 al Congreso -","og_url":"https:\/\/luchonoticias.com\/editor\/petro-anuncia-la-creacion-de-una-comision-de-alto-nivel-para-elaborar-proyecto-de-reforma-a-la-justicia-que-se-presentara-al-congreso\/","article_publisher":"https:\/\/www.facebook.com\/luchonoticiasneiva","article_published_time":"2023-08-14T19:11:26+00:00","article_modified_time":"2023-08-14T19:11:28+00:00","author":"Editor General","twitter_card":"summary_large_image","twitter_misc":{"Escrito por":"Editor General","Tiempo de lectura":"2 minutos"},"schema":{"@context":"https:\/\/schema.org","@graph":[{"@type":"Article","@id":"https:\/\/luchonoticias.com\/editor\/petro-anuncia-la-creacion-de-una-comision-de-alto-nivel-para-elaborar-proyecto-de-reforma-a-la-justicia-que-se-presentara-al-congreso\/#article","isPartOf":{"@id":"https:\/\/luchonoticias.com\/editor\/petro-anuncia-la-creacion-de-una-comision-de-alto-nivel-para-elaborar-proyecto-de-reforma-a-la-justicia-que-se-presentara-al-congreso\/"},"author":{"name":"Editor General","@id":"https:\/\/luchonoticias.com\/editor\/#\/schema\/person\/29217990ddf6f14e35912b2866d591fb"},"headline":"Petro anuncia la creaci\u00f3n de una comisi\u00f3n de alto nivel para elaborar proyecto de reforma a la justicia que se presentar\u00e1 al Congreso","datePublished":"2023-08-14T19:11:26+00:00","dateModified":"2023-08-14T19:11:28+00:00","mainEntityOfPage":{"@id":"https:\/\/luchonoticias.com\/editor\/petro-anuncia-la-creacion-de-una-comision-de-alto-nivel-para-elaborar-proyecto-de-reforma-a-la-justicia-que-se-presentara-al-congreso\/"},"wordCount":508,"commentCount":0,"publisher":{"@id":"https:\/\/luchonoticias.com\/editor\/#\/schema\/person\/7a7fd911f58561fd056dbac7b55af9cd"},"articleSection":["Destacado","Nacional"],"inLanguage":"es","potentialAction":[{"@type":"CommentAction","name":"Comment","target":["https:\/\/luchonoticias.com\/editor\/petro-anuncia-la-creacion-de-una-comision-de-alto-nivel-para-elaborar-proyecto-de-reforma-a-la-justicia-que-se-presentara-al-congreso\/#respond"]}]},{"@type":"WebPage","@id":"https:\/\/luchonoticias.com\/editor\/petro-anuncia-la-creacion-de-una-comision-de-alto-nivel-para-elaborar-proyecto-de-reforma-a-la-justicia-que-se-presentara-al-congreso\/","url":"https:\/\/luchonoticias.com\/editor\/petro-anuncia-la-creacion-de-una-comision-de-alto-nivel-para-elaborar-proyecto-de-reforma-a-la-justicia-que-se-presentara-al-congreso\/","name":"Petro anuncia la creaci\u00f3n de una comisi\u00f3n de alto nivel para elaborar proyecto de reforma a la justicia que se presentar\u00e1 al Congreso -","isPartOf":{"@id":"https:\/\/luchonoticias.com\/editor\/#website"},"datePublished":"2023-08-14T19:11:26+00:00","dateModified":"2023-08-14T19:11:28+00:00","breadcrumb":{"@id":"https:\/\/luchonoticias.com\/editor\/petro-anuncia-la-creacion-de-una-comision-de-alto-nivel-para-elaborar-proyecto-de-reforma-a-la-justicia-que-se-presentara-al-congreso\/#breadcrumb"},"inLanguage":"es","potentialAction":[{"@type":"ReadAction","target":["https:\/\/luchonoticias.com\/editor\/petro-anuncia-la-creacion-de-una-comision-de-alto-nivel-para-elaborar-proyecto-de-reforma-a-la-justicia-que-se-presentara-al-congreso\/"]}]},{"@type":"BreadcrumbList","@id":"https:\/\/luchonoticias.com\/editor\/petro-anuncia-la-creacion-de-una-comision-de-alto-nivel-para-elaborar-proyecto-de-reforma-a-la-justicia-que-se-presentara-al-congreso\/#breadcrumb","itemListElement":[{"@type":"ListItem","position":1,"name":"Portada","item":"https:\/\/luchonoticias.com\/editor\/"},{"@type":"ListItem","position":2,"name":"Petro anuncia la creaci\u00f3n de una comisi\u00f3n de alto nivel para elaborar proyecto de reforma a la justicia que se presentar\u00e1 al Congreso"}]},{"@type":"WebSite","@id":"https:\/\/luchonoticias.com\/editor\/#website","url":"https:\/\/luchonoticias.com\/editor\/","name":"","description":"","publisher":{"@id":"https:\/\/luchonoticias.com\/editor\/#\/schema\/person\/7a7fd911f58561fd056dbac7b55af9cd"},"potentialAction":[{"@type":"SearchAction","target":{"@type":"EntryPoint","urlTemplate":"https:\/\/luchonoticias.com\/editor\/?s={search_term_string}"},"query-input":{"@type":"PropertyValueSpecification","valueRequired":true,"valueName":"search_term_string"}}],"inLanguage":"es"},{"@type":["Person","Organization"],"@id":"https:\/\/luchonoticias.com\/editor\/#\/schema\/person\/7a7fd911f58561fd056dbac7b55af9cd","name":"admin","image":{"@type":"ImageObject","inLanguage":"es","@id":"https:\/\/luchonoticias.com\/editor\/#\/schema\/person\/image\/","url":"https:\/\/luchonoticias.com\/editor\/wp-content\/uploads\/2024\/02\/cropped-cropped-logolu.webp","contentUrl":"https:\/\/luchonoticias.com\/editor\/wp-content\/uploads\/2024\/02\/cropped-cropped-logolu.webp","width":382,"height":170,"caption":"admin"},"logo":{"@id":"https:\/\/luchonoticias.com\/editor\/#\/schema\/person\/image\/"},"sameAs":["https:\/\/www.facebook.com\/luchonoticiasneiva"]},{"@type":"Person","@id":"https:\/\/luchonoticias.com\/editor\/#\/schema\/person\/29217990ddf6f14e35912b2866d591fb","name":"Editor General","image":{"@type":"ImageObject","inLanguage":"es","@id":"https:\/\/luchonoticias.com\/editor\/#\/schema\/person\/image\/","url":"https:\/\/luchonoticias.com\/editor\/wp-content\/uploads\/2024\/02\/cropped-cropped-logolu-150x150.webp","contentUrl":"https:\/\/luchonoticias.com\/editor\/wp-content\/uploads\/2024\/02\/cropped-cropped-logolu-150x150.webp","caption":"Editor General"},"sameAs":["https:\/\/luchonoticias.com\/"],"url":"https:\/\/luchonoticias.com\/editor\/author\/editor-general\/"}]}},"_links":{"self":[{"href":"https:\/\/luchonoticias.com\/editor\/wp-json\/wp\/v2\/posts\/58196","targetHints":{"allow":["GET"]}}],"collection":[{"href":"https:\/\/luchonoticias.com\/editor\/wp-json\/wp\/v2\/posts"}],"about":[{"href":"https:\/\/luchonoticias.com\/editor\/wp-json\/wp\/v2\/types\/post"}],"author":[{"embeddable":true,"href":"https:\/\/luchonoticias.com\/editor\/wp-json\/wp\/v2\/users\/2"}],"replies":[{"embeddable":true,"href":"https:\/\/luchonoticias.com\/editor\/wp-json\/wp\/v2\/comments?post=58196"}],"version-history":[{"count":0,"href":"https:\/\/luchonoticias.com\/editor\/wp-json\/wp\/v2\/posts\/58196\/revisions"}],"wp:attachment":[{"href":"https:\/\/luchonoticias.com\/editor\/wp-json\/wp\/v2\/media?parent=58196"}],"wp:term":[{"taxonomy":"category","embeddable":true,"href":"https:\/\/luchonoticias.com\/editor\/wp-json\/wp\/v2\/categories?post=58196"},{"taxonomy":"post_tag","embeddable":true,"href":"https:\/\/luchonoticias.com\/editor\/wp-json\/wp\/v2\/tags?post=58196"}],"curies":[{"name":"wp","href":"https:\/\/api.w.org\/{rel}","templated":true}]}}