{"id":58199,"date":"2023-08-14T14:16:57","date_gmt":"2023-08-14T19:16:57","guid":{"rendered":"https:\/\/luchonoticias.com\/?p=58199"},"modified":"2023-08-14T14:16:58","modified_gmt":"2023-08-14T19:16:58","slug":"procuraduria-pide-explicaciones-a-la-jep-por-no-abrir-aun-el-macrocaso-11-sobre-violencia-sexual-y-de-genero","status":"publish","type":"post","link":"https:\/\/luchonoticias.com\/editor\/procuraduria-pide-explicaciones-a-la-jep-por-no-abrir-aun-el-macrocaso-11-sobre-violencia-sexual-y-de-genero\/","title":{"rendered":"Procuradur\u00eda pide explicaciones a la JEP por no abrir a\u00fan el macrocaso 11 sobre violencia sexual y de g\u00e9nero"},"content":{"rendered":"\n<p>La Procuradur\u00eda General de la Naci\u00f3n pidi\u00f3 a la Sala de Reconocimiento de Verdad SRVR de la JEP,&nbsp;<strong>explicaciones por no cumplir con el plazo de 30 d\u00edas ordenado por un juez del Tribunal de Paz para dar inicio al macrocaso 11&nbsp;<\/strong>que investigar\u00e1 cr\u00edmenes relacionados con violencia sexual y violencias basadas en g\u00e9nero en el marco del conflicto armado.&nbsp;<\/p>\n\n\n\n<p>En su memorial, los cuatro procuradores delegados ante la JEP aseguran que<strong>&nbsp;han transcurrido 36 d\u00edas h\u00e1biles desde que fue comunicado el fallo&nbsp;<\/strong>de tutela que ampar\u00f3 el acceso a la administraci\u00f3n de justicia, en un plazo razonable, as\u00ed como la garant\u00eda de los derechos a la verdad, justicia, reparaci\u00f3n y no repetici\u00f3n para las v\u00edctimas de estos execrables cr\u00edmenes.<\/p>\n\n\n\n<p>Los agentes del Ministerio P\u00fablico aclararon que<strong>, si bien la SRVR solicit\u00f3 la suspensi\u00f3n de la orden proferida, la Secci\u00f3n de Apelaci\u00f3n la rechaz\u00f3 por inconstitucional,<\/strong>&nbsp;y recordaron que incumplir las \u00f3rdenes proferidas en un tr\u00e1mite de tutela habilita la adopci\u00f3n de medios adicionales de protecci\u00f3n constitucional por parte del juez que orden\u00f3 el amparo.<\/p>\n","protected":false},"excerpt":{"rendered":"<p>La Procuradur\u00eda General de la Naci\u00f3n pidi\u00f3 a la Sala de Reconocimiento de Verdad SRVR de la JEP,&nbsp;explicaciones por no cumplir con el plazo de 30 d\u00edas ordenado por un juez del Tribunal de Paz para dar inicio al macrocaso 11&nbsp;que investigar\u00e1 cr\u00edmenes relacionados con violencia sexual y violencias basadas en g\u00e9nero en el marco [&hellip;]<\/p>\n","protected":false},"author":2,"featured_media":0,"comment_status":"open","ping_status":"open","sticky":false,"template":"","format":"standard","meta":{"footnotes":""},"categories":[28,36],"tags":[],"class_list":["post-58199","post","type-post","status-publish","format-standard","hentry","category-actualidad","category-destacado"],"yoast_head":"<!-- This site is optimized with the Yoast SEO plugin v26.6 - https:\/\/yoast.com\/wordpress\/plugins\/seo\/ -->\n<title>Procuradur\u00eda pide explicaciones a la JEP por no abrir a\u00fan el macrocaso 11 sobre violencia sexual y de g\u00e9nero -<\/title>\n<meta name=\"robots\" content=\"index, follow, max-snippet:-1, max-image-preview:large, max-video-preview:-1\" \/>\n<link rel=\"canonical\" href=\"https:\/\/luchonoticias.com\/editor\/procuraduria-pide-explicaciones-a-la-jep-por-no-abrir-aun-el-macrocaso-11-sobre-violencia-sexual-y-de-genero\/\" \/>\n<meta property=\"og:locale\" content=\"es_ES\" \/>\n<meta property=\"og:type\" content=\"article\" \/>\n<meta property=\"og:title\" content=\"Procuradur\u00eda pide explicaciones a la JEP por no abrir a\u00fan el macrocaso 11 sobre violencia sexual y de g\u00e9nero -\" \/>\n<meta property=\"og:url\" content=\"https:\/\/luchonoticias.com\/editor\/procuraduria-pide-explicaciones-a-la-jep-por-no-abrir-aun-el-macrocaso-11-sobre-violencia-sexual-y-de-genero\/\" \/>\n<meta property=\"article:publisher\" content=\"https:\/\/www.facebook.com\/luchonoticiasneiva\" \/>\n<meta property=\"article:published_time\" content=\"2023-08-14T19:16:57+00:00\" \/>\n<meta property=\"article:modified_time\" content=\"2023-08-14T19:16:58+00:00\" \/>\n<meta name=\"author\" content=\"Editor General\" \/>\n<meta name=\"twitter:card\" content=\"summary_large_image\" \/>\n<meta name=\"twitter:label1\" content=\"Escrito por\" \/>\n\t<meta name=\"twitter:data1\" content=\"Editor General\" \/>\n\t<meta name=\"twitter:label2\" content=\"Tiempo de lectura\" \/>\n\t<meta name=\"twitter:data2\" content=\"1 minuto\" \/>\n<script type=\"application\/ld+json\" class=\"yoast-schema-graph\">{\"@context\":\"https:\/\/schema.org\",\"@graph\":[{\"@type\":\"Article\",\"@id\":\"https:\/\/luchonoticias.com\/editor\/procuraduria-pide-explicaciones-a-la-jep-por-no-abrir-aun-el-macrocaso-11-sobre-violencia-sexual-y-de-genero\/#article\",\"isPartOf\":{\"@id\":\"https:\/\/luchonoticias.com\/editor\/procuraduria-pide-explicaciones-a-la-jep-por-no-abrir-aun-el-macrocaso-11-sobre-violencia-sexual-y-de-genero\/\"},\"author\":{\"name\":\"Editor General\",\"@id\":\"https:\/\/luchonoticias.com\/editor\/#\/schema\/person\/29217990ddf6f14e35912b2866d591fb\"},\"headline\":\"Procuradur\u00eda pide explicaciones a la JEP por no abrir a\u00fan el macrocaso 11 sobre violencia sexual y de g\u00e9nero\",\"datePublished\":\"2023-08-14T19:16:57+00:00\",\"dateModified\":\"2023-08-14T19:16:58+00:00\",\"mainEntityOfPage\":{\"@id\":\"https:\/\/luchonoticias.com\/editor\/procuraduria-pide-explicaciones-a-la-jep-por-no-abrir-aun-el-macrocaso-11-sobre-violencia-sexual-y-de-genero\/\"},\"wordCount\":219,\"commentCount\":0,\"publisher\":{\"@id\":\"https:\/\/luchonoticias.com\/editor\/#\/schema\/person\/7a7fd911f58561fd056dbac7b55af9cd\"},\"articleSection\":[\"Actualidad\",\"Destacado\"],\"inLanguage\":\"es\",\"potentialAction\":[{\"@type\":\"CommentAction\",\"name\":\"Comment\",\"target\":[\"https:\/\/luchonoticias.com\/editor\/procuraduria-pide-explicaciones-a-la-jep-por-no-abrir-aun-el-macrocaso-11-sobre-violencia-sexual-y-de-genero\/#respond\"]}]},{\"@type\":\"WebPage\",\"@id\":\"https:\/\/luchonoticias.com\/editor\/procuraduria-pide-explicaciones-a-la-jep-por-no-abrir-aun-el-macrocaso-11-sobre-violencia-sexual-y-de-genero\/\",\"url\":\"https:\/\/luchonoticias.com\/editor\/procuraduria-pide-explicaciones-a-la-jep-por-no-abrir-aun-el-macrocaso-11-sobre-violencia-sexual-y-de-genero\/\",\"name\":\"Procuradur\u00eda pide explicaciones a la JEP por no abrir a\u00fan el macrocaso 11 sobre violencia sexual y de g\u00e9nero -\",\"isPartOf\":{\"@id\":\"https:\/\/luchonoticias.com\/editor\/#website\"},\"datePublished\":\"2023-08-14T19:16:57+00:00\",\"dateModified\":\"2023-08-14T19:16:58+00:00\",\"breadcrumb\":{\"@id\":\"https:\/\/luchonoticias.com\/editor\/procuraduria-pide-explicaciones-a-la-jep-por-no-abrir-aun-el-macrocaso-11-sobre-violencia-sexual-y-de-genero\/#breadcrumb\"},\"inLanguage\":\"es\",\"potentialAction\":[{\"@type\":\"ReadAction\",\"target\":[\"https:\/\/luchonoticias.com\/editor\/procuraduria-pide-explicaciones-a-la-jep-por-no-abrir-aun-el-macrocaso-11-sobre-violencia-sexual-y-de-genero\/\"]}]},{\"@type\":\"BreadcrumbList\",\"@id\":\"https:\/\/luchonoticias.com\/editor\/procuraduria-pide-explicaciones-a-la-jep-por-no-abrir-aun-el-macrocaso-11-sobre-violencia-sexual-y-de-genero\/#breadcrumb\",\"itemListElement\":[{\"@type\":\"ListItem\",\"position\":1,\"name\":\"Portada\",\"item\":\"https:\/\/luchonoticias.com\/editor\/\"},{\"@type\":\"ListItem\",\"position\":2,\"name\":\"Procuradur\u00eda pide explicaciones a la JEP por no abrir a\u00fan el macrocaso 11 sobre violencia sexual y de g\u00e9nero\"}]},{\"@type\":\"WebSite\",\"@id\":\"https:\/\/luchonoticias.com\/editor\/#website\",\"url\":\"https:\/\/luchonoticias.com\/editor\/\",\"name\":\"\",\"description\":\"\",\"publisher\":{\"@id\":\"https:\/\/luchonoticias.com\/editor\/#\/schema\/person\/7a7fd911f58561fd056dbac7b55af9cd\"},\"potentialAction\":[{\"@type\":\"SearchAction\",\"target\":{\"@type\":\"EntryPoint\",\"urlTemplate\":\"https:\/\/luchonoticias.com\/editor\/?s={search_term_string}\"},\"query-input\":{\"@type\":\"PropertyValueSpecification\",\"valueRequired\":true,\"valueName\":\"search_term_string\"}}],\"inLanguage\":\"es\"},{\"@type\":[\"Person\",\"Organization\"],\"@id\":\"https:\/\/luchonoticias.com\/editor\/#\/schema\/person\/7a7fd911f58561fd056dbac7b55af9cd\",\"name\":\"admin\",\"image\":{\"@type\":\"ImageObject\",\"inLanguage\":\"es\",\"@id\":\"https:\/\/luchonoticias.com\/editor\/#\/schema\/person\/image\/\",\"url\":\"https:\/\/luchonoticias.com\/editor\/wp-content\/uploads\/2024\/02\/cropped-cropped-logolu.webp\",\"contentUrl\":\"https:\/\/luchonoticias.com\/editor\/wp-content\/uploads\/2024\/02\/cropped-cropped-logolu.webp\",\"width\":382,\"height\":170,\"caption\":\"admin\"},\"logo\":{\"@id\":\"https:\/\/luchonoticias.com\/editor\/#\/schema\/person\/image\/\"},\"sameAs\":[\"https:\/\/www.facebook.com\/luchonoticiasneiva\"]},{\"@type\":\"Person\",\"@id\":\"https:\/\/luchonoticias.com\/editor\/#\/schema\/person\/29217990ddf6f14e35912b2866d591fb\",\"name\":\"Editor General\",\"image\":{\"@type\":\"ImageObject\",\"inLanguage\":\"es\",\"@id\":\"https:\/\/luchonoticias.com\/editor\/#\/schema\/person\/image\/\",\"url\":\"https:\/\/luchonoticias.com\/editor\/wp-content\/uploads\/2024\/02\/cropped-cropped-logolu-150x150.webp\",\"contentUrl\":\"https:\/\/luchonoticias.com\/editor\/wp-content\/uploads\/2024\/02\/cropped-cropped-logolu-150x150.webp\",\"caption\":\"Editor General\"},\"sameAs\":[\"https:\/\/luchonoticias.com\/\"],\"url\":\"https:\/\/luchonoticias.com\/editor\/author\/editor-general\/\"}]}<\/script>\n<!-- \/ Yoast SEO plugin. -->","yoast_head_json":{"title":"Procuradur\u00eda pide explicaciones a la JEP por no abrir a\u00fan el macrocaso 11 sobre violencia sexual y de g\u00e9nero -","robots":{"index":"index","follow":"follow","max-snippet":"max-snippet:-1","max-image-preview":"max-image-preview:large","max-video-preview":"max-video-preview:-1"},"canonical":"https:\/\/luchonoticias.com\/editor\/procuraduria-pide-explicaciones-a-la-jep-por-no-abrir-aun-el-macrocaso-11-sobre-violencia-sexual-y-de-genero\/","og_locale":"es_ES","og_type":"article","og_title":"Procuradur\u00eda pide explicaciones a la JEP por no abrir a\u00fan el macrocaso 11 sobre violencia sexual y de g\u00e9nero -","og_url":"https:\/\/luchonoticias.com\/editor\/procuraduria-pide-explicaciones-a-la-jep-por-no-abrir-aun-el-macrocaso-11-sobre-violencia-sexual-y-de-genero\/","article_publisher":"https:\/\/www.facebook.com\/luchonoticiasneiva","article_published_time":"2023-08-14T19:16:57+00:00","article_modified_time":"2023-08-14T19:16:58+00:00","author":"Editor General","twitter_card":"summary_large_image","twitter_misc":{"Escrito por":"Editor General","Tiempo de lectura":"1 minuto"},"schema":{"@context":"https:\/\/schema.org","@graph":[{"@type":"Article","@id":"https:\/\/luchonoticias.com\/editor\/procuraduria-pide-explicaciones-a-la-jep-por-no-abrir-aun-el-macrocaso-11-sobre-violencia-sexual-y-de-genero\/#article","isPartOf":{"@id":"https:\/\/luchonoticias.com\/editor\/procuraduria-pide-explicaciones-a-la-jep-por-no-abrir-aun-el-macrocaso-11-sobre-violencia-sexual-y-de-genero\/"},"author":{"name":"Editor General","@id":"https:\/\/luchonoticias.com\/editor\/#\/schema\/person\/29217990ddf6f14e35912b2866d591fb"},"headline":"Procuradur\u00eda pide explicaciones a la JEP por no abrir a\u00fan el macrocaso 11 sobre violencia sexual y de g\u00e9nero","datePublished":"2023-08-14T19:16:57+00:00","dateModified":"2023-08-14T19:16:58+00:00","mainEntityOfPage":{"@id":"https:\/\/luchonoticias.com\/editor\/procuraduria-pide-explicaciones-a-la-jep-por-no-abrir-aun-el-macrocaso-11-sobre-violencia-sexual-y-de-genero\/"},"wordCount":219,"commentCount":0,"publisher":{"@id":"https:\/\/luchonoticias.com\/editor\/#\/schema\/person\/7a7fd911f58561fd056dbac7b55af9cd"},"articleSection":["Actualidad","Destacado"],"inLanguage":"es","potentialAction":[{"@type":"CommentAction","name":"Comment","target":["https:\/\/luchonoticias.com\/editor\/procuraduria-pide-explicaciones-a-la-jep-por-no-abrir-aun-el-macrocaso-11-sobre-violencia-sexual-y-de-genero\/#respond"]}]},{"@type":"WebPage","@id":"https:\/\/luchonoticias.com\/editor\/procuraduria-pide-explicaciones-a-la-jep-por-no-abrir-aun-el-macrocaso-11-sobre-violencia-sexual-y-de-genero\/","url":"https:\/\/luchonoticias.com\/editor\/procuraduria-pide-explicaciones-a-la-jep-por-no-abrir-aun-el-macrocaso-11-sobre-violencia-sexual-y-de-genero\/","name":"Procuradur\u00eda pide explicaciones a la JEP por no abrir a\u00fan el macrocaso 11 sobre violencia sexual y de g\u00e9nero -","isPartOf":{"@id":"https:\/\/luchonoticias.com\/editor\/#website"},"datePublished":"2023-08-14T19:16:57+00:00","dateModified":"2023-08-14T19:16:58+00:00","breadcrumb":{"@id":"https:\/\/luchonoticias.com\/editor\/procuraduria-pide-explicaciones-a-la-jep-por-no-abrir-aun-el-macrocaso-11-sobre-violencia-sexual-y-de-genero\/#breadcrumb"},"inLanguage":"es","potentialAction":[{"@type":"ReadAction","target":["https:\/\/luchonoticias.com\/editor\/procuraduria-pide-explicaciones-a-la-jep-por-no-abrir-aun-el-macrocaso-11-sobre-violencia-sexual-y-de-genero\/"]}]},{"@type":"BreadcrumbList","@id":"https:\/\/luchonoticias.com\/editor\/procuraduria-pide-explicaciones-a-la-jep-por-no-abrir-aun-el-macrocaso-11-sobre-violencia-sexual-y-de-genero\/#breadcrumb","itemListElement":[{"@type":"ListItem","position":1,"name":"Portada","item":"https:\/\/luchonoticias.com\/editor\/"},{"@type":"ListItem","position":2,"name":"Procuradur\u00eda pide explicaciones a la JEP por no abrir a\u00fan el macrocaso 11 sobre violencia sexual y de g\u00e9nero"}]},{"@type":"WebSite","@id":"https:\/\/luchonoticias.com\/editor\/#website","url":"https:\/\/luchonoticias.com\/editor\/","name":"","description":"","publisher":{"@id":"https:\/\/luchonoticias.com\/editor\/#\/schema\/person\/7a7fd911f58561fd056dbac7b55af9cd"},"potentialAction":[{"@type":"SearchAction","target":{"@type":"EntryPoint","urlTemplate":"https:\/\/luchonoticias.com\/editor\/?s={search_term_string}"},"query-input":{"@type":"PropertyValueSpecification","valueRequired":true,"valueName":"search_term_string"}}],"inLanguage":"es"},{"@type":["Person","Organization"],"@id":"https:\/\/luchonoticias.com\/editor\/#\/schema\/person\/7a7fd911f58561fd056dbac7b55af9cd","name":"admin","image":{"@type":"ImageObject","inLanguage":"es","@id":"https:\/\/luchonoticias.com\/editor\/#\/schema\/person\/image\/","url":"https:\/\/luchonoticias.com\/editor\/wp-content\/uploads\/2024\/02\/cropped-cropped-logolu.webp","contentUrl":"https:\/\/luchonoticias.com\/editor\/wp-content\/uploads\/2024\/02\/cropped-cropped-logolu.webp","width":382,"height":170,"caption":"admin"},"logo":{"@id":"https:\/\/luchonoticias.com\/editor\/#\/schema\/person\/image\/"},"sameAs":["https:\/\/www.facebook.com\/luchonoticiasneiva"]},{"@type":"Person","@id":"https:\/\/luchonoticias.com\/editor\/#\/schema\/person\/29217990ddf6f14e35912b2866d591fb","name":"Editor General","image":{"@type":"ImageObject","inLanguage":"es","@id":"https:\/\/luchonoticias.com\/editor\/#\/schema\/person\/image\/","url":"https:\/\/luchonoticias.com\/editor\/wp-content\/uploads\/2024\/02\/cropped-cropped-logolu-150x150.webp","contentUrl":"https:\/\/luchonoticias.com\/editor\/wp-content\/uploads\/2024\/02\/cropped-cropped-logolu-150x150.webp","caption":"Editor General"},"sameAs":["https:\/\/luchonoticias.com\/"],"url":"https:\/\/luchonoticias.com\/editor\/author\/editor-general\/"}]}},"_links":{"self":[{"href":"https:\/\/luchonoticias.com\/editor\/wp-json\/wp\/v2\/posts\/58199","targetHints":{"allow":["GET"]}}],"collection":[{"href":"https:\/\/luchonoticias.com\/editor\/wp-json\/wp\/v2\/posts"}],"about":[{"href":"https:\/\/luchonoticias.com\/editor\/wp-json\/wp\/v2\/types\/post"}],"author":[{"embeddable":true,"href":"https:\/\/luchonoticias.com\/editor\/wp-json\/wp\/v2\/users\/2"}],"replies":[{"embeddable":true,"href":"https:\/\/luchonoticias.com\/editor\/wp-json\/wp\/v2\/comments?post=58199"}],"version-history":[{"count":0,"href":"https:\/\/luchonoticias.com\/editor\/wp-json\/wp\/v2\/posts\/58199\/revisions"}],"wp:attachment":[{"href":"https:\/\/luchonoticias.com\/editor\/wp-json\/wp\/v2\/media?parent=58199"}],"wp:term":[{"taxonomy":"category","embeddable":true,"href":"https:\/\/luchonoticias.com\/editor\/wp-json\/wp\/v2\/categories?post=58199"},{"taxonomy":"post_tag","embeddable":true,"href":"https:\/\/luchonoticias.com\/editor\/wp-json\/wp\/v2\/tags?post=58199"}],"curies":[{"name":"wp","href":"https:\/\/api.w.org\/{rel}","templated":true}]}}