{"id":58207,"date":"2023-08-15T05:08:55","date_gmt":"2023-08-15T10:08:55","guid":{"rendered":"https:\/\/luchonoticias.com\/?p=58207"},"modified":"2023-08-15T05:08:57","modified_gmt":"2023-08-15T10:08:57","slug":"campoalegre-fue-escenario-de-carrera-atletica","status":"publish","type":"post","link":"https:\/\/luchonoticias.com\/editor\/campoalegre-fue-escenario-de-carrera-atletica\/","title":{"rendered":"Campoalegre fue escenario de carrera atl\u00e9tica"},"content":{"rendered":"\n<p>El pasado fin de semana se cumpli\u00f3 en Campoalegre la\u00a0<strong>gran Carrera Atl\u00e9tica \u00abCorriendo Como Arroz 2023\u201c<\/strong>, evento que forma parte de la programaci\u00f3n de las Fiestas del Arroz.<\/p>\n\n\n\n<p>La competencia cont\u00f3 con la\u00a0<strong>participaci\u00f3n de m\u00e1s de 200 deportistas<\/strong>\u00a0de los municipios de Rivera, Algeciras, Neiva, Acevedo y Tesalia adem\u00e1s de corredores locales, entre ellos el veterano deportista Abilio Yustre.<\/p>\n\n\n\n<p>De acuerdo con la Administraci\u00f3n Municipal, la competencia fue&nbsp;<strong>catalogada como un \u00e9xito&nbsp;<\/strong>por la respuesta de la comunidad as\u00ed como servir de abrebocas a los actos de los 214 a\u00f1os de fundaci\u00f3n del municipio.<\/p>\n\n\n\n<p>\u00a0\u00a0<\/p>\n","protected":false},"excerpt":{"rendered":"<p>El pasado fin de semana se cumpli\u00f3 en Campoalegre la\u00a0gran Carrera Atl\u00e9tica \u00abCorriendo Como Arroz 2023\u201c, evento que forma parte de la programaci\u00f3n de las Fiestas del Arroz. La competencia cont\u00f3 con la\u00a0participaci\u00f3n de m\u00e1s de 200 deportistas\u00a0de los municipios de Rivera, Algeciras, Neiva, Acevedo y Tesalia adem\u00e1s de corredores locales, entre ellos el veterano [&hellip;]<\/p>\n","protected":false},"author":2,"featured_media":0,"comment_status":"open","ping_status":"open","sticky":false,"template":"","format":"standard","meta":{"footnotes":""},"categories":[34],"tags":[],"class_list":["post-58207","post","type-post","status-publish","format-standard","hentry","category-deportes"],"yoast_head":"<!-- This site is optimized with the Yoast SEO plugin v26.6 - https:\/\/yoast.com\/wordpress\/plugins\/seo\/ -->\n<title>Campoalegre fue escenario de carrera atl\u00e9tica -<\/title>\n<meta name=\"robots\" content=\"index, follow, max-snippet:-1, max-image-preview:large, max-video-preview:-1\" \/>\n<link rel=\"canonical\" href=\"https:\/\/luchonoticias.com\/editor\/campoalegre-fue-escenario-de-carrera-atletica\/\" \/>\n<meta property=\"og:locale\" content=\"es_ES\" \/>\n<meta property=\"og:type\" content=\"article\" \/>\n<meta property=\"og:title\" content=\"Campoalegre fue escenario de carrera atl\u00e9tica -\" \/>\n<meta property=\"og:url\" content=\"https:\/\/luchonoticias.com\/editor\/campoalegre-fue-escenario-de-carrera-atletica\/\" \/>\n<meta property=\"article:publisher\" content=\"https:\/\/www.facebook.com\/luchonoticiasneiva\" \/>\n<meta property=\"article:published_time\" content=\"2023-08-15T10:08:55+00:00\" \/>\n<meta property=\"article:modified_time\" content=\"2023-08-15T10:08:57+00:00\" \/>\n<meta name=\"author\" content=\"Editor General\" \/>\n<meta name=\"twitter:card\" content=\"summary_large_image\" \/>\n<meta name=\"twitter:label1\" content=\"Escrito por\" \/>\n\t<meta name=\"twitter:data1\" content=\"Editor General\" \/>\n\t<meta name=\"twitter:label2\" content=\"Tiempo de lectura\" \/>\n\t<meta name=\"twitter:data2\" content=\"1 minuto\" \/>\n<script type=\"application\/ld+json\" class=\"yoast-schema-graph\">{\"@context\":\"https:\/\/schema.org\",\"@graph\":[{\"@type\":\"Article\",\"@id\":\"https:\/\/luchonoticias.com\/editor\/campoalegre-fue-escenario-de-carrera-atletica\/#article\",\"isPartOf\":{\"@id\":\"https:\/\/luchonoticias.com\/editor\/campoalegre-fue-escenario-de-carrera-atletica\/\"},\"author\":{\"name\":\"Editor General\",\"@id\":\"https:\/\/luchonoticias.com\/editor\/#\/schema\/person\/29217990ddf6f14e35912b2866d591fb\"},\"headline\":\"Campoalegre fue escenario de carrera atl\u00e9tica\",\"datePublished\":\"2023-08-15T10:08:55+00:00\",\"dateModified\":\"2023-08-15T10:08:57+00:00\",\"mainEntityOfPage\":{\"@id\":\"https:\/\/luchonoticias.com\/editor\/campoalegre-fue-escenario-de-carrera-atletica\/\"},\"wordCount\":110,\"commentCount\":0,\"publisher\":{\"@id\":\"https:\/\/luchonoticias.com\/editor\/#\/schema\/person\/7a7fd911f58561fd056dbac7b55af9cd\"},\"articleSection\":[\"Deportes\"],\"inLanguage\":\"es\",\"potentialAction\":[{\"@type\":\"CommentAction\",\"name\":\"Comment\",\"target\":[\"https:\/\/luchonoticias.com\/editor\/campoalegre-fue-escenario-de-carrera-atletica\/#respond\"]}]},{\"@type\":\"WebPage\",\"@id\":\"https:\/\/luchonoticias.com\/editor\/campoalegre-fue-escenario-de-carrera-atletica\/\",\"url\":\"https:\/\/luchonoticias.com\/editor\/campoalegre-fue-escenario-de-carrera-atletica\/\",\"name\":\"Campoalegre fue escenario de carrera atl\u00e9tica -\",\"isPartOf\":{\"@id\":\"https:\/\/luchonoticias.com\/editor\/#website\"},\"datePublished\":\"2023-08-15T10:08:55+00:00\",\"dateModified\":\"2023-08-15T10:08:57+00:00\",\"breadcrumb\":{\"@id\":\"https:\/\/luchonoticias.com\/editor\/campoalegre-fue-escenario-de-carrera-atletica\/#breadcrumb\"},\"inLanguage\":\"es\",\"potentialAction\":[{\"@type\":\"ReadAction\",\"target\":[\"https:\/\/luchonoticias.com\/editor\/campoalegre-fue-escenario-de-carrera-atletica\/\"]}]},{\"@type\":\"BreadcrumbList\",\"@id\":\"https:\/\/luchonoticias.com\/editor\/campoalegre-fue-escenario-de-carrera-atletica\/#breadcrumb\",\"itemListElement\":[{\"@type\":\"ListItem\",\"position\":1,\"name\":\"Portada\",\"item\":\"https:\/\/luchonoticias.com\/editor\/\"},{\"@type\":\"ListItem\",\"position\":2,\"name\":\"Campoalegre fue escenario de carrera atl\u00e9tica\"}]},{\"@type\":\"WebSite\",\"@id\":\"https:\/\/luchonoticias.com\/editor\/#website\",\"url\":\"https:\/\/luchonoticias.com\/editor\/\",\"name\":\"\",\"description\":\"\",\"publisher\":{\"@id\":\"https:\/\/luchonoticias.com\/editor\/#\/schema\/person\/7a7fd911f58561fd056dbac7b55af9cd\"},\"potentialAction\":[{\"@type\":\"SearchAction\",\"target\":{\"@type\":\"EntryPoint\",\"urlTemplate\":\"https:\/\/luchonoticias.com\/editor\/?s={search_term_string}\"},\"query-input\":{\"@type\":\"PropertyValueSpecification\",\"valueRequired\":true,\"valueName\":\"search_term_string\"}}],\"inLanguage\":\"es\"},{\"@type\":[\"Person\",\"Organization\"],\"@id\":\"https:\/\/luchonoticias.com\/editor\/#\/schema\/person\/7a7fd911f58561fd056dbac7b55af9cd\",\"name\":\"admin\",\"image\":{\"@type\":\"ImageObject\",\"inLanguage\":\"es\",\"@id\":\"https:\/\/luchonoticias.com\/editor\/#\/schema\/person\/image\/\",\"url\":\"https:\/\/luchonoticias.com\/editor\/wp-content\/uploads\/2024\/02\/cropped-cropped-logolu.webp\",\"contentUrl\":\"https:\/\/luchonoticias.com\/editor\/wp-content\/uploads\/2024\/02\/cropped-cropped-logolu.webp\",\"width\":382,\"height\":170,\"caption\":\"admin\"},\"logo\":{\"@id\":\"https:\/\/luchonoticias.com\/editor\/#\/schema\/person\/image\/\"},\"sameAs\":[\"https:\/\/www.facebook.com\/luchonoticiasneiva\"]},{\"@type\":\"Person\",\"@id\":\"https:\/\/luchonoticias.com\/editor\/#\/schema\/person\/29217990ddf6f14e35912b2866d591fb\",\"name\":\"Editor General\",\"image\":{\"@type\":\"ImageObject\",\"inLanguage\":\"es\",\"@id\":\"https:\/\/luchonoticias.com\/editor\/#\/schema\/person\/image\/\",\"url\":\"https:\/\/luchonoticias.com\/editor\/wp-content\/uploads\/2024\/02\/cropped-cropped-logolu-150x150.webp\",\"contentUrl\":\"https:\/\/luchonoticias.com\/editor\/wp-content\/uploads\/2024\/02\/cropped-cropped-logolu-150x150.webp\",\"caption\":\"Editor General\"},\"sameAs\":[\"https:\/\/luchonoticias.com\/\"],\"url\":\"https:\/\/luchonoticias.com\/editor\/author\/editor-general\/\"}]}<\/script>\n<!-- \/ Yoast SEO plugin. -->","yoast_head_json":{"title":"Campoalegre fue escenario de carrera atl\u00e9tica -","robots":{"index":"index","follow":"follow","max-snippet":"max-snippet:-1","max-image-preview":"max-image-preview:large","max-video-preview":"max-video-preview:-1"},"canonical":"https:\/\/luchonoticias.com\/editor\/campoalegre-fue-escenario-de-carrera-atletica\/","og_locale":"es_ES","og_type":"article","og_title":"Campoalegre fue escenario de carrera atl\u00e9tica -","og_url":"https:\/\/luchonoticias.com\/editor\/campoalegre-fue-escenario-de-carrera-atletica\/","article_publisher":"https:\/\/www.facebook.com\/luchonoticiasneiva","article_published_time":"2023-08-15T10:08:55+00:00","article_modified_time":"2023-08-15T10:08:57+00:00","author":"Editor General","twitter_card":"summary_large_image","twitter_misc":{"Escrito por":"Editor General","Tiempo de lectura":"1 minuto"},"schema":{"@context":"https:\/\/schema.org","@graph":[{"@type":"Article","@id":"https:\/\/luchonoticias.com\/editor\/campoalegre-fue-escenario-de-carrera-atletica\/#article","isPartOf":{"@id":"https:\/\/luchonoticias.com\/editor\/campoalegre-fue-escenario-de-carrera-atletica\/"},"author":{"name":"Editor General","@id":"https:\/\/luchonoticias.com\/editor\/#\/schema\/person\/29217990ddf6f14e35912b2866d591fb"},"headline":"Campoalegre fue escenario de carrera atl\u00e9tica","datePublished":"2023-08-15T10:08:55+00:00","dateModified":"2023-08-15T10:08:57+00:00","mainEntityOfPage":{"@id":"https:\/\/luchonoticias.com\/editor\/campoalegre-fue-escenario-de-carrera-atletica\/"},"wordCount":110,"commentCount":0,"publisher":{"@id":"https:\/\/luchonoticias.com\/editor\/#\/schema\/person\/7a7fd911f58561fd056dbac7b55af9cd"},"articleSection":["Deportes"],"inLanguage":"es","potentialAction":[{"@type":"CommentAction","name":"Comment","target":["https:\/\/luchonoticias.com\/editor\/campoalegre-fue-escenario-de-carrera-atletica\/#respond"]}]},{"@type":"WebPage","@id":"https:\/\/luchonoticias.com\/editor\/campoalegre-fue-escenario-de-carrera-atletica\/","url":"https:\/\/luchonoticias.com\/editor\/campoalegre-fue-escenario-de-carrera-atletica\/","name":"Campoalegre fue escenario de carrera atl\u00e9tica -","isPartOf":{"@id":"https:\/\/luchonoticias.com\/editor\/#website"},"datePublished":"2023-08-15T10:08:55+00:00","dateModified":"2023-08-15T10:08:57+00:00","breadcrumb":{"@id":"https:\/\/luchonoticias.com\/editor\/campoalegre-fue-escenario-de-carrera-atletica\/#breadcrumb"},"inLanguage":"es","potentialAction":[{"@type":"ReadAction","target":["https:\/\/luchonoticias.com\/editor\/campoalegre-fue-escenario-de-carrera-atletica\/"]}]},{"@type":"BreadcrumbList","@id":"https:\/\/luchonoticias.com\/editor\/campoalegre-fue-escenario-de-carrera-atletica\/#breadcrumb","itemListElement":[{"@type":"ListItem","position":1,"name":"Portada","item":"https:\/\/luchonoticias.com\/editor\/"},{"@type":"ListItem","position":2,"name":"Campoalegre fue escenario de carrera atl\u00e9tica"}]},{"@type":"WebSite","@id":"https:\/\/luchonoticias.com\/editor\/#website","url":"https:\/\/luchonoticias.com\/editor\/","name":"","description":"","publisher":{"@id":"https:\/\/luchonoticias.com\/editor\/#\/schema\/person\/7a7fd911f58561fd056dbac7b55af9cd"},"potentialAction":[{"@type":"SearchAction","target":{"@type":"EntryPoint","urlTemplate":"https:\/\/luchonoticias.com\/editor\/?s={search_term_string}"},"query-input":{"@type":"PropertyValueSpecification","valueRequired":true,"valueName":"search_term_string"}}],"inLanguage":"es"},{"@type":["Person","Organization"],"@id":"https:\/\/luchonoticias.com\/editor\/#\/schema\/person\/7a7fd911f58561fd056dbac7b55af9cd","name":"admin","image":{"@type":"ImageObject","inLanguage":"es","@id":"https:\/\/luchonoticias.com\/editor\/#\/schema\/person\/image\/","url":"https:\/\/luchonoticias.com\/editor\/wp-content\/uploads\/2024\/02\/cropped-cropped-logolu.webp","contentUrl":"https:\/\/luchonoticias.com\/editor\/wp-content\/uploads\/2024\/02\/cropped-cropped-logolu.webp","width":382,"height":170,"caption":"admin"},"logo":{"@id":"https:\/\/luchonoticias.com\/editor\/#\/schema\/person\/image\/"},"sameAs":["https:\/\/www.facebook.com\/luchonoticiasneiva"]},{"@type":"Person","@id":"https:\/\/luchonoticias.com\/editor\/#\/schema\/person\/29217990ddf6f14e35912b2866d591fb","name":"Editor General","image":{"@type":"ImageObject","inLanguage":"es","@id":"https:\/\/luchonoticias.com\/editor\/#\/schema\/person\/image\/","url":"https:\/\/luchonoticias.com\/editor\/wp-content\/uploads\/2024\/02\/cropped-cropped-logolu-150x150.webp","contentUrl":"https:\/\/luchonoticias.com\/editor\/wp-content\/uploads\/2024\/02\/cropped-cropped-logolu-150x150.webp","caption":"Editor General"},"sameAs":["https:\/\/luchonoticias.com\/"],"url":"https:\/\/luchonoticias.com\/editor\/author\/editor-general\/"}]}},"_links":{"self":[{"href":"https:\/\/luchonoticias.com\/editor\/wp-json\/wp\/v2\/posts\/58207","targetHints":{"allow":["GET"]}}],"collection":[{"href":"https:\/\/luchonoticias.com\/editor\/wp-json\/wp\/v2\/posts"}],"about":[{"href":"https:\/\/luchonoticias.com\/editor\/wp-json\/wp\/v2\/types\/post"}],"author":[{"embeddable":true,"href":"https:\/\/luchonoticias.com\/editor\/wp-json\/wp\/v2\/users\/2"}],"replies":[{"embeddable":true,"href":"https:\/\/luchonoticias.com\/editor\/wp-json\/wp\/v2\/comments?post=58207"}],"version-history":[{"count":0,"href":"https:\/\/luchonoticias.com\/editor\/wp-json\/wp\/v2\/posts\/58207\/revisions"}],"wp:attachment":[{"href":"https:\/\/luchonoticias.com\/editor\/wp-json\/wp\/v2\/media?parent=58207"}],"wp:term":[{"taxonomy":"category","embeddable":true,"href":"https:\/\/luchonoticias.com\/editor\/wp-json\/wp\/v2\/categories?post=58207"},{"taxonomy":"post_tag","embeddable":true,"href":"https:\/\/luchonoticias.com\/editor\/wp-json\/wp\/v2\/tags?post=58207"}],"curies":[{"name":"wp","href":"https:\/\/api.w.org\/{rel}","templated":true}]}}