{"id":58213,"date":"2023-08-15T05:13:38","date_gmt":"2023-08-15T10:13:38","guid":{"rendered":"https:\/\/luchonoticias.com\/?p=58213"},"modified":"2023-08-15T05:13:39","modified_gmt":"2023-08-15T10:13:39","slug":"asi-fue-la-segunda-fecha-del-torneo-departamental-sub-7","status":"publish","type":"post","link":"https:\/\/luchonoticias.com\/editor\/asi-fue-la-segunda-fecha-del-torneo-departamental-sub-7\/","title":{"rendered":"As\u00ed fue la segunda fecha del torneo departamental sub &#8211; 7"},"content":{"rendered":"\n<p>Se cumpli\u00f3 el pasado fin de semana la\u00a0<strong>segunda fecha del torneo departamental sub \u2013 7 de f\u00fatbol<\/strong>, donde la gran novedad fue el\u00a0<strong>debut de Opitas FC (en la foto)<\/strong>\u00a0quien por motivos de programaci\u00f3n, no jug\u00f3 en la primera fecha.<\/p>\n\n\n\n<p>Debut que fue m\u00e1s que positivo ya que la escuadra\u00a0<strong>derrot\u00f3\u00a0<\/strong>en el oriente de Neiva,\u00a0<strong>6:2 al Aston Huila.<\/strong><\/p>\n\n\n\n<p>En el otro juego de la jornada,&nbsp;<strong>Athletic Neiva igual\u00f3 a tres goles con Nuevas Generaciones<\/strong>, llegando ambos equipos a cuatro puntos en la clasificaci\u00f3n general; finalmente descanso \u00c9lite FC.<\/p>\n\n\n\n<p>Para la&nbsp;<strong>tercera fecha<\/strong>&nbsp;el turno de descanso ser\u00e1 para Nuevas Generaciones mientras que los juegos ser\u00e1n los siguientes: Opitas FC \u2013 \u00c9lite FC y Athletic Neiva \u2013 Aston Huila.<\/p>\n","protected":false},"excerpt":{"rendered":"<p>Se cumpli\u00f3 el pasado fin de semana la\u00a0segunda fecha del torneo departamental sub \u2013 7 de f\u00fatbol, donde la gran novedad fue el\u00a0debut de Opitas FC (en la foto)\u00a0quien por motivos de programaci\u00f3n, no jug\u00f3 en la primera fecha. Debut que fue m\u00e1s que positivo ya que la escuadra\u00a0derrot\u00f3\u00a0en el oriente de Neiva,\u00a06:2 al Aston [&hellip;]<\/p>\n","protected":false},"author":2,"featured_media":0,"comment_status":"open","ping_status":"open","sticky":false,"template":"","format":"standard","meta":{"footnotes":""},"categories":[34],"tags":[],"class_list":["post-58213","post","type-post","status-publish","format-standard","hentry","category-deportes"],"yoast_head":"<!-- This site is optimized with the Yoast SEO plugin v26.6 - https:\/\/yoast.com\/wordpress\/plugins\/seo\/ -->\n<title>As\u00ed fue la segunda fecha del torneo departamental sub - 7 -<\/title>\n<meta name=\"robots\" content=\"index, follow, max-snippet:-1, max-image-preview:large, max-video-preview:-1\" \/>\n<link rel=\"canonical\" href=\"https:\/\/luchonoticias.com\/editor\/asi-fue-la-segunda-fecha-del-torneo-departamental-sub-7\/\" \/>\n<meta property=\"og:locale\" content=\"es_ES\" \/>\n<meta property=\"og:type\" content=\"article\" \/>\n<meta property=\"og:title\" content=\"As\u00ed fue la segunda fecha del torneo departamental sub - 7 -\" \/>\n<meta property=\"og:url\" content=\"https:\/\/luchonoticias.com\/editor\/asi-fue-la-segunda-fecha-del-torneo-departamental-sub-7\/\" \/>\n<meta property=\"article:publisher\" content=\"https:\/\/www.facebook.com\/luchonoticiasneiva\" \/>\n<meta property=\"article:published_time\" content=\"2023-08-15T10:13:38+00:00\" \/>\n<meta property=\"article:modified_time\" content=\"2023-08-15T10:13:39+00:00\" \/>\n<meta name=\"author\" content=\"Editor General\" \/>\n<meta name=\"twitter:card\" content=\"summary_large_image\" \/>\n<meta name=\"twitter:label1\" content=\"Escrito por\" \/>\n\t<meta name=\"twitter:data1\" content=\"Editor General\" \/>\n\t<meta name=\"twitter:label2\" content=\"Tiempo de lectura\" \/>\n\t<meta name=\"twitter:data2\" content=\"1 minuto\" \/>\n<script type=\"application\/ld+json\" class=\"yoast-schema-graph\">{\"@context\":\"https:\/\/schema.org\",\"@graph\":[{\"@type\":\"Article\",\"@id\":\"https:\/\/luchonoticias.com\/editor\/asi-fue-la-segunda-fecha-del-torneo-departamental-sub-7\/#article\",\"isPartOf\":{\"@id\":\"https:\/\/luchonoticias.com\/editor\/asi-fue-la-segunda-fecha-del-torneo-departamental-sub-7\/\"},\"author\":{\"name\":\"Editor General\",\"@id\":\"https:\/\/luchonoticias.com\/editor\/#\/schema\/person\/29217990ddf6f14e35912b2866d591fb\"},\"headline\":\"As\u00ed fue la segunda fecha del torneo departamental sub &#8211; 7\",\"datePublished\":\"2023-08-15T10:13:38+00:00\",\"dateModified\":\"2023-08-15T10:13:39+00:00\",\"mainEntityOfPage\":{\"@id\":\"https:\/\/luchonoticias.com\/editor\/asi-fue-la-segunda-fecha-del-torneo-departamental-sub-7\/\"},\"wordCount\":135,\"commentCount\":0,\"publisher\":{\"@id\":\"https:\/\/luchonoticias.com\/editor\/#\/schema\/person\/7a7fd911f58561fd056dbac7b55af9cd\"},\"articleSection\":[\"Deportes\"],\"inLanguage\":\"es\",\"potentialAction\":[{\"@type\":\"CommentAction\",\"name\":\"Comment\",\"target\":[\"https:\/\/luchonoticias.com\/editor\/asi-fue-la-segunda-fecha-del-torneo-departamental-sub-7\/#respond\"]}]},{\"@type\":\"WebPage\",\"@id\":\"https:\/\/luchonoticias.com\/editor\/asi-fue-la-segunda-fecha-del-torneo-departamental-sub-7\/\",\"url\":\"https:\/\/luchonoticias.com\/editor\/asi-fue-la-segunda-fecha-del-torneo-departamental-sub-7\/\",\"name\":\"As\u00ed fue la segunda fecha del torneo departamental sub - 7 -\",\"isPartOf\":{\"@id\":\"https:\/\/luchonoticias.com\/editor\/#website\"},\"datePublished\":\"2023-08-15T10:13:38+00:00\",\"dateModified\":\"2023-08-15T10:13:39+00:00\",\"breadcrumb\":{\"@id\":\"https:\/\/luchonoticias.com\/editor\/asi-fue-la-segunda-fecha-del-torneo-departamental-sub-7\/#breadcrumb\"},\"inLanguage\":\"es\",\"potentialAction\":[{\"@type\":\"ReadAction\",\"target\":[\"https:\/\/luchonoticias.com\/editor\/asi-fue-la-segunda-fecha-del-torneo-departamental-sub-7\/\"]}]},{\"@type\":\"BreadcrumbList\",\"@id\":\"https:\/\/luchonoticias.com\/editor\/asi-fue-la-segunda-fecha-del-torneo-departamental-sub-7\/#breadcrumb\",\"itemListElement\":[{\"@type\":\"ListItem\",\"position\":1,\"name\":\"Portada\",\"item\":\"https:\/\/luchonoticias.com\/editor\/\"},{\"@type\":\"ListItem\",\"position\":2,\"name\":\"As\u00ed fue la segunda fecha del torneo departamental sub &#8211; 7\"}]},{\"@type\":\"WebSite\",\"@id\":\"https:\/\/luchonoticias.com\/editor\/#website\",\"url\":\"https:\/\/luchonoticias.com\/editor\/\",\"name\":\"\",\"description\":\"\",\"publisher\":{\"@id\":\"https:\/\/luchonoticias.com\/editor\/#\/schema\/person\/7a7fd911f58561fd056dbac7b55af9cd\"},\"potentialAction\":[{\"@type\":\"SearchAction\",\"target\":{\"@type\":\"EntryPoint\",\"urlTemplate\":\"https:\/\/luchonoticias.com\/editor\/?s={search_term_string}\"},\"query-input\":{\"@type\":\"PropertyValueSpecification\",\"valueRequired\":true,\"valueName\":\"search_term_string\"}}],\"inLanguage\":\"es\"},{\"@type\":[\"Person\",\"Organization\"],\"@id\":\"https:\/\/luchonoticias.com\/editor\/#\/schema\/person\/7a7fd911f58561fd056dbac7b55af9cd\",\"name\":\"admin\",\"image\":{\"@type\":\"ImageObject\",\"inLanguage\":\"es\",\"@id\":\"https:\/\/luchonoticias.com\/editor\/#\/schema\/person\/image\/\",\"url\":\"https:\/\/luchonoticias.com\/editor\/wp-content\/uploads\/2024\/02\/cropped-cropped-logolu.webp\",\"contentUrl\":\"https:\/\/luchonoticias.com\/editor\/wp-content\/uploads\/2024\/02\/cropped-cropped-logolu.webp\",\"width\":382,\"height\":170,\"caption\":\"admin\"},\"logo\":{\"@id\":\"https:\/\/luchonoticias.com\/editor\/#\/schema\/person\/image\/\"},\"sameAs\":[\"https:\/\/www.facebook.com\/luchonoticiasneiva\"]},{\"@type\":\"Person\",\"@id\":\"https:\/\/luchonoticias.com\/editor\/#\/schema\/person\/29217990ddf6f14e35912b2866d591fb\",\"name\":\"Editor General\",\"image\":{\"@type\":\"ImageObject\",\"inLanguage\":\"es\",\"@id\":\"https:\/\/luchonoticias.com\/editor\/#\/schema\/person\/image\/\",\"url\":\"https:\/\/luchonoticias.com\/editor\/wp-content\/uploads\/2024\/02\/cropped-cropped-logolu-150x150.webp\",\"contentUrl\":\"https:\/\/luchonoticias.com\/editor\/wp-content\/uploads\/2024\/02\/cropped-cropped-logolu-150x150.webp\",\"caption\":\"Editor General\"},\"sameAs\":[\"https:\/\/luchonoticias.com\/\"],\"url\":\"https:\/\/luchonoticias.com\/editor\/author\/editor-general\/\"}]}<\/script>\n<!-- \/ Yoast SEO plugin. -->","yoast_head_json":{"title":"As\u00ed fue la segunda fecha del torneo departamental sub - 7 -","robots":{"index":"index","follow":"follow","max-snippet":"max-snippet:-1","max-image-preview":"max-image-preview:large","max-video-preview":"max-video-preview:-1"},"canonical":"https:\/\/luchonoticias.com\/editor\/asi-fue-la-segunda-fecha-del-torneo-departamental-sub-7\/","og_locale":"es_ES","og_type":"article","og_title":"As\u00ed fue la segunda fecha del torneo departamental sub - 7 -","og_url":"https:\/\/luchonoticias.com\/editor\/asi-fue-la-segunda-fecha-del-torneo-departamental-sub-7\/","article_publisher":"https:\/\/www.facebook.com\/luchonoticiasneiva","article_published_time":"2023-08-15T10:13:38+00:00","article_modified_time":"2023-08-15T10:13:39+00:00","author":"Editor General","twitter_card":"summary_large_image","twitter_misc":{"Escrito por":"Editor General","Tiempo de lectura":"1 minuto"},"schema":{"@context":"https:\/\/schema.org","@graph":[{"@type":"Article","@id":"https:\/\/luchonoticias.com\/editor\/asi-fue-la-segunda-fecha-del-torneo-departamental-sub-7\/#article","isPartOf":{"@id":"https:\/\/luchonoticias.com\/editor\/asi-fue-la-segunda-fecha-del-torneo-departamental-sub-7\/"},"author":{"name":"Editor General","@id":"https:\/\/luchonoticias.com\/editor\/#\/schema\/person\/29217990ddf6f14e35912b2866d591fb"},"headline":"As\u00ed fue la segunda fecha del torneo departamental sub &#8211; 7","datePublished":"2023-08-15T10:13:38+00:00","dateModified":"2023-08-15T10:13:39+00:00","mainEntityOfPage":{"@id":"https:\/\/luchonoticias.com\/editor\/asi-fue-la-segunda-fecha-del-torneo-departamental-sub-7\/"},"wordCount":135,"commentCount":0,"publisher":{"@id":"https:\/\/luchonoticias.com\/editor\/#\/schema\/person\/7a7fd911f58561fd056dbac7b55af9cd"},"articleSection":["Deportes"],"inLanguage":"es","potentialAction":[{"@type":"CommentAction","name":"Comment","target":["https:\/\/luchonoticias.com\/editor\/asi-fue-la-segunda-fecha-del-torneo-departamental-sub-7\/#respond"]}]},{"@type":"WebPage","@id":"https:\/\/luchonoticias.com\/editor\/asi-fue-la-segunda-fecha-del-torneo-departamental-sub-7\/","url":"https:\/\/luchonoticias.com\/editor\/asi-fue-la-segunda-fecha-del-torneo-departamental-sub-7\/","name":"As\u00ed fue la segunda fecha del torneo departamental sub - 7 -","isPartOf":{"@id":"https:\/\/luchonoticias.com\/editor\/#website"},"datePublished":"2023-08-15T10:13:38+00:00","dateModified":"2023-08-15T10:13:39+00:00","breadcrumb":{"@id":"https:\/\/luchonoticias.com\/editor\/asi-fue-la-segunda-fecha-del-torneo-departamental-sub-7\/#breadcrumb"},"inLanguage":"es","potentialAction":[{"@type":"ReadAction","target":["https:\/\/luchonoticias.com\/editor\/asi-fue-la-segunda-fecha-del-torneo-departamental-sub-7\/"]}]},{"@type":"BreadcrumbList","@id":"https:\/\/luchonoticias.com\/editor\/asi-fue-la-segunda-fecha-del-torneo-departamental-sub-7\/#breadcrumb","itemListElement":[{"@type":"ListItem","position":1,"name":"Portada","item":"https:\/\/luchonoticias.com\/editor\/"},{"@type":"ListItem","position":2,"name":"As\u00ed fue la segunda fecha del torneo departamental sub &#8211; 7"}]},{"@type":"WebSite","@id":"https:\/\/luchonoticias.com\/editor\/#website","url":"https:\/\/luchonoticias.com\/editor\/","name":"","description":"","publisher":{"@id":"https:\/\/luchonoticias.com\/editor\/#\/schema\/person\/7a7fd911f58561fd056dbac7b55af9cd"},"potentialAction":[{"@type":"SearchAction","target":{"@type":"EntryPoint","urlTemplate":"https:\/\/luchonoticias.com\/editor\/?s={search_term_string}"},"query-input":{"@type":"PropertyValueSpecification","valueRequired":true,"valueName":"search_term_string"}}],"inLanguage":"es"},{"@type":["Person","Organization"],"@id":"https:\/\/luchonoticias.com\/editor\/#\/schema\/person\/7a7fd911f58561fd056dbac7b55af9cd","name":"admin","image":{"@type":"ImageObject","inLanguage":"es","@id":"https:\/\/luchonoticias.com\/editor\/#\/schema\/person\/image\/","url":"https:\/\/luchonoticias.com\/editor\/wp-content\/uploads\/2024\/02\/cropped-cropped-logolu.webp","contentUrl":"https:\/\/luchonoticias.com\/editor\/wp-content\/uploads\/2024\/02\/cropped-cropped-logolu.webp","width":382,"height":170,"caption":"admin"},"logo":{"@id":"https:\/\/luchonoticias.com\/editor\/#\/schema\/person\/image\/"},"sameAs":["https:\/\/www.facebook.com\/luchonoticiasneiva"]},{"@type":"Person","@id":"https:\/\/luchonoticias.com\/editor\/#\/schema\/person\/29217990ddf6f14e35912b2866d591fb","name":"Editor General","image":{"@type":"ImageObject","inLanguage":"es","@id":"https:\/\/luchonoticias.com\/editor\/#\/schema\/person\/image\/","url":"https:\/\/luchonoticias.com\/editor\/wp-content\/uploads\/2024\/02\/cropped-cropped-logolu-150x150.webp","contentUrl":"https:\/\/luchonoticias.com\/editor\/wp-content\/uploads\/2024\/02\/cropped-cropped-logolu-150x150.webp","caption":"Editor General"},"sameAs":["https:\/\/luchonoticias.com\/"],"url":"https:\/\/luchonoticias.com\/editor\/author\/editor-general\/"}]}},"_links":{"self":[{"href":"https:\/\/luchonoticias.com\/editor\/wp-json\/wp\/v2\/posts\/58213","targetHints":{"allow":["GET"]}}],"collection":[{"href":"https:\/\/luchonoticias.com\/editor\/wp-json\/wp\/v2\/posts"}],"about":[{"href":"https:\/\/luchonoticias.com\/editor\/wp-json\/wp\/v2\/types\/post"}],"author":[{"embeddable":true,"href":"https:\/\/luchonoticias.com\/editor\/wp-json\/wp\/v2\/users\/2"}],"replies":[{"embeddable":true,"href":"https:\/\/luchonoticias.com\/editor\/wp-json\/wp\/v2\/comments?post=58213"}],"version-history":[{"count":0,"href":"https:\/\/luchonoticias.com\/editor\/wp-json\/wp\/v2\/posts\/58213\/revisions"}],"wp:attachment":[{"href":"https:\/\/luchonoticias.com\/editor\/wp-json\/wp\/v2\/media?parent=58213"}],"wp:term":[{"taxonomy":"category","embeddable":true,"href":"https:\/\/luchonoticias.com\/editor\/wp-json\/wp\/v2\/categories?post=58213"},{"taxonomy":"post_tag","embeddable":true,"href":"https:\/\/luchonoticias.com\/editor\/wp-json\/wp\/v2\/tags?post=58213"}],"curies":[{"name":"wp","href":"https:\/\/api.w.org\/{rel}","templated":true}]}}