{"id":58220,"date":"2023-08-15T06:39:11","date_gmt":"2023-08-15T11:39:11","guid":{"rendered":"https:\/\/luchonoticias.com\/?p=58220"},"modified":"2023-08-15T06:39:13","modified_gmt":"2023-08-15T11:39:13","slug":"capturado-presunto-integrante-del-grupo-armado-organizado-residual-ismael-ruiz","status":"publish","type":"post","link":"https:\/\/luchonoticias.com\/editor\/capturado-presunto-integrante-del-grupo-armado-organizado-residual-ismael-ruiz\/","title":{"rendered":"Capturado presunto integrante del grupo armado organizado residual \u2018Ismael Ruiz\u2019"},"content":{"rendered":"\n<p>Gracias a las labores de investigaci\u00f3n adelantadas por funcionarios de la Seccional de Investigaci\u00f3n Criminal (SIJIN) de la Polic\u00eda en Caquet\u00e1, en el asentamiento subnormal San Felipe del municipio de Garz\u00f3n Huila lograron la captura por orden judicial del se\u00f1or Juan Arturo Ramos Calder\u00f3n conocido en el mundo delincuencial como \u2018cachetes\u2019 integrante del (GAOR) \u2018Ismael Ruiz\u2019 del estado mayor central, sindicado de los delitos de homicidio agravado, concierto para delinquir y fabricaci\u00f3n, tr\u00e1fico y porte de armas de fuego, accesorios, partes o municiones.<\/p>\n\n\n\n<p>Seg\u00fan las investigaciones, \u2018cachetes\u2019 era guerrillero raso, est\u00e1 inmerso en cuatro procesos penales por homicidio, porte ilegal de armas de fuego y falsedad en documento. Tambi\u00e9n, es indiciado por un doble hecho de afectaci\u00f3n a la vida contra Carlos Cortes Henao y Hern\u00e1n Fario Trujillo Trujillo quienes recibieron varios disparos de arma de fuego en la vereda Tur\u00edn, corregimiento El Danubio de Florencia Caquet\u00e1 el pasado 16 de abril del presente a\u00f1o; una de las v\u00edctimas era un ciudadano que se hab\u00eda acogido al proceso de paz en el a\u00f1o 2016.<\/p>\n\n\n\n<figure class=\"wp-block-video\"><video autoplay controls src=\"https:\/\/luchonoticias.com\/wp-content\/uploads\/2023\/08\/FULL-CACHETES-TC-JULIO-HERNANDO-GUERRERO-ROJAS-1.mp4\"><\/video><\/figure>\n\n\n\n<p>Con la captura de esta persona, se busca esclarecer varios hechos de afectaci\u00f3n a la vida en los departamentos de Tolima, Huila y Caquet\u00e1; se previenen afectaciones a la vida de l\u00edderes sociales, desplazamiento forzado, actividades de narcotr\u00e1fico y dem\u00e1s actuaciones que vulneran los derechos de las comunidades.<\/p>\n\n\n\n<p>El capturado fue dejado a disposici\u00f3n de la autoridad que lo requer\u00eda. Al finalizar las audiencias un Juez de la rep\u00fablica le dict\u00f3 medida de aseguramiento en centro penitenciario y carcelario.<\/p>\n\n\n\n<figure class=\"wp-block-video\"><video controls src=\"https:\/\/luchonoticias.com\/wp-content\/uploads\/2023\/08\/Reel-Captura-CACHETES-1.mp4\"><\/video><\/figure>\n","protected":false},"excerpt":{"rendered":"<p>Gracias a las labores de investigaci\u00f3n adelantadas por funcionarios de la Seccional de Investigaci\u00f3n Criminal (SIJIN) de la Polic\u00eda en Caquet\u00e1, en el asentamiento subnormal San Felipe del municipio de Garz\u00f3n Huila lograron la captura por orden judicial del se\u00f1or Juan Arturo Ramos Calder\u00f3n conocido en el mundo delincuencial como \u2018cachetes\u2019 integrante del (GAOR) \u2018Ismael [&hellip;]<\/p>\n","protected":false},"author":2,"featured_media":0,"comment_status":"open","ping_status":"open","sticky":false,"template":"","format":"standard","meta":{"footnotes":""},"categories":[36,29,3962],"tags":[],"class_list":["post-58220","post","type-post","status-publish","format-standard","hentry","category-destacado","category-judicial","category-videos"],"yoast_head":"<!-- This site is optimized with the Yoast SEO plugin v26.6 - https:\/\/yoast.com\/wordpress\/plugins\/seo\/ -->\n<title>Capturado presunto integrante del grupo armado organizado residual \u2018Ismael Ruiz\u2019 -<\/title>\n<meta name=\"robots\" content=\"index, follow, max-snippet:-1, max-image-preview:large, max-video-preview:-1\" \/>\n<link rel=\"canonical\" href=\"https:\/\/luchonoticias.com\/editor\/capturado-presunto-integrante-del-grupo-armado-organizado-residual-ismael-ruiz\/\" \/>\n<meta property=\"og:locale\" content=\"es_ES\" \/>\n<meta property=\"og:type\" content=\"article\" \/>\n<meta property=\"og:title\" content=\"Capturado presunto integrante del grupo armado organizado residual \u2018Ismael Ruiz\u2019 -\" \/>\n<meta property=\"og:url\" content=\"https:\/\/luchonoticias.com\/editor\/capturado-presunto-integrante-del-grupo-armado-organizado-residual-ismael-ruiz\/\" \/>\n<meta property=\"article:publisher\" content=\"https:\/\/www.facebook.com\/luchonoticiasneiva\" \/>\n<meta property=\"article:published_time\" content=\"2023-08-15T11:39:11+00:00\" \/>\n<meta property=\"article:modified_time\" content=\"2023-08-15T11:39:13+00:00\" \/>\n<meta name=\"author\" content=\"Editor General\" \/>\n<meta name=\"twitter:card\" content=\"summary_large_image\" \/>\n<meta name=\"twitter:label1\" content=\"Escrito por\" \/>\n\t<meta name=\"twitter:data1\" content=\"Editor General\" \/>\n\t<meta name=\"twitter:label2\" content=\"Tiempo de lectura\" \/>\n\t<meta name=\"twitter:data2\" content=\"1 minuto\" \/>\n<script type=\"application\/ld+json\" class=\"yoast-schema-graph\">{\"@context\":\"https:\/\/schema.org\",\"@graph\":[{\"@type\":\"Article\",\"@id\":\"https:\/\/luchonoticias.com\/editor\/capturado-presunto-integrante-del-grupo-armado-organizado-residual-ismael-ruiz\/#article\",\"isPartOf\":{\"@id\":\"https:\/\/luchonoticias.com\/editor\/capturado-presunto-integrante-del-grupo-armado-organizado-residual-ismael-ruiz\/\"},\"author\":{\"name\":\"Editor General\",\"@id\":\"https:\/\/luchonoticias.com\/editor\/#\/schema\/person\/29217990ddf6f14e35912b2866d591fb\"},\"headline\":\"Capturado presunto integrante del grupo armado organizado residual \u2018Ismael Ruiz\u2019\",\"datePublished\":\"2023-08-15T11:39:11+00:00\",\"dateModified\":\"2023-08-15T11:39:13+00:00\",\"mainEntityOfPage\":{\"@id\":\"https:\/\/luchonoticias.com\/editor\/capturado-presunto-integrante-del-grupo-armado-organizado-residual-ismael-ruiz\/\"},\"wordCount\":285,\"commentCount\":0,\"publisher\":{\"@id\":\"https:\/\/luchonoticias.com\/editor\/#\/schema\/person\/7a7fd911f58561fd056dbac7b55af9cd\"},\"articleSection\":[\"Destacado\",\"Judicial\",\"Videos\"],\"inLanguage\":\"es\",\"potentialAction\":[{\"@type\":\"CommentAction\",\"name\":\"Comment\",\"target\":[\"https:\/\/luchonoticias.com\/editor\/capturado-presunto-integrante-del-grupo-armado-organizado-residual-ismael-ruiz\/#respond\"]}]},{\"@type\":\"WebPage\",\"@id\":\"https:\/\/luchonoticias.com\/editor\/capturado-presunto-integrante-del-grupo-armado-organizado-residual-ismael-ruiz\/\",\"url\":\"https:\/\/luchonoticias.com\/editor\/capturado-presunto-integrante-del-grupo-armado-organizado-residual-ismael-ruiz\/\",\"name\":\"Capturado presunto integrante del grupo armado organizado residual \u2018Ismael Ruiz\u2019 -\",\"isPartOf\":{\"@id\":\"https:\/\/luchonoticias.com\/editor\/#website\"},\"datePublished\":\"2023-08-15T11:39:11+00:00\",\"dateModified\":\"2023-08-15T11:39:13+00:00\",\"breadcrumb\":{\"@id\":\"https:\/\/luchonoticias.com\/editor\/capturado-presunto-integrante-del-grupo-armado-organizado-residual-ismael-ruiz\/#breadcrumb\"},\"inLanguage\":\"es\",\"potentialAction\":[{\"@type\":\"ReadAction\",\"target\":[\"https:\/\/luchonoticias.com\/editor\/capturado-presunto-integrante-del-grupo-armado-organizado-residual-ismael-ruiz\/\"]}]},{\"@type\":\"BreadcrumbList\",\"@id\":\"https:\/\/luchonoticias.com\/editor\/capturado-presunto-integrante-del-grupo-armado-organizado-residual-ismael-ruiz\/#breadcrumb\",\"itemListElement\":[{\"@type\":\"ListItem\",\"position\":1,\"name\":\"Portada\",\"item\":\"https:\/\/luchonoticias.com\/editor\/\"},{\"@type\":\"ListItem\",\"position\":2,\"name\":\"Capturado presunto integrante del grupo armado organizado residual \u2018Ismael Ruiz\u2019\"}]},{\"@type\":\"WebSite\",\"@id\":\"https:\/\/luchonoticias.com\/editor\/#website\",\"url\":\"https:\/\/luchonoticias.com\/editor\/\",\"name\":\"\",\"description\":\"\",\"publisher\":{\"@id\":\"https:\/\/luchonoticias.com\/editor\/#\/schema\/person\/7a7fd911f58561fd056dbac7b55af9cd\"},\"potentialAction\":[{\"@type\":\"SearchAction\",\"target\":{\"@type\":\"EntryPoint\",\"urlTemplate\":\"https:\/\/luchonoticias.com\/editor\/?s={search_term_string}\"},\"query-input\":{\"@type\":\"PropertyValueSpecification\",\"valueRequired\":true,\"valueName\":\"search_term_string\"}}],\"inLanguage\":\"es\"},{\"@type\":[\"Person\",\"Organization\"],\"@id\":\"https:\/\/luchonoticias.com\/editor\/#\/schema\/person\/7a7fd911f58561fd056dbac7b55af9cd\",\"name\":\"admin\",\"image\":{\"@type\":\"ImageObject\",\"inLanguage\":\"es\",\"@id\":\"https:\/\/luchonoticias.com\/editor\/#\/schema\/person\/image\/\",\"url\":\"https:\/\/luchonoticias.com\/editor\/wp-content\/uploads\/2024\/02\/cropped-cropped-logolu.webp\",\"contentUrl\":\"https:\/\/luchonoticias.com\/editor\/wp-content\/uploads\/2024\/02\/cropped-cropped-logolu.webp\",\"width\":382,\"height\":170,\"caption\":\"admin\"},\"logo\":{\"@id\":\"https:\/\/luchonoticias.com\/editor\/#\/schema\/person\/image\/\"},\"sameAs\":[\"https:\/\/www.facebook.com\/luchonoticiasneiva\"]},{\"@type\":\"Person\",\"@id\":\"https:\/\/luchonoticias.com\/editor\/#\/schema\/person\/29217990ddf6f14e35912b2866d591fb\",\"name\":\"Editor General\",\"image\":{\"@type\":\"ImageObject\",\"inLanguage\":\"es\",\"@id\":\"https:\/\/luchonoticias.com\/editor\/#\/schema\/person\/image\/\",\"url\":\"https:\/\/luchonoticias.com\/editor\/wp-content\/uploads\/2024\/02\/cropped-cropped-logolu-150x150.webp\",\"contentUrl\":\"https:\/\/luchonoticias.com\/editor\/wp-content\/uploads\/2024\/02\/cropped-cropped-logolu-150x150.webp\",\"caption\":\"Editor General\"},\"sameAs\":[\"https:\/\/luchonoticias.com\/\"],\"url\":\"https:\/\/luchonoticias.com\/editor\/author\/editor-general\/\"}]}<\/script>\n<!-- \/ Yoast SEO plugin. -->","yoast_head_json":{"title":"Capturado presunto integrante del grupo armado organizado residual \u2018Ismael Ruiz\u2019 -","robots":{"index":"index","follow":"follow","max-snippet":"max-snippet:-1","max-image-preview":"max-image-preview:large","max-video-preview":"max-video-preview:-1"},"canonical":"https:\/\/luchonoticias.com\/editor\/capturado-presunto-integrante-del-grupo-armado-organizado-residual-ismael-ruiz\/","og_locale":"es_ES","og_type":"article","og_title":"Capturado presunto integrante del grupo armado organizado residual \u2018Ismael Ruiz\u2019 -","og_url":"https:\/\/luchonoticias.com\/editor\/capturado-presunto-integrante-del-grupo-armado-organizado-residual-ismael-ruiz\/","article_publisher":"https:\/\/www.facebook.com\/luchonoticiasneiva","article_published_time":"2023-08-15T11:39:11+00:00","article_modified_time":"2023-08-15T11:39:13+00:00","author":"Editor General","twitter_card":"summary_large_image","twitter_misc":{"Escrito por":"Editor General","Tiempo de lectura":"1 minuto"},"schema":{"@context":"https:\/\/schema.org","@graph":[{"@type":"Article","@id":"https:\/\/luchonoticias.com\/editor\/capturado-presunto-integrante-del-grupo-armado-organizado-residual-ismael-ruiz\/#article","isPartOf":{"@id":"https:\/\/luchonoticias.com\/editor\/capturado-presunto-integrante-del-grupo-armado-organizado-residual-ismael-ruiz\/"},"author":{"name":"Editor General","@id":"https:\/\/luchonoticias.com\/editor\/#\/schema\/person\/29217990ddf6f14e35912b2866d591fb"},"headline":"Capturado presunto integrante del grupo armado organizado residual \u2018Ismael Ruiz\u2019","datePublished":"2023-08-15T11:39:11+00:00","dateModified":"2023-08-15T11:39:13+00:00","mainEntityOfPage":{"@id":"https:\/\/luchonoticias.com\/editor\/capturado-presunto-integrante-del-grupo-armado-organizado-residual-ismael-ruiz\/"},"wordCount":285,"commentCount":0,"publisher":{"@id":"https:\/\/luchonoticias.com\/editor\/#\/schema\/person\/7a7fd911f58561fd056dbac7b55af9cd"},"articleSection":["Destacado","Judicial","Videos"],"inLanguage":"es","potentialAction":[{"@type":"CommentAction","name":"Comment","target":["https:\/\/luchonoticias.com\/editor\/capturado-presunto-integrante-del-grupo-armado-organizado-residual-ismael-ruiz\/#respond"]}]},{"@type":"WebPage","@id":"https:\/\/luchonoticias.com\/editor\/capturado-presunto-integrante-del-grupo-armado-organizado-residual-ismael-ruiz\/","url":"https:\/\/luchonoticias.com\/editor\/capturado-presunto-integrante-del-grupo-armado-organizado-residual-ismael-ruiz\/","name":"Capturado presunto integrante del grupo armado organizado residual \u2018Ismael Ruiz\u2019 -","isPartOf":{"@id":"https:\/\/luchonoticias.com\/editor\/#website"},"datePublished":"2023-08-15T11:39:11+00:00","dateModified":"2023-08-15T11:39:13+00:00","breadcrumb":{"@id":"https:\/\/luchonoticias.com\/editor\/capturado-presunto-integrante-del-grupo-armado-organizado-residual-ismael-ruiz\/#breadcrumb"},"inLanguage":"es","potentialAction":[{"@type":"ReadAction","target":["https:\/\/luchonoticias.com\/editor\/capturado-presunto-integrante-del-grupo-armado-organizado-residual-ismael-ruiz\/"]}]},{"@type":"BreadcrumbList","@id":"https:\/\/luchonoticias.com\/editor\/capturado-presunto-integrante-del-grupo-armado-organizado-residual-ismael-ruiz\/#breadcrumb","itemListElement":[{"@type":"ListItem","position":1,"name":"Portada","item":"https:\/\/luchonoticias.com\/editor\/"},{"@type":"ListItem","position":2,"name":"Capturado presunto integrante del grupo armado organizado residual \u2018Ismael Ruiz\u2019"}]},{"@type":"WebSite","@id":"https:\/\/luchonoticias.com\/editor\/#website","url":"https:\/\/luchonoticias.com\/editor\/","name":"","description":"","publisher":{"@id":"https:\/\/luchonoticias.com\/editor\/#\/schema\/person\/7a7fd911f58561fd056dbac7b55af9cd"},"potentialAction":[{"@type":"SearchAction","target":{"@type":"EntryPoint","urlTemplate":"https:\/\/luchonoticias.com\/editor\/?s={search_term_string}"},"query-input":{"@type":"PropertyValueSpecification","valueRequired":true,"valueName":"search_term_string"}}],"inLanguage":"es"},{"@type":["Person","Organization"],"@id":"https:\/\/luchonoticias.com\/editor\/#\/schema\/person\/7a7fd911f58561fd056dbac7b55af9cd","name":"admin","image":{"@type":"ImageObject","inLanguage":"es","@id":"https:\/\/luchonoticias.com\/editor\/#\/schema\/person\/image\/","url":"https:\/\/luchonoticias.com\/editor\/wp-content\/uploads\/2024\/02\/cropped-cropped-logolu.webp","contentUrl":"https:\/\/luchonoticias.com\/editor\/wp-content\/uploads\/2024\/02\/cropped-cropped-logolu.webp","width":382,"height":170,"caption":"admin"},"logo":{"@id":"https:\/\/luchonoticias.com\/editor\/#\/schema\/person\/image\/"},"sameAs":["https:\/\/www.facebook.com\/luchonoticiasneiva"]},{"@type":"Person","@id":"https:\/\/luchonoticias.com\/editor\/#\/schema\/person\/29217990ddf6f14e35912b2866d591fb","name":"Editor General","image":{"@type":"ImageObject","inLanguage":"es","@id":"https:\/\/luchonoticias.com\/editor\/#\/schema\/person\/image\/","url":"https:\/\/luchonoticias.com\/editor\/wp-content\/uploads\/2024\/02\/cropped-cropped-logolu-150x150.webp","contentUrl":"https:\/\/luchonoticias.com\/editor\/wp-content\/uploads\/2024\/02\/cropped-cropped-logolu-150x150.webp","caption":"Editor General"},"sameAs":["https:\/\/luchonoticias.com\/"],"url":"https:\/\/luchonoticias.com\/editor\/author\/editor-general\/"}]}},"_links":{"self":[{"href":"https:\/\/luchonoticias.com\/editor\/wp-json\/wp\/v2\/posts\/58220","targetHints":{"allow":["GET"]}}],"collection":[{"href":"https:\/\/luchonoticias.com\/editor\/wp-json\/wp\/v2\/posts"}],"about":[{"href":"https:\/\/luchonoticias.com\/editor\/wp-json\/wp\/v2\/types\/post"}],"author":[{"embeddable":true,"href":"https:\/\/luchonoticias.com\/editor\/wp-json\/wp\/v2\/users\/2"}],"replies":[{"embeddable":true,"href":"https:\/\/luchonoticias.com\/editor\/wp-json\/wp\/v2\/comments?post=58220"}],"version-history":[{"count":0,"href":"https:\/\/luchonoticias.com\/editor\/wp-json\/wp\/v2\/posts\/58220\/revisions"}],"wp:attachment":[{"href":"https:\/\/luchonoticias.com\/editor\/wp-json\/wp\/v2\/media?parent=58220"}],"wp:term":[{"taxonomy":"category","embeddable":true,"href":"https:\/\/luchonoticias.com\/editor\/wp-json\/wp\/v2\/categories?post=58220"},{"taxonomy":"post_tag","embeddable":true,"href":"https:\/\/luchonoticias.com\/editor\/wp-json\/wp\/v2\/tags?post=58220"}],"curies":[{"name":"wp","href":"https:\/\/api.w.org\/{rel}","templated":true}]}}